{"id":9325,"date":"2009-01-18T19:21:59","date_gmt":"2009-01-18T18:21:59","guid":{"rendered":"http:\/\/www.visit-ulcinj.com\/blog\/?p=9325"},"modified":"2009-01-18T19:22:03","modified_gmt":"2009-01-18T18:22:03","slug":"princ-leka-e-ka-seriozisht-me-elian-vajzen-e-yllka-mujos","status":"publish","type":"post","link":"https:\/\/www.visit-ulcinj.com\/blog\/2009\/01\/18\/princ-leka-e-ka-seriozisht-me-elian-vajzen-e-yllka-mujos\/","title":{"rendered":"Princ Leka e ka seriozisht me Elian, vajz\u00ebn e Yllka Mujos"},"content":{"rendered":"<p><a rel=\"attachment wp-att-9326\" href=\"http:\/\/www.visit-ulcinj.com\/blog\/2009\/01\/18\/princ-leka-e-ka-seriozisht-me-elian-vajzen-e-yllka-mujos\/princ-leka-_-elia-zaharia1\/\"><img loading=\"lazy\" class=\"alignleft size-full wp-image-9326\" title=\"princ-leka-_-elia-zaharia1\" src=\"http:\/\/www.visit-ulcinj.com\/blog\/wp-content\/uploads\/2009\/01\/princ-leka-_-elia-zaharia1.jpg\" alt=\"princ-leka-_-elia-zaharia1\" width=\"570\" height=\"400\" \/><\/a>N\u00eb p\u00ebrgjith\u00ebsi \u00ebsht\u00eb ai q\u00eb shkon n\u00eb Paris, atje ku Elia Zaharia ndjek studimet p\u00ebr kinematografi. Tashm\u00eb ka marr\u00eb pamjen e princesh\u00ebs, n\u00eb krah t\u00eb Princit Leka. N\u00eb dit\u00ebt e fundit t\u00eb dhjetorit dhe dit\u00ebt e para t\u00eb janarit, ajo erdhi nga Franca ku vazhdon studimet, p\u00ebr t\u00eb kaluar Nat\u00ebn e Vitit t\u00eb Ri, s\u00eb bashku me Princ Lek\u00ebn, me t\u00eb cilin ka m\u00ebse nj\u00eb vit e lidhur. Edhe pse Princ Leka, \u00ebsht\u00eb treguar shum\u00eb skeptik me median p\u00ebr t\u00eb rr\u00ebfyer k\u00ebt\u00eb histori dashurie, burimet tona kan\u00eb pohuar se p\u00ebr t\u00eb kjo \u00ebsht\u00eb nj\u00eb histori e v\u00ebrtet\u00eb, pasi ndihen shum\u00eb af\u00ebr nj\u00ebri-tjetrit. Nj\u00eb nga pasionet e tyre t\u00eb p\u00ebrbashk\u00ebta jan\u00eb udh\u00ebtimet, dhe librat. Ata jan\u00eb gati moshatar\u00eb, dhe tashm\u00eb nuk e fshehin se jan\u00eb nj\u00eb \u00e7ift.<\/p>\n<p>I kemi k\u00ebrkuar t\u00eb na tregoj\u00eb m\u00eb shum\u00eb n\u00ebse Elia, do t\u00eb jet\u00eb Princesha e shqiptar\u00ebve, dhe n\u00ebp\u00ebrmjet z\u00ebdh\u00ebn\u00ebsit t\u00eb tij ka pohuar se \u00ebsht\u00eb nj\u00eb \u00e7\u00ebshtje shum\u00eb intime. Por dihet tashm\u00eb q\u00eb planet i b\u00ebjn\u00eb bashk\u00eb, edhe pse ajo \u00ebsht\u00eb ende nj\u00eb studente, dhe Princ Leka, k\u00ebshilltar n\u00eb Ministrin\u00eb e Pun\u00ebve t\u00eb Jashtme. Ajo iu rikthye muzik\u00ebs me klipin &#8220;31 October&#8221;, nd\u00ebrsa s\u00eb bashku jan\u00eb shfaqur n\u00eb disa aktivitete artistike ku Princi nuk mungon asnj\u00ebher\u00eb. Lidhja e Princit Leka, trash\u00ebgimtarit t\u00eb fronit mbret\u00ebror me , vajz\u00ebn e Yllka Mujos p\u00ebr shum\u00eb muaj u ruajt sekret. Edhe pse kjo \u00ebsht\u00eb nj\u00eb lidhje nga ato romantiket, gjithsesi nuk duket nga ato t\u00eb shkurtrat. Madje Princi shkon dhe e takon n\u00eb Franc\u00eb, Elian, edhe pse udh\u00ebtimet jan\u00eb pjes\u00eb e jet\u00ebs s\u00eb tij.<\/p>\n<p><strong>PanoramaPlus<\/strong><\/p>\n<p><strong><\/p>\n<p><\/strong><\/p>\n<p><!--YouTube Error: bad URL entered--><strong><br \/>\n<\/strong><\/p>\n<p><strong><\/strong><\/p>\n<p><strong><br \/>\n<\/strong><\/p>\n","protected":false},"excerpt":{"rendered":"<p>N\u00eb p\u00ebrgjith\u00ebsi \u00ebsht\u00eb ai q\u00eb shkon n\u00eb Paris, atje ku Elia Zaharia ndjek studimet p\u00ebr kinematografi. Tashm\u00eb ka marr\u00eb pamjen e princesh\u00ebs, n\u00eb krah t\u00eb Princit Leka. N\u00eb dit\u00ebt e fundit t\u00eb dhjetorit dhe dit\u00ebt e para t\u00eb janarit, ajo erdhi nga Franca ku vazhdon studimet, p\u00ebr t\u00eb kaluar Nat\u00ebn e Vitit t\u00eb Ri, s\u00eb [&hellip;]<\/p>\n","protected":false},"author":1,"featured_media":0,"comment_status":"open","ping_status":"closed","sticky":false,"template":"","format":"standard","meta":{"spay_email":"","jetpack_publicize_message":"","jetpack_is_tweetstorm":false,"jetpack_publicize_feature_enabled":true},"categories":[1],"tags":[5901,5900,5902],"jetpack_publicize_connections":[],"yoast_head":"<!-- This site is optimized with the Yoast SEO plugin v19.1 - https:\/\/yoast.com\/wordpress\/plugins\/seo\/ -->\n<title>Princ Leka e ka seriozisht me Elian, vajz\u00ebn e Yllka Mujos - Lajme nga Ulqini<\/title>\n<meta name=\"description\" content=\"N\u00eb p\u00ebrgjith\u00ebsi \u00ebsht\u00eb ai q\u00eb shkon n\u00eb Paris, atje ku Elia Zaharia ndjek studimet p\u00ebr kinematografi. Tashm\u00eb ka marr\u00eb pamjen e princesh\u00ebs, n\u00eb krah t\u00eb Princit\" \/>\n<meta name=\"robots\" content=\"index, follow, max-snippet:-1, max-image-preview:large, max-video-preview:-1\" \/>\n<link rel=\"canonical\" href=\"https:\/\/www.visit-ulcinj.com\/blog\/2009\/01\/18\/princ-leka-e-ka-seriozisht-me-elian-vajzen-e-yllka-mujos\/\" \/>\n<meta property=\"og:locale\" content=\"en_US\" \/>\n<meta property=\"og:type\" content=\"article\" \/>\n<meta property=\"og:title\" content=\"Princ Leka e ka seriozisht me Elian, vajz\u00ebn e Yllka Mujos - Lajme nga Ulqini\" \/>\n<meta property=\"og:description\" content=\"N\u00eb p\u00ebrgjith\u00ebsi \u00ebsht\u00eb ai q\u00eb shkon n\u00eb Paris, atje ku Elia Zaharia ndjek studimet p\u00ebr kinematografi. Tashm\u00eb ka marr\u00eb pamjen e princesh\u00ebs, n\u00eb krah t\u00eb Princit\" \/>\n<meta property=\"og:url\" content=\"https:\/\/www.visit-ulcinj.com\/blog\/2009\/01\/18\/princ-leka-e-ka-seriozisht-me-elian-vajzen-e-yllka-mujos\/\" \/>\n<meta property=\"og:site_name\" content=\"Lajme nga Ulqini\" \/>\n<meta property=\"article:published_time\" content=\"2009-01-18T18:21:59+00:00\" \/>\n<meta property=\"article:modified_time\" content=\"2009-01-18T18:22:03+00:00\" \/>\n<meta property=\"og:image\" content=\"https:\/\/www.visit-ulcinj.com\/blog\/wp-content\/uploads\/2009\/01\/princ-leka-_-elia-zaharia1-150x150.jpg\" \/>\n<meta name=\"twitter:label1\" content=\"Written by\" \/>\n\t<meta name=\"twitter:data1\" content=\"ulqini\" \/>\n\t<meta name=\"twitter:label2\" content=\"Est. reading time\" \/>\n\t<meta name=\"twitter:data2\" content=\"2 minutes\" \/>\n<script type=\"application\/ld+json\" class=\"yoast-schema-graph\">{\"@context\":\"https:\/\/schema.org\",\"@graph\":[{\"@type\":\"WebSite\",\"@id\":\"https:\/\/www.visit-ulcinj.com\/blog\/#website\",\"url\":\"https:\/\/www.visit-ulcinj.com\/blog\/\",\"name\":\"Lajme nga Ulqini\",\"description\":\"Lajme,Vijesti,Ulqini,Ulqin,Crna Gora,Mali i Zi\",\"potentialAction\":[{\"@type\":\"SearchAction\",\"target\":{\"@type\":\"EntryPoint\",\"urlTemplate\":\"https:\/\/www.visit-ulcinj.com\/blog\/?s={search_term_string}\"},\"query-input\":\"required name=search_term_string\"}],\"inLanguage\":\"en-US\"},{\"@type\":\"ImageObject\",\"inLanguage\":\"en-US\",\"@id\":\"https:\/\/www.visit-ulcinj.com\/blog\/2009\/01\/18\/princ-leka-e-ka-seriozisht-me-elian-vajzen-e-yllka-mujos\/#primaryimage\",\"url\":\"http:\/\/www.visit-ulcinj.com\/blog\/wp-content\/uploads\/2009\/01\/princ-leka-_-elia-zaharia1.jpg\",\"contentUrl\":\"http:\/\/www.visit-ulcinj.com\/blog\/wp-content\/uploads\/2009\/01\/princ-leka-_-elia-zaharia1.jpg\"},{\"@type\":\"WebPage\",\"@id\":\"https:\/\/www.visit-ulcinj.com\/blog\/2009\/01\/18\/princ-leka-e-ka-seriozisht-me-elian-vajzen-e-yllka-mujos\/#webpage\",\"url\":\"https:\/\/www.visit-ulcinj.com\/blog\/2009\/01\/18\/princ-leka-e-ka-seriozisht-me-elian-vajzen-e-yllka-mujos\/\",\"name\":\"Princ Leka e ka seriozisht me Elian, vajz\u00ebn e Yllka Mujos - Lajme nga Ulqini\",\"isPartOf\":{\"@id\":\"https:\/\/www.visit-ulcinj.com\/blog\/#website\"},\"primaryImageOfPage\":{\"@id\":\"https:\/\/www.visit-ulcinj.com\/blog\/2009\/01\/18\/princ-leka-e-ka-seriozisht-me-elian-vajzen-e-yllka-mujos\/#primaryimage\"},\"datePublished\":\"2009-01-18T18:21:59+00:00\",\"dateModified\":\"2009-01-18T18:22:03+00:00\",\"author\":{\"@id\":\"https:\/\/www.visit-ulcinj.com\/blog\/#\/schema\/person\/dcab619c614d3038751c63bc2aadc06d\"},\"description\":\"N\u00eb p\u00ebrgjith\u00ebsi \u00ebsht\u00eb ai q\u00eb shkon n\u00eb Paris, atje ku Elia Zaharia ndjek studimet p\u00ebr kinematografi. Tashm\u00eb ka marr\u00eb pamjen e princesh\u00ebs, n\u00eb krah t\u00eb Princit\",\"breadcrumb\":{\"@id\":\"https:\/\/www.visit-ulcinj.com\/blog\/2009\/01\/18\/princ-leka-e-ka-seriozisht-me-elian-vajzen-e-yllka-mujos\/#breadcrumb\"},\"inLanguage\":\"en-US\",\"potentialAction\":[{\"@type\":\"ReadAction\",\"target\":[\"https:\/\/www.visit-ulcinj.com\/blog\/2009\/01\/18\/princ-leka-e-ka-seriozisht-me-elian-vajzen-e-yllka-mujos\/\"]}]},{\"@type\":\"BreadcrumbList\",\"@id\":\"https:\/\/www.visit-ulcinj.com\/blog\/2009\/01\/18\/princ-leka-e-ka-seriozisht-me-elian-vajzen-e-yllka-mujos\/#breadcrumb\",\"itemListElement\":[{\"@type\":\"ListItem\",\"position\":1,\"name\":\"Princ Leka e ka seriozisht me Elian, vajz\u00ebn e Yllka Mujos\"}]},{\"@type\":\"Person\",\"@id\":\"https:\/\/www.visit-ulcinj.com\/blog\/#\/schema\/person\/dcab619c614d3038751c63bc2aadc06d\",\"name\":\"ulqini\",\"sameAs\":[\"http:\/\/www.visit-ulcinj.com\"],\"url\":\"https:\/\/www.visit-ulcinj.com\/blog\/author\/admin\/\"}]}<\/script>\n<!-- \/ Yoast SEO plugin. -->","yoast_head_json":{"title":"Princ Leka e ka seriozisht me Elian, vajz\u00ebn e Yllka Mujos - Lajme nga Ulqini","description":"N\u00eb p\u00ebrgjith\u00ebsi \u00ebsht\u00eb ai q\u00eb shkon n\u00eb Paris, atje ku Elia Zaharia ndjek studimet p\u00ebr kinematografi. Tashm\u00eb ka marr\u00eb pamjen e princesh\u00ebs, n\u00eb krah t\u00eb Princit","robots":{"index":"index","follow":"follow","max-snippet":"max-snippet:-1","max-image-preview":"max-image-preview:large","max-video-preview":"max-video-preview:-1"},"canonical":"https:\/\/www.visit-ulcinj.com\/blog\/2009\/01\/18\/princ-leka-e-ka-seriozisht-me-elian-vajzen-e-yllka-mujos\/","og_locale":"en_US","og_type":"article","og_title":"Princ Leka e ka seriozisht me Elian, vajz\u00ebn e Yllka Mujos - Lajme nga Ulqini","og_description":"N\u00eb p\u00ebrgjith\u00ebsi \u00ebsht\u00eb ai q\u00eb shkon n\u00eb Paris, atje ku Elia Zaharia ndjek studimet p\u00ebr kinematografi. Tashm\u00eb ka marr\u00eb pamjen e princesh\u00ebs, n\u00eb krah t\u00eb Princit","og_url":"https:\/\/www.visit-ulcinj.com\/blog\/2009\/01\/18\/princ-leka-e-ka-seriozisht-me-elian-vajzen-e-yllka-mujos\/","og_site_name":"Lajme nga Ulqini","article_published_time":"2009-01-18T18:21:59+00:00","article_modified_time":"2009-01-18T18:22:03+00:00","og_image":[{"url":"https:\/\/www.visit-ulcinj.com\/blog\/wp-content\/uploads\/2009\/01\/princ-leka-_-elia-zaharia1-150x150.jpg"}],"twitter_misc":{"Written by":"ulqini","Est. reading time":"2 minutes"},"schema":{"@context":"https:\/\/schema.org","@graph":[{"@type":"WebSite","@id":"https:\/\/www.visit-ulcinj.com\/blog\/#website","url":"https:\/\/www.visit-ulcinj.com\/blog\/","name":"Lajme nga Ulqini","description":"Lajme,Vijesti,Ulqini,Ulqin,Crna Gora,Mali i Zi","potentialAction":[{"@type":"SearchAction","target":{"@type":"EntryPoint","urlTemplate":"https:\/\/www.visit-ulcinj.com\/blog\/?s={search_term_string}"},"query-input":"required name=search_term_string"}],"inLanguage":"en-US"},{"@type":"ImageObject","inLanguage":"en-US","@id":"https:\/\/www.visit-ulcinj.com\/blog\/2009\/01\/18\/princ-leka-e-ka-seriozisht-me-elian-vajzen-e-yllka-mujos\/#primaryimage","url":"http:\/\/www.visit-ulcinj.com\/blog\/wp-content\/uploads\/2009\/01\/princ-leka-_-elia-zaharia1.jpg","contentUrl":"http:\/\/www.visit-ulcinj.com\/blog\/wp-content\/uploads\/2009\/01\/princ-leka-_-elia-zaharia1.jpg"},{"@type":"WebPage","@id":"https:\/\/www.visit-ulcinj.com\/blog\/2009\/01\/18\/princ-leka-e-ka-seriozisht-me-elian-vajzen-e-yllka-mujos\/#webpage","url":"https:\/\/www.visit-ulcinj.com\/blog\/2009\/01\/18\/princ-leka-e-ka-seriozisht-me-elian-vajzen-e-yllka-mujos\/","name":"Princ Leka e ka seriozisht me Elian, vajz\u00ebn e Yllka Mujos - Lajme nga Ulqini","isPartOf":{"@id":"https:\/\/www.visit-ulcinj.com\/blog\/#website"},"primaryImageOfPage":{"@id":"https:\/\/www.visit-ulcinj.com\/blog\/2009\/01\/18\/princ-leka-e-ka-seriozisht-me-elian-vajzen-e-yllka-mujos\/#primaryimage"},"datePublished":"2009-01-18T18:21:59+00:00","dateModified":"2009-01-18T18:22:03+00:00","author":{"@id":"https:\/\/www.visit-ulcinj.com\/blog\/#\/schema\/person\/dcab619c614d3038751c63bc2aadc06d"},"description":"N\u00eb p\u00ebrgjith\u00ebsi \u00ebsht\u00eb ai q\u00eb shkon n\u00eb Paris, atje ku Elia Zaharia ndjek studimet p\u00ebr kinematografi. Tashm\u00eb ka marr\u00eb pamjen e princesh\u00ebs, n\u00eb krah t\u00eb Princit","breadcrumb":{"@id":"https:\/\/www.visit-ulcinj.com\/blog\/2009\/01\/18\/princ-leka-e-ka-seriozisht-me-elian-vajzen-e-yllka-mujos\/#breadcrumb"},"inLanguage":"en-US","potentialAction":[{"@type":"ReadAction","target":["https:\/\/www.visit-ulcinj.com\/blog\/2009\/01\/18\/princ-leka-e-ka-seriozisht-me-elian-vajzen-e-yllka-mujos\/"]}]},{"@type":"BreadcrumbList","@id":"https:\/\/www.visit-ulcinj.com\/blog\/2009\/01\/18\/princ-leka-e-ka-seriozisht-me-elian-vajzen-e-yllka-mujos\/#breadcrumb","itemListElement":[{"@type":"ListItem","position":1,"name":"Princ Leka e ka seriozisht me Elian, vajz\u00ebn e Yllka Mujos"}]},{"@type":"Person","@id":"https:\/\/www.visit-ulcinj.com\/blog\/#\/schema\/person\/dcab619c614d3038751c63bc2aadc06d","name":"ulqini","sameAs":["http:\/\/www.visit-ulcinj.com"],"url":"https:\/\/www.visit-ulcinj.com\/blog\/author\/admin\/"}]}},"jetpack_featured_media_url":"","jetpack_sharing_enabled":true,"jetpack_shortlink":"https:\/\/wp.me\/pe6lTn-2qp","_links":{"self":[{"href":"https:\/\/www.visit-ulcinj.com\/blog\/wp-json\/wp\/v2\/posts\/9325"}],"collection":[{"href":"https:\/\/www.visit-ulcinj.com\/blog\/wp-json\/wp\/v2\/posts"}],"about":[{"href":"https:\/\/www.visit-ulcinj.com\/blog\/wp-json\/wp\/v2\/types\/post"}],"author":[{"embeddable":true,"href":"https:\/\/www.visit-ulcinj.com\/blog\/wp-json\/wp\/v2\/users\/1"}],"replies":[{"embeddable":true,"href":"https:\/\/www.visit-ulcinj.com\/blog\/wp-json\/wp\/v2\/comments?post=9325"}],"version-history":[{"count":0,"href":"https:\/\/www.visit-ulcinj.com\/blog\/wp-json\/wp\/v2\/posts\/9325\/revisions"}],"wp:attachment":[{"href":"https:\/\/www.visit-ulcinj.com\/blog\/wp-json\/wp\/v2\/media?parent=9325"}],"wp:term":[{"taxonomy":"category","embeddable":true,"href":"https:\/\/www.visit-ulcinj.com\/blog\/wp-json\/wp\/v2\/categories?post=9325"},{"taxonomy":"post_tag","embeddable":true,"href":"https:\/\/www.visit-ulcinj.com\/blog\/wp-json\/wp\/v2\/tags?post=9325"}],"curies":[{"name":"wp","href":"https:\/\/api.w.org\/{rel}","templated":true}]}}