{"id":93250,"date":"2015-11-20T15:09:54","date_gmt":"2015-11-20T14:09:54","guid":{"rendered":"http:\/\/www.visit-ulcinj.com\/blog\/?p=93250"},"modified":"2015-11-20T15:09:54","modified_gmt":"2015-11-20T14:09:54","slug":"mustafa-canka-kako-je-propao-pokusaj-izglasavanja-nepovjerenja-f-djeki","status":"publish","type":"post","link":"https:\/\/www.visit-ulcinj.com\/blog\/2015\/11\/20\/mustafa-canka-kako-je-propao-pokusaj-izglasavanja-nepovjerenja-f-djeki\/","title":{"rendered":"Mustafa CANKA: Kako je propao pokusaj izglasavanja nepovjerenja F.Djeki"},"content":{"rendered":"<p><a href=\"http:\/\/www.visit-ulcinj.com\/blog\/wp-content\/uploads\/2015\/01\/Mustafa-Canka.jpg\"><img loading=\"lazy\" class=\"alignleft wp-image-88091\" src=\"http:\/\/www.visit-ulcinj.com\/blog\/wp-content\/uploads\/2015\/01\/Mustafa-Canka.jpg\" alt=\"Mustafa-Canka\" width=\"508\" height=\"339\" srcset=\"https:\/\/www.visit-ulcinj.com\/blog\/wp-content\/uploads\/2015\/01\/Mustafa-Canka.jpg 960w, https:\/\/www.visit-ulcinj.com\/blog\/wp-content\/uploads\/2015\/01\/Mustafa-Canka-300x200.jpg 300w\" sizes=\"(max-width: 508px) 100vw, 508px\" \/><\/a>Predsjednik Demokratske partije <strong>Fatmir \u0110eka<\/strong>, koji je i gradona\u010delnik Ulcinja, bio je u utorak ve\u010de biti veoma zadovoljan. Na njegov poziv, za jednim stolom, na razgovor o potrebi izrade zajedni\u010dke platforme, odazvala se ve\u0107ina lidera albanskih nacionalnih stranaka. Tu su, dakle, osim \u0110eke, bili lideri <em>Demokratske unije Albanaca<\/em> <strong>Mehmet Zenka<\/strong>, <em>Demokratskog saveza u Crnoj Gori<\/em> <strong>Mehmet Bardhi<\/strong>, <em>Gra\u0111anske inicijative<\/em> <strong>Vaselj Sini\u0161taj<\/strong>, Gra\u0111anskog pokreta <em>Perspektiva<\/em> <strong>Amir Holaj<\/strong> i <em>Albanske Alternative<\/em> <strong>\u0110er\u0111 Camaj<\/strong>. Na skupu nije bilo samo predstavnika Nove demokratske snage \u2013 Forca <strong>Nazifa Cungua<\/strong>, koja je njegov trenutni koalicioni partner u lokalnoj vlasti u Ulcinju.<\/p>\n<p><strong>Konsenzus:<\/strong> Pored svih animoziteta, razgovor \u010delnika ovih partija je protekao u konstruktivnoj atmosferi uz o\u010dekivanje da \u0107e se inicijativa realizovati, te da \u0107e im se u kasnijem toku pregovaranja pridru\u017eiti i Forca. Svi u\u010desnici sastanka bili su saglasni da samo uz njihov konsenzus i jedinstven stav prema vlastima u Podgorici, Albanci mogu ponovo postati relevantan politi\u010dki \u010dinilac u Crnoj Gori. Tek u tom slu\u010daju mogao bi biti pokrenut proces pobolj\u0161avanja stanja u mjestima sa albanskom ve\u0107inom koja su decenijama tragi\u010dno zapu\u0161tena.<\/p>\n<p>\u010cinjenica da se ovo de\u0161ava na pragu parlamentarnih izbora daje dodatni zna\u010daj inicijativi \u0110ekine stranke. Jer, ako se postigne dogovor da ove stranke nastupe na jedinstvenoj listi na izborima, gotovo je izvjesno da \u0107e osvojiti dva poslani\u010dka mandata \u0161to bi im osiguralo poziciju glavnog partnera nove vlasti u dr\u017eavi iz redova ove nacionalne manjine.<\/p>\n<p>Bio bi to veliki uspjeh nakon \u0161to su u protekle tri godine na najprizemniji na\u010din izigrani njihovi ranije potpisani dogovori i sporazumi. Ove godine su, naime, novinski stupci bili puni me\u0111usobnih optu\u017ebi predstavnika albanskih stranaka, a u Osnovnom sudu u Ulcinju o\u010dekuje se da \u0107e ubrzo biti donijeta odluka po tu\u017ebi Sini\u0161tajeve grupacije protiv Force, sa kojom je zajedni\u010dki nastupila na izborima u oktobru 2012. godine.<\/p>\n<p>Cunguu je svakako bilo neprijatno da u utorak sjedi preko puta Sini\u0161taja, koji ve\u0107 godinu dana o\u010dekuje od potpredsjednika Force <strong>Genci Nimanbegua<\/strong> da mu se ustupi mjesto poslanika u Skup\u0161tini Crne Gore. No, to se ne\u0107e desiti, ali \u0107e Sini\u0161tajeva grupacija vjerovatno dobiti pravo sudskim putem na nadoknadu finansijskih sredstava iz dr\u017eavnog bud\u017eeta.<\/p>\n<p><strong>Scenario:<\/strong> \u0110eka je inicijativu pokrenuo u veoma delikatnom trenutku po njega. Jer, Forca je upravo po\u010detkom ove sedmice planirala realizaciju dugo pripremanog scenarija smjene gradona\u010delnika Ulcinja i izbacivanja iz lokalne vlasti njegove partije i URE, koju u Ulcinju predvodi poslanik <strong>Dritan Abazovi\u0107<\/strong>. Novu vlast trebali su da \u010dine uz Forcu, Demokratska partija socijalista i Demokratska unija Albanaca. Forci je, po tom planu, odre\u0111eno da pripadne mjesto predsjednika Op\u0161tine, a \u010delniku Op\u0161tinskog odbora DPS-a <strong>Ljoru Nreki\u0107u<\/strong> funkcija predsjednika Skup\u0161tine op\u0161tine.<\/p>\n<p>Bolni ustupci u\u010dinjeni pri potpisivanju \u201eAneksa 2\u201c Sporazuma sa DPS-om, po\u010detkom jula, bili su u funkciji poku\u0161aja te albanske nacionalne stranke da opet zauzme \u010delnu funkciju u Ulcinju. \u010cak je napravljena i trgovina po kojoj je DPS-u omogu\u0107eno da u novom sastavu Op\u0161tinske izborne komisije (OIK) ima dva od pet stalnih \u010dlanova. Ako se zna da jednog \u010dlana ima i DUA, onda trenutna opozicija ima ve\u0107inu u OIK, \u0161to je jedinstven slu\u010daj u parlamentarnim demokratijama.<\/p>\n<p>No, ve\u0107 u ponedjeljak, nakon razgovora \u0110eke sa visokim funkcionerima DPS-a u Podgorici, bilo je izvjesno da je \u201epodignuta ru\u010dna\u201c. To se potvrdilo tako \u0161to odbornici DPS i DUA nijesu u utorak stavili potpise na zahtjev Force za odr\u017eavanje vanredne sjednice lokalnog Parlamenta na kojoj je trebalo da se izglasa nepovjerenje aktuelnom predsjedniku Op\u0161tine Ulcinj. Malo je izgleda da \u0107e se u tome i kasnije uspjeti, pa su sada sve opcije u igri: od \u0161iroke koalicije pa sve do vanrednih lokalnih izbora. A sve te kombinacije najmanje odgovaraju Forci, ne\u0161to manje i \u0110ekinoj partiji, \u0161to \u0107e jo\u0161 vi\u0161e produbiti jaz nepovjerenja izme\u0111u ove dvije stranke. Ostaje tek zaklju\u010dak da se nakon ne\u0161to manje od dvije godine op\u0161tinska vlast u Ulcinju bijedno raspala.<\/p>\n<p><strong>Destrukcija:<\/strong> Ono \u0161to je tako\u0111e sasvim izvjesno jeste da u ulcinjskoj vlasti nakon prekompozicije ne\u0107e biti URA. A njeni odbornici su \u010dinili ve\u0107inu albanskim stranakama nakon lokalnih izbora u januaru 2014. godine samo da DPS ostane van igre. Za tu uslugu tra\u017eili su i dobili tek mrvice vlasti.<\/p>\n<p>\u201ePo\u0161to je DPS i njih i sam sebe iznenadio osvojiv\u0161i najvi\u0161e mandata na tim izborima, \u201aplakali\u2018 su kako je stra\u0161no \u0161to albanske partije ne\u0107e imati vlast u Ulcinju. Tada smo im na svoju \u0161tetu, pomogli da se to ne realizuje, ali o\u010digledno za pojedine lidere pomo\u0107i nema. Bili su, jesu i osta\u0107e destruktivci do kraja svoje politi\u010dke karijere\u201c, kazao Abazovi\u0107 misle\u0107i prvenstveno na \u010delnike Force.<\/p>\n<p>On je njih tako\u0111e optu\u017eio za neiskrenost, nedosljednost i opstrukciju rada lokalne vlasti. \u201cCijelo vrijeme su poku\u0161avali da nas gurnu u ru\u0161enje vlasti kako tobo\u0161 oni ne bi bili krivci za povratak DPS-a na prijesto. Odbili smo da u\u010destvujemo u njihovoj prljavoj igri koju smo lako prepoznali. Osta\u0107emo dosljedni do kraja: nemamo ni\u0161ta li\u010dno protiv ljudi iz DPS-a, ali imamo protiv njihove politike\u201c, istakao je Abazovi\u0107.<\/p>\n<p>Prema njegovim mi\u0161ljenju, naj\u010distije rje\u0161enje su vanredni lokalni izbori koji bi se mogli odr\u017eati u paketu sa parlamentarnim. Ali, bar za sada, takav prijedlog odbija ve\u0107ina drugih stranaka.<\/p>\n<p><strong>Monitor<\/strong><\/p>\n","protected":false},"excerpt":{"rendered":"<p>Predsjednik Demokratske partije Fatmir \u0110eka, koji je i gradona\u010delnik Ulcinja, bio je u utorak ve\u010de biti veoma zadovoljan. Na njegov poziv, za jednim stolom, na razgovor o potrebi izrade zajedni\u010dke platforme, odazvala se ve\u0107ina lidera albanskih nacionalnih stranaka. Tu su, dakle, osim \u0110eke, bili lideri Demokratske unije Albanaca Mehmet Zenka, Demokratskog saveza u Crnoj Gori [&hellip;]<\/p>\n","protected":false},"author":1,"featured_media":0,"comment_status":"closed","ping_status":"closed","sticky":false,"template":"","format":"standard","meta":{"spay_email":"","jetpack_publicize_message":"","jetpack_is_tweetstorm":false,"jetpack_publicize_feature_enabled":true},"categories":[8337],"tags":[],"jetpack_publicize_connections":[],"yoast_head":"<!-- This site is optimized with the Yoast SEO plugin v19.1 - https:\/\/yoast.com\/wordpress\/plugins\/seo\/ -->\n<title>Mustafa CANKA: Kako je propao pokusaj izglasavanja nepovjerenja F.Djeki - Lajme nga Ulqini<\/title>\n<meta name=\"description\" content=\"Predsjednik Demokratske partije Fatmir \u0110eka, koji je i gradona\u010delnik Ulcinja, bio je u utorak ve\u010de biti veoma zadovoljan. Na njegov poziv, za jednim\" \/>\n<meta name=\"robots\" content=\"index, follow, max-snippet:-1, max-image-preview:large, max-video-preview:-1\" \/>\n<link rel=\"canonical\" href=\"https:\/\/www.visit-ulcinj.com\/blog\/2015\/11\/20\/mustafa-canka-kako-je-propao-pokusaj-izglasavanja-nepovjerenja-f-djeki\/\" \/>\n<meta property=\"og:locale\" content=\"en_US\" \/>\n<meta property=\"og:type\" content=\"article\" \/>\n<meta property=\"og:title\" content=\"Mustafa CANKA: Kako je propao pokusaj izglasavanja nepovjerenja F.Djeki - Lajme nga Ulqini\" \/>\n<meta property=\"og:description\" content=\"Predsjednik Demokratske partije Fatmir \u0110eka, koji je i gradona\u010delnik Ulcinja, bio je u utorak ve\u010de biti veoma zadovoljan. Na njegov poziv, za jednim\" \/>\n<meta property=\"og:url\" content=\"https:\/\/www.visit-ulcinj.com\/blog\/2015\/11\/20\/mustafa-canka-kako-je-propao-pokusaj-izglasavanja-nepovjerenja-f-djeki\/\" \/>\n<meta property=\"og:site_name\" content=\"Lajme nga Ulqini\" \/>\n<meta property=\"article:published_time\" content=\"2015-11-20T14:09:54+00:00\" \/>\n<meta property=\"og:image\" content=\"http:\/\/www.visit-ulcinj.com\/blog\/wp-content\/uploads\/2015\/01\/Mustafa-Canka.jpg\" \/>\n<meta name=\"twitter:label1\" content=\"Written by\" \/>\n\t<meta name=\"twitter:data1\" content=\"ulqini\" \/>\n\t<meta name=\"twitter:label2\" content=\"Est. reading time\" \/>\n\t<meta name=\"twitter:data2\" content=\"5 minutes\" \/>\n<script type=\"application\/ld+json\" class=\"yoast-schema-graph\">{\"@context\":\"https:\/\/schema.org\",\"@graph\":[{\"@type\":\"WebSite\",\"@id\":\"https:\/\/www.visit-ulcinj.com\/blog\/#website\",\"url\":\"https:\/\/www.visit-ulcinj.com\/blog\/\",\"name\":\"Lajme nga Ulqini\",\"description\":\"Lajme,Vijesti,Ulqini,Ulqin,Crna Gora,Mali i Zi\",\"potentialAction\":[{\"@type\":\"SearchAction\",\"target\":{\"@type\":\"EntryPoint\",\"urlTemplate\":\"https:\/\/www.visit-ulcinj.com\/blog\/?s={search_term_string}\"},\"query-input\":\"required name=search_term_string\"}],\"inLanguage\":\"en-US\"},{\"@type\":\"ImageObject\",\"inLanguage\":\"en-US\",\"@id\":\"https:\/\/www.visit-ulcinj.com\/blog\/2015\/11\/20\/mustafa-canka-kako-je-propao-pokusaj-izglasavanja-nepovjerenja-f-djeki\/#primaryimage\",\"url\":\"https:\/\/www.visit-ulcinj.com\/blog\/wp-content\/uploads\/2015\/01\/Mustafa-Canka.jpg\",\"contentUrl\":\"https:\/\/www.visit-ulcinj.com\/blog\/wp-content\/uploads\/2015\/01\/Mustafa-Canka.jpg\",\"width\":960,\"height\":640},{\"@type\":\"WebPage\",\"@id\":\"https:\/\/www.visit-ulcinj.com\/blog\/2015\/11\/20\/mustafa-canka-kako-je-propao-pokusaj-izglasavanja-nepovjerenja-f-djeki\/#webpage\",\"url\":\"https:\/\/www.visit-ulcinj.com\/blog\/2015\/11\/20\/mustafa-canka-kako-je-propao-pokusaj-izglasavanja-nepovjerenja-f-djeki\/\",\"name\":\"Mustafa CANKA: Kako je propao pokusaj izglasavanja nepovjerenja F.Djeki - Lajme nga Ulqini\",\"isPartOf\":{\"@id\":\"https:\/\/www.visit-ulcinj.com\/blog\/#website\"},\"primaryImageOfPage\":{\"@id\":\"https:\/\/www.visit-ulcinj.com\/blog\/2015\/11\/20\/mustafa-canka-kako-je-propao-pokusaj-izglasavanja-nepovjerenja-f-djeki\/#primaryimage\"},\"datePublished\":\"2015-11-20T14:09:54+00:00\",\"dateModified\":\"2015-11-20T14:09:54+00:00\",\"author\":{\"@id\":\"https:\/\/www.visit-ulcinj.com\/blog\/#\/schema\/person\/dcab619c614d3038751c63bc2aadc06d\"},\"description\":\"Predsjednik Demokratske partije Fatmir \u0110eka, koji je i gradona\u010delnik Ulcinja, bio je u utorak ve\u010de biti veoma zadovoljan. Na njegov poziv, za jednim\",\"breadcrumb\":{\"@id\":\"https:\/\/www.visit-ulcinj.com\/blog\/2015\/11\/20\/mustafa-canka-kako-je-propao-pokusaj-izglasavanja-nepovjerenja-f-djeki\/#breadcrumb\"},\"inLanguage\":\"en-US\",\"potentialAction\":[{\"@type\":\"ReadAction\",\"target\":[\"https:\/\/www.visit-ulcinj.com\/blog\/2015\/11\/20\/mustafa-canka-kako-je-propao-pokusaj-izglasavanja-nepovjerenja-f-djeki\/\"]}]},{\"@type\":\"BreadcrumbList\",\"@id\":\"https:\/\/www.visit-ulcinj.com\/blog\/2015\/11\/20\/mustafa-canka-kako-je-propao-pokusaj-izglasavanja-nepovjerenja-f-djeki\/#breadcrumb\",\"itemListElement\":[{\"@type\":\"ListItem\",\"position\":1,\"name\":\"Mustafa CANKA: Kako je propao pokusaj izglasavanja nepovjerenja F.Djeki\"}]},{\"@type\":\"Person\",\"@id\":\"https:\/\/www.visit-ulcinj.com\/blog\/#\/schema\/person\/dcab619c614d3038751c63bc2aadc06d\",\"name\":\"ulqini\",\"sameAs\":[\"http:\/\/www.visit-ulcinj.com\"],\"url\":\"https:\/\/www.visit-ulcinj.com\/blog\/author\/admin\/\"}]}<\/script>\n<!-- \/ Yoast SEO plugin. -->","yoast_head_json":{"title":"Mustafa CANKA: Kako je propao pokusaj izglasavanja nepovjerenja F.Djeki - Lajme nga Ulqini","description":"Predsjednik Demokratske partije Fatmir \u0110eka, koji je i gradona\u010delnik Ulcinja, bio je u utorak ve\u010de biti veoma zadovoljan. Na njegov poziv, za jednim","robots":{"index":"index","follow":"follow","max-snippet":"max-snippet:-1","max-image-preview":"max-image-preview:large","max-video-preview":"max-video-preview:-1"},"canonical":"https:\/\/www.visit-ulcinj.com\/blog\/2015\/11\/20\/mustafa-canka-kako-je-propao-pokusaj-izglasavanja-nepovjerenja-f-djeki\/","og_locale":"en_US","og_type":"article","og_title":"Mustafa CANKA: Kako je propao pokusaj izglasavanja nepovjerenja F.Djeki - Lajme nga Ulqini","og_description":"Predsjednik Demokratske partije Fatmir \u0110eka, koji je i gradona\u010delnik Ulcinja, bio je u utorak ve\u010de biti veoma zadovoljan. Na njegov poziv, za jednim","og_url":"https:\/\/www.visit-ulcinj.com\/blog\/2015\/11\/20\/mustafa-canka-kako-je-propao-pokusaj-izglasavanja-nepovjerenja-f-djeki\/","og_site_name":"Lajme nga Ulqini","article_published_time":"2015-11-20T14:09:54+00:00","og_image":[{"url":"http:\/\/www.visit-ulcinj.com\/blog\/wp-content\/uploads\/2015\/01\/Mustafa-Canka.jpg"}],"twitter_misc":{"Written by":"ulqini","Est. reading time":"5 minutes"},"schema":{"@context":"https:\/\/schema.org","@graph":[{"@type":"WebSite","@id":"https:\/\/www.visit-ulcinj.com\/blog\/#website","url":"https:\/\/www.visit-ulcinj.com\/blog\/","name":"Lajme nga Ulqini","description":"Lajme,Vijesti,Ulqini,Ulqin,Crna Gora,Mali i Zi","potentialAction":[{"@type":"SearchAction","target":{"@type":"EntryPoint","urlTemplate":"https:\/\/www.visit-ulcinj.com\/blog\/?s={search_term_string}"},"query-input":"required name=search_term_string"}],"inLanguage":"en-US"},{"@type":"ImageObject","inLanguage":"en-US","@id":"https:\/\/www.visit-ulcinj.com\/blog\/2015\/11\/20\/mustafa-canka-kako-je-propao-pokusaj-izglasavanja-nepovjerenja-f-djeki\/#primaryimage","url":"https:\/\/www.visit-ulcinj.com\/blog\/wp-content\/uploads\/2015\/01\/Mustafa-Canka.jpg","contentUrl":"https:\/\/www.visit-ulcinj.com\/blog\/wp-content\/uploads\/2015\/01\/Mustafa-Canka.jpg","width":960,"height":640},{"@type":"WebPage","@id":"https:\/\/www.visit-ulcinj.com\/blog\/2015\/11\/20\/mustafa-canka-kako-je-propao-pokusaj-izglasavanja-nepovjerenja-f-djeki\/#webpage","url":"https:\/\/www.visit-ulcinj.com\/blog\/2015\/11\/20\/mustafa-canka-kako-je-propao-pokusaj-izglasavanja-nepovjerenja-f-djeki\/","name":"Mustafa CANKA: Kako je propao pokusaj izglasavanja nepovjerenja F.Djeki - Lajme nga Ulqini","isPartOf":{"@id":"https:\/\/www.visit-ulcinj.com\/blog\/#website"},"primaryImageOfPage":{"@id":"https:\/\/www.visit-ulcinj.com\/blog\/2015\/11\/20\/mustafa-canka-kako-je-propao-pokusaj-izglasavanja-nepovjerenja-f-djeki\/#primaryimage"},"datePublished":"2015-11-20T14:09:54+00:00","dateModified":"2015-11-20T14:09:54+00:00","author":{"@id":"https:\/\/www.visit-ulcinj.com\/blog\/#\/schema\/person\/dcab619c614d3038751c63bc2aadc06d"},"description":"Predsjednik Demokratske partije Fatmir \u0110eka, koji je i gradona\u010delnik Ulcinja, bio je u utorak ve\u010de biti veoma zadovoljan. Na njegov poziv, za jednim","breadcrumb":{"@id":"https:\/\/www.visit-ulcinj.com\/blog\/2015\/11\/20\/mustafa-canka-kako-je-propao-pokusaj-izglasavanja-nepovjerenja-f-djeki\/#breadcrumb"},"inLanguage":"en-US","potentialAction":[{"@type":"ReadAction","target":["https:\/\/www.visit-ulcinj.com\/blog\/2015\/11\/20\/mustafa-canka-kako-je-propao-pokusaj-izglasavanja-nepovjerenja-f-djeki\/"]}]},{"@type":"BreadcrumbList","@id":"https:\/\/www.visit-ulcinj.com\/blog\/2015\/11\/20\/mustafa-canka-kako-je-propao-pokusaj-izglasavanja-nepovjerenja-f-djeki\/#breadcrumb","itemListElement":[{"@type":"ListItem","position":1,"name":"Mustafa CANKA: Kako je propao pokusaj izglasavanja nepovjerenja F.Djeki"}]},{"@type":"Person","@id":"https:\/\/www.visit-ulcinj.com\/blog\/#\/schema\/person\/dcab619c614d3038751c63bc2aadc06d","name":"ulqini","sameAs":["http:\/\/www.visit-ulcinj.com"],"url":"https:\/\/www.visit-ulcinj.com\/blog\/author\/admin\/"}]}},"jetpack_featured_media_url":"","jetpack_sharing_enabled":true,"jetpack_shortlink":"https:\/\/wp.me\/pe6lTn-og2","_links":{"self":[{"href":"https:\/\/www.visit-ulcinj.com\/blog\/wp-json\/wp\/v2\/posts\/93250"}],"collection":[{"href":"https:\/\/www.visit-ulcinj.com\/blog\/wp-json\/wp\/v2\/posts"}],"about":[{"href":"https:\/\/www.visit-ulcinj.com\/blog\/wp-json\/wp\/v2\/types\/post"}],"author":[{"embeddable":true,"href":"https:\/\/www.visit-ulcinj.com\/blog\/wp-json\/wp\/v2\/users\/1"}],"replies":[{"embeddable":true,"href":"https:\/\/www.visit-ulcinj.com\/blog\/wp-json\/wp\/v2\/comments?post=93250"}],"version-history":[{"count":1,"href":"https:\/\/www.visit-ulcinj.com\/blog\/wp-json\/wp\/v2\/posts\/93250\/revisions"}],"predecessor-version":[{"id":93251,"href":"https:\/\/www.visit-ulcinj.com\/blog\/wp-json\/wp\/v2\/posts\/93250\/revisions\/93251"}],"wp:attachment":[{"href":"https:\/\/www.visit-ulcinj.com\/blog\/wp-json\/wp\/v2\/media?parent=93250"}],"wp:term":[{"taxonomy":"category","embeddable":true,"href":"https:\/\/www.visit-ulcinj.com\/blog\/wp-json\/wp\/v2\/categories?post=93250"},{"taxonomy":"post_tag","embeddable":true,"href":"https:\/\/www.visit-ulcinj.com\/blog\/wp-json\/wp\/v2\/tags?post=93250"}],"curies":[{"name":"wp","href":"https:\/\/api.w.org\/{rel}","templated":true}]}}