{"id":93257,"date":"2015-11-20T20:05:11","date_gmt":"2015-11-20T19:05:11","guid":{"rendered":"http:\/\/www.visit-ulcinj.com\/blog\/?p=93257"},"modified":"2015-11-21T11:33:48","modified_gmt":"2015-11-21T10:33:48","slug":"reperi-x-publikon-albumin-e-pare-mbret","status":"publish","type":"post","link":"https:\/\/www.visit-ulcinj.com\/blog\/2015\/11\/20\/reperi-x-publikon-albumin-e-pare-mbret\/","title":{"rendered":"Reperi &#8221; X &#8221; publikon albumin e par\u00eb \u201cMbret\u201d"},"content":{"rendered":"<p><a href=\"http:\/\/www.visit-ulcinj.com\/blog\/wp-content\/uploads\/2015\/11\/X-Shkelqim-Ravja.jpg\"><img loading=\"lazy\" class=\"alignleft wp-image-93259\" src=\"http:\/\/www.visit-ulcinj.com\/blog\/wp-content\/uploads\/2015\/11\/X-Shkelqim-Ravja.jpg\" alt=\"X - Shkelqim Ravja\" width=\"508\" height=\"215\" srcset=\"https:\/\/www.visit-ulcinj.com\/blog\/wp-content\/uploads\/2015\/11\/X-Shkelqim-Ravja.jpg 743w, https:\/\/www.visit-ulcinj.com\/blog\/wp-content\/uploads\/2015\/11\/X-Shkelqim-Ravja-300x127.jpg 300w\" sizes=\"(max-width: 508px) 100vw, 508px\" \/><\/a>Shk\u00eblqim Ravja \u00ebsht\u00eb nj\u00eb reper i ri n\u00eb tregun ton\u00eb muzikor\u00eb,ai \u00ebsht\u00eb i njohur si X \u00a0dhe tashm\u00eb ka lansuar albumin e tij t\u00eb par\u00eb me muzik\u00eb hip- hop transmeton parrotlla.net<\/p>\n<p>Albumi titullohet \u201cMbret\u201d dhe t\u00eb gjitha k\u00ebng\u00ebt jan\u00eb t\u00eb punuara nga ai .<\/p>\n<p>N\u00eb nj\u00eb prononcim p\u00ebr parrotlla.net ai ka treguar m\u00eb shum\u00eb detaje p\u00ebr albumin duke th\u00ebn\u00eb. \u201cRrymat muzikore t\u00eb p\u00ebrdorura dhe alternuara n\u00eb k\u00ebt\u00eb album jan\u00eb krejt\u00ebsisht bashk\u00ebkohore.\u00a0 Influencat si \u00a0Dubstep, DNB, RnB \u00a0jan\u00eb t\u00eb dukshme n\u00eb \u00a0albumin n\u00eb fjal\u00eb, mir\u00ebpo dominon\u00a0 influenca e\u00a0 rrym\u00ebs \u00a0Hip Hop, q\u00eb duket edhe t\u00eb jet\u00eb vokacion I autorit. Puna p\u00ebr realizmin e albumit \u00a0\u201cMbret\u201d ka qen\u00eb shum\u00eb impenjative dhe ka marr\u00eb mbi nj\u00eb vit e gjys\u00ebm koh\u00eb albumi ka gjithsej 11 k\u00ebng\u00eb\u201d.<\/p>\n<p>Albumi fillon me k\u00ebng\u00ebn \u201cIntro\u201d e cila ka si gjetje interesante faktin q\u00eb I \u00a0p\u00ebrmledh t\u00eb gjith\u00eb titujt e k\u00ebng\u00ebve t\u00eb albumit n\u00eb nje text t\u00eb vet\u00ebm. \u201cLoja\u201d me titujt si nj\u00eb t\u00ebr\u00ebsi\u00a0 tenton t\u00eb shpjegoj\u00eb t\u00eb gjitha gjendjet emocionale q\u00eb e shqet\u00ebsojn\u00eb autorin dhe bashk\u00ebmoshatar\u00ebt e tij. Nj\u00eb RnB balad\u00eb vjen p\u00ebrmes k\u00ebng\u00ebs \u201cNuk jena bashk\u00eb\u201d ku X u k\u00ebndon raporteve njer\u00ebzore dhe t\u00eb v\u00ebrtetave t\u00eb tyre. \u00a0Nj\u00eb qasje m\u00eb ndryshe, paksa m\u00eb e hapur mbi dashurin\u00eb shprehet n\u00eb k\u00ebng\u00ebn \u201cDashni\u201d. K\u00ebshtu, k\u00ebnga kthehet dhe nj\u00ebherazi sugjeron nj\u00eb koncept \u00a0interesant t\u00eb t\u00eb kuptuarit t\u00eb bot\u00ebs n\u00ebp\u00ebrmjet dashuris\u00eb. \u201cDrit\u00eb\u201d , \u201cAll I Know\u201d dhe \u201cIlac feat.Elinel\u201d kan\u00eb ting\u00ebllim\u00eb m\u00eb serioze dhe shprehin pak\u00ebnaqesit\u00eb, dyshimet dhe mendimet e ketij artisti mbi shoq\u00ebrin\u00eb dhe realitetin ton\u00eb.<\/p>\n<p>Jo vet\u00ebm muzika q\u00eb \u00ebsht\u00eb nj\u00eb mix ekperimental, por edhe tekstet me indicie t\u00eb forta sociale dhe t\u00eb revolt\u00ebs spikasin n\u00eb k\u00ebt\u00eb album.<\/p>\n<p>Koveri I albumit \u201cMbret\u201d ka poashtu dometh\u00ebnie t\u00eb ve\u00e7ant\u00eb. \u00a0X e shpjegon k\u00ebt\u00eb m\u00eb s\u00eb miri: \u201cPara pasqyr\u00ebs mund t\u00eb shoh\u00ebsh gjith\u00e7ka q\u00eb ti d\u00ebshiron n\u00eb jet\u00eb, mund ta shof\u00ebsh dhe veten t\u00ebnde si \u201cMbret\u201d. Koverin \u00a0e ka krijuar Granit Bunjaku, i cili tashm\u00eb ka b\u00ebr\u00eb em\u00ebr me ballin\u00ebn e albumit t\u00eb Eminemit, \u201cThe Eminem Show\u201d.<\/p>\n<p>Ka dy arsye q\u00eb ky artist I ri ka vendosur ta pag\u00ebzoj\u00eb veten artistikisht me nj\u00eb shkronj\u00eb t\u00eb vetme, at\u00eb X. S\u00eb pari X \u00ebsht\u00eb shenja e kryq\u00ebzimit, \u00e7ka n\u00eb rastin e X presupozon kryq\u00ebzimin e stileve muzikore, duke e b\u00ebr\u00eb n\u00eb vetvete k\u00ebt\u00eb artist tep\u00ebr t\u00eb ve\u00e7nt\u00eb p\u00ebr tregun ton\u00eb muzikor. Dhe s\u00eb dyti kryq\u00ebzimi I k\u00ebtyre stileve muzikore sjell n\u00eb vete X-in si \u00a0di\u00e7ka t\u00eb panjohur, t\u00eb themi nj\u00eb lloj t\u00eb muzik\u00ebs t\u00eb s\u00eb ardhmes! \/<strong>parrotlla.net<\/strong>\/<\/p>\n<!--YouTube Error: bad URL entered-->\n","protected":false},"excerpt":{"rendered":"<p>Shk\u00eblqim Ravja \u00ebsht\u00eb nj\u00eb reper i ri n\u00eb tregun ton\u00eb muzikor\u00eb,ai \u00ebsht\u00eb i njohur si X \u00a0dhe tashm\u00eb ka lansuar albumin e tij t\u00eb par\u00eb me muzik\u00eb hip- hop transmeton parrotlla.net Albumi titullohet \u201cMbret\u201d dhe t\u00eb gjitha k\u00ebng\u00ebt jan\u00eb t\u00eb punuara nga ai . N\u00eb nj\u00eb prononcim p\u00ebr parrotlla.net ai ka treguar m\u00eb shum\u00eb detaje [&hellip;]<\/p>\n","protected":false},"author":1,"featured_media":0,"comment_status":"closed","ping_status":"closed","sticky":false,"template":"","format":"standard","meta":{"spay_email":"","jetpack_publicize_message":"","jetpack_is_tweetstorm":false,"jetpack_publicize_feature_enabled":true},"categories":[1],"tags":[],"jetpack_publicize_connections":[],"yoast_head":"<!-- This site is optimized with the Yoast SEO plugin v19.1 - https:\/\/yoast.com\/wordpress\/plugins\/seo\/ -->\n<title>Reperi &quot; X &quot; publikon albumin e par\u00eb \u201cMbret\u201d - Lajme nga Ulqini<\/title>\n<meta name=\"description\" content=\"Shk\u00eblqim Ravja \u00ebsht\u00eb nj\u00eb reper i ri n\u00eb tregun ton\u00eb muzikor\u00eb,ai \u00ebsht\u00eb i njohur si X \u00a0dhe tashm\u00eb ka lansuar albumin e tij t\u00eb par\u00eb me muzik\u00eb hip- hop\" \/>\n<meta name=\"robots\" content=\"index, follow, max-snippet:-1, max-image-preview:large, max-video-preview:-1\" \/>\n<link rel=\"canonical\" href=\"https:\/\/www.visit-ulcinj.com\/blog\/2015\/11\/20\/reperi-x-publikon-albumin-e-pare-mbret\/\" \/>\n<meta property=\"og:locale\" content=\"en_US\" \/>\n<meta property=\"og:type\" content=\"article\" \/>\n<meta property=\"og:title\" content=\"Reperi &quot; X &quot; publikon albumin e par\u00eb \u201cMbret\u201d - Lajme nga Ulqini\" \/>\n<meta property=\"og:description\" content=\"Shk\u00eblqim Ravja \u00ebsht\u00eb nj\u00eb reper i ri n\u00eb tregun ton\u00eb muzikor\u00eb,ai \u00ebsht\u00eb i njohur si X \u00a0dhe tashm\u00eb ka lansuar albumin e tij t\u00eb par\u00eb me muzik\u00eb hip- hop\" \/>\n<meta property=\"og:url\" content=\"https:\/\/www.visit-ulcinj.com\/blog\/2015\/11\/20\/reperi-x-publikon-albumin-e-pare-mbret\/\" \/>\n<meta property=\"og:site_name\" content=\"Lajme nga Ulqini\" \/>\n<meta property=\"article:published_time\" content=\"2015-11-20T19:05:11+00:00\" \/>\n<meta property=\"article:modified_time\" content=\"2015-11-21T10:33:48+00:00\" \/>\n<meta property=\"og:image\" content=\"http:\/\/www.visit-ulcinj.com\/blog\/wp-content\/uploads\/2015\/11\/X-Shkelqim-Ravja.jpg\" \/>\n<meta name=\"twitter:label1\" content=\"Written by\" \/>\n\t<meta name=\"twitter:data1\" content=\"ulqini\" \/>\n\t<meta name=\"twitter:label2\" content=\"Est. reading time\" \/>\n\t<meta name=\"twitter:data2\" content=\"2 minutes\" \/>\n<script type=\"application\/ld+json\" class=\"yoast-schema-graph\">{\"@context\":\"https:\/\/schema.org\",\"@graph\":[{\"@type\":\"WebSite\",\"@id\":\"https:\/\/www.visit-ulcinj.com\/blog\/#website\",\"url\":\"https:\/\/www.visit-ulcinj.com\/blog\/\",\"name\":\"Lajme nga Ulqini\",\"description\":\"Lajme,Vijesti,Ulqini,Ulqin,Crna Gora,Mali i Zi\",\"potentialAction\":[{\"@type\":\"SearchAction\",\"target\":{\"@type\":\"EntryPoint\",\"urlTemplate\":\"https:\/\/www.visit-ulcinj.com\/blog\/?s={search_term_string}\"},\"query-input\":\"required name=search_term_string\"}],\"inLanguage\":\"en-US\"},{\"@type\":\"ImageObject\",\"inLanguage\":\"en-US\",\"@id\":\"https:\/\/www.visit-ulcinj.com\/blog\/2015\/11\/20\/reperi-x-publikon-albumin-e-pare-mbret\/#primaryimage\",\"url\":\"https:\/\/www.visit-ulcinj.com\/blog\/wp-content\/uploads\/2015\/11\/X-Shkelqim-Ravja.jpg\",\"contentUrl\":\"https:\/\/www.visit-ulcinj.com\/blog\/wp-content\/uploads\/2015\/11\/X-Shkelqim-Ravja.jpg\",\"width\":743,\"height\":315},{\"@type\":\"WebPage\",\"@id\":\"https:\/\/www.visit-ulcinj.com\/blog\/2015\/11\/20\/reperi-x-publikon-albumin-e-pare-mbret\/#webpage\",\"url\":\"https:\/\/www.visit-ulcinj.com\/blog\/2015\/11\/20\/reperi-x-publikon-albumin-e-pare-mbret\/\",\"name\":\"Reperi \\\" X \\\" publikon albumin e par\u00eb \u201cMbret\u201d - Lajme nga Ulqini\",\"isPartOf\":{\"@id\":\"https:\/\/www.visit-ulcinj.com\/blog\/#website\"},\"primaryImageOfPage\":{\"@id\":\"https:\/\/www.visit-ulcinj.com\/blog\/2015\/11\/20\/reperi-x-publikon-albumin-e-pare-mbret\/#primaryimage\"},\"datePublished\":\"2015-11-20T19:05:11+00:00\",\"dateModified\":\"2015-11-21T10:33:48+00:00\",\"author\":{\"@id\":\"https:\/\/www.visit-ulcinj.com\/blog\/#\/schema\/person\/dcab619c614d3038751c63bc2aadc06d\"},\"description\":\"Shk\u00eblqim Ravja \u00ebsht\u00eb nj\u00eb reper i ri n\u00eb tregun ton\u00eb muzikor\u00eb,ai \u00ebsht\u00eb i njohur si X \u00a0dhe tashm\u00eb ka lansuar albumin e tij t\u00eb par\u00eb me muzik\u00eb hip- hop\",\"breadcrumb\":{\"@id\":\"https:\/\/www.visit-ulcinj.com\/blog\/2015\/11\/20\/reperi-x-publikon-albumin-e-pare-mbret\/#breadcrumb\"},\"inLanguage\":\"en-US\",\"potentialAction\":[{\"@type\":\"ReadAction\",\"target\":[\"https:\/\/www.visit-ulcinj.com\/blog\/2015\/11\/20\/reperi-x-publikon-albumin-e-pare-mbret\/\"]}]},{\"@type\":\"BreadcrumbList\",\"@id\":\"https:\/\/www.visit-ulcinj.com\/blog\/2015\/11\/20\/reperi-x-publikon-albumin-e-pare-mbret\/#breadcrumb\",\"itemListElement\":[{\"@type\":\"ListItem\",\"position\":1,\"name\":\"Reperi &#8221; X &#8221; publikon albumin e par\u00eb \u201cMbret\u201d\"}]},{\"@type\":\"Person\",\"@id\":\"https:\/\/www.visit-ulcinj.com\/blog\/#\/schema\/person\/dcab619c614d3038751c63bc2aadc06d\",\"name\":\"ulqini\",\"sameAs\":[\"http:\/\/www.visit-ulcinj.com\"],\"url\":\"https:\/\/www.visit-ulcinj.com\/blog\/author\/admin\/\"}]}<\/script>\n<!-- \/ Yoast SEO plugin. -->","yoast_head_json":{"title":"Reperi \" X \" publikon albumin e par\u00eb \u201cMbret\u201d - Lajme nga Ulqini","description":"Shk\u00eblqim Ravja \u00ebsht\u00eb nj\u00eb reper i ri n\u00eb tregun ton\u00eb muzikor\u00eb,ai \u00ebsht\u00eb i njohur si X \u00a0dhe tashm\u00eb ka lansuar albumin e tij t\u00eb par\u00eb me muzik\u00eb hip- hop","robots":{"index":"index","follow":"follow","max-snippet":"max-snippet:-1","max-image-preview":"max-image-preview:large","max-video-preview":"max-video-preview:-1"},"canonical":"https:\/\/www.visit-ulcinj.com\/blog\/2015\/11\/20\/reperi-x-publikon-albumin-e-pare-mbret\/","og_locale":"en_US","og_type":"article","og_title":"Reperi \" X \" publikon albumin e par\u00eb \u201cMbret\u201d - Lajme nga Ulqini","og_description":"Shk\u00eblqim Ravja \u00ebsht\u00eb nj\u00eb reper i ri n\u00eb tregun ton\u00eb muzikor\u00eb,ai \u00ebsht\u00eb i njohur si X \u00a0dhe tashm\u00eb ka lansuar albumin e tij t\u00eb par\u00eb me muzik\u00eb hip- hop","og_url":"https:\/\/www.visit-ulcinj.com\/blog\/2015\/11\/20\/reperi-x-publikon-albumin-e-pare-mbret\/","og_site_name":"Lajme nga Ulqini","article_published_time":"2015-11-20T19:05:11+00:00","article_modified_time":"2015-11-21T10:33:48+00:00","og_image":[{"url":"http:\/\/www.visit-ulcinj.com\/blog\/wp-content\/uploads\/2015\/11\/X-Shkelqim-Ravja.jpg"}],"twitter_misc":{"Written by":"ulqini","Est. reading time":"2 minutes"},"schema":{"@context":"https:\/\/schema.org","@graph":[{"@type":"WebSite","@id":"https:\/\/www.visit-ulcinj.com\/blog\/#website","url":"https:\/\/www.visit-ulcinj.com\/blog\/","name":"Lajme nga Ulqini","description":"Lajme,Vijesti,Ulqini,Ulqin,Crna Gora,Mali i Zi","potentialAction":[{"@type":"SearchAction","target":{"@type":"EntryPoint","urlTemplate":"https:\/\/www.visit-ulcinj.com\/blog\/?s={search_term_string}"},"query-input":"required name=search_term_string"}],"inLanguage":"en-US"},{"@type":"ImageObject","inLanguage":"en-US","@id":"https:\/\/www.visit-ulcinj.com\/blog\/2015\/11\/20\/reperi-x-publikon-albumin-e-pare-mbret\/#primaryimage","url":"https:\/\/www.visit-ulcinj.com\/blog\/wp-content\/uploads\/2015\/11\/X-Shkelqim-Ravja.jpg","contentUrl":"https:\/\/www.visit-ulcinj.com\/blog\/wp-content\/uploads\/2015\/11\/X-Shkelqim-Ravja.jpg","width":743,"height":315},{"@type":"WebPage","@id":"https:\/\/www.visit-ulcinj.com\/blog\/2015\/11\/20\/reperi-x-publikon-albumin-e-pare-mbret\/#webpage","url":"https:\/\/www.visit-ulcinj.com\/blog\/2015\/11\/20\/reperi-x-publikon-albumin-e-pare-mbret\/","name":"Reperi \" X \" publikon albumin e par\u00eb \u201cMbret\u201d - Lajme nga Ulqini","isPartOf":{"@id":"https:\/\/www.visit-ulcinj.com\/blog\/#website"},"primaryImageOfPage":{"@id":"https:\/\/www.visit-ulcinj.com\/blog\/2015\/11\/20\/reperi-x-publikon-albumin-e-pare-mbret\/#primaryimage"},"datePublished":"2015-11-20T19:05:11+00:00","dateModified":"2015-11-21T10:33:48+00:00","author":{"@id":"https:\/\/www.visit-ulcinj.com\/blog\/#\/schema\/person\/dcab619c614d3038751c63bc2aadc06d"},"description":"Shk\u00eblqim Ravja \u00ebsht\u00eb nj\u00eb reper i ri n\u00eb tregun ton\u00eb muzikor\u00eb,ai \u00ebsht\u00eb i njohur si X \u00a0dhe tashm\u00eb ka lansuar albumin e tij t\u00eb par\u00eb me muzik\u00eb hip- hop","breadcrumb":{"@id":"https:\/\/www.visit-ulcinj.com\/blog\/2015\/11\/20\/reperi-x-publikon-albumin-e-pare-mbret\/#breadcrumb"},"inLanguage":"en-US","potentialAction":[{"@type":"ReadAction","target":["https:\/\/www.visit-ulcinj.com\/blog\/2015\/11\/20\/reperi-x-publikon-albumin-e-pare-mbret\/"]}]},{"@type":"BreadcrumbList","@id":"https:\/\/www.visit-ulcinj.com\/blog\/2015\/11\/20\/reperi-x-publikon-albumin-e-pare-mbret\/#breadcrumb","itemListElement":[{"@type":"ListItem","position":1,"name":"Reperi &#8221; X &#8221; publikon albumin e par\u00eb \u201cMbret\u201d"}]},{"@type":"Person","@id":"https:\/\/www.visit-ulcinj.com\/blog\/#\/schema\/person\/dcab619c614d3038751c63bc2aadc06d","name":"ulqini","sameAs":["http:\/\/www.visit-ulcinj.com"],"url":"https:\/\/www.visit-ulcinj.com\/blog\/author\/admin\/"}]}},"jetpack_featured_media_url":"","jetpack_sharing_enabled":true,"jetpack_shortlink":"https:\/\/wp.me\/pe6lTn-og9","_links":{"self":[{"href":"https:\/\/www.visit-ulcinj.com\/blog\/wp-json\/wp\/v2\/posts\/93257"}],"collection":[{"href":"https:\/\/www.visit-ulcinj.com\/blog\/wp-json\/wp\/v2\/posts"}],"about":[{"href":"https:\/\/www.visit-ulcinj.com\/blog\/wp-json\/wp\/v2\/types\/post"}],"author":[{"embeddable":true,"href":"https:\/\/www.visit-ulcinj.com\/blog\/wp-json\/wp\/v2\/users\/1"}],"replies":[{"embeddable":true,"href":"https:\/\/www.visit-ulcinj.com\/blog\/wp-json\/wp\/v2\/comments?post=93257"}],"version-history":[{"count":1,"href":"https:\/\/www.visit-ulcinj.com\/blog\/wp-json\/wp\/v2\/posts\/93257\/revisions"}],"predecessor-version":[{"id":93260,"href":"https:\/\/www.visit-ulcinj.com\/blog\/wp-json\/wp\/v2\/posts\/93257\/revisions\/93260"}],"wp:attachment":[{"href":"https:\/\/www.visit-ulcinj.com\/blog\/wp-json\/wp\/v2\/media?parent=93257"}],"wp:term":[{"taxonomy":"category","embeddable":true,"href":"https:\/\/www.visit-ulcinj.com\/blog\/wp-json\/wp\/v2\/categories?post=93257"},{"taxonomy":"post_tag","embeddable":true,"href":"https:\/\/www.visit-ulcinj.com\/blog\/wp-json\/wp\/v2\/tags?post=93257"}],"curies":[{"name":"wp","href":"https:\/\/api.w.org\/{rel}","templated":true}]}}