{"id":93261,"date":"2015-11-21T11:31:20","date_gmt":"2015-11-21T10:31:20","guid":{"rendered":"http:\/\/www.visit-ulcinj.com\/blog\/?p=93261"},"modified":"2015-11-22T20:13:12","modified_gmt":"2015-11-22T19:13:12","slug":"abazoviq-tronditje-te-blloku-politik-shqiptar-ne-mal-te-zi","status":"publish","type":"post","link":"https:\/\/www.visit-ulcinj.com\/blog\/2015\/11\/21\/abazoviq-tronditje-te-blloku-politik-shqiptar-ne-mal-te-zi\/","title":{"rendered":"Abazoviq:  Tronditje te blloku politik shqiptar n\u00eb Mal t\u00eb Zi"},"content":{"rendered":"<p><a href=\"http:\/\/www.visit-ulcinj.com\/blog\/wp-content\/uploads\/2015\/11\/dritan-abazovic.jpg\"><img loading=\"lazy\" class=\"alignleft wp-image-93262\" src=\"http:\/\/www.visit-ulcinj.com\/blog\/wp-content\/uploads\/2015\/11\/dritan-abazovic.jpg\" alt=\"dritan-abazovic\" width=\"508\" height=\"796\" srcset=\"https:\/\/www.visit-ulcinj.com\/blog\/wp-content\/uploads\/2015\/11\/dritan-abazovic.jpg 407w, https:\/\/www.visit-ulcinj.com\/blog\/wp-content\/uploads\/2015\/11\/dritan-abazovic-191x300.jpg 191w\" sizes=\"(max-width: 508px) 100vw, 508px\" \/><\/a>Deputeti n\u00eb Kuvendin e Malit t\u00eb Zi Dritan Abazoviq ka deklaruar se tentimi i rikompozimit t\u00eb pushtetit lokal n\u00eb Ulqin ka treguar naivitet dhe amatoriz\u00ebm t\u00eb madh politik n\u00eb t\u00eb cilin jan\u00eb p\u00ebrfshir\u00eb partit\u00eb nacionale shqiptare, raporton Ul.info.<\/p>\n<p>\u201cMua, n\u00eb nj\u00eb far\u00eb m\u00ebnyre, m\u00eb g\u00ebzon q\u00eb k\u00ebtu \u00ebsht\u00eb p\u00ebrzier edhe PDS-ja\u201d, tha ai p\u00ebr \u201cDan\u201d duke theksuar se nuk e ka t\u00eb qart\u00eb \u201cd\u00ebshir\u00ebn kaq t\u00eb madhe t\u00eb PDS-s\u00eb p\u00ebr tu kthyer n\u00eb pushtetin e Ulqinit\u201d.<\/p>\n<p>\u201cDisa lider\u00eb t\u00eb partive shqiptare ishim shum\u00eb kritik ndaj PDS-s\u00eb, nd\u00ebrsa tani kan\u00eb ndryshuar q\u00ebndrimet. Jan\u00eb t\u00eb gatsh\u00ebm q\u00eb 60 p\u00ebr qind t\u00eb pjes\u00ebmarrjes n\u00eb pushtet, sa kan\u00eb tani n\u00eb Ulqin, ta z\u00ebvend\u00ebsojn\u00eb me 40 p\u00ebr qind n\u00eb kombinim n\u00eb t\u00eb cilin PDS-ja do t\u00eb ishte dominant. Ky \u00ebsht\u00eb nonsens politik\u201d, tha Abazoviq.<\/p>\n<p>Sipas fjal\u00ebve t\u00eb tija, do t\u00eb pritet p\u00ebr rikompozimin e pushtetit lokal. \u201cURA \u00ebsht\u00eb e gatshme q\u00eb \u00a0\u00a0\u00a0\u00a0\u00a0\u00a0\u00a0\u00a0\u00a0 t\u00eb shkoj\u00eb n\u00eb opozit\u00eb ose n\u00eb zgjedhje t\u00eb reja, gj\u00eb q\u00eb \u00ebsht\u00eb m\u00eb e drejt\u00eb\u201d, p\u00ebrfundoi ai.<\/p>\n","protected":false},"excerpt":{"rendered":"<p>Deputeti n\u00eb Kuvendin e Malit t\u00eb Zi Dritan Abazoviq ka deklaruar se tentimi i rikompozimit t\u00eb pushtetit lokal n\u00eb Ulqin ka treguar naivitet dhe amatoriz\u00ebm t\u00eb madh politik n\u00eb t\u00eb cilin jan\u00eb p\u00ebrfshir\u00eb partit\u00eb nacionale shqiptare, raporton Ul.info. \u201cMua, n\u00eb nj\u00eb far\u00eb m\u00ebnyre, m\u00eb g\u00ebzon q\u00eb k\u00ebtu \u00ebsht\u00eb p\u00ebrzier edhe PDS-ja\u201d, tha ai p\u00ebr \u201cDan\u201d [&hellip;]<\/p>\n","protected":false},"author":1,"featured_media":0,"comment_status":"closed","ping_status":"closed","sticky":false,"template":"","format":"standard","meta":{"spay_email":"","jetpack_publicize_message":"","jetpack_is_tweetstorm":false,"jetpack_publicize_feature_enabled":true},"categories":[1,6],"tags":[],"jetpack_publicize_connections":[],"yoast_head":"<!-- This site is optimized with the Yoast SEO plugin v19.1 - https:\/\/yoast.com\/wordpress\/plugins\/seo\/ -->\n<title>Abazoviq: Tronditje te blloku politik shqiptar n\u00eb Mal t\u00eb Zi - Lajme nga Ulqini<\/title>\n<meta name=\"description\" content=\"Deputeti n\u00eb Kuvendin e Malit t\u00eb Zi Dritan Abazoviq ka deklaruar se tentimi i rikompozimit t\u00eb pushtetit lokal n\u00eb Ulqin ka treguar naivitet dhe amatoriz\u00ebm\" \/>\n<meta name=\"robots\" content=\"index, follow, max-snippet:-1, max-image-preview:large, max-video-preview:-1\" \/>\n<link rel=\"canonical\" href=\"https:\/\/www.visit-ulcinj.com\/blog\/2015\/11\/21\/abazoviq-tronditje-te-blloku-politik-shqiptar-ne-mal-te-zi\/\" \/>\n<meta property=\"og:locale\" content=\"en_US\" \/>\n<meta property=\"og:type\" content=\"article\" \/>\n<meta property=\"og:title\" content=\"Abazoviq: Tronditje te blloku politik shqiptar n\u00eb Mal t\u00eb Zi - Lajme nga Ulqini\" \/>\n<meta property=\"og:description\" content=\"Deputeti n\u00eb Kuvendin e Malit t\u00eb Zi Dritan Abazoviq ka deklaruar se tentimi i rikompozimit t\u00eb pushtetit lokal n\u00eb Ulqin ka treguar naivitet dhe amatoriz\u00ebm\" \/>\n<meta property=\"og:url\" content=\"https:\/\/www.visit-ulcinj.com\/blog\/2015\/11\/21\/abazoviq-tronditje-te-blloku-politik-shqiptar-ne-mal-te-zi\/\" \/>\n<meta property=\"og:site_name\" content=\"Lajme nga Ulqini\" \/>\n<meta property=\"article:published_time\" content=\"2015-11-21T10:31:20+00:00\" \/>\n<meta property=\"article:modified_time\" content=\"2015-11-22T19:13:12+00:00\" \/>\n<meta property=\"og:image\" content=\"http:\/\/www.visit-ulcinj.com\/blog\/wp-content\/uploads\/2015\/11\/dritan-abazovic.jpg\" \/>\n<meta name=\"twitter:label1\" content=\"Written by\" \/>\n\t<meta name=\"twitter:data1\" content=\"ulqini\" \/>\n\t<meta name=\"twitter:label2\" content=\"Est. reading time\" \/>\n\t<meta name=\"twitter:data2\" content=\"1 minute\" \/>\n<script type=\"application\/ld+json\" class=\"yoast-schema-graph\">{\"@context\":\"https:\/\/schema.org\",\"@graph\":[{\"@type\":\"WebSite\",\"@id\":\"https:\/\/www.visit-ulcinj.com\/blog\/#website\",\"url\":\"https:\/\/www.visit-ulcinj.com\/blog\/\",\"name\":\"Lajme nga Ulqini\",\"description\":\"Lajme,Vijesti,Ulqini,Ulqin,Crna Gora,Mali i Zi\",\"potentialAction\":[{\"@type\":\"SearchAction\",\"target\":{\"@type\":\"EntryPoint\",\"urlTemplate\":\"https:\/\/www.visit-ulcinj.com\/blog\/?s={search_term_string}\"},\"query-input\":\"required name=search_term_string\"}],\"inLanguage\":\"en-US\"},{\"@type\":\"ImageObject\",\"inLanguage\":\"en-US\",\"@id\":\"https:\/\/www.visit-ulcinj.com\/blog\/2015\/11\/21\/abazoviq-tronditje-te-blloku-politik-shqiptar-ne-mal-te-zi\/#primaryimage\",\"url\":\"https:\/\/www.visit-ulcinj.com\/blog\/wp-content\/uploads\/2015\/11\/dritan-abazovic.jpg\",\"contentUrl\":\"https:\/\/www.visit-ulcinj.com\/blog\/wp-content\/uploads\/2015\/11\/dritan-abazovic.jpg\",\"width\":407,\"height\":638},{\"@type\":\"WebPage\",\"@id\":\"https:\/\/www.visit-ulcinj.com\/blog\/2015\/11\/21\/abazoviq-tronditje-te-blloku-politik-shqiptar-ne-mal-te-zi\/#webpage\",\"url\":\"https:\/\/www.visit-ulcinj.com\/blog\/2015\/11\/21\/abazoviq-tronditje-te-blloku-politik-shqiptar-ne-mal-te-zi\/\",\"name\":\"Abazoviq: Tronditje te blloku politik shqiptar n\u00eb Mal t\u00eb Zi - Lajme nga Ulqini\",\"isPartOf\":{\"@id\":\"https:\/\/www.visit-ulcinj.com\/blog\/#website\"},\"primaryImageOfPage\":{\"@id\":\"https:\/\/www.visit-ulcinj.com\/blog\/2015\/11\/21\/abazoviq-tronditje-te-blloku-politik-shqiptar-ne-mal-te-zi\/#primaryimage\"},\"datePublished\":\"2015-11-21T10:31:20+00:00\",\"dateModified\":\"2015-11-22T19:13:12+00:00\",\"author\":{\"@id\":\"https:\/\/www.visit-ulcinj.com\/blog\/#\/schema\/person\/dcab619c614d3038751c63bc2aadc06d\"},\"description\":\"Deputeti n\u00eb Kuvendin e Malit t\u00eb Zi Dritan Abazoviq ka deklaruar se tentimi i rikompozimit t\u00eb pushtetit lokal n\u00eb Ulqin ka treguar naivitet dhe amatoriz\u00ebm\",\"breadcrumb\":{\"@id\":\"https:\/\/www.visit-ulcinj.com\/blog\/2015\/11\/21\/abazoviq-tronditje-te-blloku-politik-shqiptar-ne-mal-te-zi\/#breadcrumb\"},\"inLanguage\":\"en-US\",\"potentialAction\":[{\"@type\":\"ReadAction\",\"target\":[\"https:\/\/www.visit-ulcinj.com\/blog\/2015\/11\/21\/abazoviq-tronditje-te-blloku-politik-shqiptar-ne-mal-te-zi\/\"]}]},{\"@type\":\"BreadcrumbList\",\"@id\":\"https:\/\/www.visit-ulcinj.com\/blog\/2015\/11\/21\/abazoviq-tronditje-te-blloku-politik-shqiptar-ne-mal-te-zi\/#breadcrumb\",\"itemListElement\":[{\"@type\":\"ListItem\",\"position\":1,\"name\":\"Abazoviq: Tronditje te blloku politik shqiptar n\u00eb Mal t\u00eb Zi\"}]},{\"@type\":\"Person\",\"@id\":\"https:\/\/www.visit-ulcinj.com\/blog\/#\/schema\/person\/dcab619c614d3038751c63bc2aadc06d\",\"name\":\"ulqini\",\"sameAs\":[\"http:\/\/www.visit-ulcinj.com\"],\"url\":\"https:\/\/www.visit-ulcinj.com\/blog\/author\/admin\/\"}]}<\/script>\n<!-- \/ Yoast SEO plugin. -->","yoast_head_json":{"title":"Abazoviq: Tronditje te blloku politik shqiptar n\u00eb Mal t\u00eb Zi - Lajme nga Ulqini","description":"Deputeti n\u00eb Kuvendin e Malit t\u00eb Zi Dritan Abazoviq ka deklaruar se tentimi i rikompozimit t\u00eb pushtetit lokal n\u00eb Ulqin ka treguar naivitet dhe amatoriz\u00ebm","robots":{"index":"index","follow":"follow","max-snippet":"max-snippet:-1","max-image-preview":"max-image-preview:large","max-video-preview":"max-video-preview:-1"},"canonical":"https:\/\/www.visit-ulcinj.com\/blog\/2015\/11\/21\/abazoviq-tronditje-te-blloku-politik-shqiptar-ne-mal-te-zi\/","og_locale":"en_US","og_type":"article","og_title":"Abazoviq: Tronditje te blloku politik shqiptar n\u00eb Mal t\u00eb Zi - Lajme nga Ulqini","og_description":"Deputeti n\u00eb Kuvendin e Malit t\u00eb Zi Dritan Abazoviq ka deklaruar se tentimi i rikompozimit t\u00eb pushtetit lokal n\u00eb Ulqin ka treguar naivitet dhe amatoriz\u00ebm","og_url":"https:\/\/www.visit-ulcinj.com\/blog\/2015\/11\/21\/abazoviq-tronditje-te-blloku-politik-shqiptar-ne-mal-te-zi\/","og_site_name":"Lajme nga Ulqini","article_published_time":"2015-11-21T10:31:20+00:00","article_modified_time":"2015-11-22T19:13:12+00:00","og_image":[{"url":"http:\/\/www.visit-ulcinj.com\/blog\/wp-content\/uploads\/2015\/11\/dritan-abazovic.jpg"}],"twitter_misc":{"Written by":"ulqini","Est. reading time":"1 minute"},"schema":{"@context":"https:\/\/schema.org","@graph":[{"@type":"WebSite","@id":"https:\/\/www.visit-ulcinj.com\/blog\/#website","url":"https:\/\/www.visit-ulcinj.com\/blog\/","name":"Lajme nga Ulqini","description":"Lajme,Vijesti,Ulqini,Ulqin,Crna Gora,Mali i Zi","potentialAction":[{"@type":"SearchAction","target":{"@type":"EntryPoint","urlTemplate":"https:\/\/www.visit-ulcinj.com\/blog\/?s={search_term_string}"},"query-input":"required name=search_term_string"}],"inLanguage":"en-US"},{"@type":"ImageObject","inLanguage":"en-US","@id":"https:\/\/www.visit-ulcinj.com\/blog\/2015\/11\/21\/abazoviq-tronditje-te-blloku-politik-shqiptar-ne-mal-te-zi\/#primaryimage","url":"https:\/\/www.visit-ulcinj.com\/blog\/wp-content\/uploads\/2015\/11\/dritan-abazovic.jpg","contentUrl":"https:\/\/www.visit-ulcinj.com\/blog\/wp-content\/uploads\/2015\/11\/dritan-abazovic.jpg","width":407,"height":638},{"@type":"WebPage","@id":"https:\/\/www.visit-ulcinj.com\/blog\/2015\/11\/21\/abazoviq-tronditje-te-blloku-politik-shqiptar-ne-mal-te-zi\/#webpage","url":"https:\/\/www.visit-ulcinj.com\/blog\/2015\/11\/21\/abazoviq-tronditje-te-blloku-politik-shqiptar-ne-mal-te-zi\/","name":"Abazoviq: Tronditje te blloku politik shqiptar n\u00eb Mal t\u00eb Zi - Lajme nga Ulqini","isPartOf":{"@id":"https:\/\/www.visit-ulcinj.com\/blog\/#website"},"primaryImageOfPage":{"@id":"https:\/\/www.visit-ulcinj.com\/blog\/2015\/11\/21\/abazoviq-tronditje-te-blloku-politik-shqiptar-ne-mal-te-zi\/#primaryimage"},"datePublished":"2015-11-21T10:31:20+00:00","dateModified":"2015-11-22T19:13:12+00:00","author":{"@id":"https:\/\/www.visit-ulcinj.com\/blog\/#\/schema\/person\/dcab619c614d3038751c63bc2aadc06d"},"description":"Deputeti n\u00eb Kuvendin e Malit t\u00eb Zi Dritan Abazoviq ka deklaruar se tentimi i rikompozimit t\u00eb pushtetit lokal n\u00eb Ulqin ka treguar naivitet dhe amatoriz\u00ebm","breadcrumb":{"@id":"https:\/\/www.visit-ulcinj.com\/blog\/2015\/11\/21\/abazoviq-tronditje-te-blloku-politik-shqiptar-ne-mal-te-zi\/#breadcrumb"},"inLanguage":"en-US","potentialAction":[{"@type":"ReadAction","target":["https:\/\/www.visit-ulcinj.com\/blog\/2015\/11\/21\/abazoviq-tronditje-te-blloku-politik-shqiptar-ne-mal-te-zi\/"]}]},{"@type":"BreadcrumbList","@id":"https:\/\/www.visit-ulcinj.com\/blog\/2015\/11\/21\/abazoviq-tronditje-te-blloku-politik-shqiptar-ne-mal-te-zi\/#breadcrumb","itemListElement":[{"@type":"ListItem","position":1,"name":"Abazoviq: Tronditje te blloku politik shqiptar n\u00eb Mal t\u00eb Zi"}]},{"@type":"Person","@id":"https:\/\/www.visit-ulcinj.com\/blog\/#\/schema\/person\/dcab619c614d3038751c63bc2aadc06d","name":"ulqini","sameAs":["http:\/\/www.visit-ulcinj.com"],"url":"https:\/\/www.visit-ulcinj.com\/blog\/author\/admin\/"}]}},"jetpack_featured_media_url":"","jetpack_sharing_enabled":true,"jetpack_shortlink":"https:\/\/wp.me\/pe6lTn-ogd","_links":{"self":[{"href":"https:\/\/www.visit-ulcinj.com\/blog\/wp-json\/wp\/v2\/posts\/93261"}],"collection":[{"href":"https:\/\/www.visit-ulcinj.com\/blog\/wp-json\/wp\/v2\/posts"}],"about":[{"href":"https:\/\/www.visit-ulcinj.com\/blog\/wp-json\/wp\/v2\/types\/post"}],"author":[{"embeddable":true,"href":"https:\/\/www.visit-ulcinj.com\/blog\/wp-json\/wp\/v2\/users\/1"}],"replies":[{"embeddable":true,"href":"https:\/\/www.visit-ulcinj.com\/blog\/wp-json\/wp\/v2\/comments?post=93261"}],"version-history":[{"count":1,"href":"https:\/\/www.visit-ulcinj.com\/blog\/wp-json\/wp\/v2\/posts\/93261\/revisions"}],"predecessor-version":[{"id":93263,"href":"https:\/\/www.visit-ulcinj.com\/blog\/wp-json\/wp\/v2\/posts\/93261\/revisions\/93263"}],"wp:attachment":[{"href":"https:\/\/www.visit-ulcinj.com\/blog\/wp-json\/wp\/v2\/media?parent=93261"}],"wp:term":[{"taxonomy":"category","embeddable":true,"href":"https:\/\/www.visit-ulcinj.com\/blog\/wp-json\/wp\/v2\/categories?post=93261"},{"taxonomy":"post_tag","embeddable":true,"href":"https:\/\/www.visit-ulcinj.com\/blog\/wp-json\/wp\/v2\/tags?post=93261"}],"curies":[{"name":"wp","href":"https:\/\/api.w.org\/{rel}","templated":true}]}}