{"id":93266,"date":"2015-11-22T20:05:29","date_gmt":"2015-11-22T19:05:29","guid":{"rendered":"http:\/\/www.visit-ulcinj.com\/blog\/?p=93266"},"modified":"2015-11-23T17:52:46","modified_gmt":"2015-11-23T16:52:46","slug":"njoftim-per-aktivitetet-rastin-e-dites-se-flamurit-kombetar","status":"publish","type":"post","link":"https:\/\/www.visit-ulcinj.com\/blog\/2015\/11\/22\/njoftim-per-aktivitetet-rastin-e-dites-se-flamurit-kombetar\/","title":{"rendered":"Njoftim p\u00ebr aktivitetet me rastin e Dit\u00ebs s\u00eb Flamurit Komb\u00ebtar"},"content":{"rendered":"<p>K\u00ebshilli Komb\u00ebtar i Shqiptar\u00ebve n\u00eb Mal t\u00eb Zi, ju fton t\u00eb gjith\u00ebve t\u00eb merrni pjes\u00eb n\u00eb kremtimin e 28 N\u00ebntorit, Dit\u00ebs s\u00eb Flamurit.<\/p>\n<p><a href=\"http:\/\/www.visit-ulcinj.com\/blog\/wp-content\/uploads\/2015\/11\/Dit\u00ebs-s\u00eb-Flamurit-Komb\u00ebtar-ne-Mal-te-Zi.jpg\"><img loading=\"lazy\" class=\"alignleft wp-image-93267\" src=\"http:\/\/www.visit-ulcinj.com\/blog\/wp-content\/uploads\/2015\/11\/Dit\u00ebs-s\u00eb-Flamurit-Komb\u00ebtar-ne-Mal-te-Zi.jpg\" alt=\"Dit\u00ebs s\u00eb Flamurit Komb\u00ebtar ne Mal te Zi\" width=\"508\" height=\"713\" srcset=\"https:\/\/www.visit-ulcinj.com\/blog\/wp-content\/uploads\/2015\/11\/Dit\u00ebs-s\u00eb-Flamurit-Komb\u00ebtar-ne-Mal-te-Zi.jpg 505w, https:\/\/www.visit-ulcinj.com\/blog\/wp-content\/uploads\/2015\/11\/Dit\u00ebs-s\u00eb-Flamurit-Komb\u00ebtar-ne-Mal-te-Zi-214x300.jpg 214w\" sizes=\"(max-width: 508px) 100vw, 508px\" \/><\/a><\/p>\n<p><strong>M\u00eb dat\u00eb 26.11.2015, feston Mal\u00ebsia \/ Tuzi<\/strong> , \u00a0ku do keni mund\u00ebsi t\u00eb ndiqni premier\u00ebn e filmit dokumentar <strong>\u201cNa ishte nj\u00eb her\u00eb Shqip\u00ebria\u2026\u201d<\/strong>, prodhim ky i Digitalb-it, n\u00ebn regjin\u00eb e Stefan \u00c7apalikut.<br \/>\nAktiviteti do t\u00eb mbahet n\u00eb <em>Qendr\u00ebn Informative Kulturore \u201cMal\u00ebsia\u201d n\u00eb Tuz, me fillim n\u00eb ora 17:00.<\/em><br \/>\nP\u00ebrve\u00e7 premier\u00ebs s\u00eb filmit, do keni mund\u00ebsi t\u00eb \u00e7lodheni me bukurin\u00eb e \u00a0ekspozit\u00ebs s\u00eb fotografive \u201c<strong>Marubi<\/strong>\u201c.<\/p>\n<p><strong>M\u00eb dat\u00eb 27.11.2015, Plava e Gucia shenjojn\u00eb Dit\u00ebn e Flamurit<\/strong>.<br \/>\n<em>N\u00eb Qendr\u00ebn p\u00ebr Kultur\u00eb n\u00eb Plav\u00eb,n\u00eb ora 12:30<\/em>, ju pret <strong>program kulturoro artistik<\/strong>, ku midis t\u00eb tjerash, do mund t\u00eb ndiqni edhe shfaqjen teatrale, t\u00eb cil\u00ebn e sjell p\u00ebr \u00a0ju <strong>trupa teatrale nga Mitrovica<\/strong>.<\/p>\n<p><strong>Manifestimi qendror do mbahet \u00a0m\u00eb dat\u00eb 28.11.2015, n\u00eb Ulqin<\/strong>, ku p\u00ebr t\u00eb kat\u00ebrtin vit me radh\u00eb, do mbahet <strong>Maratona e Pavar\u00ebsis\u00eb 2015, Shkod\u00ebr \u2013 Ulqin<\/strong>.<br \/>\n<em>Nisja e garuesve do b\u00ebhet n\u00eb or\u00ebn 9:30 <\/em>p\u00ebrball\u00eb nd\u00ebrtes\u00ebs s\u00eb\u00a0Bashkis\u00eb Shkod\u00ebr, nd\u00ebrsa caku p\u00ebrfundimtar do jet\u00eb p\u00ebrball\u00eb Komun\u00ebs s\u00eb Ulqinit.<br \/>\nBashk\u00eborganizator\u00eb t\u00eb maraton\u00ebs, p\u00ebrve\u00e7 KKSH-s\u00eb, jan\u00eb edhe Komuna e Ulqinit dhe Bashkia Shkod\u00ebr.<\/p>\n<p>P\u00ebrve\u00e7 maraton\u00ebs, n\u00eb Ulqin do keni mund\u00ebsi t\u00eb kremtoni p\u00ebrmes k\u00ebng\u00ebs e poezis\u00eb shqiptare ,\u00a0t\u00eb shijoni bukurin\u00eb e nj\u00eb diversiteti vallesh, filluar nga ato vendase, e duke shetitur deri tek vallet e veriut dhe jugut shqiptar.<\/p>\n<p><strong>N\u00eb Qend\u00ebr p\u00ebr Kultur\u00eb \u2013 Ulqin, n\u00eb ora 19, <\/strong>ju mir\u00ebpresin emra t\u00eb njohur t\u00eb sken\u00ebs shqiptare si:<strong> Myfarete Laze, Roza Anagnosti, Gjylie Pelingu, Alma Memo Hoti, Pjaver Kroni,<\/strong> e emra t\u00eb tjer\u00eb si k\u00ebto.<\/p>\n<p><strong>JENI T\u00cb MIR\u00cbPRITUR!<\/strong><\/p>\n<div>\n<div><strong><span style=\"font-size: small;\"><span style=\"font-family: Calibri;\">K\u00cbSHILLI KOMB\u00cbTAR I SHQIPTAR\u00cbVE N\u00cb MAL T\u00cb ZI <\/span><\/span><\/strong><\/div>\n<div><strong><span style=\"font-size: small;\"><span style=\"font-family: Calibri;\">NACIONALNI SAVJET ALBANACA U CRNOJ GORI <\/span><\/span><\/strong><\/div>\n<div><strong><span style=\"font-size: small;\"><span style=\"font-family: Calibri;\">ALBANIAN\u00a0 NATIONAL COUNCIL IN MONTENEGRO<\/span><\/span><\/strong><\/div>\n<div><strong><span style=\"font-size: small;\"><span style=\"font-family: Calibri;\">85360 Ulqin-Ulcinj, bul. Gjergj Kastrioti Skenderbeu p.n-b.b, <\/span><\/span><\/strong><\/div>\n<div><strong><span style=\"font-size: small;\"><span style=\"font-family: Calibri;\">Tel \/ fax\u00a0 <a href=\"tel:%2B382%2030%20411%20302\" target=\"_blank\">+382 30 411 302<\/a> , + 382 69 333 663<\/span><\/span><\/strong><\/div>\n<div><strong><span style=\"font-family: Calibri; font-size: small;\">Web: <\/span><a><span style=\"color: #0000ff; font-family: Calibri; font-size: small;\">www.knsh.me<\/span><\/a><span style=\"font-family: Calibri; font-size: small;\"> , E-mail: <\/span><a><span style=\"color: #0000ff; font-family: Calibri; font-size: small;\">knsh@t-com.me<\/span><\/a><\/strong><\/div>\n<\/div>\n<p>&nbsp;<\/p>\n","protected":false},"excerpt":{"rendered":"<p>K\u00ebshilli Komb\u00ebtar i Shqiptar\u00ebve n\u00eb Mal t\u00eb Zi, ju fton t\u00eb gjith\u00ebve t\u00eb merrni pjes\u00eb n\u00eb kremtimin e 28 N\u00ebntorit, Dit\u00ebs s\u00eb Flamurit. M\u00eb dat\u00eb 26.11.2015, feston Mal\u00ebsia \/ Tuzi , \u00a0ku do keni mund\u00ebsi t\u00eb ndiqni premier\u00ebn e filmit dokumentar \u201cNa ishte nj\u00eb her\u00eb Shqip\u00ebria\u2026\u201d, prodhim ky i Digitalb-it, n\u00ebn regjin\u00eb e Stefan \u00c7apalikut. [&hellip;]<\/p>\n","protected":false},"author":1,"featured_media":0,"comment_status":"closed","ping_status":"closed","sticky":false,"template":"","format":"standard","meta":{"spay_email":"","jetpack_publicize_message":"","jetpack_is_tweetstorm":false,"jetpack_publicize_feature_enabled":true},"categories":[1,6950],"tags":[],"jetpack_publicize_connections":[],"yoast_head":"<!-- This site is optimized with the Yoast SEO plugin v19.1 - https:\/\/yoast.com\/wordpress\/plugins\/seo\/ -->\n<title>Njoftim p\u00ebr aktivitetet me rastin e Dit\u00ebs s\u00eb Flamurit Komb\u00ebtar - Lajme nga Ulqini<\/title>\n<meta name=\"description\" content=\"K\u00ebshilli Komb\u00ebtar i Shqiptar\u00ebve n\u00eb Mal t\u00eb Zi, ju fton t\u00eb gjith\u00ebve t\u00eb merrni pjes\u00eb n\u00eb kremtimin e 28 N\u00ebntorit, Dit\u00ebs s\u00eb Flamurit. M\u00eb dat\u00eb 26.11.2015,\" \/>\n<meta name=\"robots\" content=\"index, follow, max-snippet:-1, max-image-preview:large, max-video-preview:-1\" \/>\n<link rel=\"canonical\" href=\"https:\/\/www.visit-ulcinj.com\/blog\/2015\/11\/22\/njoftim-per-aktivitetet-rastin-e-dites-se-flamurit-kombetar\/\" \/>\n<meta property=\"og:locale\" content=\"en_US\" \/>\n<meta property=\"og:type\" content=\"article\" \/>\n<meta property=\"og:title\" content=\"Njoftim p\u00ebr aktivitetet me rastin e Dit\u00ebs s\u00eb Flamurit Komb\u00ebtar - Lajme nga Ulqini\" \/>\n<meta property=\"og:description\" content=\"K\u00ebshilli Komb\u00ebtar i Shqiptar\u00ebve n\u00eb Mal t\u00eb Zi, ju fton t\u00eb gjith\u00ebve t\u00eb merrni pjes\u00eb n\u00eb kremtimin e 28 N\u00ebntorit, Dit\u00ebs s\u00eb Flamurit. M\u00eb dat\u00eb 26.11.2015,\" \/>\n<meta property=\"og:url\" content=\"https:\/\/www.visit-ulcinj.com\/blog\/2015\/11\/22\/njoftim-per-aktivitetet-rastin-e-dites-se-flamurit-kombetar\/\" \/>\n<meta property=\"og:site_name\" content=\"Lajme nga Ulqini\" \/>\n<meta property=\"article:published_time\" content=\"2015-11-22T19:05:29+00:00\" \/>\n<meta property=\"article:modified_time\" content=\"2015-11-23T16:52:46+00:00\" \/>\n<meta name=\"twitter:label1\" content=\"Written by\" \/>\n\t<meta name=\"twitter:data1\" content=\"ulqini\" \/>\n\t<meta name=\"twitter:label2\" content=\"Est. reading time\" \/>\n\t<meta name=\"twitter:data2\" content=\"2 minutes\" \/>\n<script type=\"application\/ld+json\" class=\"yoast-schema-graph\">{\"@context\":\"https:\/\/schema.org\",\"@graph\":[{\"@type\":\"WebSite\",\"@id\":\"https:\/\/www.visit-ulcinj.com\/blog\/#website\",\"url\":\"https:\/\/www.visit-ulcinj.com\/blog\/\",\"name\":\"Lajme nga Ulqini\",\"description\":\"Lajme,Vijesti,Ulqini,Ulqin,Crna Gora,Mali i Zi\",\"potentialAction\":[{\"@type\":\"SearchAction\",\"target\":{\"@type\":\"EntryPoint\",\"urlTemplate\":\"https:\/\/www.visit-ulcinj.com\/blog\/?s={search_term_string}\"},\"query-input\":\"required name=search_term_string\"}],\"inLanguage\":\"en-US\"},{\"@type\":\"WebPage\",\"@id\":\"https:\/\/www.visit-ulcinj.com\/blog\/2015\/11\/22\/njoftim-per-aktivitetet-rastin-e-dites-se-flamurit-kombetar\/#webpage\",\"url\":\"https:\/\/www.visit-ulcinj.com\/blog\/2015\/11\/22\/njoftim-per-aktivitetet-rastin-e-dites-se-flamurit-kombetar\/\",\"name\":\"Njoftim p\u00ebr aktivitetet me rastin e Dit\u00ebs s\u00eb Flamurit Komb\u00ebtar - Lajme nga Ulqini\",\"isPartOf\":{\"@id\":\"https:\/\/www.visit-ulcinj.com\/blog\/#website\"},\"datePublished\":\"2015-11-22T19:05:29+00:00\",\"dateModified\":\"2015-11-23T16:52:46+00:00\",\"author\":{\"@id\":\"https:\/\/www.visit-ulcinj.com\/blog\/#\/schema\/person\/dcab619c614d3038751c63bc2aadc06d\"},\"description\":\"K\u00ebshilli Komb\u00ebtar i Shqiptar\u00ebve n\u00eb Mal t\u00eb Zi, ju fton t\u00eb gjith\u00ebve t\u00eb merrni pjes\u00eb n\u00eb kremtimin e 28 N\u00ebntorit, Dit\u00ebs s\u00eb Flamurit. M\u00eb dat\u00eb 26.11.2015,\",\"breadcrumb\":{\"@id\":\"https:\/\/www.visit-ulcinj.com\/blog\/2015\/11\/22\/njoftim-per-aktivitetet-rastin-e-dites-se-flamurit-kombetar\/#breadcrumb\"},\"inLanguage\":\"en-US\",\"potentialAction\":[{\"@type\":\"ReadAction\",\"target\":[\"https:\/\/www.visit-ulcinj.com\/blog\/2015\/11\/22\/njoftim-per-aktivitetet-rastin-e-dites-se-flamurit-kombetar\/\"]}]},{\"@type\":\"BreadcrumbList\",\"@id\":\"https:\/\/www.visit-ulcinj.com\/blog\/2015\/11\/22\/njoftim-per-aktivitetet-rastin-e-dites-se-flamurit-kombetar\/#breadcrumb\",\"itemListElement\":[{\"@type\":\"ListItem\",\"position\":1,\"name\":\"Njoftim p\u00ebr aktivitetet me rastin e Dit\u00ebs s\u00eb Flamurit Komb\u00ebtar\"}]},{\"@type\":\"Person\",\"@id\":\"https:\/\/www.visit-ulcinj.com\/blog\/#\/schema\/person\/dcab619c614d3038751c63bc2aadc06d\",\"name\":\"ulqini\",\"sameAs\":[\"http:\/\/www.visit-ulcinj.com\"],\"url\":\"https:\/\/www.visit-ulcinj.com\/blog\/author\/admin\/\"}]}<\/script>\n<!-- \/ Yoast SEO plugin. -->","yoast_head_json":{"title":"Njoftim p\u00ebr aktivitetet me rastin e Dit\u00ebs s\u00eb Flamurit Komb\u00ebtar - Lajme nga Ulqini","description":"K\u00ebshilli Komb\u00ebtar i Shqiptar\u00ebve n\u00eb Mal t\u00eb Zi, ju fton t\u00eb gjith\u00ebve t\u00eb merrni pjes\u00eb n\u00eb kremtimin e 28 N\u00ebntorit, Dit\u00ebs s\u00eb Flamurit. M\u00eb dat\u00eb 26.11.2015,","robots":{"index":"index","follow":"follow","max-snippet":"max-snippet:-1","max-image-preview":"max-image-preview:large","max-video-preview":"max-video-preview:-1"},"canonical":"https:\/\/www.visit-ulcinj.com\/blog\/2015\/11\/22\/njoftim-per-aktivitetet-rastin-e-dites-se-flamurit-kombetar\/","og_locale":"en_US","og_type":"article","og_title":"Njoftim p\u00ebr aktivitetet me rastin e Dit\u00ebs s\u00eb Flamurit Komb\u00ebtar - Lajme nga Ulqini","og_description":"K\u00ebshilli Komb\u00ebtar i Shqiptar\u00ebve n\u00eb Mal t\u00eb Zi, ju fton t\u00eb gjith\u00ebve t\u00eb merrni pjes\u00eb n\u00eb kremtimin e 28 N\u00ebntorit, Dit\u00ebs s\u00eb Flamurit. M\u00eb dat\u00eb 26.11.2015,","og_url":"https:\/\/www.visit-ulcinj.com\/blog\/2015\/11\/22\/njoftim-per-aktivitetet-rastin-e-dites-se-flamurit-kombetar\/","og_site_name":"Lajme nga Ulqini","article_published_time":"2015-11-22T19:05:29+00:00","article_modified_time":"2015-11-23T16:52:46+00:00","twitter_misc":{"Written by":"ulqini","Est. reading time":"2 minutes"},"schema":{"@context":"https:\/\/schema.org","@graph":[{"@type":"WebSite","@id":"https:\/\/www.visit-ulcinj.com\/blog\/#website","url":"https:\/\/www.visit-ulcinj.com\/blog\/","name":"Lajme nga Ulqini","description":"Lajme,Vijesti,Ulqini,Ulqin,Crna Gora,Mali i Zi","potentialAction":[{"@type":"SearchAction","target":{"@type":"EntryPoint","urlTemplate":"https:\/\/www.visit-ulcinj.com\/blog\/?s={search_term_string}"},"query-input":"required name=search_term_string"}],"inLanguage":"en-US"},{"@type":"WebPage","@id":"https:\/\/www.visit-ulcinj.com\/blog\/2015\/11\/22\/njoftim-per-aktivitetet-rastin-e-dites-se-flamurit-kombetar\/#webpage","url":"https:\/\/www.visit-ulcinj.com\/blog\/2015\/11\/22\/njoftim-per-aktivitetet-rastin-e-dites-se-flamurit-kombetar\/","name":"Njoftim p\u00ebr aktivitetet me rastin e Dit\u00ebs s\u00eb Flamurit Komb\u00ebtar - Lajme nga Ulqini","isPartOf":{"@id":"https:\/\/www.visit-ulcinj.com\/blog\/#website"},"datePublished":"2015-11-22T19:05:29+00:00","dateModified":"2015-11-23T16:52:46+00:00","author":{"@id":"https:\/\/www.visit-ulcinj.com\/blog\/#\/schema\/person\/dcab619c614d3038751c63bc2aadc06d"},"description":"K\u00ebshilli Komb\u00ebtar i Shqiptar\u00ebve n\u00eb Mal t\u00eb Zi, ju fton t\u00eb gjith\u00ebve t\u00eb merrni pjes\u00eb n\u00eb kremtimin e 28 N\u00ebntorit, Dit\u00ebs s\u00eb Flamurit. M\u00eb dat\u00eb 26.11.2015,","breadcrumb":{"@id":"https:\/\/www.visit-ulcinj.com\/blog\/2015\/11\/22\/njoftim-per-aktivitetet-rastin-e-dites-se-flamurit-kombetar\/#breadcrumb"},"inLanguage":"en-US","potentialAction":[{"@type":"ReadAction","target":["https:\/\/www.visit-ulcinj.com\/blog\/2015\/11\/22\/njoftim-per-aktivitetet-rastin-e-dites-se-flamurit-kombetar\/"]}]},{"@type":"BreadcrumbList","@id":"https:\/\/www.visit-ulcinj.com\/blog\/2015\/11\/22\/njoftim-per-aktivitetet-rastin-e-dites-se-flamurit-kombetar\/#breadcrumb","itemListElement":[{"@type":"ListItem","position":1,"name":"Njoftim p\u00ebr aktivitetet me rastin e Dit\u00ebs s\u00eb Flamurit Komb\u00ebtar"}]},{"@type":"Person","@id":"https:\/\/www.visit-ulcinj.com\/blog\/#\/schema\/person\/dcab619c614d3038751c63bc2aadc06d","name":"ulqini","sameAs":["http:\/\/www.visit-ulcinj.com"],"url":"https:\/\/www.visit-ulcinj.com\/blog\/author\/admin\/"}]}},"jetpack_featured_media_url":"","jetpack_sharing_enabled":true,"jetpack_shortlink":"https:\/\/wp.me\/pe6lTn-ogi","_links":{"self":[{"href":"https:\/\/www.visit-ulcinj.com\/blog\/wp-json\/wp\/v2\/posts\/93266"}],"collection":[{"href":"https:\/\/www.visit-ulcinj.com\/blog\/wp-json\/wp\/v2\/posts"}],"about":[{"href":"https:\/\/www.visit-ulcinj.com\/blog\/wp-json\/wp\/v2\/types\/post"}],"author":[{"embeddable":true,"href":"https:\/\/www.visit-ulcinj.com\/blog\/wp-json\/wp\/v2\/users\/1"}],"replies":[{"embeddable":true,"href":"https:\/\/www.visit-ulcinj.com\/blog\/wp-json\/wp\/v2\/comments?post=93266"}],"version-history":[{"count":1,"href":"https:\/\/www.visit-ulcinj.com\/blog\/wp-json\/wp\/v2\/posts\/93266\/revisions"}],"predecessor-version":[{"id":93268,"href":"https:\/\/www.visit-ulcinj.com\/blog\/wp-json\/wp\/v2\/posts\/93266\/revisions\/93268"}],"wp:attachment":[{"href":"https:\/\/www.visit-ulcinj.com\/blog\/wp-json\/wp\/v2\/media?parent=93266"}],"wp:term":[{"taxonomy":"category","embeddable":true,"href":"https:\/\/www.visit-ulcinj.com\/blog\/wp-json\/wp\/v2\/categories?post=93266"},{"taxonomy":"post_tag","embeddable":true,"href":"https:\/\/www.visit-ulcinj.com\/blog\/wp-json\/wp\/v2\/tags?post=93266"}],"curies":[{"name":"wp","href":"https:\/\/api.w.org\/{rel}","templated":true}]}}