{"id":93272,"date":"2015-11-23T18:02:01","date_gmt":"2015-11-23T17:02:01","guid":{"rendered":"http:\/\/www.visit-ulcinj.com\/blog\/?p=93272"},"modified":"2015-11-23T18:02:01","modified_gmt":"2015-11-23T17:02:01","slug":"hapet-zyra-per-dispore-ne-ulqin","status":"publish","type":"post","link":"https:\/\/www.visit-ulcinj.com\/blog\/2015\/11\/23\/hapet-zyra-per-dispore-ne-ulqin\/","title":{"rendered":"Hapet Zyra p\u00ebr dispor\u00eb n\u00eb Ulqin"},"content":{"rendered":"<p><a href=\"http:\/\/www.visit-ulcinj.com\/blog\/wp-content\/uploads\/2015\/11\/Dispora-Ulqin.jpg\"><img loading=\"lazy\" class=\"alignleft wp-image-93273\" src=\"http:\/\/www.visit-ulcinj.com\/blog\/wp-content\/uploads\/2015\/11\/Dispora-Ulqin.jpg\" alt=\"Dispora-Ulqin\" width=\"508\" height=\"317\" srcset=\"https:\/\/www.visit-ulcinj.com\/blog\/wp-content\/uploads\/2015\/11\/Dispora-Ulqin.jpg 900w, https:\/\/www.visit-ulcinj.com\/blog\/wp-content\/uploads\/2015\/11\/Dispora-Ulqin-300x187.jpg 300w\" sizes=\"(max-width: 508px) 100vw, 508px\" \/><\/a>Nes\u00ebr n\u00eb qytetin ton\u00eb do t\u00eb filloj\u00eb nga puna Zyra Bashk\u00ebpunim me Diaspor\u00eb. Q\u00ebllimi i hapjes\u00a0 s\u00eb zyr\u00ebs \u00ebsht\u00eb v\u00ebnia e nj\u00eb komunikimi zyrtar\u00eb me bashk\u00ebvendasit tan\u00eb, me shoqatat dhe asociacionet e tyre.\u00a0 Ajo do t\u00eb nd\u00ebrtoj\u00eb baz\u00ebn e t\u00eb dh\u00ebnave t\u00eb m\u00ebrgimtar\u00ebve tan\u00eb, implementoj\u00eb projekte q\u00eb kan\u00eb p\u00ebr q\u00ebllim involvimin e diaspor\u00ebs n\u00eb jet\u00ebn socio-ekonomike t\u00eb qytetit ton\u00eb, regjistrimin e potencialin intelektual t\u00eb diaspor\u00ebs etj.<\/p>\n<p>Do t\u00eb jet\u00eb ur\u00eb p\u00ebr t\u00eb gjith\u00eb ata mergimtar\u00eb q\u00eb jan\u00eb t\u00eb gatsh\u00ebm t\u00eb kontribuojn\u00eb n\u00eb zhvillimin e Ulqinit. Ajo do t\u00eb angazhohet p\u00ebr ruajtjen dhe kultivimin e identitetit komb\u00ebtar, gjuh\u00ebsor, kulturor e arsimor dhe lidhshm\u00ebrit\u00eb e tyre me institucionet vendase.<\/p>\n","protected":false},"excerpt":{"rendered":"<p>Nes\u00ebr n\u00eb qytetin ton\u00eb do t\u00eb filloj\u00eb nga puna Zyra Bashk\u00ebpunim me Diaspor\u00eb. Q\u00ebllimi i hapjes\u00a0 s\u00eb zyr\u00ebs \u00ebsht\u00eb v\u00ebnia e nj\u00eb komunikimi zyrtar\u00eb me bashk\u00ebvendasit tan\u00eb, me shoqatat dhe asociacionet e tyre.\u00a0 Ajo do t\u00eb nd\u00ebrtoj\u00eb baz\u00ebn e t\u00eb dh\u00ebnave t\u00eb m\u00ebrgimtar\u00ebve tan\u00eb, implementoj\u00eb projekte q\u00eb kan\u00eb p\u00ebr q\u00ebllim involvimin e diaspor\u00ebs n\u00eb jet\u00ebn [&hellip;]<\/p>\n","protected":false},"author":1,"featured_media":0,"comment_status":"closed","ping_status":"closed","sticky":false,"template":"","format":"standard","meta":{"spay_email":"","jetpack_publicize_message":"","jetpack_is_tweetstorm":false,"jetpack_publicize_feature_enabled":true},"categories":[11],"tags":[],"jetpack_publicize_connections":[],"yoast_head":"<!-- This site is optimized with the Yoast SEO plugin v19.1 - https:\/\/yoast.com\/wordpress\/plugins\/seo\/ -->\n<title>Hapet Zyra p\u00ebr dispor\u00eb n\u00eb Ulqin - Lajme nga Ulqini<\/title>\n<meta name=\"description\" content=\"Nes\u00ebr n\u00eb qytetin ton\u00eb do t\u00eb filloj\u00eb nga puna Zyra Bashk\u00ebpunim me Diaspor\u00eb. Q\u00ebllimi i hapjes\u00a0 s\u00eb zyr\u00ebs \u00ebsht\u00eb v\u00ebnia e nj\u00eb komunikimi zyrtar\u00eb me\" \/>\n<meta name=\"robots\" content=\"index, follow, max-snippet:-1, max-image-preview:large, max-video-preview:-1\" \/>\n<link rel=\"canonical\" href=\"https:\/\/www.visit-ulcinj.com\/blog\/2015\/11\/23\/hapet-zyra-per-dispore-ne-ulqin\/\" \/>\n<meta property=\"og:locale\" content=\"en_US\" \/>\n<meta property=\"og:type\" content=\"article\" \/>\n<meta property=\"og:title\" content=\"Hapet Zyra p\u00ebr dispor\u00eb n\u00eb Ulqin - Lajme nga Ulqini\" \/>\n<meta property=\"og:description\" content=\"Nes\u00ebr n\u00eb qytetin ton\u00eb do t\u00eb filloj\u00eb nga puna Zyra Bashk\u00ebpunim me Diaspor\u00eb. Q\u00ebllimi i hapjes\u00a0 s\u00eb zyr\u00ebs \u00ebsht\u00eb v\u00ebnia e nj\u00eb komunikimi zyrtar\u00eb me\" \/>\n<meta property=\"og:url\" content=\"https:\/\/www.visit-ulcinj.com\/blog\/2015\/11\/23\/hapet-zyra-per-dispore-ne-ulqin\/\" \/>\n<meta property=\"og:site_name\" content=\"Lajme nga Ulqini\" \/>\n<meta property=\"article:published_time\" content=\"2015-11-23T17:02:01+00:00\" \/>\n<meta property=\"og:image\" content=\"http:\/\/www.visit-ulcinj.com\/blog\/wp-content\/uploads\/2015\/11\/Dispora-Ulqin.jpg\" \/>\n<meta name=\"twitter:label1\" content=\"Written by\" \/>\n\t<meta name=\"twitter:data1\" content=\"ulqini\" \/>\n\t<meta name=\"twitter:label2\" content=\"Est. reading time\" \/>\n\t<meta name=\"twitter:data2\" content=\"1 minute\" \/>\n<script type=\"application\/ld+json\" class=\"yoast-schema-graph\">{\"@context\":\"https:\/\/schema.org\",\"@graph\":[{\"@type\":\"WebSite\",\"@id\":\"https:\/\/www.visit-ulcinj.com\/blog\/#website\",\"url\":\"https:\/\/www.visit-ulcinj.com\/blog\/\",\"name\":\"Lajme nga Ulqini\",\"description\":\"Lajme,Vijesti,Ulqini,Ulqin,Crna Gora,Mali i Zi\",\"potentialAction\":[{\"@type\":\"SearchAction\",\"target\":{\"@type\":\"EntryPoint\",\"urlTemplate\":\"https:\/\/www.visit-ulcinj.com\/blog\/?s={search_term_string}\"},\"query-input\":\"required name=search_term_string\"}],\"inLanguage\":\"en-US\"},{\"@type\":\"ImageObject\",\"inLanguage\":\"en-US\",\"@id\":\"https:\/\/www.visit-ulcinj.com\/blog\/2015\/11\/23\/hapet-zyra-per-dispore-ne-ulqin\/#primaryimage\",\"url\":\"https:\/\/www.visit-ulcinj.com\/blog\/wp-content\/uploads\/2015\/11\/Dispora-Ulqin.jpg\",\"contentUrl\":\"https:\/\/www.visit-ulcinj.com\/blog\/wp-content\/uploads\/2015\/11\/Dispora-Ulqin.jpg\",\"width\":900,\"height\":562},{\"@type\":\"WebPage\",\"@id\":\"https:\/\/www.visit-ulcinj.com\/blog\/2015\/11\/23\/hapet-zyra-per-dispore-ne-ulqin\/#webpage\",\"url\":\"https:\/\/www.visit-ulcinj.com\/blog\/2015\/11\/23\/hapet-zyra-per-dispore-ne-ulqin\/\",\"name\":\"Hapet Zyra p\u00ebr dispor\u00eb n\u00eb Ulqin - Lajme nga Ulqini\",\"isPartOf\":{\"@id\":\"https:\/\/www.visit-ulcinj.com\/blog\/#website\"},\"primaryImageOfPage\":{\"@id\":\"https:\/\/www.visit-ulcinj.com\/blog\/2015\/11\/23\/hapet-zyra-per-dispore-ne-ulqin\/#primaryimage\"},\"datePublished\":\"2015-11-23T17:02:01+00:00\",\"dateModified\":\"2015-11-23T17:02:01+00:00\",\"author\":{\"@id\":\"https:\/\/www.visit-ulcinj.com\/blog\/#\/schema\/person\/dcab619c614d3038751c63bc2aadc06d\"},\"description\":\"Nes\u00ebr n\u00eb qytetin ton\u00eb do t\u00eb filloj\u00eb nga puna Zyra Bashk\u00ebpunim me Diaspor\u00eb. Q\u00ebllimi i hapjes\u00a0 s\u00eb zyr\u00ebs \u00ebsht\u00eb v\u00ebnia e nj\u00eb komunikimi zyrtar\u00eb me\",\"breadcrumb\":{\"@id\":\"https:\/\/www.visit-ulcinj.com\/blog\/2015\/11\/23\/hapet-zyra-per-dispore-ne-ulqin\/#breadcrumb\"},\"inLanguage\":\"en-US\",\"potentialAction\":[{\"@type\":\"ReadAction\",\"target\":[\"https:\/\/www.visit-ulcinj.com\/blog\/2015\/11\/23\/hapet-zyra-per-dispore-ne-ulqin\/\"]}]},{\"@type\":\"BreadcrumbList\",\"@id\":\"https:\/\/www.visit-ulcinj.com\/blog\/2015\/11\/23\/hapet-zyra-per-dispore-ne-ulqin\/#breadcrumb\",\"itemListElement\":[{\"@type\":\"ListItem\",\"position\":1,\"name\":\"Hapet Zyra p\u00ebr dispor\u00eb n\u00eb Ulqin\"}]},{\"@type\":\"Person\",\"@id\":\"https:\/\/www.visit-ulcinj.com\/blog\/#\/schema\/person\/dcab619c614d3038751c63bc2aadc06d\",\"name\":\"ulqini\",\"sameAs\":[\"http:\/\/www.visit-ulcinj.com\"],\"url\":\"https:\/\/www.visit-ulcinj.com\/blog\/author\/admin\/\"}]}<\/script>\n<!-- \/ Yoast SEO plugin. -->","yoast_head_json":{"title":"Hapet Zyra p\u00ebr dispor\u00eb n\u00eb Ulqin - Lajme nga Ulqini","description":"Nes\u00ebr n\u00eb qytetin ton\u00eb do t\u00eb filloj\u00eb nga puna Zyra Bashk\u00ebpunim me Diaspor\u00eb. Q\u00ebllimi i hapjes\u00a0 s\u00eb zyr\u00ebs \u00ebsht\u00eb v\u00ebnia e nj\u00eb komunikimi zyrtar\u00eb me","robots":{"index":"index","follow":"follow","max-snippet":"max-snippet:-1","max-image-preview":"max-image-preview:large","max-video-preview":"max-video-preview:-1"},"canonical":"https:\/\/www.visit-ulcinj.com\/blog\/2015\/11\/23\/hapet-zyra-per-dispore-ne-ulqin\/","og_locale":"en_US","og_type":"article","og_title":"Hapet Zyra p\u00ebr dispor\u00eb n\u00eb Ulqin - Lajme nga Ulqini","og_description":"Nes\u00ebr n\u00eb qytetin ton\u00eb do t\u00eb filloj\u00eb nga puna Zyra Bashk\u00ebpunim me Diaspor\u00eb. Q\u00ebllimi i hapjes\u00a0 s\u00eb zyr\u00ebs \u00ebsht\u00eb v\u00ebnia e nj\u00eb komunikimi zyrtar\u00eb me","og_url":"https:\/\/www.visit-ulcinj.com\/blog\/2015\/11\/23\/hapet-zyra-per-dispore-ne-ulqin\/","og_site_name":"Lajme nga Ulqini","article_published_time":"2015-11-23T17:02:01+00:00","og_image":[{"url":"http:\/\/www.visit-ulcinj.com\/blog\/wp-content\/uploads\/2015\/11\/Dispora-Ulqin.jpg"}],"twitter_misc":{"Written by":"ulqini","Est. reading time":"1 minute"},"schema":{"@context":"https:\/\/schema.org","@graph":[{"@type":"WebSite","@id":"https:\/\/www.visit-ulcinj.com\/blog\/#website","url":"https:\/\/www.visit-ulcinj.com\/blog\/","name":"Lajme nga Ulqini","description":"Lajme,Vijesti,Ulqini,Ulqin,Crna Gora,Mali i Zi","potentialAction":[{"@type":"SearchAction","target":{"@type":"EntryPoint","urlTemplate":"https:\/\/www.visit-ulcinj.com\/blog\/?s={search_term_string}"},"query-input":"required name=search_term_string"}],"inLanguage":"en-US"},{"@type":"ImageObject","inLanguage":"en-US","@id":"https:\/\/www.visit-ulcinj.com\/blog\/2015\/11\/23\/hapet-zyra-per-dispore-ne-ulqin\/#primaryimage","url":"https:\/\/www.visit-ulcinj.com\/blog\/wp-content\/uploads\/2015\/11\/Dispora-Ulqin.jpg","contentUrl":"https:\/\/www.visit-ulcinj.com\/blog\/wp-content\/uploads\/2015\/11\/Dispora-Ulqin.jpg","width":900,"height":562},{"@type":"WebPage","@id":"https:\/\/www.visit-ulcinj.com\/blog\/2015\/11\/23\/hapet-zyra-per-dispore-ne-ulqin\/#webpage","url":"https:\/\/www.visit-ulcinj.com\/blog\/2015\/11\/23\/hapet-zyra-per-dispore-ne-ulqin\/","name":"Hapet Zyra p\u00ebr dispor\u00eb n\u00eb Ulqin - Lajme nga Ulqini","isPartOf":{"@id":"https:\/\/www.visit-ulcinj.com\/blog\/#website"},"primaryImageOfPage":{"@id":"https:\/\/www.visit-ulcinj.com\/blog\/2015\/11\/23\/hapet-zyra-per-dispore-ne-ulqin\/#primaryimage"},"datePublished":"2015-11-23T17:02:01+00:00","dateModified":"2015-11-23T17:02:01+00:00","author":{"@id":"https:\/\/www.visit-ulcinj.com\/blog\/#\/schema\/person\/dcab619c614d3038751c63bc2aadc06d"},"description":"Nes\u00ebr n\u00eb qytetin ton\u00eb do t\u00eb filloj\u00eb nga puna Zyra Bashk\u00ebpunim me Diaspor\u00eb. Q\u00ebllimi i hapjes\u00a0 s\u00eb zyr\u00ebs \u00ebsht\u00eb v\u00ebnia e nj\u00eb komunikimi zyrtar\u00eb me","breadcrumb":{"@id":"https:\/\/www.visit-ulcinj.com\/blog\/2015\/11\/23\/hapet-zyra-per-dispore-ne-ulqin\/#breadcrumb"},"inLanguage":"en-US","potentialAction":[{"@type":"ReadAction","target":["https:\/\/www.visit-ulcinj.com\/blog\/2015\/11\/23\/hapet-zyra-per-dispore-ne-ulqin\/"]}]},{"@type":"BreadcrumbList","@id":"https:\/\/www.visit-ulcinj.com\/blog\/2015\/11\/23\/hapet-zyra-per-dispore-ne-ulqin\/#breadcrumb","itemListElement":[{"@type":"ListItem","position":1,"name":"Hapet Zyra p\u00ebr dispor\u00eb n\u00eb Ulqin"}]},{"@type":"Person","@id":"https:\/\/www.visit-ulcinj.com\/blog\/#\/schema\/person\/dcab619c614d3038751c63bc2aadc06d","name":"ulqini","sameAs":["http:\/\/www.visit-ulcinj.com"],"url":"https:\/\/www.visit-ulcinj.com\/blog\/author\/admin\/"}]}},"jetpack_featured_media_url":"","jetpack_sharing_enabled":true,"jetpack_shortlink":"https:\/\/wp.me\/pe6lTn-ogo","_links":{"self":[{"href":"https:\/\/www.visit-ulcinj.com\/blog\/wp-json\/wp\/v2\/posts\/93272"}],"collection":[{"href":"https:\/\/www.visit-ulcinj.com\/blog\/wp-json\/wp\/v2\/posts"}],"about":[{"href":"https:\/\/www.visit-ulcinj.com\/blog\/wp-json\/wp\/v2\/types\/post"}],"author":[{"embeddable":true,"href":"https:\/\/www.visit-ulcinj.com\/blog\/wp-json\/wp\/v2\/users\/1"}],"replies":[{"embeddable":true,"href":"https:\/\/www.visit-ulcinj.com\/blog\/wp-json\/wp\/v2\/comments?post=93272"}],"version-history":[{"count":1,"href":"https:\/\/www.visit-ulcinj.com\/blog\/wp-json\/wp\/v2\/posts\/93272\/revisions"}],"predecessor-version":[{"id":93274,"href":"https:\/\/www.visit-ulcinj.com\/blog\/wp-json\/wp\/v2\/posts\/93272\/revisions\/93274"}],"wp:attachment":[{"href":"https:\/\/www.visit-ulcinj.com\/blog\/wp-json\/wp\/v2\/media?parent=93272"}],"wp:term":[{"taxonomy":"category","embeddable":true,"href":"https:\/\/www.visit-ulcinj.com\/blog\/wp-json\/wp\/v2\/categories?post=93272"},{"taxonomy":"post_tag","embeddable":true,"href":"https:\/\/www.visit-ulcinj.com\/blog\/wp-json\/wp\/v2\/tags?post=93272"}],"curies":[{"name":"wp","href":"https:\/\/api.w.org\/{rel}","templated":true}]}}