{"id":93275,"date":"2015-11-24T16:02:42","date_gmt":"2015-11-24T15:02:42","guid":{"rendered":"http:\/\/www.visit-ulcinj.com\/blog\/?p=93275"},"modified":"2015-11-24T16:04:20","modified_gmt":"2015-11-24T15:04:20","slug":"nika-te-behet-dhe-si-komuna-aksionare-e-ish-otrant-komercit","status":"publish","type":"post","link":"https:\/\/www.visit-ulcinj.com\/blog\/2015\/11\/24\/nika-te-behet-dhe-si-komuna-aksionare-e-ish-otrant-komercit\/","title":{"rendered":"Nika: A do t\u00eb b\u00ebhet dhe si &#8211; komuna aksionare e ish &#8211; Otrant Komercit?!!"},"content":{"rendered":"<p><strong><a href=\"http:\/\/www.visit-ulcinj.com\/blog\/wp-content\/uploads\/2015\/11\/OTRANT-KOMERC-ULQIN.jpg\"><img loading=\"lazy\" class=\"alignleft wp-image-93276\" src=\"http:\/\/www.visit-ulcinj.com\/blog\/wp-content\/uploads\/2015\/11\/OTRANT-KOMERC-ULQIN.jpg\" alt=\"OTRANT-KOMERC-ULQIN\" width=\"508\" height=\"388\" srcset=\"https:\/\/www.visit-ulcinj.com\/blog\/wp-content\/uploads\/2015\/11\/OTRANT-KOMERC-ULQIN.jpg 594w, https:\/\/www.visit-ulcinj.com\/blog\/wp-content\/uploads\/2015\/11\/OTRANT-KOMERC-ULQIN-300x229.jpg 300w\" sizes=\"(max-width: 508px) 100vw, 508px\" \/><\/a>Shkruan: Muhamet Nika<\/strong><\/p>\n<p><strong>Merret vesh q\u00eb N.Cungu, arriu e shtini n\u00eb dor\u00eb \u201c me fizibilitet- zhvillim t\u00eb q\u00ebndruesh\u00ebm\u201d, tregun e shqiptar\u00ebve n\u00eb Totosh &#8230;?!!<\/strong><\/p>\n<p>N\u00eb nj\u00eb shkrim t\u00eb huazuar nga gazeta DAN, t\u00eb cilit i referohet portali Lajme nga Ulqini , m\u00ebsohet se ish kryetari i komun\u00ebs \u2013 N.Cungu , para do dit\u00ebve, ka rrethuar hap\u00ebsir\u00ebn publik-\u201c tregun e shqiptar\u00ebve..\u201d n\u00eb lagjen Totoshi, para ish Otrant Comercit, pasi e kish bler\u00eb at\u00eb me nj\u00eb tender . Dhe k\u00ebshtu m\u00ebsohej se veprimi i tij ishte \u201c me fizibilitet- i q\u00ebndruesh\u00ebm\u201d, ashtu si\u00e7 e ka zakon t\u00eb shprehet p\u00ebr zhvillimin ekonomik t\u00eb pun\u00ebve publike?!!<\/p>\n<p>Tjet\u00ebr, shkrimi i gazetarit bazohej n\u00eb nj\u00eb deklarat\u00eb t\u00eb dh\u00ebn\u00eb nga Rexhep Taganit , ish drejtor i Otrantit\u00a0\u00a0 q\u00eb veten e prezantoi si p\u00ebrfaq\u00ebsues i Otrantit n\u00eb Ulqin, duk u munduar t\u00eb na bindin n\u00eb deklarat\u00ebn e tij se k\u00ebtu \u00ebsht\u00eb \u00e7do gj\u00eb n\u00eb rregull dhe se Cungu shum\u00eb shpejt , do t\u00eb mbyll\u00eb edhe rrug\u00ebn , p\u00ebrball\u00eb tregut q\u00eb pritet ta fitoj\u00eb me gjyq&#8230;?!<\/p>\n<p>P\u00ebr kuriozitet , cekim se ashtu si Cungu , i cili privatizoi sht\u00ebpin\u00eb e mallrave nga firma tregtare komuniste e Otrantit, q\u00eb p\u00ebrfundoi n\u00eb duar t\u00eb te huajve- Monet\u00ebse, dhe ky i fundit- Tagani, pat privatizuar nga shteti, sht\u00ebpin\u00eb e mallrave n\u00eb Kat\u00ebrkoll\u00eb ( kuptohet pa bekimin e komun\u00ebs -kuvendit) dhe p\u00ebrmes rreshtave sikur niste porosi, q\u00eb ashtu si Cungu i cili pretendon t\u00eb shtjer\u00eb n\u00eb dor\u00eb rrug\u00ebn , buz\u00eb tregut ashtu do t\u00eb ket\u00eb t\u00eb drejt\u00eb q\u00eb edhe ky nes\u00ebr me gjyqe q\u00eb t\u00eb shtjer\u00eb n\u00eb dor\u00eb Sheshin Skenderbe n\u00eb Kat\u00ebrkoll\u00eb \u2013 p\u00ebrball\u00eb lokalit t\u00eb vet \u2013 madje q\u00eb tash e ka t\u00eb rrethuar at\u00eb, me do\u201d zhardinjer\u00eb\u201d, t\u00eb v\u00ebn\u00eb aty, \u201c ashtu kot\u201dnga nd\u00ebrmarrja komunale p\u00ebr pastrim&#8230;?!!<\/p>\n<p><strong><em>Cilat jan\u00eb t\u00eb pav\u00ebrtetat kryesore t\u00eb pohimeve t\u00eb Taganit n\u00eb lajm?!<\/em><\/strong><\/p>\n<ol>\n<li><strong>Q\u00eb ish Otranti- nuk ka as seli e as p\u00ebrfaq\u00ebsues e as gjiro-llogari t\u00eb vet\u00ebn n\u00eb Ulqin, p\u00ebr t\u00eb cilat flet Rexhepi?! Dhe se selia bashk\u00eb me gjiro-llogari \u00ebsht\u00eb n\u00eb KOP\u00cbR \u2013 Slloveni e ku duhet t\u00eb ken\u00eb arritur edhe parat\u00eb e marra nga komuna me proces gjyq\u00ebsor \u2013 koha e Cungut&#8230;?!<\/strong><\/li>\n<li><strong>Se p\u00ebrfaq\u00ebsues i saj n\u00eb Ulqin , deri von\u00eb paraqitej nj\u00eb fem\u00ebr diku nga nj\u00eb qytet verior i Malit t\u00eb Zi- mbase edhe\u201d konobaric\u00eb\u201d?!<\/strong><\/li>\n<li><strong>Se n\u00eb tenderin p\u00ebr t\u00eb cilin flet \u201cp\u00ebrfaq\u00ebsuesi i Otrantit-Tagani\u201d, thuhet q\u00eb objektin e bleu me \u201c \u00e7ek\u201d , nj\u00eb firm\u00eb nga Tivari dhe q\u00eb p\u00ebr k\u00ebt\u00eb ka ngritur padi ndaj Otrantit dhe nuk dihet se e kuajt do jet\u00eb nes\u00ebr kjo hap\u00ebsir\u00eb<\/strong><\/li>\n<li><strong>Q\u00eb parat\u00eb e marra nga Otranti n\u00eb procesin gjyq\u00ebsor nga komuna\u00a0\u00a0 mbi 200 mij\u00eb euro kan\u00eb p\u00ebrfunduar n\u00eb Kop\u00ebr&#8230;?!! Dhe q\u00eb ato t\u00eb holla kurr\u00eb m\u00eb nuk do t\u00eb kthehen, ashtu si nuk mund t\u00eb kthehen k\u00ebta t\u00eb Progresit- Kalla\u00e7it, sepse firmat mund t\u00eb fshijn\u00eb gjiro-llogarit\u00eb e veta..?!<\/strong><\/li>\n<li><strong>E n\u00eb fund bazuar n\u00eb k\u00ebto rrethana t\u00eb p\u00ebrmendura , n\u00ebse vazhdohet q\u00eb t\u00eb insistohet n\u00eb \u201c pla\u00e7k\u00ebn e eurove t\u00eb marra me vendim gjyqi nga komuna\u201d- ( mendojm\u00eb n\u00eb mund\u00ebsin\u00eb e rindarjes \u00a0s\u00eb \u00a0pla\u00e7k\u00ebs nga grupet e interesit si t\u00eb pak\u00ebnaqura&#8230;),at\u00ebher\u00eb dihet q\u00eb dikush nga aktor\u00ebt do t\u00eb shkoj\u00eb detyrimisht n\u00eb falimentim. Dhe gjasat m\u00eb t\u00eb m\u00ebdha , p\u00ebr t\u00eb fikur afer\u00ebn, mund t\u00eb jet\u00eb q\u00eb n\u00eb falimentim t\u00eb shkoj\u00eb vet\u00eb Otrant Comerci , n\u00eb se komuna e fiton padin\u00eb n\u00eb gjyq!!! Sot t\u00eb mbledh\u00ebsh \u201ckesh\u201d- 280 mij\u00eb euro, p\u00ebr t\u00eb kthyer borxh nga ish firmat komuniste, ose t\u00eb atyre q\u00eb p\u00ebr baz\u00eb kishin k\u00ebt\u00eb kapital, pa t\u00eb \u00e7uar n\u00eb falimentim \u00ebsht\u00eb e pa mundur&#8230;?! K\u00ebshtu, n\u00eb munges\u00eb t\u00eb kthimit t\u00eb te hollave(sepse me siguri jan\u00eb shpenzuar&#8230;, komuna n\u00eb em\u00ebr t\u00eb tyre do t\u00eb b\u00ebhet aksionar i Otrantit ?!!!<\/strong><\/li>\n<li><strong>Por po shtojm\u00eb edhe k\u00ebt\u00eb q\u00eb pas fundit t\u00eb dikujt ekziston edhe nj\u00eb fund tjet\u00ebr..?! Me msheljen\u00a0\u00a0 e tregut , nga Cungu, sot n\u00eb Totosh kemi k\u00ebto pamje , n\u00eb t\u00eb cilat shihet se \u00a0si tregtar\u00ebt e imt\u00eb hallexhinj kan\u00eb uzurpuar \u201cpa t\u00eb drejt\u00eb\u201d, hyrjet n\u00eb sht\u00ebpit\u00eb e qytetar\u00ebve pran\u00eb rrug\u00ebs.<br \/>\n<a href=\"http:\/\/www.visit-ulcinj.com\/blog\/wp-content\/uploads\/2015\/11\/OTRANT-KOMERC-ULQIN-1.jpg\"><img loading=\"lazy\" class=\"alignleft size-full wp-image-93277\" src=\"http:\/\/www.visit-ulcinj.com\/blog\/wp-content\/uploads\/2015\/11\/OTRANT-KOMERC-ULQIN-1.jpg\" alt=\"OTRANT-KOMERC-ULQIN-1\" width=\"508\" height=\"272\" \/><\/a> <a href=\"http:\/\/www.visit-ulcinj.com\/blog\/wp-content\/uploads\/2015\/11\/OTRANT-KOMERC-ULQIN-2.jpg\"><img loading=\"lazy\" class=\"alignleft size-full wp-image-93278\" src=\"http:\/\/www.visit-ulcinj.com\/blog\/wp-content\/uploads\/2015\/11\/OTRANT-KOMERC-ULQIN-2.jpg\" alt=\"OTRANT-KOMERC-ULQIN-2\" width=\"508\" height=\"304\" \/><\/a> <a href=\"http:\/\/www.visit-ulcinj.com\/blog\/wp-content\/uploads\/2015\/11\/OTRANT-KOMERC-ULQIN-3.jpg\"><img loading=\"lazy\" class=\"alignleft size-full wp-image-93279\" src=\"http:\/\/www.visit-ulcinj.com\/blog\/wp-content\/uploads\/2015\/11\/OTRANT-KOMERC-ULQIN-3.jpg\" alt=\"OTRANT-KOMERC-ULQIN-3\" width=\"508\" height=\"338\" \/><\/a> <a href=\"http:\/\/www.visit-ulcinj.com\/blog\/wp-content\/uploads\/2015\/11\/OTRANT-KOMERC-ULQIN-4.jpg\"><img loading=\"lazy\" class=\"alignleft size-full wp-image-93280\" src=\"http:\/\/www.visit-ulcinj.com\/blog\/wp-content\/uploads\/2015\/11\/OTRANT-KOMERC-ULQIN-4.jpg\" alt=\"OTRANT-KOMERC-ULQIN-4\" width=\"508\" height=\"324\" \/><\/a> <a href=\"http:\/\/www.visit-ulcinj.com\/blog\/wp-content\/uploads\/2015\/11\/OTRANT-KOMERC-ULQIN-5.jpg\"><img loading=\"lazy\" class=\"alignleft size-full wp-image-93281\" src=\"http:\/\/www.visit-ulcinj.com\/blog\/wp-content\/uploads\/2015\/11\/OTRANT-KOMERC-ULQIN-5.jpg\" alt=\"OTRANT-KOMERC-ULQIN-5\" width=\"508\" height=\"286\" \/><\/a><\/strong><\/li>\n<\/ol>\n<p><strong>Ja edhe fizibiliteti yn\u00eb- zhvillimi i q\u00ebndruesh\u00ebm ?!Ec e thuaj tashti , q\u00eb shqiptar\u00ebt nuk din\u00eb t\u00eb jen\u00eb solidar\u00eb n\u00eb koh\u00eb krize dhe munges\u00eb pushteti e buke..?!!! <\/strong><\/p>\n<p>&nbsp;<\/p>\n<p><strong>Pik\u00ebpamjet e shprehura n\u00eb faqen \u201cOPINIONE\u201d nuk p\u00ebrfaq\u00ebsojn\u00eb domosdoshm\u00ebrisht politik\u00ebn redaksionale t\u00eb \u201eLajmeve nga Ulqini\u201e<\/strong><\/p>\n","protected":false},"excerpt":{"rendered":"<p>Shkruan: Muhamet Nika Merret vesh q\u00eb N.Cungu, arriu e shtini n\u00eb dor\u00eb \u201c me fizibilitet- zhvillim t\u00eb q\u00ebndruesh\u00ebm\u201d, tregun e shqiptar\u00ebve n\u00eb Totosh &#8230;?!! N\u00eb nj\u00eb shkrim t\u00eb huazuar nga gazeta DAN, t\u00eb cilit i referohet portali Lajme nga Ulqini , m\u00ebsohet se ish kryetari i komun\u00ebs \u2013 N.Cungu , para do dit\u00ebve, ka rrethuar [&hellip;]<\/p>\n","protected":false},"author":1,"featured_media":0,"comment_status":"closed","ping_status":"closed","sticky":false,"template":"","format":"standard","meta":{"spay_email":"","jetpack_publicize_message":"","jetpack_is_tweetstorm":false,"jetpack_publicize_feature_enabled":true},"categories":[14249],"tags":[],"jetpack_publicize_connections":[],"yoast_head":"<!-- This site is optimized with the Yoast SEO plugin v19.1 - https:\/\/yoast.com\/wordpress\/plugins\/seo\/ -->\n<title>Nika: A do t\u00eb b\u00ebhet dhe si - komuna aksionare e ish - Otrant Komercit?!! - Lajme nga Ulqini<\/title>\n<meta name=\"description\" content=\"Shkruan: Muhamet Nika Merret vesh q\u00eb N.Cungu, arriu e shtini n\u00eb dor\u00eb \u201c me fizibilitet- zhvillim t\u00eb q\u00ebndruesh\u00ebm\u201d, tregun e shqiptar\u00ebve n\u00eb Totosh ...?!! N\u00eb\" \/>\n<meta name=\"robots\" content=\"index, follow, max-snippet:-1, max-image-preview:large, max-video-preview:-1\" \/>\n<link rel=\"canonical\" href=\"https:\/\/www.visit-ulcinj.com\/blog\/2015\/11\/24\/nika-te-behet-dhe-si-komuna-aksionare-e-ish-otrant-komercit\/\" \/>\n<meta property=\"og:locale\" content=\"en_US\" \/>\n<meta property=\"og:type\" content=\"article\" \/>\n<meta property=\"og:title\" content=\"Nika: A do t\u00eb b\u00ebhet dhe si - komuna aksionare e ish - Otrant Komercit?!! - Lajme nga Ulqini\" \/>\n<meta property=\"og:description\" content=\"Shkruan: Muhamet Nika Merret vesh q\u00eb N.Cungu, arriu e shtini n\u00eb dor\u00eb \u201c me fizibilitet- zhvillim t\u00eb q\u00ebndruesh\u00ebm\u201d, tregun e shqiptar\u00ebve n\u00eb Totosh ...?!! N\u00eb\" \/>\n<meta property=\"og:url\" content=\"https:\/\/www.visit-ulcinj.com\/blog\/2015\/11\/24\/nika-te-behet-dhe-si-komuna-aksionare-e-ish-otrant-komercit\/\" \/>\n<meta property=\"og:site_name\" content=\"Lajme nga Ulqini\" \/>\n<meta property=\"article:published_time\" content=\"2015-11-24T15:02:42+00:00\" \/>\n<meta property=\"article:modified_time\" content=\"2015-11-24T15:04:20+00:00\" \/>\n<meta property=\"og:image\" content=\"http:\/\/www.visit-ulcinj.com\/blog\/wp-content\/uploads\/2015\/11\/OTRANT-KOMERC-ULQIN.jpg\" \/>\n<meta name=\"twitter:label1\" content=\"Written by\" \/>\n\t<meta name=\"twitter:data1\" content=\"ulqini\" \/>\n\t<meta name=\"twitter:label2\" content=\"Est. reading time\" \/>\n\t<meta name=\"twitter:data2\" content=\"4 minutes\" \/>\n<script type=\"application\/ld+json\" class=\"yoast-schema-graph\">{\"@context\":\"https:\/\/schema.org\",\"@graph\":[{\"@type\":\"WebSite\",\"@id\":\"https:\/\/www.visit-ulcinj.com\/blog\/#website\",\"url\":\"https:\/\/www.visit-ulcinj.com\/blog\/\",\"name\":\"Lajme nga Ulqini\",\"description\":\"Lajme,Vijesti,Ulqini,Ulqin,Crna Gora,Mali i Zi\",\"potentialAction\":[{\"@type\":\"SearchAction\",\"target\":{\"@type\":\"EntryPoint\",\"urlTemplate\":\"https:\/\/www.visit-ulcinj.com\/blog\/?s={search_term_string}\"},\"query-input\":\"required name=search_term_string\"}],\"inLanguage\":\"en-US\"},{\"@type\":\"ImageObject\",\"inLanguage\":\"en-US\",\"@id\":\"https:\/\/www.visit-ulcinj.com\/blog\/2015\/11\/24\/nika-te-behet-dhe-si-komuna-aksionare-e-ish-otrant-komercit\/#primaryimage\",\"url\":\"https:\/\/www.visit-ulcinj.com\/blog\/wp-content\/uploads\/2015\/11\/OTRANT-KOMERC-ULQIN.jpg\",\"contentUrl\":\"https:\/\/www.visit-ulcinj.com\/blog\/wp-content\/uploads\/2015\/11\/OTRANT-KOMERC-ULQIN.jpg\",\"width\":594,\"height\":454},{\"@type\":\"WebPage\",\"@id\":\"https:\/\/www.visit-ulcinj.com\/blog\/2015\/11\/24\/nika-te-behet-dhe-si-komuna-aksionare-e-ish-otrant-komercit\/#webpage\",\"url\":\"https:\/\/www.visit-ulcinj.com\/blog\/2015\/11\/24\/nika-te-behet-dhe-si-komuna-aksionare-e-ish-otrant-komercit\/\",\"name\":\"Nika: A do t\u00eb b\u00ebhet dhe si - komuna aksionare e ish - Otrant Komercit?!! - Lajme nga Ulqini\",\"isPartOf\":{\"@id\":\"https:\/\/www.visit-ulcinj.com\/blog\/#website\"},\"primaryImageOfPage\":{\"@id\":\"https:\/\/www.visit-ulcinj.com\/blog\/2015\/11\/24\/nika-te-behet-dhe-si-komuna-aksionare-e-ish-otrant-komercit\/#primaryimage\"},\"datePublished\":\"2015-11-24T15:02:42+00:00\",\"dateModified\":\"2015-11-24T15:04:20+00:00\",\"author\":{\"@id\":\"https:\/\/www.visit-ulcinj.com\/blog\/#\/schema\/person\/dcab619c614d3038751c63bc2aadc06d\"},\"description\":\"Shkruan: Muhamet Nika Merret vesh q\u00eb N.Cungu, arriu e shtini n\u00eb dor\u00eb \u201c me fizibilitet- zhvillim t\u00eb q\u00ebndruesh\u00ebm\u201d, tregun e shqiptar\u00ebve n\u00eb Totosh ...?!! N\u00eb\",\"breadcrumb\":{\"@id\":\"https:\/\/www.visit-ulcinj.com\/blog\/2015\/11\/24\/nika-te-behet-dhe-si-komuna-aksionare-e-ish-otrant-komercit\/#breadcrumb\"},\"inLanguage\":\"en-US\",\"potentialAction\":[{\"@type\":\"ReadAction\",\"target\":[\"https:\/\/www.visit-ulcinj.com\/blog\/2015\/11\/24\/nika-te-behet-dhe-si-komuna-aksionare-e-ish-otrant-komercit\/\"]}]},{\"@type\":\"BreadcrumbList\",\"@id\":\"https:\/\/www.visit-ulcinj.com\/blog\/2015\/11\/24\/nika-te-behet-dhe-si-komuna-aksionare-e-ish-otrant-komercit\/#breadcrumb\",\"itemListElement\":[{\"@type\":\"ListItem\",\"position\":1,\"name\":\"Nika: A do t\u00eb b\u00ebhet dhe si &#8211; komuna aksionare e ish &#8211; Otrant Komercit?!!\"}]},{\"@type\":\"Person\",\"@id\":\"https:\/\/www.visit-ulcinj.com\/blog\/#\/schema\/person\/dcab619c614d3038751c63bc2aadc06d\",\"name\":\"ulqini\",\"sameAs\":[\"http:\/\/www.visit-ulcinj.com\"],\"url\":\"https:\/\/www.visit-ulcinj.com\/blog\/author\/admin\/\"}]}<\/script>\n<!-- \/ Yoast SEO plugin. -->","yoast_head_json":{"title":"Nika: A do t\u00eb b\u00ebhet dhe si - komuna aksionare e ish - Otrant Komercit?!! - Lajme nga Ulqini","description":"Shkruan: Muhamet Nika Merret vesh q\u00eb N.Cungu, arriu e shtini n\u00eb dor\u00eb \u201c me fizibilitet- zhvillim t\u00eb q\u00ebndruesh\u00ebm\u201d, tregun e shqiptar\u00ebve n\u00eb Totosh ...?!! N\u00eb","robots":{"index":"index","follow":"follow","max-snippet":"max-snippet:-1","max-image-preview":"max-image-preview:large","max-video-preview":"max-video-preview:-1"},"canonical":"https:\/\/www.visit-ulcinj.com\/blog\/2015\/11\/24\/nika-te-behet-dhe-si-komuna-aksionare-e-ish-otrant-komercit\/","og_locale":"en_US","og_type":"article","og_title":"Nika: A do t\u00eb b\u00ebhet dhe si - komuna aksionare e ish - Otrant Komercit?!! - Lajme nga Ulqini","og_description":"Shkruan: Muhamet Nika Merret vesh q\u00eb N.Cungu, arriu e shtini n\u00eb dor\u00eb \u201c me fizibilitet- zhvillim t\u00eb q\u00ebndruesh\u00ebm\u201d, tregun e shqiptar\u00ebve n\u00eb Totosh ...?!! N\u00eb","og_url":"https:\/\/www.visit-ulcinj.com\/blog\/2015\/11\/24\/nika-te-behet-dhe-si-komuna-aksionare-e-ish-otrant-komercit\/","og_site_name":"Lajme nga Ulqini","article_published_time":"2015-11-24T15:02:42+00:00","article_modified_time":"2015-11-24T15:04:20+00:00","og_image":[{"url":"http:\/\/www.visit-ulcinj.com\/blog\/wp-content\/uploads\/2015\/11\/OTRANT-KOMERC-ULQIN.jpg"}],"twitter_misc":{"Written by":"ulqini","Est. reading time":"4 minutes"},"schema":{"@context":"https:\/\/schema.org","@graph":[{"@type":"WebSite","@id":"https:\/\/www.visit-ulcinj.com\/blog\/#website","url":"https:\/\/www.visit-ulcinj.com\/blog\/","name":"Lajme nga Ulqini","description":"Lajme,Vijesti,Ulqini,Ulqin,Crna Gora,Mali i Zi","potentialAction":[{"@type":"SearchAction","target":{"@type":"EntryPoint","urlTemplate":"https:\/\/www.visit-ulcinj.com\/blog\/?s={search_term_string}"},"query-input":"required name=search_term_string"}],"inLanguage":"en-US"},{"@type":"ImageObject","inLanguage":"en-US","@id":"https:\/\/www.visit-ulcinj.com\/blog\/2015\/11\/24\/nika-te-behet-dhe-si-komuna-aksionare-e-ish-otrant-komercit\/#primaryimage","url":"https:\/\/www.visit-ulcinj.com\/blog\/wp-content\/uploads\/2015\/11\/OTRANT-KOMERC-ULQIN.jpg","contentUrl":"https:\/\/www.visit-ulcinj.com\/blog\/wp-content\/uploads\/2015\/11\/OTRANT-KOMERC-ULQIN.jpg","width":594,"height":454},{"@type":"WebPage","@id":"https:\/\/www.visit-ulcinj.com\/blog\/2015\/11\/24\/nika-te-behet-dhe-si-komuna-aksionare-e-ish-otrant-komercit\/#webpage","url":"https:\/\/www.visit-ulcinj.com\/blog\/2015\/11\/24\/nika-te-behet-dhe-si-komuna-aksionare-e-ish-otrant-komercit\/","name":"Nika: A do t\u00eb b\u00ebhet dhe si - komuna aksionare e ish - Otrant Komercit?!! - Lajme nga Ulqini","isPartOf":{"@id":"https:\/\/www.visit-ulcinj.com\/blog\/#website"},"primaryImageOfPage":{"@id":"https:\/\/www.visit-ulcinj.com\/blog\/2015\/11\/24\/nika-te-behet-dhe-si-komuna-aksionare-e-ish-otrant-komercit\/#primaryimage"},"datePublished":"2015-11-24T15:02:42+00:00","dateModified":"2015-11-24T15:04:20+00:00","author":{"@id":"https:\/\/www.visit-ulcinj.com\/blog\/#\/schema\/person\/dcab619c614d3038751c63bc2aadc06d"},"description":"Shkruan: Muhamet Nika Merret vesh q\u00eb N.Cungu, arriu e shtini n\u00eb dor\u00eb \u201c me fizibilitet- zhvillim t\u00eb q\u00ebndruesh\u00ebm\u201d, tregun e shqiptar\u00ebve n\u00eb Totosh ...?!! N\u00eb","breadcrumb":{"@id":"https:\/\/www.visit-ulcinj.com\/blog\/2015\/11\/24\/nika-te-behet-dhe-si-komuna-aksionare-e-ish-otrant-komercit\/#breadcrumb"},"inLanguage":"en-US","potentialAction":[{"@type":"ReadAction","target":["https:\/\/www.visit-ulcinj.com\/blog\/2015\/11\/24\/nika-te-behet-dhe-si-komuna-aksionare-e-ish-otrant-komercit\/"]}]},{"@type":"BreadcrumbList","@id":"https:\/\/www.visit-ulcinj.com\/blog\/2015\/11\/24\/nika-te-behet-dhe-si-komuna-aksionare-e-ish-otrant-komercit\/#breadcrumb","itemListElement":[{"@type":"ListItem","position":1,"name":"Nika: A do t\u00eb b\u00ebhet dhe si &#8211; komuna aksionare e ish &#8211; Otrant Komercit?!!"}]},{"@type":"Person","@id":"https:\/\/www.visit-ulcinj.com\/blog\/#\/schema\/person\/dcab619c614d3038751c63bc2aadc06d","name":"ulqini","sameAs":["http:\/\/www.visit-ulcinj.com"],"url":"https:\/\/www.visit-ulcinj.com\/blog\/author\/admin\/"}]}},"jetpack_featured_media_url":"","jetpack_sharing_enabled":true,"jetpack_shortlink":"https:\/\/wp.me\/pe6lTn-ogr","_links":{"self":[{"href":"https:\/\/www.visit-ulcinj.com\/blog\/wp-json\/wp\/v2\/posts\/93275"}],"collection":[{"href":"https:\/\/www.visit-ulcinj.com\/blog\/wp-json\/wp\/v2\/posts"}],"about":[{"href":"https:\/\/www.visit-ulcinj.com\/blog\/wp-json\/wp\/v2\/types\/post"}],"author":[{"embeddable":true,"href":"https:\/\/www.visit-ulcinj.com\/blog\/wp-json\/wp\/v2\/users\/1"}],"replies":[{"embeddable":true,"href":"https:\/\/www.visit-ulcinj.com\/blog\/wp-json\/wp\/v2\/comments?post=93275"}],"version-history":[{"count":2,"href":"https:\/\/www.visit-ulcinj.com\/blog\/wp-json\/wp\/v2\/posts\/93275\/revisions"}],"predecessor-version":[{"id":93283,"href":"https:\/\/www.visit-ulcinj.com\/blog\/wp-json\/wp\/v2\/posts\/93275\/revisions\/93283"}],"wp:attachment":[{"href":"https:\/\/www.visit-ulcinj.com\/blog\/wp-json\/wp\/v2\/media?parent=93275"}],"wp:term":[{"taxonomy":"category","embeddable":true,"href":"https:\/\/www.visit-ulcinj.com\/blog\/wp-json\/wp\/v2\/categories?post=93275"},{"taxonomy":"post_tag","embeddable":true,"href":"https:\/\/www.visit-ulcinj.com\/blog\/wp-json\/wp\/v2\/tags?post=93275"}],"curies":[{"name":"wp","href":"https:\/\/api.w.org\/{rel}","templated":true}]}}