{"id":93284,"date":"2015-11-24T18:26:07","date_gmt":"2015-11-24T17:26:07","guid":{"rendered":"http:\/\/www.visit-ulcinj.com\/blog\/?p=93284"},"modified":"2015-11-25T17:35:56","modified_gmt":"2015-11-25T16:35:56","slug":"perdorimi-drogave-te-nxenesit-ne-mal-te-zi-shenon-rritje","status":"publish","type":"post","link":"https:\/\/www.visit-ulcinj.com\/blog\/2015\/11\/24\/perdorimi-drogave-te-nxenesit-ne-mal-te-zi-shenon-rritje\/","title":{"rendered":"P\u00ebrdorimi i drogave te nx\u00ebn\u00ebsit n\u00eb Mal t\u00eb Zi sh\u00ebnon rritje"},"content":{"rendered":"<p><a href=\"http:\/\/www.visit-ulcinj.com\/blog\/wp-content\/uploads\/2015\/11\/Qendra-Ulqinit.jpg\"><img loading=\"lazy\" class=\"alignleft wp-image-93285\" src=\"http:\/\/www.visit-ulcinj.com\/blog\/wp-content\/uploads\/2015\/11\/Qendra-Ulqinit.jpg\" alt=\"Qendra-Ulqinit\" width=\"508\" height=\"338\" srcset=\"https:\/\/www.visit-ulcinj.com\/blog\/wp-content\/uploads\/2015\/11\/Qendra-Ulqinit.jpg 800w, https:\/\/www.visit-ulcinj.com\/blog\/wp-content\/uploads\/2015\/11\/Qendra-Ulqinit-300x200.jpg 300w\" sizes=\"(max-width: 508px) 100vw, 508px\" \/><\/a>P\u00ebrdorimi i drogave te nx\u00ebn\u00ebsit e shkoll\u00ebs fillore dhe t\u00eb mesme n\u00eb Mal t\u00eb Zi sh\u00ebnon nj\u00eb rritje t\u00eb dukshme, duke shkaktuar probleme t\u00eb theksuara sh\u00ebndet\u00ebsore dhe sociale.<\/p>\n<p>N\u00eb nj\u00eb tryez\u00eb t\u00eb rrumbullak\u00ebt t\u00eb mbajtur n\u00eb Ulqin me tem\u00ebn \u201cVar\u00ebsia, s\u00ebmundje moderne e t\u00eb rinjve\u201d u k\u00ebrkua q\u00eb ndaj k\u00ebsaj dukurie t\u00eb nd\u00ebrhyhet seriozisht n\u00eb parandalimin e saj. N\u00eb tryez\u00eb u sugjerua q\u00eb t\u00eb zhvillohen programe t\u00eb ve\u00e7anta n\u00ebp\u00ebr shkolla si dhe programe komunitare dhe trajnime me prind\u00ebr.<\/p>\n<p>Korrespondenti i Z\u00ebrit t\u00eb Amerik\u00ebs Ali Salaj\u00a0 p\u00ebrgatiti kronik\u00ebn q\u00eb po transmetojm\u00eb:<\/p>\n<p>VAO<\/p>\n<p><iframe loading=\"lazy\" src=\"http:\/\/zeriamerikes.share.voanews.eu\/flashembed.aspx?t=vid&amp;id=3070252&amp;w=508&amp;h=289&amp;skin=embeded\" width=\"508\" height=\"289\" frameborder=\"0\" scrolling=\"no\"><\/iframe><\/p>\n","protected":false},"excerpt":{"rendered":"<p>P\u00ebrdorimi i drogave te nx\u00ebn\u00ebsit e shkoll\u00ebs fillore dhe t\u00eb mesme n\u00eb Mal t\u00eb Zi sh\u00ebnon nj\u00eb rritje t\u00eb dukshme, duke shkaktuar probleme t\u00eb theksuara sh\u00ebndet\u00ebsore dhe sociale. N\u00eb nj\u00eb tryez\u00eb t\u00eb rrumbullak\u00ebt t\u00eb mbajtur n\u00eb Ulqin me tem\u00ebn \u201cVar\u00ebsia, s\u00ebmundje moderne e t\u00eb rinjve\u201d u k\u00ebrkua q\u00eb ndaj k\u00ebsaj dukurie t\u00eb nd\u00ebrhyhet seriozisht n\u00eb [&hellip;]<\/p>\n","protected":false},"author":1,"featured_media":0,"comment_status":"closed","ping_status":"closed","sticky":false,"template":"","format":"standard","meta":{"spay_email":"","jetpack_publicize_message":"","jetpack_is_tweetstorm":false,"jetpack_publicize_feature_enabled":true},"categories":[1,12],"tags":[],"jetpack_publicize_connections":[],"yoast_head":"<!-- This site is optimized with the Yoast SEO plugin v19.1 - https:\/\/yoast.com\/wordpress\/plugins\/seo\/ -->\n<title>P\u00ebrdorimi i drogave te nx\u00ebn\u00ebsit n\u00eb Mal t\u00eb Zi sh\u00ebnon rritje - Lajme nga Ulqini<\/title>\n<meta name=\"description\" content=\"P\u00ebrdorimi i drogave te nx\u00ebn\u00ebsit e shkoll\u00ebs fillore dhe t\u00eb mesme n\u00eb Mal t\u00eb Zi sh\u00ebnon nj\u00eb rritje t\u00eb dukshme, duke shkaktuar probleme t\u00eb theksuara\" \/>\n<meta name=\"robots\" content=\"index, follow, max-snippet:-1, max-image-preview:large, max-video-preview:-1\" \/>\n<link rel=\"canonical\" href=\"https:\/\/www.visit-ulcinj.com\/blog\/2015\/11\/24\/perdorimi-drogave-te-nxenesit-ne-mal-te-zi-shenon-rritje\/\" \/>\n<meta property=\"og:locale\" content=\"en_US\" \/>\n<meta property=\"og:type\" content=\"article\" \/>\n<meta property=\"og:title\" content=\"P\u00ebrdorimi i drogave te nx\u00ebn\u00ebsit n\u00eb Mal t\u00eb Zi sh\u00ebnon rritje - Lajme nga Ulqini\" \/>\n<meta property=\"og:description\" content=\"P\u00ebrdorimi i drogave te nx\u00ebn\u00ebsit e shkoll\u00ebs fillore dhe t\u00eb mesme n\u00eb Mal t\u00eb Zi sh\u00ebnon nj\u00eb rritje t\u00eb dukshme, duke shkaktuar probleme t\u00eb theksuara\" \/>\n<meta property=\"og:url\" content=\"https:\/\/www.visit-ulcinj.com\/blog\/2015\/11\/24\/perdorimi-drogave-te-nxenesit-ne-mal-te-zi-shenon-rritje\/\" \/>\n<meta property=\"og:site_name\" content=\"Lajme nga Ulqini\" \/>\n<meta property=\"article:published_time\" content=\"2015-11-24T17:26:07+00:00\" \/>\n<meta property=\"article:modified_time\" content=\"2015-11-25T16:35:56+00:00\" \/>\n<meta property=\"og:image\" content=\"http:\/\/www.visit-ulcinj.com\/blog\/wp-content\/uploads\/2015\/11\/Qendra-Ulqinit.jpg\" \/>\n<meta name=\"twitter:label1\" content=\"Written by\" \/>\n\t<meta name=\"twitter:data1\" content=\"ulqini\" \/>\n\t<meta name=\"twitter:label2\" content=\"Est. reading time\" \/>\n\t<meta name=\"twitter:data2\" content=\"1 minute\" \/>\n<script type=\"application\/ld+json\" class=\"yoast-schema-graph\">{\"@context\":\"https:\/\/schema.org\",\"@graph\":[{\"@type\":\"WebSite\",\"@id\":\"https:\/\/www.visit-ulcinj.com\/blog\/#website\",\"url\":\"https:\/\/www.visit-ulcinj.com\/blog\/\",\"name\":\"Lajme nga Ulqini\",\"description\":\"Lajme,Vijesti,Ulqini,Ulqin,Crna Gora,Mali i Zi\",\"potentialAction\":[{\"@type\":\"SearchAction\",\"target\":{\"@type\":\"EntryPoint\",\"urlTemplate\":\"https:\/\/www.visit-ulcinj.com\/blog\/?s={search_term_string}\"},\"query-input\":\"required name=search_term_string\"}],\"inLanguage\":\"en-US\"},{\"@type\":\"ImageObject\",\"inLanguage\":\"en-US\",\"@id\":\"https:\/\/www.visit-ulcinj.com\/blog\/2015\/11\/24\/perdorimi-drogave-te-nxenesit-ne-mal-te-zi-shenon-rritje\/#primaryimage\",\"url\":\"https:\/\/www.visit-ulcinj.com\/blog\/wp-content\/uploads\/2015\/11\/Qendra-Ulqinit.jpg\",\"contentUrl\":\"https:\/\/www.visit-ulcinj.com\/blog\/wp-content\/uploads\/2015\/11\/Qendra-Ulqinit.jpg\",\"width\":800,\"height\":533},{\"@type\":\"WebPage\",\"@id\":\"https:\/\/www.visit-ulcinj.com\/blog\/2015\/11\/24\/perdorimi-drogave-te-nxenesit-ne-mal-te-zi-shenon-rritje\/#webpage\",\"url\":\"https:\/\/www.visit-ulcinj.com\/blog\/2015\/11\/24\/perdorimi-drogave-te-nxenesit-ne-mal-te-zi-shenon-rritje\/\",\"name\":\"P\u00ebrdorimi i drogave te nx\u00ebn\u00ebsit n\u00eb Mal t\u00eb Zi sh\u00ebnon rritje - Lajme nga Ulqini\",\"isPartOf\":{\"@id\":\"https:\/\/www.visit-ulcinj.com\/blog\/#website\"},\"primaryImageOfPage\":{\"@id\":\"https:\/\/www.visit-ulcinj.com\/blog\/2015\/11\/24\/perdorimi-drogave-te-nxenesit-ne-mal-te-zi-shenon-rritje\/#primaryimage\"},\"datePublished\":\"2015-11-24T17:26:07+00:00\",\"dateModified\":\"2015-11-25T16:35:56+00:00\",\"author\":{\"@id\":\"https:\/\/www.visit-ulcinj.com\/blog\/#\/schema\/person\/dcab619c614d3038751c63bc2aadc06d\"},\"description\":\"P\u00ebrdorimi i drogave te nx\u00ebn\u00ebsit e shkoll\u00ebs fillore dhe t\u00eb mesme n\u00eb Mal t\u00eb Zi sh\u00ebnon nj\u00eb rritje t\u00eb dukshme, duke shkaktuar probleme t\u00eb theksuara\",\"breadcrumb\":{\"@id\":\"https:\/\/www.visit-ulcinj.com\/blog\/2015\/11\/24\/perdorimi-drogave-te-nxenesit-ne-mal-te-zi-shenon-rritje\/#breadcrumb\"},\"inLanguage\":\"en-US\",\"potentialAction\":[{\"@type\":\"ReadAction\",\"target\":[\"https:\/\/www.visit-ulcinj.com\/blog\/2015\/11\/24\/perdorimi-drogave-te-nxenesit-ne-mal-te-zi-shenon-rritje\/\"]}]},{\"@type\":\"BreadcrumbList\",\"@id\":\"https:\/\/www.visit-ulcinj.com\/blog\/2015\/11\/24\/perdorimi-drogave-te-nxenesit-ne-mal-te-zi-shenon-rritje\/#breadcrumb\",\"itemListElement\":[{\"@type\":\"ListItem\",\"position\":1,\"name\":\"P\u00ebrdorimi i drogave te nx\u00ebn\u00ebsit n\u00eb Mal t\u00eb Zi sh\u00ebnon rritje\"}]},{\"@type\":\"Person\",\"@id\":\"https:\/\/www.visit-ulcinj.com\/blog\/#\/schema\/person\/dcab619c614d3038751c63bc2aadc06d\",\"name\":\"ulqini\",\"sameAs\":[\"http:\/\/www.visit-ulcinj.com\"],\"url\":\"https:\/\/www.visit-ulcinj.com\/blog\/author\/admin\/\"}]}<\/script>\n<!-- \/ Yoast SEO plugin. -->","yoast_head_json":{"title":"P\u00ebrdorimi i drogave te nx\u00ebn\u00ebsit n\u00eb Mal t\u00eb Zi sh\u00ebnon rritje - Lajme nga Ulqini","description":"P\u00ebrdorimi i drogave te nx\u00ebn\u00ebsit e shkoll\u00ebs fillore dhe t\u00eb mesme n\u00eb Mal t\u00eb Zi sh\u00ebnon nj\u00eb rritje t\u00eb dukshme, duke shkaktuar probleme t\u00eb theksuara","robots":{"index":"index","follow":"follow","max-snippet":"max-snippet:-1","max-image-preview":"max-image-preview:large","max-video-preview":"max-video-preview:-1"},"canonical":"https:\/\/www.visit-ulcinj.com\/blog\/2015\/11\/24\/perdorimi-drogave-te-nxenesit-ne-mal-te-zi-shenon-rritje\/","og_locale":"en_US","og_type":"article","og_title":"P\u00ebrdorimi i drogave te nx\u00ebn\u00ebsit n\u00eb Mal t\u00eb Zi sh\u00ebnon rritje - Lajme nga Ulqini","og_description":"P\u00ebrdorimi i drogave te nx\u00ebn\u00ebsit e shkoll\u00ebs fillore dhe t\u00eb mesme n\u00eb Mal t\u00eb Zi sh\u00ebnon nj\u00eb rritje t\u00eb dukshme, duke shkaktuar probleme t\u00eb theksuara","og_url":"https:\/\/www.visit-ulcinj.com\/blog\/2015\/11\/24\/perdorimi-drogave-te-nxenesit-ne-mal-te-zi-shenon-rritje\/","og_site_name":"Lajme nga Ulqini","article_published_time":"2015-11-24T17:26:07+00:00","article_modified_time":"2015-11-25T16:35:56+00:00","og_image":[{"url":"http:\/\/www.visit-ulcinj.com\/blog\/wp-content\/uploads\/2015\/11\/Qendra-Ulqinit.jpg"}],"twitter_misc":{"Written by":"ulqini","Est. reading time":"1 minute"},"schema":{"@context":"https:\/\/schema.org","@graph":[{"@type":"WebSite","@id":"https:\/\/www.visit-ulcinj.com\/blog\/#website","url":"https:\/\/www.visit-ulcinj.com\/blog\/","name":"Lajme nga Ulqini","description":"Lajme,Vijesti,Ulqini,Ulqin,Crna Gora,Mali i Zi","potentialAction":[{"@type":"SearchAction","target":{"@type":"EntryPoint","urlTemplate":"https:\/\/www.visit-ulcinj.com\/blog\/?s={search_term_string}"},"query-input":"required name=search_term_string"}],"inLanguage":"en-US"},{"@type":"ImageObject","inLanguage":"en-US","@id":"https:\/\/www.visit-ulcinj.com\/blog\/2015\/11\/24\/perdorimi-drogave-te-nxenesit-ne-mal-te-zi-shenon-rritje\/#primaryimage","url":"https:\/\/www.visit-ulcinj.com\/blog\/wp-content\/uploads\/2015\/11\/Qendra-Ulqinit.jpg","contentUrl":"https:\/\/www.visit-ulcinj.com\/blog\/wp-content\/uploads\/2015\/11\/Qendra-Ulqinit.jpg","width":800,"height":533},{"@type":"WebPage","@id":"https:\/\/www.visit-ulcinj.com\/blog\/2015\/11\/24\/perdorimi-drogave-te-nxenesit-ne-mal-te-zi-shenon-rritje\/#webpage","url":"https:\/\/www.visit-ulcinj.com\/blog\/2015\/11\/24\/perdorimi-drogave-te-nxenesit-ne-mal-te-zi-shenon-rritje\/","name":"P\u00ebrdorimi i drogave te nx\u00ebn\u00ebsit n\u00eb Mal t\u00eb Zi sh\u00ebnon rritje - Lajme nga Ulqini","isPartOf":{"@id":"https:\/\/www.visit-ulcinj.com\/blog\/#website"},"primaryImageOfPage":{"@id":"https:\/\/www.visit-ulcinj.com\/blog\/2015\/11\/24\/perdorimi-drogave-te-nxenesit-ne-mal-te-zi-shenon-rritje\/#primaryimage"},"datePublished":"2015-11-24T17:26:07+00:00","dateModified":"2015-11-25T16:35:56+00:00","author":{"@id":"https:\/\/www.visit-ulcinj.com\/blog\/#\/schema\/person\/dcab619c614d3038751c63bc2aadc06d"},"description":"P\u00ebrdorimi i drogave te nx\u00ebn\u00ebsit e shkoll\u00ebs fillore dhe t\u00eb mesme n\u00eb Mal t\u00eb Zi sh\u00ebnon nj\u00eb rritje t\u00eb dukshme, duke shkaktuar probleme t\u00eb theksuara","breadcrumb":{"@id":"https:\/\/www.visit-ulcinj.com\/blog\/2015\/11\/24\/perdorimi-drogave-te-nxenesit-ne-mal-te-zi-shenon-rritje\/#breadcrumb"},"inLanguage":"en-US","potentialAction":[{"@type":"ReadAction","target":["https:\/\/www.visit-ulcinj.com\/blog\/2015\/11\/24\/perdorimi-drogave-te-nxenesit-ne-mal-te-zi-shenon-rritje\/"]}]},{"@type":"BreadcrumbList","@id":"https:\/\/www.visit-ulcinj.com\/blog\/2015\/11\/24\/perdorimi-drogave-te-nxenesit-ne-mal-te-zi-shenon-rritje\/#breadcrumb","itemListElement":[{"@type":"ListItem","position":1,"name":"P\u00ebrdorimi i drogave te nx\u00ebn\u00ebsit n\u00eb Mal t\u00eb Zi sh\u00ebnon rritje"}]},{"@type":"Person","@id":"https:\/\/www.visit-ulcinj.com\/blog\/#\/schema\/person\/dcab619c614d3038751c63bc2aadc06d","name":"ulqini","sameAs":["http:\/\/www.visit-ulcinj.com"],"url":"https:\/\/www.visit-ulcinj.com\/blog\/author\/admin\/"}]}},"jetpack_featured_media_url":"","jetpack_sharing_enabled":true,"jetpack_shortlink":"https:\/\/wp.me\/pe6lTn-ogA","_links":{"self":[{"href":"https:\/\/www.visit-ulcinj.com\/blog\/wp-json\/wp\/v2\/posts\/93284"}],"collection":[{"href":"https:\/\/www.visit-ulcinj.com\/blog\/wp-json\/wp\/v2\/posts"}],"about":[{"href":"https:\/\/www.visit-ulcinj.com\/blog\/wp-json\/wp\/v2\/types\/post"}],"author":[{"embeddable":true,"href":"https:\/\/www.visit-ulcinj.com\/blog\/wp-json\/wp\/v2\/users\/1"}],"replies":[{"embeddable":true,"href":"https:\/\/www.visit-ulcinj.com\/blog\/wp-json\/wp\/v2\/comments?post=93284"}],"version-history":[{"count":1,"href":"https:\/\/www.visit-ulcinj.com\/blog\/wp-json\/wp\/v2\/posts\/93284\/revisions"}],"predecessor-version":[{"id":93286,"href":"https:\/\/www.visit-ulcinj.com\/blog\/wp-json\/wp\/v2\/posts\/93284\/revisions\/93286"}],"wp:attachment":[{"href":"https:\/\/www.visit-ulcinj.com\/blog\/wp-json\/wp\/v2\/media?parent=93284"}],"wp:term":[{"taxonomy":"category","embeddable":true,"href":"https:\/\/www.visit-ulcinj.com\/blog\/wp-json\/wp\/v2\/categories?post=93284"},{"taxonomy":"post_tag","embeddable":true,"href":"https:\/\/www.visit-ulcinj.com\/blog\/wp-json\/wp\/v2\/tags?post=93284"}],"curies":[{"name":"wp","href":"https:\/\/api.w.org\/{rel}","templated":true}]}}