{"id":93295,"date":"2015-11-25T17:40:10","date_gmt":"2015-11-25T16:40:10","guid":{"rendered":"http:\/\/www.visit-ulcinj.com\/blog\/?p=93295"},"modified":"2015-11-25T17:40:10","modified_gmt":"2015-11-25T16:40:10","slug":"nacrt-akta-o-proglasenju-spomenika-prirode-ulcinjske-solane","status":"publish","type":"post","link":"https:\/\/www.visit-ulcinj.com\/blog\/2015\/11\/25\/nacrt-akta-o-proglasenju-spomenika-prirode-ulcinjske-solane\/","title":{"rendered":"Nacrt akta o progla\u0161enju spomenika prirode &#8220;Ulcinjske Solane&#8221;"},"content":{"rendered":"<p>&nbsp;<\/p>\n<ul>\n<li class=\"body\">\n<ul>\n<li class=\"one\">\n<ul>\n<li class=\"image\"><\/li>\n<li class=\"short\">\n<h3><a title=\"[0.44MB]\" href=\"http:\/\/www.opstinaulcinj.com\/upload\/document\/20151125_program_javne_rasprave_akta_o_proglaenju_.pdf\" target=\"_blank\">Program javne rasprave Akta o progla\u0161enju spomenika<\/a><\/h3>\n<p>Adobe PDF &#8211; 0.44MB<\/li>\n<\/ul>\n<\/li>\n<li class=\"one\">\n<ul>\n<li class=\"image\"><\/li>\n<li class=\"short\">\n<h3><a title=\"[0.32MB]\" href=\"http:\/\/www.opstinaulcinj.com\/upload\/document\/20151125_zakljuak_predsjednik_nacrt_akta_o_proglae.pdf\" target=\"_blank\">Zaklju\u010dak: Nacrt akta o progla\u0161enju spomenika prirode Ulcinjske solane<\/a><\/h3>\n<p>Adobe PDF &#8211; 0.32MB<\/li>\n<\/ul>\n<\/li>\n<\/ul>\n<\/li>\n<\/ul>\n<p>&nbsp;<\/p>\n<p>&nbsp;<\/p>\n","protected":false},"excerpt":{"rendered":"<p>&nbsp; Program javne rasprave Akta o progla\u0161enju spomenika Adobe PDF &#8211; 0.44MB Zaklju\u010dak: Nacrt akta o progla\u0161enju spomenika prirode Ulcinjske solane Adobe PDF &#8211; 0.32MB &nbsp; &nbsp;<\/p>\n","protected":false},"author":1,"featured_media":0,"comment_status":"closed","ping_status":"closed","sticky":false,"template":"","format":"standard","meta":{"spay_email":"","jetpack_publicize_message":"","jetpack_is_tweetstorm":false,"jetpack_publicize_feature_enabled":true},"categories":[8],"tags":[],"jetpack_publicize_connections":[],"yoast_head":"<!-- This site is optimized with the Yoast SEO plugin v19.1 - https:\/\/yoast.com\/wordpress\/plugins\/seo\/ -->\n<title>Nacrt akta o progla\u0161enju spomenika prirode &quot;Ulcinjske Solane&quot; - Lajme nga Ulqini<\/title>\n<meta name=\"description\" content=\"&nbsp; Program javne rasprave Akta o progla\u0161enju spomenika Adobe PDF - 0.44MB Zaklju\u010dak: Nacrt akta o progla\u0161enju spomenika prirode Ulcinjske solane Adobe\" \/>\n<meta name=\"robots\" content=\"index, follow, max-snippet:-1, max-image-preview:large, max-video-preview:-1\" \/>\n<link rel=\"canonical\" href=\"https:\/\/www.visit-ulcinj.com\/blog\/2015\/11\/25\/nacrt-akta-o-proglasenju-spomenika-prirode-ulcinjske-solane\/\" \/>\n<meta property=\"og:locale\" content=\"en_US\" \/>\n<meta property=\"og:type\" content=\"article\" \/>\n<meta property=\"og:title\" content=\"Nacrt akta o progla\u0161enju spomenika prirode &quot;Ulcinjske Solane&quot; - Lajme nga Ulqini\" \/>\n<meta property=\"og:description\" content=\"&nbsp; Program javne rasprave Akta o progla\u0161enju spomenika Adobe PDF - 0.44MB Zaklju\u010dak: Nacrt akta o progla\u0161enju spomenika prirode Ulcinjske solane Adobe\" \/>\n<meta property=\"og:url\" content=\"https:\/\/www.visit-ulcinj.com\/blog\/2015\/11\/25\/nacrt-akta-o-proglasenju-spomenika-prirode-ulcinjske-solane\/\" \/>\n<meta property=\"og:site_name\" content=\"Lajme nga Ulqini\" \/>\n<meta property=\"article:published_time\" content=\"2015-11-25T16:40:10+00:00\" \/>\n<meta name=\"twitter:label1\" content=\"Written by\" \/>\n\t<meta name=\"twitter:data1\" content=\"ulqini\" \/>\n<script type=\"application\/ld+json\" class=\"yoast-schema-graph\">{\"@context\":\"https:\/\/schema.org\",\"@graph\":[{\"@type\":\"WebSite\",\"@id\":\"https:\/\/www.visit-ulcinj.com\/blog\/#website\",\"url\":\"https:\/\/www.visit-ulcinj.com\/blog\/\",\"name\":\"Lajme nga Ulqini\",\"description\":\"Lajme,Vijesti,Ulqini,Ulqin,Crna Gora,Mali i Zi\",\"potentialAction\":[{\"@type\":\"SearchAction\",\"target\":{\"@type\":\"EntryPoint\",\"urlTemplate\":\"https:\/\/www.visit-ulcinj.com\/blog\/?s={search_term_string}\"},\"query-input\":\"required name=search_term_string\"}],\"inLanguage\":\"en-US\"},{\"@type\":\"WebPage\",\"@id\":\"https:\/\/www.visit-ulcinj.com\/blog\/2015\/11\/25\/nacrt-akta-o-proglasenju-spomenika-prirode-ulcinjske-solane\/#webpage\",\"url\":\"https:\/\/www.visit-ulcinj.com\/blog\/2015\/11\/25\/nacrt-akta-o-proglasenju-spomenika-prirode-ulcinjske-solane\/\",\"name\":\"Nacrt akta o progla\u0161enju spomenika prirode \\\"Ulcinjske Solane\\\" - Lajme nga Ulqini\",\"isPartOf\":{\"@id\":\"https:\/\/www.visit-ulcinj.com\/blog\/#website\"},\"datePublished\":\"2015-11-25T16:40:10+00:00\",\"dateModified\":\"2015-11-25T16:40:10+00:00\",\"author\":{\"@id\":\"https:\/\/www.visit-ulcinj.com\/blog\/#\/schema\/person\/dcab619c614d3038751c63bc2aadc06d\"},\"description\":\"&nbsp; Program javne rasprave Akta o progla\u0161enju spomenika Adobe PDF - 0.44MB Zaklju\u010dak: Nacrt akta o progla\u0161enju spomenika prirode Ulcinjske solane Adobe\",\"breadcrumb\":{\"@id\":\"https:\/\/www.visit-ulcinj.com\/blog\/2015\/11\/25\/nacrt-akta-o-proglasenju-spomenika-prirode-ulcinjske-solane\/#breadcrumb\"},\"inLanguage\":\"en-US\",\"potentialAction\":[{\"@type\":\"ReadAction\",\"target\":[\"https:\/\/www.visit-ulcinj.com\/blog\/2015\/11\/25\/nacrt-akta-o-proglasenju-spomenika-prirode-ulcinjske-solane\/\"]}]},{\"@type\":\"BreadcrumbList\",\"@id\":\"https:\/\/www.visit-ulcinj.com\/blog\/2015\/11\/25\/nacrt-akta-o-proglasenju-spomenika-prirode-ulcinjske-solane\/#breadcrumb\",\"itemListElement\":[{\"@type\":\"ListItem\",\"position\":1,\"name\":\"Nacrt akta o progla\u0161enju spomenika prirode &#8220;Ulcinjske Solane&#8221;\"}]},{\"@type\":\"Person\",\"@id\":\"https:\/\/www.visit-ulcinj.com\/blog\/#\/schema\/person\/dcab619c614d3038751c63bc2aadc06d\",\"name\":\"ulqini\",\"sameAs\":[\"http:\/\/www.visit-ulcinj.com\"],\"url\":\"https:\/\/www.visit-ulcinj.com\/blog\/author\/admin\/\"}]}<\/script>\n<!-- \/ Yoast SEO plugin. -->","yoast_head_json":{"title":"Nacrt akta o progla\u0161enju spomenika prirode \"Ulcinjske Solane\" - Lajme nga Ulqini","description":"&nbsp; Program javne rasprave Akta o progla\u0161enju spomenika Adobe PDF - 0.44MB Zaklju\u010dak: Nacrt akta o progla\u0161enju spomenika prirode Ulcinjske solane Adobe","robots":{"index":"index","follow":"follow","max-snippet":"max-snippet:-1","max-image-preview":"max-image-preview:large","max-video-preview":"max-video-preview:-1"},"canonical":"https:\/\/www.visit-ulcinj.com\/blog\/2015\/11\/25\/nacrt-akta-o-proglasenju-spomenika-prirode-ulcinjske-solane\/","og_locale":"en_US","og_type":"article","og_title":"Nacrt akta o progla\u0161enju spomenika prirode \"Ulcinjske Solane\" - Lajme nga Ulqini","og_description":"&nbsp; Program javne rasprave Akta o progla\u0161enju spomenika Adobe PDF - 0.44MB Zaklju\u010dak: Nacrt akta o progla\u0161enju spomenika prirode Ulcinjske solane Adobe","og_url":"https:\/\/www.visit-ulcinj.com\/blog\/2015\/11\/25\/nacrt-akta-o-proglasenju-spomenika-prirode-ulcinjske-solane\/","og_site_name":"Lajme nga Ulqini","article_published_time":"2015-11-25T16:40:10+00:00","twitter_misc":{"Written by":"ulqini"},"schema":{"@context":"https:\/\/schema.org","@graph":[{"@type":"WebSite","@id":"https:\/\/www.visit-ulcinj.com\/blog\/#website","url":"https:\/\/www.visit-ulcinj.com\/blog\/","name":"Lajme nga Ulqini","description":"Lajme,Vijesti,Ulqini,Ulqin,Crna Gora,Mali i Zi","potentialAction":[{"@type":"SearchAction","target":{"@type":"EntryPoint","urlTemplate":"https:\/\/www.visit-ulcinj.com\/blog\/?s={search_term_string}"},"query-input":"required name=search_term_string"}],"inLanguage":"en-US"},{"@type":"WebPage","@id":"https:\/\/www.visit-ulcinj.com\/blog\/2015\/11\/25\/nacrt-akta-o-proglasenju-spomenika-prirode-ulcinjske-solane\/#webpage","url":"https:\/\/www.visit-ulcinj.com\/blog\/2015\/11\/25\/nacrt-akta-o-proglasenju-spomenika-prirode-ulcinjske-solane\/","name":"Nacrt akta o progla\u0161enju spomenika prirode \"Ulcinjske Solane\" - Lajme nga Ulqini","isPartOf":{"@id":"https:\/\/www.visit-ulcinj.com\/blog\/#website"},"datePublished":"2015-11-25T16:40:10+00:00","dateModified":"2015-11-25T16:40:10+00:00","author":{"@id":"https:\/\/www.visit-ulcinj.com\/blog\/#\/schema\/person\/dcab619c614d3038751c63bc2aadc06d"},"description":"&nbsp; Program javne rasprave Akta o progla\u0161enju spomenika Adobe PDF - 0.44MB Zaklju\u010dak: Nacrt akta o progla\u0161enju spomenika prirode Ulcinjske solane Adobe","breadcrumb":{"@id":"https:\/\/www.visit-ulcinj.com\/blog\/2015\/11\/25\/nacrt-akta-o-proglasenju-spomenika-prirode-ulcinjske-solane\/#breadcrumb"},"inLanguage":"en-US","potentialAction":[{"@type":"ReadAction","target":["https:\/\/www.visit-ulcinj.com\/blog\/2015\/11\/25\/nacrt-akta-o-proglasenju-spomenika-prirode-ulcinjske-solane\/"]}]},{"@type":"BreadcrumbList","@id":"https:\/\/www.visit-ulcinj.com\/blog\/2015\/11\/25\/nacrt-akta-o-proglasenju-spomenika-prirode-ulcinjske-solane\/#breadcrumb","itemListElement":[{"@type":"ListItem","position":1,"name":"Nacrt akta o progla\u0161enju spomenika prirode &#8220;Ulcinjske Solane&#8221;"}]},{"@type":"Person","@id":"https:\/\/www.visit-ulcinj.com\/blog\/#\/schema\/person\/dcab619c614d3038751c63bc2aadc06d","name":"ulqini","sameAs":["http:\/\/www.visit-ulcinj.com"],"url":"https:\/\/www.visit-ulcinj.com\/blog\/author\/admin\/"}]}},"jetpack_featured_media_url":"","jetpack_sharing_enabled":true,"jetpack_shortlink":"https:\/\/wp.me\/pe6lTn-ogL","_links":{"self":[{"href":"https:\/\/www.visit-ulcinj.com\/blog\/wp-json\/wp\/v2\/posts\/93295"}],"collection":[{"href":"https:\/\/www.visit-ulcinj.com\/blog\/wp-json\/wp\/v2\/posts"}],"about":[{"href":"https:\/\/www.visit-ulcinj.com\/blog\/wp-json\/wp\/v2\/types\/post"}],"author":[{"embeddable":true,"href":"https:\/\/www.visit-ulcinj.com\/blog\/wp-json\/wp\/v2\/users\/1"}],"replies":[{"embeddable":true,"href":"https:\/\/www.visit-ulcinj.com\/blog\/wp-json\/wp\/v2\/comments?post=93295"}],"version-history":[{"count":1,"href":"https:\/\/www.visit-ulcinj.com\/blog\/wp-json\/wp\/v2\/posts\/93295\/revisions"}],"predecessor-version":[{"id":93296,"href":"https:\/\/www.visit-ulcinj.com\/blog\/wp-json\/wp\/v2\/posts\/93295\/revisions\/93296"}],"wp:attachment":[{"href":"https:\/\/www.visit-ulcinj.com\/blog\/wp-json\/wp\/v2\/media?parent=93295"}],"wp:term":[{"taxonomy":"category","embeddable":true,"href":"https:\/\/www.visit-ulcinj.com\/blog\/wp-json\/wp\/v2\/categories?post=93295"},{"taxonomy":"post_tag","embeddable":true,"href":"https:\/\/www.visit-ulcinj.com\/blog\/wp-json\/wp\/v2\/tags?post=93295"}],"curies":[{"name":"wp","href":"https:\/\/api.w.org\/{rel}","templated":true}]}}