{"id":93306,"date":"2015-11-25T18:24:55","date_gmt":"2015-11-25T17:24:55","guid":{"rendered":"http:\/\/www.visit-ulcinj.com\/blog\/?p=93306"},"modified":"2015-11-25T18:25:47","modified_gmt":"2015-11-25T17:25:47","slug":"prva-albanka-iz-ulcinja-u-policijskoj-akademiji-u-danilovgradu","status":"publish","type":"post","link":"https:\/\/www.visit-ulcinj.com\/blog\/2015\/11\/25\/prva-albanka-iz-ulcinja-u-policijskoj-akademiji-u-danilovgradu\/","title":{"rendered":"Prva Albanka iz Ulcinja u Policijskoj akademiji u Danilovgradu"},"content":{"rendered":"<p><strong>\u201cOvo je veliki uspjeh za Ulcinj, jer nikada prije nijesmo imali toliko polaznika albanske nacionalnosti. Ovo je i svojevrsna satisfakcija za trud i napore koje ula\u017ee lokalna vlast na afirmaciji akademije u Ulcinju\u201d, kazao je \u0110eka \u201cVijestima\u201d<\/strong><\/p>\n<p><a href=\"http:\/\/www.visit-ulcinj.com\/blog\/wp-content\/uploads\/2015\/11\/Fatmir_Gjeka_akademia_policore_Danilovgrad.jpg\"><img loading=\"lazy\" class=\"alignleft wp-image-93270\" src=\"http:\/\/www.visit-ulcinj.com\/blog\/wp-content\/uploads\/2015\/11\/Fatmir_Gjeka_akademia_policore_Danilovgrad.jpg\" alt=\"Fatmir_Gjeka_akademia_policore_Danilovgrad\" width=\"508\" height=\"381\" srcset=\"https:\/\/www.visit-ulcinj.com\/blog\/wp-content\/uploads\/2015\/11\/Fatmir_Gjeka_akademia_policore_Danilovgrad.jpg 999w, https:\/\/www.visit-ulcinj.com\/blog\/wp-content\/uploads\/2015\/11\/Fatmir_Gjeka_akademia_policore_Danilovgrad-300x225.jpg 300w\" sizes=\"(max-width: 508px) 100vw, 508px\" \/><\/a><\/p>\n<p><strong><span class=\"credits__author\"> Autor: Samir Adrovi\u0107 <\/span><\/strong><\/p>\n<p>Ulcinjanka Jehona Musli\u0107 prva je Albanka polaznica Policijske akademije u Danilovgradu.<\/p>\n<p>Zajedno sa sugra\u0111anima Isom Taipovi\u0107em i Miradinom Palevi\u0107em, ona je ju\u010de po\u010dela da poha\u0111a nastavu.<\/p>\n<p>Njih troje i predsjednika Op\u0161tine Ulcinj Fatmira \u0110eku, ju\u010de je primio direktor akademije Rajko Pekovi\u0107.<\/p>\n<p>\u201cOvo je veliki uspjeh za Ulcinj, jer nikada prije nijesmo imali toliko polaznika albanske nacionalnosti. Ovo je i svojevrsna satisfakcija za trud i napore koje ula\u017ee lokalna vlast na afirmaciji akademije u Ulcinju\u201d, kazao je \u0110eka \u201cVijestima\u201d.<\/p>\n<p>On je u septembru pisao premijeru Milu \u0110ukanovi\u0107u i ministru Predragu Bo\u0161kovi\u0107u da izdejstvuju upis troje svr\u0161enih srednjo\u0161kolaca iz Ulcinja, koji nijesu pro\u0161li prijemno testiranje, prije svega \u0161to, kako je tvrdio, bilo na njihovom nematernjem jeziku.<\/p>\n<p>\u201cZato \u017eelim da se zahvalim svima \u0161to su pokazali spremnost dr\u017eave za integraciju manjinskih zajednica u dr\u017eavne institucije\u201d, rekao je \u0110eka.<\/p>\n<p>On je ocijenio da veoma malo slu\u017ebenika albanske nacionalnosti radi u Odjeljenju bezbjednosti u Ulcinju i na grani\u010dnom prelazu Sukobin.<\/p>\n<p><strong>Izvor: Vijesti Online<\/strong><\/p>\n","protected":false},"excerpt":{"rendered":"<p>\u201cOvo je veliki uspjeh za Ulcinj, jer nikada prije nijesmo imali toliko polaznika albanske nacionalnosti. Ovo je i svojevrsna satisfakcija za trud i napore koje ula\u017ee lokalna vlast na afirmaciji akademije u Ulcinju\u201d, kazao je \u0110eka \u201cVijestima\u201d Autor: Samir Adrovi\u0107 Ulcinjanka Jehona Musli\u0107 prva je Albanka polaznica Policijske akademije u Danilovgradu. Zajedno sa sugra\u0111anima Isom [&hellip;]<\/p>\n","protected":false},"author":1,"featured_media":0,"comment_status":"closed","ping_status":"closed","sticky":false,"template":"","format":"standard","meta":{"spay_email":"","jetpack_publicize_message":"","jetpack_is_tweetstorm":false,"jetpack_publicize_feature_enabled":true},"categories":[6950],"tags":[],"jetpack_publicize_connections":[],"yoast_head":"<!-- This site is optimized with the Yoast SEO plugin v19.1 - https:\/\/yoast.com\/wordpress\/plugins\/seo\/ -->\n<title>Prva Albanka iz Ulcinja u Policijskoj akademiji u Danilovgradu - Lajme nga Ulqini<\/title>\n<meta name=\"description\" content=\"\u201cOvo je veliki uspjeh za Ulcinj, jer nikada prije nijesmo imali toliko polaznika albanske nacionalnosti. Ovo je i svojevrsna satisfakcija za trud i napore\" \/>\n<meta name=\"robots\" content=\"index, follow, max-snippet:-1, max-image-preview:large, max-video-preview:-1\" \/>\n<link rel=\"canonical\" href=\"https:\/\/www.visit-ulcinj.com\/blog\/2015\/11\/25\/prva-albanka-iz-ulcinja-u-policijskoj-akademiji-u-danilovgradu\/\" \/>\n<meta property=\"og:locale\" content=\"en_US\" \/>\n<meta property=\"og:type\" content=\"article\" \/>\n<meta property=\"og:title\" content=\"Prva Albanka iz Ulcinja u Policijskoj akademiji u Danilovgradu - Lajme nga Ulqini\" \/>\n<meta property=\"og:description\" content=\"\u201cOvo je veliki uspjeh za Ulcinj, jer nikada prije nijesmo imali toliko polaznika albanske nacionalnosti. Ovo je i svojevrsna satisfakcija za trud i napore\" \/>\n<meta property=\"og:url\" content=\"https:\/\/www.visit-ulcinj.com\/blog\/2015\/11\/25\/prva-albanka-iz-ulcinja-u-policijskoj-akademiji-u-danilovgradu\/\" \/>\n<meta property=\"og:site_name\" content=\"Lajme nga Ulqini\" \/>\n<meta property=\"article:published_time\" content=\"2015-11-25T17:24:55+00:00\" \/>\n<meta property=\"article:modified_time\" content=\"2015-11-25T17:25:47+00:00\" \/>\n<meta property=\"og:image\" content=\"http:\/\/www.visit-ulcinj.com\/blog\/wp-content\/uploads\/2015\/11\/Fatmir_Gjeka_akademia_policore_Danilovgrad.jpg\" \/>\n<meta name=\"twitter:label1\" content=\"Written by\" \/>\n\t<meta name=\"twitter:data1\" content=\"ulqini\" \/>\n\t<meta name=\"twitter:label2\" content=\"Est. reading time\" \/>\n\t<meta name=\"twitter:data2\" content=\"1 minute\" \/>\n<script type=\"application\/ld+json\" class=\"yoast-schema-graph\">{\"@context\":\"https:\/\/schema.org\",\"@graph\":[{\"@type\":\"WebSite\",\"@id\":\"https:\/\/www.visit-ulcinj.com\/blog\/#website\",\"url\":\"https:\/\/www.visit-ulcinj.com\/blog\/\",\"name\":\"Lajme nga Ulqini\",\"description\":\"Lajme,Vijesti,Ulqini,Ulqin,Crna Gora,Mali i Zi\",\"potentialAction\":[{\"@type\":\"SearchAction\",\"target\":{\"@type\":\"EntryPoint\",\"urlTemplate\":\"https:\/\/www.visit-ulcinj.com\/blog\/?s={search_term_string}\"},\"query-input\":\"required name=search_term_string\"}],\"inLanguage\":\"en-US\"},{\"@type\":\"ImageObject\",\"inLanguage\":\"en-US\",\"@id\":\"https:\/\/www.visit-ulcinj.com\/blog\/2015\/11\/25\/prva-albanka-iz-ulcinja-u-policijskoj-akademiji-u-danilovgradu\/#primaryimage\",\"url\":\"https:\/\/www.visit-ulcinj.com\/blog\/wp-content\/uploads\/2015\/11\/Fatmir_Gjeka_akademia_policore_Danilovgrad.jpg\",\"contentUrl\":\"https:\/\/www.visit-ulcinj.com\/blog\/wp-content\/uploads\/2015\/11\/Fatmir_Gjeka_akademia_policore_Danilovgrad.jpg\",\"width\":999,\"height\":749},{\"@type\":\"WebPage\",\"@id\":\"https:\/\/www.visit-ulcinj.com\/blog\/2015\/11\/25\/prva-albanka-iz-ulcinja-u-policijskoj-akademiji-u-danilovgradu\/#webpage\",\"url\":\"https:\/\/www.visit-ulcinj.com\/blog\/2015\/11\/25\/prva-albanka-iz-ulcinja-u-policijskoj-akademiji-u-danilovgradu\/\",\"name\":\"Prva Albanka iz Ulcinja u Policijskoj akademiji u Danilovgradu - Lajme nga Ulqini\",\"isPartOf\":{\"@id\":\"https:\/\/www.visit-ulcinj.com\/blog\/#website\"},\"primaryImageOfPage\":{\"@id\":\"https:\/\/www.visit-ulcinj.com\/blog\/2015\/11\/25\/prva-albanka-iz-ulcinja-u-policijskoj-akademiji-u-danilovgradu\/#primaryimage\"},\"datePublished\":\"2015-11-25T17:24:55+00:00\",\"dateModified\":\"2015-11-25T17:25:47+00:00\",\"author\":{\"@id\":\"https:\/\/www.visit-ulcinj.com\/blog\/#\/schema\/person\/dcab619c614d3038751c63bc2aadc06d\"},\"description\":\"\u201cOvo je veliki uspjeh za Ulcinj, jer nikada prije nijesmo imali toliko polaznika albanske nacionalnosti. Ovo je i svojevrsna satisfakcija za trud i napore\",\"breadcrumb\":{\"@id\":\"https:\/\/www.visit-ulcinj.com\/blog\/2015\/11\/25\/prva-albanka-iz-ulcinja-u-policijskoj-akademiji-u-danilovgradu\/#breadcrumb\"},\"inLanguage\":\"en-US\",\"potentialAction\":[{\"@type\":\"ReadAction\",\"target\":[\"https:\/\/www.visit-ulcinj.com\/blog\/2015\/11\/25\/prva-albanka-iz-ulcinja-u-policijskoj-akademiji-u-danilovgradu\/\"]}]},{\"@type\":\"BreadcrumbList\",\"@id\":\"https:\/\/www.visit-ulcinj.com\/blog\/2015\/11\/25\/prva-albanka-iz-ulcinja-u-policijskoj-akademiji-u-danilovgradu\/#breadcrumb\",\"itemListElement\":[{\"@type\":\"ListItem\",\"position\":1,\"name\":\"Prva Albanka iz Ulcinja u Policijskoj akademiji u Danilovgradu\"}]},{\"@type\":\"Person\",\"@id\":\"https:\/\/www.visit-ulcinj.com\/blog\/#\/schema\/person\/dcab619c614d3038751c63bc2aadc06d\",\"name\":\"ulqini\",\"sameAs\":[\"http:\/\/www.visit-ulcinj.com\"],\"url\":\"https:\/\/www.visit-ulcinj.com\/blog\/author\/admin\/\"}]}<\/script>\n<!-- \/ Yoast SEO plugin. -->","yoast_head_json":{"title":"Prva Albanka iz Ulcinja u Policijskoj akademiji u Danilovgradu - Lajme nga Ulqini","description":"\u201cOvo je veliki uspjeh za Ulcinj, jer nikada prije nijesmo imali toliko polaznika albanske nacionalnosti. Ovo je i svojevrsna satisfakcija za trud i napore","robots":{"index":"index","follow":"follow","max-snippet":"max-snippet:-1","max-image-preview":"max-image-preview:large","max-video-preview":"max-video-preview:-1"},"canonical":"https:\/\/www.visit-ulcinj.com\/blog\/2015\/11\/25\/prva-albanka-iz-ulcinja-u-policijskoj-akademiji-u-danilovgradu\/","og_locale":"en_US","og_type":"article","og_title":"Prva Albanka iz Ulcinja u Policijskoj akademiji u Danilovgradu - Lajme nga Ulqini","og_description":"\u201cOvo je veliki uspjeh za Ulcinj, jer nikada prije nijesmo imali toliko polaznika albanske nacionalnosti. Ovo je i svojevrsna satisfakcija za trud i napore","og_url":"https:\/\/www.visit-ulcinj.com\/blog\/2015\/11\/25\/prva-albanka-iz-ulcinja-u-policijskoj-akademiji-u-danilovgradu\/","og_site_name":"Lajme nga Ulqini","article_published_time":"2015-11-25T17:24:55+00:00","article_modified_time":"2015-11-25T17:25:47+00:00","og_image":[{"url":"http:\/\/www.visit-ulcinj.com\/blog\/wp-content\/uploads\/2015\/11\/Fatmir_Gjeka_akademia_policore_Danilovgrad.jpg"}],"twitter_misc":{"Written by":"ulqini","Est. reading time":"1 minute"},"schema":{"@context":"https:\/\/schema.org","@graph":[{"@type":"WebSite","@id":"https:\/\/www.visit-ulcinj.com\/blog\/#website","url":"https:\/\/www.visit-ulcinj.com\/blog\/","name":"Lajme nga Ulqini","description":"Lajme,Vijesti,Ulqini,Ulqin,Crna Gora,Mali i Zi","potentialAction":[{"@type":"SearchAction","target":{"@type":"EntryPoint","urlTemplate":"https:\/\/www.visit-ulcinj.com\/blog\/?s={search_term_string}"},"query-input":"required name=search_term_string"}],"inLanguage":"en-US"},{"@type":"ImageObject","inLanguage":"en-US","@id":"https:\/\/www.visit-ulcinj.com\/blog\/2015\/11\/25\/prva-albanka-iz-ulcinja-u-policijskoj-akademiji-u-danilovgradu\/#primaryimage","url":"https:\/\/www.visit-ulcinj.com\/blog\/wp-content\/uploads\/2015\/11\/Fatmir_Gjeka_akademia_policore_Danilovgrad.jpg","contentUrl":"https:\/\/www.visit-ulcinj.com\/blog\/wp-content\/uploads\/2015\/11\/Fatmir_Gjeka_akademia_policore_Danilovgrad.jpg","width":999,"height":749},{"@type":"WebPage","@id":"https:\/\/www.visit-ulcinj.com\/blog\/2015\/11\/25\/prva-albanka-iz-ulcinja-u-policijskoj-akademiji-u-danilovgradu\/#webpage","url":"https:\/\/www.visit-ulcinj.com\/blog\/2015\/11\/25\/prva-albanka-iz-ulcinja-u-policijskoj-akademiji-u-danilovgradu\/","name":"Prva Albanka iz Ulcinja u Policijskoj akademiji u Danilovgradu - Lajme nga Ulqini","isPartOf":{"@id":"https:\/\/www.visit-ulcinj.com\/blog\/#website"},"primaryImageOfPage":{"@id":"https:\/\/www.visit-ulcinj.com\/blog\/2015\/11\/25\/prva-albanka-iz-ulcinja-u-policijskoj-akademiji-u-danilovgradu\/#primaryimage"},"datePublished":"2015-11-25T17:24:55+00:00","dateModified":"2015-11-25T17:25:47+00:00","author":{"@id":"https:\/\/www.visit-ulcinj.com\/blog\/#\/schema\/person\/dcab619c614d3038751c63bc2aadc06d"},"description":"\u201cOvo je veliki uspjeh za Ulcinj, jer nikada prije nijesmo imali toliko polaznika albanske nacionalnosti. Ovo je i svojevrsna satisfakcija za trud i napore","breadcrumb":{"@id":"https:\/\/www.visit-ulcinj.com\/blog\/2015\/11\/25\/prva-albanka-iz-ulcinja-u-policijskoj-akademiji-u-danilovgradu\/#breadcrumb"},"inLanguage":"en-US","potentialAction":[{"@type":"ReadAction","target":["https:\/\/www.visit-ulcinj.com\/blog\/2015\/11\/25\/prva-albanka-iz-ulcinja-u-policijskoj-akademiji-u-danilovgradu\/"]}]},{"@type":"BreadcrumbList","@id":"https:\/\/www.visit-ulcinj.com\/blog\/2015\/11\/25\/prva-albanka-iz-ulcinja-u-policijskoj-akademiji-u-danilovgradu\/#breadcrumb","itemListElement":[{"@type":"ListItem","position":1,"name":"Prva Albanka iz Ulcinja u Policijskoj akademiji u Danilovgradu"}]},{"@type":"Person","@id":"https:\/\/www.visit-ulcinj.com\/blog\/#\/schema\/person\/dcab619c614d3038751c63bc2aadc06d","name":"ulqini","sameAs":["http:\/\/www.visit-ulcinj.com"],"url":"https:\/\/www.visit-ulcinj.com\/blog\/author\/admin\/"}]}},"jetpack_featured_media_url":"","jetpack_sharing_enabled":true,"jetpack_shortlink":"https:\/\/wp.me\/pe6lTn-ogW","_links":{"self":[{"href":"https:\/\/www.visit-ulcinj.com\/blog\/wp-json\/wp\/v2\/posts\/93306"}],"collection":[{"href":"https:\/\/www.visit-ulcinj.com\/blog\/wp-json\/wp\/v2\/posts"}],"about":[{"href":"https:\/\/www.visit-ulcinj.com\/blog\/wp-json\/wp\/v2\/types\/post"}],"author":[{"embeddable":true,"href":"https:\/\/www.visit-ulcinj.com\/blog\/wp-json\/wp\/v2\/users\/1"}],"replies":[{"embeddable":true,"href":"https:\/\/www.visit-ulcinj.com\/blog\/wp-json\/wp\/v2\/comments?post=93306"}],"version-history":[{"count":1,"href":"https:\/\/www.visit-ulcinj.com\/blog\/wp-json\/wp\/v2\/posts\/93306\/revisions"}],"predecessor-version":[{"id":93307,"href":"https:\/\/www.visit-ulcinj.com\/blog\/wp-json\/wp\/v2\/posts\/93306\/revisions\/93307"}],"wp:attachment":[{"href":"https:\/\/www.visit-ulcinj.com\/blog\/wp-json\/wp\/v2\/media?parent=93306"}],"wp:term":[{"taxonomy":"category","embeddable":true,"href":"https:\/\/www.visit-ulcinj.com\/blog\/wp-json\/wp\/v2\/categories?post=93306"},{"taxonomy":"post_tag","embeddable":true,"href":"https:\/\/www.visit-ulcinj.com\/blog\/wp-json\/wp\/v2\/tags?post=93306"}],"curies":[{"name":"wp","href":"https:\/\/api.w.org\/{rel}","templated":true}]}}