{"id":93309,"date":"2015-11-26T16:44:23","date_gmt":"2015-11-26T15:44:23","guid":{"rendered":"http:\/\/www.visit-ulcinj.com\/blog\/?p=93309"},"modified":"2015-11-26T16:44:23","modified_gmt":"2015-11-26T15:44:23","slug":"azra-jasavic-sto-hitnije-rijesiti-problem-radnika-ultepa","status":"publish","type":"post","link":"https:\/\/www.visit-ulcinj.com\/blog\/2015\/11\/26\/azra-jasavic-sto-hitnije-rijesiti-problem-radnika-ultepa\/","title":{"rendered":"Azra Jasavi\u0107: \u0160to hitnije rije\u0161iti problem radnika Ultepa"},"content":{"rendered":"<p>&#8220;Radnici su kazali da zahtjevaju isplatu zarada i povezivanje radnog sta\u017ea od 2008. godine kao i rje\u0161enje statusa fabrike i radnika\u201d, navodi se u saop\u0161tenju<\/p>\n<p><a href=\"http:\/\/www.visit-ulcinj.com\/blog\/wp-content\/uploads\/2015\/11\/Azra-Jasavic-Ultep-Fabrika-Vladimir.jpg\"><img loading=\"lazy\" class=\"alignleft wp-image-93310\" src=\"http:\/\/www.visit-ulcinj.com\/blog\/wp-content\/uploads\/2015\/11\/Azra-Jasavic-Ultep-Fabrika-Vladimir.jpg\" alt=\"Azra Jasavic-Ultep-Fabrika-Vladimir\" width=\"508\" height=\"314\" srcset=\"https:\/\/www.visit-ulcinj.com\/blog\/wp-content\/uploads\/2015\/11\/Azra-Jasavic-Ultep-Fabrika-Vladimir.jpg 999w, https:\/\/www.visit-ulcinj.com\/blog\/wp-content\/uploads\/2015\/11\/Azra-Jasavic-Ultep-Fabrika-Vladimir-300x186.jpg 300w\" sizes=\"(max-width: 508px) 100vw, 508px\" \/><\/a><\/p>\n<p>Poslanik Pozitivne Crne Gore, Azra Jasavi\u0107, uputi\u0107e zahtjev ministarstvima finansija i rada i socijalnog staranja, kao i predsjedniku Op\u0161tine Ulcinj u cilju \u0161to hitnijeg pronala\u017eenja rje\u0161enja za probleme 35 radnika ulcinjske fabrike tepiha Ultep u Vladimiru.<\/p>\n<p>Jasavi\u0107 je, kako je saop\u0161teno iz Pozitivne, danas posjetila radnike u Vladimiru, koji su zapo\u010deli \u0161trajk zbog neispla\u0107enih zarada od 2001. godine.<\/p>\n<p>&#8220;Radnici su kazali da zahtjevaju isplatu zarada i povezivanje radnog sta\u017ea od 2008. godine kao i rje\u0161enje statusa fabrike i radnika\u201d, navodi se u saop\u0161tenju.<\/p>\n<p>Radnici su Jasavi\u0107 dali na uvid i zahtjeve koje su uputili ministarstvima finansija i rada i socijalnog staranja, predsjedniku Op\u0161tine i Savezu sindikata Crne Gore (SSCG), za koje jo\u0161 nemaju odgovor.<\/p>\n<p>Jasavi\u0107 je saop\u0161tila da \u0107e uputiti zahtjeve nadle\u017enim institucijama kako bi u \u0161to kra\u0107em roku prona\u0161li rje\u0161enje za pomo\u0107 radnicima Ultepa, koji, kako tvrdi, s pravom tra\u017ee isplatu zaostalih primanja i doprinosa i koji \u017eele i dalje da rade.<\/p>\n<p>&#8220;Vlast treba da zna da u ovoj dr\u017eavi ima onih koji \u017eele da rade i budu pla\u0107eni za svoj rad, onih koji \u017eele dr\u017eavu radnika, a ne socijalnih davanja&#8221; poru\u010dila je Jasavi\u0107.<\/p>\n<p>Stoga je, kako je navela, Vlada du\u017ena da prona\u0111e rje\u0161enja za problem koje je sama izazvala svojom lo\u0161om vi\u0161edecenijskom ekonomskom politikom, zbog koje ispa\u0161taju radnici \u0161irom Crne Gore.<\/p>\n<p><strong>Izvor: <span class=\"credits__author\"> Autor: Mina Business <\/span>\/ Vijesti Online<\/strong><\/p>\n","protected":false},"excerpt":{"rendered":"<p>&#8220;Radnici su kazali da zahtjevaju isplatu zarada i povezivanje radnog sta\u017ea od 2008. godine kao i rje\u0161enje statusa fabrike i radnika\u201d, navodi se u saop\u0161tenju Poslanik Pozitivne Crne Gore, Azra Jasavi\u0107, uputi\u0107e zahtjev ministarstvima finansija i rada i socijalnog staranja, kao i predsjedniku Op\u0161tine Ulcinj u cilju \u0161to hitnijeg pronala\u017eenja rje\u0161enja za probleme 35 radnika [&hellip;]<\/p>\n","protected":false},"author":1,"featured_media":0,"comment_status":"closed","ping_status":"closed","sticky":false,"template":"","format":"standard","meta":{"spay_email":"","jetpack_publicize_message":"","jetpack_is_tweetstorm":false,"jetpack_publicize_feature_enabled":true},"categories":[8337],"tags":[],"jetpack_publicize_connections":[],"yoast_head":"<!-- This site is optimized with the Yoast SEO plugin v19.1 - https:\/\/yoast.com\/wordpress\/plugins\/seo\/ -->\n<title>Azra Jasavi\u0107: \u0160to hitnije rije\u0161iti problem radnika Ultepa - Lajme nga Ulqini<\/title>\n<meta name=\"description\" content=\"&quot;Radnici su kazali da zahtjevaju isplatu zarada i povezivanje radnog sta\u017ea od 2008. godine kao i rje\u0161enje statusa fabrike i radnika\u201d, navodi se u\" \/>\n<meta name=\"robots\" content=\"index, follow, max-snippet:-1, max-image-preview:large, max-video-preview:-1\" \/>\n<link rel=\"canonical\" href=\"https:\/\/www.visit-ulcinj.com\/blog\/2015\/11\/26\/azra-jasavic-sto-hitnije-rijesiti-problem-radnika-ultepa\/\" \/>\n<meta property=\"og:locale\" content=\"en_US\" \/>\n<meta property=\"og:type\" content=\"article\" \/>\n<meta property=\"og:title\" content=\"Azra Jasavi\u0107: \u0160to hitnije rije\u0161iti problem radnika Ultepa - Lajme nga Ulqini\" \/>\n<meta property=\"og:description\" content=\"&quot;Radnici su kazali da zahtjevaju isplatu zarada i povezivanje radnog sta\u017ea od 2008. godine kao i rje\u0161enje statusa fabrike i radnika\u201d, navodi se u\" \/>\n<meta property=\"og:url\" content=\"https:\/\/www.visit-ulcinj.com\/blog\/2015\/11\/26\/azra-jasavic-sto-hitnije-rijesiti-problem-radnika-ultepa\/\" \/>\n<meta property=\"og:site_name\" content=\"Lajme nga Ulqini\" \/>\n<meta property=\"article:published_time\" content=\"2015-11-26T15:44:23+00:00\" \/>\n<meta property=\"og:image\" content=\"http:\/\/www.visit-ulcinj.com\/blog\/wp-content\/uploads\/2015\/11\/Azra-Jasavic-Ultep-Fabrika-Vladimir.jpg\" \/>\n<meta name=\"twitter:label1\" content=\"Written by\" \/>\n\t<meta name=\"twitter:data1\" content=\"ulqini\" \/>\n\t<meta name=\"twitter:label2\" content=\"Est. reading time\" \/>\n\t<meta name=\"twitter:data2\" content=\"1 minute\" \/>\n<script type=\"application\/ld+json\" class=\"yoast-schema-graph\">{\"@context\":\"https:\/\/schema.org\",\"@graph\":[{\"@type\":\"WebSite\",\"@id\":\"https:\/\/www.visit-ulcinj.com\/blog\/#website\",\"url\":\"https:\/\/www.visit-ulcinj.com\/blog\/\",\"name\":\"Lajme nga Ulqini\",\"description\":\"Lajme,Vijesti,Ulqini,Ulqin,Crna Gora,Mali i Zi\",\"potentialAction\":[{\"@type\":\"SearchAction\",\"target\":{\"@type\":\"EntryPoint\",\"urlTemplate\":\"https:\/\/www.visit-ulcinj.com\/blog\/?s={search_term_string}\"},\"query-input\":\"required name=search_term_string\"}],\"inLanguage\":\"en-US\"},{\"@type\":\"ImageObject\",\"inLanguage\":\"en-US\",\"@id\":\"https:\/\/www.visit-ulcinj.com\/blog\/2015\/11\/26\/azra-jasavic-sto-hitnije-rijesiti-problem-radnika-ultepa\/#primaryimage\",\"url\":\"https:\/\/www.visit-ulcinj.com\/blog\/wp-content\/uploads\/2015\/11\/Azra-Jasavic-Ultep-Fabrika-Vladimir.jpg\",\"contentUrl\":\"https:\/\/www.visit-ulcinj.com\/blog\/wp-content\/uploads\/2015\/11\/Azra-Jasavic-Ultep-Fabrika-Vladimir.jpg\",\"width\":999,\"height\":618},{\"@type\":\"WebPage\",\"@id\":\"https:\/\/www.visit-ulcinj.com\/blog\/2015\/11\/26\/azra-jasavic-sto-hitnije-rijesiti-problem-radnika-ultepa\/#webpage\",\"url\":\"https:\/\/www.visit-ulcinj.com\/blog\/2015\/11\/26\/azra-jasavic-sto-hitnije-rijesiti-problem-radnika-ultepa\/\",\"name\":\"Azra Jasavi\u0107: \u0160to hitnije rije\u0161iti problem radnika Ultepa - Lajme nga Ulqini\",\"isPartOf\":{\"@id\":\"https:\/\/www.visit-ulcinj.com\/blog\/#website\"},\"primaryImageOfPage\":{\"@id\":\"https:\/\/www.visit-ulcinj.com\/blog\/2015\/11\/26\/azra-jasavic-sto-hitnije-rijesiti-problem-radnika-ultepa\/#primaryimage\"},\"datePublished\":\"2015-11-26T15:44:23+00:00\",\"dateModified\":\"2015-11-26T15:44:23+00:00\",\"author\":{\"@id\":\"https:\/\/www.visit-ulcinj.com\/blog\/#\/schema\/person\/dcab619c614d3038751c63bc2aadc06d\"},\"description\":\"\\\"Radnici su kazali da zahtjevaju isplatu zarada i povezivanje radnog sta\u017ea od 2008. godine kao i rje\u0161enje statusa fabrike i radnika\u201d, navodi se u\",\"breadcrumb\":{\"@id\":\"https:\/\/www.visit-ulcinj.com\/blog\/2015\/11\/26\/azra-jasavic-sto-hitnije-rijesiti-problem-radnika-ultepa\/#breadcrumb\"},\"inLanguage\":\"en-US\",\"potentialAction\":[{\"@type\":\"ReadAction\",\"target\":[\"https:\/\/www.visit-ulcinj.com\/blog\/2015\/11\/26\/azra-jasavic-sto-hitnije-rijesiti-problem-radnika-ultepa\/\"]}]},{\"@type\":\"BreadcrumbList\",\"@id\":\"https:\/\/www.visit-ulcinj.com\/blog\/2015\/11\/26\/azra-jasavic-sto-hitnije-rijesiti-problem-radnika-ultepa\/#breadcrumb\",\"itemListElement\":[{\"@type\":\"ListItem\",\"position\":1,\"name\":\"Azra Jasavi\u0107: \u0160to hitnije rije\u0161iti problem radnika Ultepa\"}]},{\"@type\":\"Person\",\"@id\":\"https:\/\/www.visit-ulcinj.com\/blog\/#\/schema\/person\/dcab619c614d3038751c63bc2aadc06d\",\"name\":\"ulqini\",\"sameAs\":[\"http:\/\/www.visit-ulcinj.com\"],\"url\":\"https:\/\/www.visit-ulcinj.com\/blog\/author\/admin\/\"}]}<\/script>\n<!-- \/ Yoast SEO plugin. -->","yoast_head_json":{"title":"Azra Jasavi\u0107: \u0160to hitnije rije\u0161iti problem radnika Ultepa - Lajme nga Ulqini","description":"\"Radnici su kazali da zahtjevaju isplatu zarada i povezivanje radnog sta\u017ea od 2008. godine kao i rje\u0161enje statusa fabrike i radnika\u201d, navodi se u","robots":{"index":"index","follow":"follow","max-snippet":"max-snippet:-1","max-image-preview":"max-image-preview:large","max-video-preview":"max-video-preview:-1"},"canonical":"https:\/\/www.visit-ulcinj.com\/blog\/2015\/11\/26\/azra-jasavic-sto-hitnije-rijesiti-problem-radnika-ultepa\/","og_locale":"en_US","og_type":"article","og_title":"Azra Jasavi\u0107: \u0160to hitnije rije\u0161iti problem radnika Ultepa - Lajme nga Ulqini","og_description":"\"Radnici su kazali da zahtjevaju isplatu zarada i povezivanje radnog sta\u017ea od 2008. godine kao i rje\u0161enje statusa fabrike i radnika\u201d, navodi se u","og_url":"https:\/\/www.visit-ulcinj.com\/blog\/2015\/11\/26\/azra-jasavic-sto-hitnije-rijesiti-problem-radnika-ultepa\/","og_site_name":"Lajme nga Ulqini","article_published_time":"2015-11-26T15:44:23+00:00","og_image":[{"url":"http:\/\/www.visit-ulcinj.com\/blog\/wp-content\/uploads\/2015\/11\/Azra-Jasavic-Ultep-Fabrika-Vladimir.jpg"}],"twitter_misc":{"Written by":"ulqini","Est. reading time":"1 minute"},"schema":{"@context":"https:\/\/schema.org","@graph":[{"@type":"WebSite","@id":"https:\/\/www.visit-ulcinj.com\/blog\/#website","url":"https:\/\/www.visit-ulcinj.com\/blog\/","name":"Lajme nga Ulqini","description":"Lajme,Vijesti,Ulqini,Ulqin,Crna Gora,Mali i Zi","potentialAction":[{"@type":"SearchAction","target":{"@type":"EntryPoint","urlTemplate":"https:\/\/www.visit-ulcinj.com\/blog\/?s={search_term_string}"},"query-input":"required name=search_term_string"}],"inLanguage":"en-US"},{"@type":"ImageObject","inLanguage":"en-US","@id":"https:\/\/www.visit-ulcinj.com\/blog\/2015\/11\/26\/azra-jasavic-sto-hitnije-rijesiti-problem-radnika-ultepa\/#primaryimage","url":"https:\/\/www.visit-ulcinj.com\/blog\/wp-content\/uploads\/2015\/11\/Azra-Jasavic-Ultep-Fabrika-Vladimir.jpg","contentUrl":"https:\/\/www.visit-ulcinj.com\/blog\/wp-content\/uploads\/2015\/11\/Azra-Jasavic-Ultep-Fabrika-Vladimir.jpg","width":999,"height":618},{"@type":"WebPage","@id":"https:\/\/www.visit-ulcinj.com\/blog\/2015\/11\/26\/azra-jasavic-sto-hitnije-rijesiti-problem-radnika-ultepa\/#webpage","url":"https:\/\/www.visit-ulcinj.com\/blog\/2015\/11\/26\/azra-jasavic-sto-hitnije-rijesiti-problem-radnika-ultepa\/","name":"Azra Jasavi\u0107: \u0160to hitnije rije\u0161iti problem radnika Ultepa - Lajme nga Ulqini","isPartOf":{"@id":"https:\/\/www.visit-ulcinj.com\/blog\/#website"},"primaryImageOfPage":{"@id":"https:\/\/www.visit-ulcinj.com\/blog\/2015\/11\/26\/azra-jasavic-sto-hitnije-rijesiti-problem-radnika-ultepa\/#primaryimage"},"datePublished":"2015-11-26T15:44:23+00:00","dateModified":"2015-11-26T15:44:23+00:00","author":{"@id":"https:\/\/www.visit-ulcinj.com\/blog\/#\/schema\/person\/dcab619c614d3038751c63bc2aadc06d"},"description":"\"Radnici su kazali da zahtjevaju isplatu zarada i povezivanje radnog sta\u017ea od 2008. godine kao i rje\u0161enje statusa fabrike i radnika\u201d, navodi se u","breadcrumb":{"@id":"https:\/\/www.visit-ulcinj.com\/blog\/2015\/11\/26\/azra-jasavic-sto-hitnije-rijesiti-problem-radnika-ultepa\/#breadcrumb"},"inLanguage":"en-US","potentialAction":[{"@type":"ReadAction","target":["https:\/\/www.visit-ulcinj.com\/blog\/2015\/11\/26\/azra-jasavic-sto-hitnije-rijesiti-problem-radnika-ultepa\/"]}]},{"@type":"BreadcrumbList","@id":"https:\/\/www.visit-ulcinj.com\/blog\/2015\/11\/26\/azra-jasavic-sto-hitnije-rijesiti-problem-radnika-ultepa\/#breadcrumb","itemListElement":[{"@type":"ListItem","position":1,"name":"Azra Jasavi\u0107: \u0160to hitnije rije\u0161iti problem radnika Ultepa"}]},{"@type":"Person","@id":"https:\/\/www.visit-ulcinj.com\/blog\/#\/schema\/person\/dcab619c614d3038751c63bc2aadc06d","name":"ulqini","sameAs":["http:\/\/www.visit-ulcinj.com"],"url":"https:\/\/www.visit-ulcinj.com\/blog\/author\/admin\/"}]}},"jetpack_featured_media_url":"","jetpack_sharing_enabled":true,"jetpack_shortlink":"https:\/\/wp.me\/pe6lTn-ogZ","_links":{"self":[{"href":"https:\/\/www.visit-ulcinj.com\/blog\/wp-json\/wp\/v2\/posts\/93309"}],"collection":[{"href":"https:\/\/www.visit-ulcinj.com\/blog\/wp-json\/wp\/v2\/posts"}],"about":[{"href":"https:\/\/www.visit-ulcinj.com\/blog\/wp-json\/wp\/v2\/types\/post"}],"author":[{"embeddable":true,"href":"https:\/\/www.visit-ulcinj.com\/blog\/wp-json\/wp\/v2\/users\/1"}],"replies":[{"embeddable":true,"href":"https:\/\/www.visit-ulcinj.com\/blog\/wp-json\/wp\/v2\/comments?post=93309"}],"version-history":[{"count":1,"href":"https:\/\/www.visit-ulcinj.com\/blog\/wp-json\/wp\/v2\/posts\/93309\/revisions"}],"predecessor-version":[{"id":93311,"href":"https:\/\/www.visit-ulcinj.com\/blog\/wp-json\/wp\/v2\/posts\/93309\/revisions\/93311"}],"wp:attachment":[{"href":"https:\/\/www.visit-ulcinj.com\/blog\/wp-json\/wp\/v2\/media?parent=93309"}],"wp:term":[{"taxonomy":"category","embeddable":true,"href":"https:\/\/www.visit-ulcinj.com\/blog\/wp-json\/wp\/v2\/categories?post=93309"},{"taxonomy":"post_tag","embeddable":true,"href":"https:\/\/www.visit-ulcinj.com\/blog\/wp-json\/wp\/v2\/tags?post=93309"}],"curies":[{"name":"wp","href":"https:\/\/api.w.org\/{rel}","templated":true}]}}