{"id":93324,"date":"2015-11-27T07:47:33","date_gmt":"2015-11-27T06:47:33","guid":{"rendered":"http:\/\/www.visit-ulcinj.com\/blog\/?p=93324"},"modified":"2015-11-27T07:47:33","modified_gmt":"2015-11-27T06:47:33","slug":"tou-u-international-travel-show-tt-warsaw-2015","status":"publish","type":"post","link":"https:\/\/www.visit-ulcinj.com\/blog\/2015\/11\/27\/tou-u-international-travel-show-tt-warsaw-2015\/","title":{"rendered":"TOU u International Travel Show TT Warsaw 2015"},"content":{"rendered":"<p style=\"text-align: center;\">Sajam u Varsavi<\/p>\n<p>&nbsp;<\/p>\n<p>Turisticka Organizacija Ulcinj u saradnji sa Nacionalnom turisti\u010dkom organizacijom (NTO), lokalnim turisti\u010dkim organizacijama Budve, Bara, Kotora, Tivta i Podgorice, turisti\u010dkom privredom i strate\u0161kim partnerima, predstavljaju crnogorsku turisti\u010dku ponudu na sajmu \u201eTT Warsaw\u201c, koji se odr\u017eava od 26. do 28. novembra u Var\u0161avi.<\/p>\n<p><a href=\"http:\/\/www.visit-ulcinj.com\/blog\/wp-content\/uploads\/2015\/11\/TOU-TT-Warsaw-2015.jpg\"><img loading=\"lazy\" class=\"alignleft wp-image-93325\" src=\"http:\/\/www.visit-ulcinj.com\/blog\/wp-content\/uploads\/2015\/11\/TOU-TT-Warsaw-2015.jpg\" alt=\"TOU-TT Warsaw-2015\" width=\"508\" height=\"677\" srcset=\"https:\/\/www.visit-ulcinj.com\/blog\/wp-content\/uploads\/2015\/11\/TOU-TT-Warsaw-2015.jpg 372w, https:\/\/www.visit-ulcinj.com\/blog\/wp-content\/uploads\/2015\/11\/TOU-TT-Warsaw-2015-225x300.jpg 225w\" sizes=\"(max-width: 508px) 100vw, 508px\" \/><\/a><\/p>\n<p>Sajam \u201eTT Warsaw\u201c jedan je od najva\u017enijih me\u0111unarodnih doga\u0111aja turisti\u010dke privrede u Poljskoj, a TO Ulcinj nastupa po drugi put.<\/p>\n<p>Crnu Goru, pored turistickih organizacija predstavljaju i Hotelska grupa \u201eBudvanska Rivijera\u201c, \u201eMontenegro Stars Hotel Group\u201c, HTP \u201eTrend Korali\u201c, turisti\u010dka agencija \u201eTalas M.<\/p>\n<p>Posjetioci sajma imaju priliku da se na crnogorskom \u0161tandu upoznaju sa raznovrsnom ponudom a\u00a0to im je, takodje dobra prilika i da se informi\u0161u o nasim prirodnim ljepotama, kulturnom naslje\u0111u, planiranim manifestacijama i dobiju druge informacije od zna\u010daja za planiranje njihovog odmora.<\/p>\n<p>Sajam traje tri dana a vec prvog dana Crnogorski \u0161tand je posjetio i ambasador Crne Gore u Poljskoj Ramiz Ba\u0161i\u0107 sa saradnicima.<\/p>\n<p>Prvi dan namjenjen je poslovnim partnerima i sastancima, dok su drugi i tre\u0107i dan otvoreni i za posjetioce te manifestacije.<\/p>\n<p>Moramo reci da poljski turisti posljednjih godina sve vi\u0161e posje\u0107uju Ulcinj tako da sajam u Varsavi je jedan od najznacajnih za predstavljanje turisticke ponude naseg grada.<\/p>\n<p>&nbsp;<\/p>\n<p>Prema statisti\u010dkim podacima, za prvih devet mjeseci ove godine, Crnu Goru je posjetilo oko 50 hiljada gostiju iz Poljske, koji su ostvarili oko 260 hiljada no\u0107enja, \u0161to je 15 odsto vi\u0161e u odnosu na pro\u0161lu godinu.<\/p>\n<p>&nbsp;<\/p>\n<p>Strucna sluzba TO Ulcinj<\/p>\n","protected":false},"excerpt":{"rendered":"<p>Sajam u Varsavi &nbsp; Turisticka Organizacija Ulcinj u saradnji sa Nacionalnom turisti\u010dkom organizacijom (NTO), lokalnim turisti\u010dkim organizacijama Budve, Bara, Kotora, Tivta i Podgorice, turisti\u010dkom privredom i strate\u0161kim partnerima, predstavljaju crnogorsku turisti\u010dku ponudu na sajmu \u201eTT Warsaw\u201c, koji se odr\u017eava od 26. do 28. novembra u Var\u0161avi. Sajam \u201eTT Warsaw\u201c jedan je od najva\u017enijih me\u0111unarodnih doga\u0111aja [&hellip;]<\/p>\n","protected":false},"author":1,"featured_media":0,"comment_status":"closed","ping_status":"closed","sticky":false,"template":"","format":"standard","meta":{"spay_email":"","jetpack_publicize_message":"","jetpack_is_tweetstorm":false,"jetpack_publicize_feature_enabled":true},"categories":[8337],"tags":[],"jetpack_publicize_connections":[],"yoast_head":"<!-- This site is optimized with the Yoast SEO plugin v19.1 - https:\/\/yoast.com\/wordpress\/plugins\/seo\/ -->\n<title>TOU u International Travel Show TT Warsaw 2015 - Lajme nga Ulqini<\/title>\n<meta name=\"description\" content=\"Sajam u Varsavi &nbsp; Turisticka Organizacija Ulcinj u saradnji sa Nacionalnom turisti\u010dkom organizacijom (NTO), lokalnim turisti\u010dkim organizacijama\" \/>\n<meta name=\"robots\" content=\"index, follow, max-snippet:-1, max-image-preview:large, max-video-preview:-1\" \/>\n<link rel=\"canonical\" href=\"https:\/\/www.visit-ulcinj.com\/blog\/2015\/11\/27\/tou-u-international-travel-show-tt-warsaw-2015\/\" \/>\n<meta property=\"og:locale\" content=\"en_US\" \/>\n<meta property=\"og:type\" content=\"article\" \/>\n<meta property=\"og:title\" content=\"TOU u International Travel Show TT Warsaw 2015 - Lajme nga Ulqini\" \/>\n<meta property=\"og:description\" content=\"Sajam u Varsavi &nbsp; Turisticka Organizacija Ulcinj u saradnji sa Nacionalnom turisti\u010dkom organizacijom (NTO), lokalnim turisti\u010dkim organizacijama\" \/>\n<meta property=\"og:url\" content=\"https:\/\/www.visit-ulcinj.com\/blog\/2015\/11\/27\/tou-u-international-travel-show-tt-warsaw-2015\/\" \/>\n<meta property=\"og:site_name\" content=\"Lajme nga Ulqini\" \/>\n<meta property=\"article:published_time\" content=\"2015-11-27T06:47:33+00:00\" \/>\n<meta property=\"og:image\" content=\"http:\/\/www.visit-ulcinj.com\/blog\/wp-content\/uploads\/2015\/11\/TOU-TT-Warsaw-2015.jpg\" \/>\n<meta name=\"twitter:label1\" content=\"Written by\" \/>\n\t<meta name=\"twitter:data1\" content=\"ulqini\" \/>\n\t<meta name=\"twitter:label2\" content=\"Est. reading time\" \/>\n\t<meta name=\"twitter:data2\" content=\"1 minute\" \/>\n<script type=\"application\/ld+json\" class=\"yoast-schema-graph\">{\"@context\":\"https:\/\/schema.org\",\"@graph\":[{\"@type\":\"WebSite\",\"@id\":\"https:\/\/www.visit-ulcinj.com\/blog\/#website\",\"url\":\"https:\/\/www.visit-ulcinj.com\/blog\/\",\"name\":\"Lajme nga Ulqini\",\"description\":\"Lajme,Vijesti,Ulqini,Ulqin,Crna Gora,Mali i Zi\",\"potentialAction\":[{\"@type\":\"SearchAction\",\"target\":{\"@type\":\"EntryPoint\",\"urlTemplate\":\"https:\/\/www.visit-ulcinj.com\/blog\/?s={search_term_string}\"},\"query-input\":\"required name=search_term_string\"}],\"inLanguage\":\"en-US\"},{\"@type\":\"ImageObject\",\"inLanguage\":\"en-US\",\"@id\":\"https:\/\/www.visit-ulcinj.com\/blog\/2015\/11\/27\/tou-u-international-travel-show-tt-warsaw-2015\/#primaryimage\",\"url\":\"https:\/\/www.visit-ulcinj.com\/blog\/wp-content\/uploads\/2015\/11\/TOU-TT-Warsaw-2015.jpg\",\"contentUrl\":\"https:\/\/www.visit-ulcinj.com\/blog\/wp-content\/uploads\/2015\/11\/TOU-TT-Warsaw-2015.jpg\",\"width\":372,\"height\":496},{\"@type\":\"WebPage\",\"@id\":\"https:\/\/www.visit-ulcinj.com\/blog\/2015\/11\/27\/tou-u-international-travel-show-tt-warsaw-2015\/#webpage\",\"url\":\"https:\/\/www.visit-ulcinj.com\/blog\/2015\/11\/27\/tou-u-international-travel-show-tt-warsaw-2015\/\",\"name\":\"TOU u International Travel Show TT Warsaw 2015 - Lajme nga Ulqini\",\"isPartOf\":{\"@id\":\"https:\/\/www.visit-ulcinj.com\/blog\/#website\"},\"primaryImageOfPage\":{\"@id\":\"https:\/\/www.visit-ulcinj.com\/blog\/2015\/11\/27\/tou-u-international-travel-show-tt-warsaw-2015\/#primaryimage\"},\"datePublished\":\"2015-11-27T06:47:33+00:00\",\"dateModified\":\"2015-11-27T06:47:33+00:00\",\"author\":{\"@id\":\"https:\/\/www.visit-ulcinj.com\/blog\/#\/schema\/person\/dcab619c614d3038751c63bc2aadc06d\"},\"description\":\"Sajam u Varsavi &nbsp; Turisticka Organizacija Ulcinj u saradnji sa Nacionalnom turisti\u010dkom organizacijom (NTO), lokalnim turisti\u010dkim organizacijama\",\"breadcrumb\":{\"@id\":\"https:\/\/www.visit-ulcinj.com\/blog\/2015\/11\/27\/tou-u-international-travel-show-tt-warsaw-2015\/#breadcrumb\"},\"inLanguage\":\"en-US\",\"potentialAction\":[{\"@type\":\"ReadAction\",\"target\":[\"https:\/\/www.visit-ulcinj.com\/blog\/2015\/11\/27\/tou-u-international-travel-show-tt-warsaw-2015\/\"]}]},{\"@type\":\"BreadcrumbList\",\"@id\":\"https:\/\/www.visit-ulcinj.com\/blog\/2015\/11\/27\/tou-u-international-travel-show-tt-warsaw-2015\/#breadcrumb\",\"itemListElement\":[{\"@type\":\"ListItem\",\"position\":1,\"name\":\"TOU u International Travel Show TT Warsaw 2015\"}]},{\"@type\":\"Person\",\"@id\":\"https:\/\/www.visit-ulcinj.com\/blog\/#\/schema\/person\/dcab619c614d3038751c63bc2aadc06d\",\"name\":\"ulqini\",\"sameAs\":[\"http:\/\/www.visit-ulcinj.com\"],\"url\":\"https:\/\/www.visit-ulcinj.com\/blog\/author\/admin\/\"}]}<\/script>\n<!-- \/ Yoast SEO plugin. -->","yoast_head_json":{"title":"TOU u International Travel Show TT Warsaw 2015 - Lajme nga Ulqini","description":"Sajam u Varsavi &nbsp; Turisticka Organizacija Ulcinj u saradnji sa Nacionalnom turisti\u010dkom organizacijom (NTO), lokalnim turisti\u010dkim organizacijama","robots":{"index":"index","follow":"follow","max-snippet":"max-snippet:-1","max-image-preview":"max-image-preview:large","max-video-preview":"max-video-preview:-1"},"canonical":"https:\/\/www.visit-ulcinj.com\/blog\/2015\/11\/27\/tou-u-international-travel-show-tt-warsaw-2015\/","og_locale":"en_US","og_type":"article","og_title":"TOU u International Travel Show TT Warsaw 2015 - Lajme nga Ulqini","og_description":"Sajam u Varsavi &nbsp; Turisticka Organizacija Ulcinj u saradnji sa Nacionalnom turisti\u010dkom organizacijom (NTO), lokalnim turisti\u010dkim organizacijama","og_url":"https:\/\/www.visit-ulcinj.com\/blog\/2015\/11\/27\/tou-u-international-travel-show-tt-warsaw-2015\/","og_site_name":"Lajme nga Ulqini","article_published_time":"2015-11-27T06:47:33+00:00","og_image":[{"url":"http:\/\/www.visit-ulcinj.com\/blog\/wp-content\/uploads\/2015\/11\/TOU-TT-Warsaw-2015.jpg"}],"twitter_misc":{"Written by":"ulqini","Est. reading time":"1 minute"},"schema":{"@context":"https:\/\/schema.org","@graph":[{"@type":"WebSite","@id":"https:\/\/www.visit-ulcinj.com\/blog\/#website","url":"https:\/\/www.visit-ulcinj.com\/blog\/","name":"Lajme nga Ulqini","description":"Lajme,Vijesti,Ulqini,Ulqin,Crna Gora,Mali i Zi","potentialAction":[{"@type":"SearchAction","target":{"@type":"EntryPoint","urlTemplate":"https:\/\/www.visit-ulcinj.com\/blog\/?s={search_term_string}"},"query-input":"required name=search_term_string"}],"inLanguage":"en-US"},{"@type":"ImageObject","inLanguage":"en-US","@id":"https:\/\/www.visit-ulcinj.com\/blog\/2015\/11\/27\/tou-u-international-travel-show-tt-warsaw-2015\/#primaryimage","url":"https:\/\/www.visit-ulcinj.com\/blog\/wp-content\/uploads\/2015\/11\/TOU-TT-Warsaw-2015.jpg","contentUrl":"https:\/\/www.visit-ulcinj.com\/blog\/wp-content\/uploads\/2015\/11\/TOU-TT-Warsaw-2015.jpg","width":372,"height":496},{"@type":"WebPage","@id":"https:\/\/www.visit-ulcinj.com\/blog\/2015\/11\/27\/tou-u-international-travel-show-tt-warsaw-2015\/#webpage","url":"https:\/\/www.visit-ulcinj.com\/blog\/2015\/11\/27\/tou-u-international-travel-show-tt-warsaw-2015\/","name":"TOU u International Travel Show TT Warsaw 2015 - Lajme nga Ulqini","isPartOf":{"@id":"https:\/\/www.visit-ulcinj.com\/blog\/#website"},"primaryImageOfPage":{"@id":"https:\/\/www.visit-ulcinj.com\/blog\/2015\/11\/27\/tou-u-international-travel-show-tt-warsaw-2015\/#primaryimage"},"datePublished":"2015-11-27T06:47:33+00:00","dateModified":"2015-11-27T06:47:33+00:00","author":{"@id":"https:\/\/www.visit-ulcinj.com\/blog\/#\/schema\/person\/dcab619c614d3038751c63bc2aadc06d"},"description":"Sajam u Varsavi &nbsp; Turisticka Organizacija Ulcinj u saradnji sa Nacionalnom turisti\u010dkom organizacijom (NTO), lokalnim turisti\u010dkim organizacijama","breadcrumb":{"@id":"https:\/\/www.visit-ulcinj.com\/blog\/2015\/11\/27\/tou-u-international-travel-show-tt-warsaw-2015\/#breadcrumb"},"inLanguage":"en-US","potentialAction":[{"@type":"ReadAction","target":["https:\/\/www.visit-ulcinj.com\/blog\/2015\/11\/27\/tou-u-international-travel-show-tt-warsaw-2015\/"]}]},{"@type":"BreadcrumbList","@id":"https:\/\/www.visit-ulcinj.com\/blog\/2015\/11\/27\/tou-u-international-travel-show-tt-warsaw-2015\/#breadcrumb","itemListElement":[{"@type":"ListItem","position":1,"name":"TOU u International Travel Show TT Warsaw 2015"}]},{"@type":"Person","@id":"https:\/\/www.visit-ulcinj.com\/blog\/#\/schema\/person\/dcab619c614d3038751c63bc2aadc06d","name":"ulqini","sameAs":["http:\/\/www.visit-ulcinj.com"],"url":"https:\/\/www.visit-ulcinj.com\/blog\/author\/admin\/"}]}},"jetpack_featured_media_url":"","jetpack_sharing_enabled":true,"jetpack_shortlink":"https:\/\/wp.me\/pe6lTn-ohe","_links":{"self":[{"href":"https:\/\/www.visit-ulcinj.com\/blog\/wp-json\/wp\/v2\/posts\/93324"}],"collection":[{"href":"https:\/\/www.visit-ulcinj.com\/blog\/wp-json\/wp\/v2\/posts"}],"about":[{"href":"https:\/\/www.visit-ulcinj.com\/blog\/wp-json\/wp\/v2\/types\/post"}],"author":[{"embeddable":true,"href":"https:\/\/www.visit-ulcinj.com\/blog\/wp-json\/wp\/v2\/users\/1"}],"replies":[{"embeddable":true,"href":"https:\/\/www.visit-ulcinj.com\/blog\/wp-json\/wp\/v2\/comments?post=93324"}],"version-history":[{"count":1,"href":"https:\/\/www.visit-ulcinj.com\/blog\/wp-json\/wp\/v2\/posts\/93324\/revisions"}],"predecessor-version":[{"id":93326,"href":"https:\/\/www.visit-ulcinj.com\/blog\/wp-json\/wp\/v2\/posts\/93324\/revisions\/93326"}],"wp:attachment":[{"href":"https:\/\/www.visit-ulcinj.com\/blog\/wp-json\/wp\/v2\/media?parent=93324"}],"wp:term":[{"taxonomy":"category","embeddable":true,"href":"https:\/\/www.visit-ulcinj.com\/blog\/wp-json\/wp\/v2\/categories?post=93324"},{"taxonomy":"post_tag","embeddable":true,"href":"https:\/\/www.visit-ulcinj.com\/blog\/wp-json\/wp\/v2\/tags?post=93324"}],"curies":[{"name":"wp","href":"https:\/\/api.w.org\/{rel}","templated":true}]}}