{"id":93331,"date":"2015-11-27T15:11:00","date_gmt":"2015-11-27T14:11:00","guid":{"rendered":"http:\/\/www.visit-ulcinj.com\/blog\/?p=93331"},"modified":"2015-11-27T15:14:32","modified_gmt":"2015-11-27T14:14:32","slug":"pasch-video-workshop-mali-i-zi-si-nje-shtet-multikulturor-video","status":"publish","type":"post","link":"https:\/\/www.visit-ulcinj.com\/blog\/2015\/11\/27\/pasch-video-workshop-mali-i-zi-si-nje-shtet-multikulturor-video\/","title":{"rendered":"PASCH-Video Workshop &#8220;Mali i Zi si nj\u00eb shtet multikulturor&#8221; &#8211; Video"},"content":{"rendered":"<p><strong><a href=\"http:\/\/www.visit-ulcinj.com\/blog\/wp-content\/uploads\/2015\/11\/jugend_gruppe_freunde.jpg\"><img loading=\"lazy\" class=\"alignleft wp-image-93332\" src=\"http:\/\/www.visit-ulcinj.com\/blog\/wp-content\/uploads\/2015\/11\/jugend_gruppe_freunde.jpg\" alt=\"GROUPE D'AMIS\" width=\"508\" height=\"359\" srcset=\"https:\/\/www.visit-ulcinj.com\/blog\/wp-content\/uploads\/2015\/11\/jugend_gruppe_freunde.jpg 600w, https:\/\/www.visit-ulcinj.com\/blog\/wp-content\/uploads\/2015\/11\/jugend_gruppe_freunde-300x212.jpg 300w\" sizes=\"(max-width: 508px) 100vw, 508px\" \/><\/a>PASCH-Video Workshop &#8220;Montenegro als multikultureller Staat<\/strong><\/p>\n<p>N\u00eb qytetin ton\u00eb u realizua pun\u00ebtoria nd\u00ebrkulturore me pjes\u00ebmarrjen e nx\u00ebn\u00ebsve t\u00eb shkollave nga Ulqini, Berana dhe Podgorica. Qyteti yn\u00eb u zgjodh nikoqir i k\u00ebtij aktiviteti n\u00eb propozim t\u00eb Profesorit Kurt Schlegel dhe Goethe Institutit n\u00eb Beograd,duke n\u00ebnvizuar se si i till\u00eb Ulqini \u00ebsht\u00eb sh\u00ebmbull i harmonis\u00eb nd\u00ebrkulturore dhe nd\u00ebrfetare.<br \/>\nTema e workshopit ishte \u201c Si funksionon nj\u00eb shtet multikulturor\u201c e nx\u00ebn\u00ebsit idet\u00eb e tyre \u00ebsht\u00eb dashur ti shprehin n\u00ebp\u00ebrmes kuadroveve filmike.K\u00ebtu u kyc\u00ebn 18 nx\u00ebn\u00ebs nga shkollat pjes\u00ebmarr\u00ebse.<br \/>\nN\u00eb vijim mund t\u00eb ndiqni materialin filmik t\u00eb realizuar nga nx\u00ebn\u00ebsit tan\u00eb:<\/p>\n<p>Komuna Ulqinit<\/p>\n<!--YouTube Error: bad URL entered-->\n","protected":false},"excerpt":{"rendered":"<p>PASCH-Video Workshop &#8220;Montenegro als multikultureller Staat N\u00eb qytetin ton\u00eb u realizua pun\u00ebtoria nd\u00ebrkulturore me pjes\u00ebmarrjen e nx\u00ebn\u00ebsve t\u00eb shkollave nga Ulqini, Berana dhe Podgorica. Qyteti yn\u00eb u zgjodh nikoqir i k\u00ebtij aktiviteti n\u00eb propozim t\u00eb Profesorit Kurt Schlegel dhe Goethe Institutit n\u00eb Beograd,duke n\u00ebnvizuar se si i till\u00eb Ulqini \u00ebsht\u00eb sh\u00ebmbull i harmonis\u00eb nd\u00ebrkulturore dhe [&hellip;]<\/p>\n","protected":false},"author":1,"featured_media":0,"comment_status":"closed","ping_status":"closed","sticky":false,"template":"","format":"standard","meta":{"spay_email":"","jetpack_publicize_message":"","jetpack_is_tweetstorm":false,"jetpack_publicize_feature_enabled":true},"categories":[4],"tags":[],"jetpack_publicize_connections":[],"yoast_head":"<!-- This site is optimized with the Yoast SEO plugin v19.1 - https:\/\/yoast.com\/wordpress\/plugins\/seo\/ -->\n<title>PASCH-Video Workshop &quot;Mali i Zi si nj\u00eb shtet multikulturor&quot; - Video - Lajme nga Ulqini<\/title>\n<meta name=\"description\" content=\"PASCH-Video Workshop &quot;Montenegro als multikultureller Staat N\u00eb qytetin ton\u00eb u realizua pun\u00ebtoria nd\u00ebrkulturore me pjes\u00ebmarrjen e nx\u00ebn\u00ebsve t\u00eb shkollave nga\" \/>\n<meta name=\"robots\" content=\"index, follow, max-snippet:-1, max-image-preview:large, max-video-preview:-1\" \/>\n<link rel=\"canonical\" href=\"https:\/\/www.visit-ulcinj.com\/blog\/2015\/11\/27\/pasch-video-workshop-mali-i-zi-si-nje-shtet-multikulturor-video\/\" \/>\n<meta property=\"og:locale\" content=\"en_US\" \/>\n<meta property=\"og:type\" content=\"article\" \/>\n<meta property=\"og:title\" content=\"PASCH-Video Workshop &quot;Mali i Zi si nj\u00eb shtet multikulturor&quot; - Video - Lajme nga Ulqini\" \/>\n<meta property=\"og:description\" content=\"PASCH-Video Workshop &quot;Montenegro als multikultureller Staat N\u00eb qytetin ton\u00eb u realizua pun\u00ebtoria nd\u00ebrkulturore me pjes\u00ebmarrjen e nx\u00ebn\u00ebsve t\u00eb shkollave nga\" \/>\n<meta property=\"og:url\" content=\"https:\/\/www.visit-ulcinj.com\/blog\/2015\/11\/27\/pasch-video-workshop-mali-i-zi-si-nje-shtet-multikulturor-video\/\" \/>\n<meta property=\"og:site_name\" content=\"Lajme nga Ulqini\" \/>\n<meta property=\"article:published_time\" content=\"2015-11-27T14:11:00+00:00\" \/>\n<meta property=\"article:modified_time\" content=\"2015-11-27T14:14:32+00:00\" \/>\n<meta property=\"og:image\" content=\"http:\/\/www.visit-ulcinj.com\/blog\/wp-content\/uploads\/2015\/11\/jugend_gruppe_freunde.jpg\" \/>\n<meta name=\"twitter:label1\" content=\"Written by\" \/>\n\t<meta name=\"twitter:data1\" content=\"ulqini\" \/>\n\t<meta name=\"twitter:label2\" content=\"Est. reading time\" \/>\n\t<meta name=\"twitter:data2\" content=\"1 minute\" \/>\n<script type=\"application\/ld+json\" class=\"yoast-schema-graph\">{\"@context\":\"https:\/\/schema.org\",\"@graph\":[{\"@type\":\"WebSite\",\"@id\":\"https:\/\/www.visit-ulcinj.com\/blog\/#website\",\"url\":\"https:\/\/www.visit-ulcinj.com\/blog\/\",\"name\":\"Lajme nga Ulqini\",\"description\":\"Lajme,Vijesti,Ulqini,Ulqin,Crna Gora,Mali i Zi\",\"potentialAction\":[{\"@type\":\"SearchAction\",\"target\":{\"@type\":\"EntryPoint\",\"urlTemplate\":\"https:\/\/www.visit-ulcinj.com\/blog\/?s={search_term_string}\"},\"query-input\":\"required name=search_term_string\"}],\"inLanguage\":\"en-US\"},{\"@type\":\"ImageObject\",\"inLanguage\":\"en-US\",\"@id\":\"https:\/\/www.visit-ulcinj.com\/blog\/2015\/11\/27\/pasch-video-workshop-mali-i-zi-si-nje-shtet-multikulturor-video\/#primaryimage\",\"url\":\"https:\/\/www.visit-ulcinj.com\/blog\/wp-content\/uploads\/2015\/11\/jugend_gruppe_freunde.jpg\",\"contentUrl\":\"https:\/\/www.visit-ulcinj.com\/blog\/wp-content\/uploads\/2015\/11\/jugend_gruppe_freunde.jpg\",\"width\":600,\"height\":424},{\"@type\":\"WebPage\",\"@id\":\"https:\/\/www.visit-ulcinj.com\/blog\/2015\/11\/27\/pasch-video-workshop-mali-i-zi-si-nje-shtet-multikulturor-video\/#webpage\",\"url\":\"https:\/\/www.visit-ulcinj.com\/blog\/2015\/11\/27\/pasch-video-workshop-mali-i-zi-si-nje-shtet-multikulturor-video\/\",\"name\":\"PASCH-Video Workshop \\\"Mali i Zi si nj\u00eb shtet multikulturor\\\" - Video - Lajme nga Ulqini\",\"isPartOf\":{\"@id\":\"https:\/\/www.visit-ulcinj.com\/blog\/#website\"},\"primaryImageOfPage\":{\"@id\":\"https:\/\/www.visit-ulcinj.com\/blog\/2015\/11\/27\/pasch-video-workshop-mali-i-zi-si-nje-shtet-multikulturor-video\/#primaryimage\"},\"datePublished\":\"2015-11-27T14:11:00+00:00\",\"dateModified\":\"2015-11-27T14:14:32+00:00\",\"author\":{\"@id\":\"https:\/\/www.visit-ulcinj.com\/blog\/#\/schema\/person\/dcab619c614d3038751c63bc2aadc06d\"},\"description\":\"PASCH-Video Workshop \\\"Montenegro als multikultureller Staat N\u00eb qytetin ton\u00eb u realizua pun\u00ebtoria nd\u00ebrkulturore me pjes\u00ebmarrjen e nx\u00ebn\u00ebsve t\u00eb shkollave nga\",\"breadcrumb\":{\"@id\":\"https:\/\/www.visit-ulcinj.com\/blog\/2015\/11\/27\/pasch-video-workshop-mali-i-zi-si-nje-shtet-multikulturor-video\/#breadcrumb\"},\"inLanguage\":\"en-US\",\"potentialAction\":[{\"@type\":\"ReadAction\",\"target\":[\"https:\/\/www.visit-ulcinj.com\/blog\/2015\/11\/27\/pasch-video-workshop-mali-i-zi-si-nje-shtet-multikulturor-video\/\"]}]},{\"@type\":\"BreadcrumbList\",\"@id\":\"https:\/\/www.visit-ulcinj.com\/blog\/2015\/11\/27\/pasch-video-workshop-mali-i-zi-si-nje-shtet-multikulturor-video\/#breadcrumb\",\"itemListElement\":[{\"@type\":\"ListItem\",\"position\":1,\"name\":\"PASCH-Video Workshop &#8220;Mali i Zi si nj\u00eb shtet multikulturor&#8221; &#8211; Video\"}]},{\"@type\":\"Person\",\"@id\":\"https:\/\/www.visit-ulcinj.com\/blog\/#\/schema\/person\/dcab619c614d3038751c63bc2aadc06d\",\"name\":\"ulqini\",\"sameAs\":[\"http:\/\/www.visit-ulcinj.com\"],\"url\":\"https:\/\/www.visit-ulcinj.com\/blog\/author\/admin\/\"}]}<\/script>\n<!-- \/ Yoast SEO plugin. -->","yoast_head_json":{"title":"PASCH-Video Workshop \"Mali i Zi si nj\u00eb shtet multikulturor\" - Video - Lajme nga Ulqini","description":"PASCH-Video Workshop \"Montenegro als multikultureller Staat N\u00eb qytetin ton\u00eb u realizua pun\u00ebtoria nd\u00ebrkulturore me pjes\u00ebmarrjen e nx\u00ebn\u00ebsve t\u00eb shkollave nga","robots":{"index":"index","follow":"follow","max-snippet":"max-snippet:-1","max-image-preview":"max-image-preview:large","max-video-preview":"max-video-preview:-1"},"canonical":"https:\/\/www.visit-ulcinj.com\/blog\/2015\/11\/27\/pasch-video-workshop-mali-i-zi-si-nje-shtet-multikulturor-video\/","og_locale":"en_US","og_type":"article","og_title":"PASCH-Video Workshop \"Mali i Zi si nj\u00eb shtet multikulturor\" - Video - Lajme nga Ulqini","og_description":"PASCH-Video Workshop \"Montenegro als multikultureller Staat N\u00eb qytetin ton\u00eb u realizua pun\u00ebtoria nd\u00ebrkulturore me pjes\u00ebmarrjen e nx\u00ebn\u00ebsve t\u00eb shkollave nga","og_url":"https:\/\/www.visit-ulcinj.com\/blog\/2015\/11\/27\/pasch-video-workshop-mali-i-zi-si-nje-shtet-multikulturor-video\/","og_site_name":"Lajme nga Ulqini","article_published_time":"2015-11-27T14:11:00+00:00","article_modified_time":"2015-11-27T14:14:32+00:00","og_image":[{"url":"http:\/\/www.visit-ulcinj.com\/blog\/wp-content\/uploads\/2015\/11\/jugend_gruppe_freunde.jpg"}],"twitter_misc":{"Written by":"ulqini","Est. reading time":"1 minute"},"schema":{"@context":"https:\/\/schema.org","@graph":[{"@type":"WebSite","@id":"https:\/\/www.visit-ulcinj.com\/blog\/#website","url":"https:\/\/www.visit-ulcinj.com\/blog\/","name":"Lajme nga Ulqini","description":"Lajme,Vijesti,Ulqini,Ulqin,Crna Gora,Mali i Zi","potentialAction":[{"@type":"SearchAction","target":{"@type":"EntryPoint","urlTemplate":"https:\/\/www.visit-ulcinj.com\/blog\/?s={search_term_string}"},"query-input":"required name=search_term_string"}],"inLanguage":"en-US"},{"@type":"ImageObject","inLanguage":"en-US","@id":"https:\/\/www.visit-ulcinj.com\/blog\/2015\/11\/27\/pasch-video-workshop-mali-i-zi-si-nje-shtet-multikulturor-video\/#primaryimage","url":"https:\/\/www.visit-ulcinj.com\/blog\/wp-content\/uploads\/2015\/11\/jugend_gruppe_freunde.jpg","contentUrl":"https:\/\/www.visit-ulcinj.com\/blog\/wp-content\/uploads\/2015\/11\/jugend_gruppe_freunde.jpg","width":600,"height":424},{"@type":"WebPage","@id":"https:\/\/www.visit-ulcinj.com\/blog\/2015\/11\/27\/pasch-video-workshop-mali-i-zi-si-nje-shtet-multikulturor-video\/#webpage","url":"https:\/\/www.visit-ulcinj.com\/blog\/2015\/11\/27\/pasch-video-workshop-mali-i-zi-si-nje-shtet-multikulturor-video\/","name":"PASCH-Video Workshop \"Mali i Zi si nj\u00eb shtet multikulturor\" - Video - Lajme nga Ulqini","isPartOf":{"@id":"https:\/\/www.visit-ulcinj.com\/blog\/#website"},"primaryImageOfPage":{"@id":"https:\/\/www.visit-ulcinj.com\/blog\/2015\/11\/27\/pasch-video-workshop-mali-i-zi-si-nje-shtet-multikulturor-video\/#primaryimage"},"datePublished":"2015-11-27T14:11:00+00:00","dateModified":"2015-11-27T14:14:32+00:00","author":{"@id":"https:\/\/www.visit-ulcinj.com\/blog\/#\/schema\/person\/dcab619c614d3038751c63bc2aadc06d"},"description":"PASCH-Video Workshop \"Montenegro als multikultureller Staat N\u00eb qytetin ton\u00eb u realizua pun\u00ebtoria nd\u00ebrkulturore me pjes\u00ebmarrjen e nx\u00ebn\u00ebsve t\u00eb shkollave nga","breadcrumb":{"@id":"https:\/\/www.visit-ulcinj.com\/blog\/2015\/11\/27\/pasch-video-workshop-mali-i-zi-si-nje-shtet-multikulturor-video\/#breadcrumb"},"inLanguage":"en-US","potentialAction":[{"@type":"ReadAction","target":["https:\/\/www.visit-ulcinj.com\/blog\/2015\/11\/27\/pasch-video-workshop-mali-i-zi-si-nje-shtet-multikulturor-video\/"]}]},{"@type":"BreadcrumbList","@id":"https:\/\/www.visit-ulcinj.com\/blog\/2015\/11\/27\/pasch-video-workshop-mali-i-zi-si-nje-shtet-multikulturor-video\/#breadcrumb","itemListElement":[{"@type":"ListItem","position":1,"name":"PASCH-Video Workshop &#8220;Mali i Zi si nj\u00eb shtet multikulturor&#8221; &#8211; Video"}]},{"@type":"Person","@id":"https:\/\/www.visit-ulcinj.com\/blog\/#\/schema\/person\/dcab619c614d3038751c63bc2aadc06d","name":"ulqini","sameAs":["http:\/\/www.visit-ulcinj.com"],"url":"https:\/\/www.visit-ulcinj.com\/blog\/author\/admin\/"}]}},"jetpack_featured_media_url":"","jetpack_sharing_enabled":true,"jetpack_shortlink":"https:\/\/wp.me\/pe6lTn-ohl","_links":{"self":[{"href":"https:\/\/www.visit-ulcinj.com\/blog\/wp-json\/wp\/v2\/posts\/93331"}],"collection":[{"href":"https:\/\/www.visit-ulcinj.com\/blog\/wp-json\/wp\/v2\/posts"}],"about":[{"href":"https:\/\/www.visit-ulcinj.com\/blog\/wp-json\/wp\/v2\/types\/post"}],"author":[{"embeddable":true,"href":"https:\/\/www.visit-ulcinj.com\/blog\/wp-json\/wp\/v2\/users\/1"}],"replies":[{"embeddable":true,"href":"https:\/\/www.visit-ulcinj.com\/blog\/wp-json\/wp\/v2\/comments?post=93331"}],"version-history":[{"count":2,"href":"https:\/\/www.visit-ulcinj.com\/blog\/wp-json\/wp\/v2\/posts\/93331\/revisions"}],"predecessor-version":[{"id":93336,"href":"https:\/\/www.visit-ulcinj.com\/blog\/wp-json\/wp\/v2\/posts\/93331\/revisions\/93336"}],"wp:attachment":[{"href":"https:\/\/www.visit-ulcinj.com\/blog\/wp-json\/wp\/v2\/media?parent=93331"}],"wp:term":[{"taxonomy":"category","embeddable":true,"href":"https:\/\/www.visit-ulcinj.com\/blog\/wp-json\/wp\/v2\/categories?post=93331"},{"taxonomy":"post_tag","embeddable":true,"href":"https:\/\/www.visit-ulcinj.com\/blog\/wp-json\/wp\/v2\/tags?post=93331"}],"curies":[{"name":"wp","href":"https:\/\/api.w.org\/{rel}","templated":true}]}}