{"id":93337,"date":"2015-11-27T21:44:47","date_gmt":"2015-11-27T20:44:47","guid":{"rendered":"http:\/\/www.visit-ulcinj.com\/blog\/?p=93337"},"modified":"2015-11-27T21:44:47","modified_gmt":"2015-11-27T20:44:47","slug":"udsh-urime-28-nentorin-diten-e-flamurit","status":"publish","type":"post","link":"https:\/\/www.visit-ulcinj.com\/blog\/2015\/11\/27\/udsh-urime-28-nentorin-diten-e-flamurit\/","title":{"rendered":"UDSH: Urime 28 N\u00ebntorin \u2013 Dit\u00ebn e Flamurit"},"content":{"rendered":"<p><strong><a href=\"http:\/\/www.visit-ulcinj.com\/blog\/wp-content\/uploads\/2013\/11\/URIME_28nentori_UDSH_ja_ulqin.jpg\"><img loading=\"lazy\" class=\"alignleft wp-image-76641\" src=\"http:\/\/www.visit-ulcinj.com\/blog\/wp-content\/uploads\/2013\/11\/URIME_28nentori_UDSH_ja_ulqin.jpg\" alt=\"URIME_28nentori_UDSH_ja_ulqin\" width=\"508\" height=\"371\" srcset=\"https:\/\/www.visit-ulcinj.com\/blog\/wp-content\/uploads\/2013\/11\/URIME_28nentori_UDSH_ja_ulqin.jpg 1300w, https:\/\/www.visit-ulcinj.com\/blog\/wp-content\/uploads\/2013\/11\/URIME_28nentori_UDSH_ja_ulqin-300x219.jpg 300w, https:\/\/www.visit-ulcinj.com\/blog\/wp-content\/uploads\/2013\/11\/URIME_28nentori_UDSH_ja_ulqin-1024x748.jpg 1024w\" sizes=\"(max-width: 508px) 100vw, 508px\" \/><\/a>UNIONI DEMOKRATIK I SHQIPTAR\u00cbVE\u00a0\u00a0\u00a0\u00a0\u00a0\u00a0\u00a0\u00a0\u00a0\u00a0\u00a0\u00a0\u00a0\u00a0\u00a0\u00a0\u00a0\u00a0<\/strong><\/p>\n<p><strong>THE DEMOCRATIC UNION OF ALBANIANS<\/strong><\/p>\n<p>&nbsp;<\/p>\n<p>Ulqin, m\u00eb 27 n\u00ebntor 2015<\/p>\n<p>&nbsp;<\/p>\n<p>&nbsp;<\/p>\n<p style=\"text-align: center;\">\u00a0\u00a0\u00a0\u00a0\u00a0\u00a0\u00a0\u00a0\u00a0\u00a0\u00a0<strong> \u00a0\u00a0\u00a0\u00a0\u00a0\u00a0\u00a0\u00a0\u00a0 \u00a0\u00a0\u00a0\u00a0\u00a0\u00a0\u00a0\u00a0\u00a0\u00a0 Kumtes\u00eb p\u00ebr opinion<\/strong><\/p>\n<p>&nbsp;<\/p>\n<p>&nbsp;<\/p>\n<p>Unioni Demokratik i Shqiptar\u00ebve iu uron fest\u00ebn e madhe gjith\u00ebkomb\u00ebtare ,,Dit\u00ebn e Flamurit\u201d t\u00eb gjith\u00eb shqiptareve kudo q\u00eb jan\u00eb.<\/p>\n<p>Ne shqiptar\u00ebt na bashkon gjith\u00e7ka dhe nuk na ndan asgj\u00eb. Na bashkon gjaku, gjuha, flamuri dhe identiteti i nj\u00ebjt\u00eb, na bashkon historia dhe vlerat komb\u00ebtare.<\/p>\n<p>Kjo dit\u00eb krenarie, le t\u00eb na gjej\u00eb t\u00eb bashkuar dhe le t\u00eb frym\u00ebzohemi t\u00eb gjith\u00eb p\u00ebr t\u00eb punuar edhe m\u00eb shum\u00eb p\u00ebr nj\u00eb t\u00eb ardhme edhe m\u00eb t\u00eb mir\u00eb t\u00eb popullit ton\u00eb.<\/p>\n<p>T\u00eb gjith\u00eb popullit shqiptar n\u00eb mbar\u00eb Bot\u00ebn i urojm\u00eb fest\u00ebn e 28 N\u00ebntorit dit\u00ebs s\u00eb shpalljes s\u00eb Pavar\u00ebsis\u00eb s\u00eb Shqip\u00ebris\u00eb , gjegj\u00ebsisht dit\u00ebn e Flamurit.<\/p>\n<p>&nbsp;<\/p>\n<p>Zoti e bekoft\u00eb Flamurin dhe shqiptaret kudo q\u00eb jan\u00eb !<\/p>\n<p>&nbsp;<\/p>\n<p><strong>\u00a0\u00a0 Sh\u00ebrbimi informativ t\u00eb UDSH-s\u00eb<\/strong><\/p>\n<p>&nbsp;<\/p>\n<p>&nbsp;<\/p>\n","protected":false},"excerpt":{"rendered":"<p>UNIONI DEMOKRATIK I SHQIPTAR\u00cbVE\u00a0\u00a0\u00a0\u00a0\u00a0\u00a0\u00a0\u00a0\u00a0\u00a0\u00a0\u00a0\u00a0\u00a0\u00a0\u00a0\u00a0\u00a0 THE DEMOCRATIC UNION OF ALBANIANS &nbsp; Ulqin, m\u00eb 27 n\u00ebntor 2015 &nbsp; &nbsp; \u00a0\u00a0\u00a0\u00a0\u00a0\u00a0\u00a0\u00a0\u00a0\u00a0\u00a0 \u00a0\u00a0\u00a0\u00a0\u00a0\u00a0\u00a0\u00a0\u00a0 \u00a0\u00a0\u00a0\u00a0\u00a0\u00a0\u00a0\u00a0\u00a0\u00a0 Kumtes\u00eb p\u00ebr opinion &nbsp; &nbsp; Unioni Demokratik i Shqiptar\u00ebve iu uron fest\u00ebn e madhe gjith\u00ebkomb\u00ebtare ,,Dit\u00ebn e Flamurit\u201d t\u00eb gjith\u00eb shqiptareve kudo q\u00eb jan\u00eb. Ne shqiptar\u00ebt na bashkon gjith\u00e7ka dhe nuk na ndan asgj\u00eb. Na [&hellip;]<\/p>\n","protected":false},"author":1,"featured_media":0,"comment_status":"closed","ping_status":"closed","sticky":false,"template":"","format":"standard","meta":{"spay_email":"","jetpack_publicize_message":"","jetpack_is_tweetstorm":false,"jetpack_publicize_feature_enabled":true},"categories":[1],"tags":[],"jetpack_publicize_connections":[],"yoast_head":"<!-- This site is optimized with the Yoast SEO plugin v19.1 - https:\/\/yoast.com\/wordpress\/plugins\/seo\/ -->\n<title>UDSH: Urime 28 N\u00ebntorin \u2013 Dit\u00ebn e Flamurit - Lajme nga Ulqini<\/title>\n<meta name=\"description\" content=\"UNIONI DEMOKRATIK I SHQIPTAR\u00cbVE\u00a0\u00a0\u00a0\u00a0\u00a0\u00a0\u00a0\u00a0\u00a0\u00a0\u00a0\u00a0\u00a0\u00a0\u00a0\u00a0\u00a0\u00a0 THE DEMOCRATIC UNION OF ALBANIANS &nbsp; Ulqin, m\u00eb 27 n\u00ebntor 2015 &nbsp; &nbsp; \u00a0\u00a0\u00a0\u00a0\u00a0\u00a0\u00a0\u00a0\u00a0\u00a0\u00a0 \u00a0\u00a0\u00a0\u00a0\u00a0\u00a0\u00a0\u00a0\u00a0\" \/>\n<meta name=\"robots\" content=\"index, follow, max-snippet:-1, max-image-preview:large, max-video-preview:-1\" \/>\n<link rel=\"canonical\" href=\"https:\/\/www.visit-ulcinj.com\/blog\/2015\/11\/27\/udsh-urime-28-nentorin-diten-e-flamurit\/\" \/>\n<meta property=\"og:locale\" content=\"en_US\" \/>\n<meta property=\"og:type\" content=\"article\" \/>\n<meta property=\"og:title\" content=\"UDSH: Urime 28 N\u00ebntorin \u2013 Dit\u00ebn e Flamurit - Lajme nga Ulqini\" \/>\n<meta property=\"og:description\" content=\"UNIONI DEMOKRATIK I SHQIPTAR\u00cbVE\u00a0\u00a0\u00a0\u00a0\u00a0\u00a0\u00a0\u00a0\u00a0\u00a0\u00a0\u00a0\u00a0\u00a0\u00a0\u00a0\u00a0\u00a0 THE DEMOCRATIC UNION OF ALBANIANS &nbsp; Ulqin, m\u00eb 27 n\u00ebntor 2015 &nbsp; &nbsp; \u00a0\u00a0\u00a0\u00a0\u00a0\u00a0\u00a0\u00a0\u00a0\u00a0\u00a0 \u00a0\u00a0\u00a0\u00a0\u00a0\u00a0\u00a0\u00a0\u00a0\" \/>\n<meta property=\"og:url\" content=\"https:\/\/www.visit-ulcinj.com\/blog\/2015\/11\/27\/udsh-urime-28-nentorin-diten-e-flamurit\/\" \/>\n<meta property=\"og:site_name\" content=\"Lajme nga Ulqini\" \/>\n<meta property=\"article:published_time\" content=\"2015-11-27T20:44:47+00:00\" \/>\n<meta property=\"og:image\" content=\"http:\/\/www.visit-ulcinj.com\/blog\/wp-content\/uploads\/2013\/11\/URIME_28nentori_UDSH_ja_ulqin.jpg\" \/>\n<meta name=\"twitter:label1\" content=\"Written by\" \/>\n\t<meta name=\"twitter:data1\" content=\"ulqini\" \/>\n\t<meta name=\"twitter:label2\" content=\"Est. reading time\" \/>\n\t<meta name=\"twitter:data2\" content=\"1 minute\" \/>\n<script type=\"application\/ld+json\" class=\"yoast-schema-graph\">{\"@context\":\"https:\/\/schema.org\",\"@graph\":[{\"@type\":\"WebSite\",\"@id\":\"https:\/\/www.visit-ulcinj.com\/blog\/#website\",\"url\":\"https:\/\/www.visit-ulcinj.com\/blog\/\",\"name\":\"Lajme nga Ulqini\",\"description\":\"Lajme,Vijesti,Ulqini,Ulqin,Crna Gora,Mali i Zi\",\"potentialAction\":[{\"@type\":\"SearchAction\",\"target\":{\"@type\":\"EntryPoint\",\"urlTemplate\":\"https:\/\/www.visit-ulcinj.com\/blog\/?s={search_term_string}\"},\"query-input\":\"required name=search_term_string\"}],\"inLanguage\":\"en-US\"},{\"@type\":\"ImageObject\",\"inLanguage\":\"en-US\",\"@id\":\"https:\/\/www.visit-ulcinj.com\/blog\/2015\/11\/27\/udsh-urime-28-nentorin-diten-e-flamurit\/#primaryimage\",\"url\":\"https:\/\/www.visit-ulcinj.com\/blog\/wp-content\/uploads\/2013\/11\/URIME_28nentori_UDSH_ja_ulqin.jpg\",\"contentUrl\":\"https:\/\/www.visit-ulcinj.com\/blog\/wp-content\/uploads\/2013\/11\/URIME_28nentori_UDSH_ja_ulqin.jpg\",\"width\":1300,\"height\":950},{\"@type\":\"WebPage\",\"@id\":\"https:\/\/www.visit-ulcinj.com\/blog\/2015\/11\/27\/udsh-urime-28-nentorin-diten-e-flamurit\/#webpage\",\"url\":\"https:\/\/www.visit-ulcinj.com\/blog\/2015\/11\/27\/udsh-urime-28-nentorin-diten-e-flamurit\/\",\"name\":\"UDSH: Urime 28 N\u00ebntorin \u2013 Dit\u00ebn e Flamurit - Lajme nga Ulqini\",\"isPartOf\":{\"@id\":\"https:\/\/www.visit-ulcinj.com\/blog\/#website\"},\"primaryImageOfPage\":{\"@id\":\"https:\/\/www.visit-ulcinj.com\/blog\/2015\/11\/27\/udsh-urime-28-nentorin-diten-e-flamurit\/#primaryimage\"},\"datePublished\":\"2015-11-27T20:44:47+00:00\",\"dateModified\":\"2015-11-27T20:44:47+00:00\",\"author\":{\"@id\":\"https:\/\/www.visit-ulcinj.com\/blog\/#\/schema\/person\/dcab619c614d3038751c63bc2aadc06d\"},\"description\":\"UNIONI DEMOKRATIK I SHQIPTAR\u00cbVE\u00a0\u00a0\u00a0\u00a0\u00a0\u00a0\u00a0\u00a0\u00a0\u00a0\u00a0\u00a0\u00a0\u00a0\u00a0\u00a0\u00a0\u00a0 THE DEMOCRATIC UNION OF ALBANIANS &nbsp; Ulqin, m\u00eb 27 n\u00ebntor 2015 &nbsp; &nbsp; \u00a0\u00a0\u00a0\u00a0\u00a0\u00a0\u00a0\u00a0\u00a0\u00a0\u00a0 \u00a0\u00a0\u00a0\u00a0\u00a0\u00a0\u00a0\u00a0\u00a0\",\"breadcrumb\":{\"@id\":\"https:\/\/www.visit-ulcinj.com\/blog\/2015\/11\/27\/udsh-urime-28-nentorin-diten-e-flamurit\/#breadcrumb\"},\"inLanguage\":\"en-US\",\"potentialAction\":[{\"@type\":\"ReadAction\",\"target\":[\"https:\/\/www.visit-ulcinj.com\/blog\/2015\/11\/27\/udsh-urime-28-nentorin-diten-e-flamurit\/\"]}]},{\"@type\":\"BreadcrumbList\",\"@id\":\"https:\/\/www.visit-ulcinj.com\/blog\/2015\/11\/27\/udsh-urime-28-nentorin-diten-e-flamurit\/#breadcrumb\",\"itemListElement\":[{\"@type\":\"ListItem\",\"position\":1,\"name\":\"UDSH: Urime 28 N\u00ebntorin \u2013 Dit\u00ebn e Flamurit\"}]},{\"@type\":\"Person\",\"@id\":\"https:\/\/www.visit-ulcinj.com\/blog\/#\/schema\/person\/dcab619c614d3038751c63bc2aadc06d\",\"name\":\"ulqini\",\"sameAs\":[\"http:\/\/www.visit-ulcinj.com\"],\"url\":\"https:\/\/www.visit-ulcinj.com\/blog\/author\/admin\/\"}]}<\/script>\n<!-- \/ Yoast SEO plugin. -->","yoast_head_json":{"title":"UDSH: Urime 28 N\u00ebntorin \u2013 Dit\u00ebn e Flamurit - Lajme nga Ulqini","description":"UNIONI DEMOKRATIK I SHQIPTAR\u00cbVE\u00a0\u00a0\u00a0\u00a0\u00a0\u00a0\u00a0\u00a0\u00a0\u00a0\u00a0\u00a0\u00a0\u00a0\u00a0\u00a0\u00a0\u00a0 THE DEMOCRATIC UNION OF ALBANIANS &nbsp; Ulqin, m\u00eb 27 n\u00ebntor 2015 &nbsp; &nbsp; \u00a0\u00a0\u00a0\u00a0\u00a0\u00a0\u00a0\u00a0\u00a0\u00a0\u00a0 \u00a0\u00a0\u00a0\u00a0\u00a0\u00a0\u00a0\u00a0\u00a0","robots":{"index":"index","follow":"follow","max-snippet":"max-snippet:-1","max-image-preview":"max-image-preview:large","max-video-preview":"max-video-preview:-1"},"canonical":"https:\/\/www.visit-ulcinj.com\/blog\/2015\/11\/27\/udsh-urime-28-nentorin-diten-e-flamurit\/","og_locale":"en_US","og_type":"article","og_title":"UDSH: Urime 28 N\u00ebntorin \u2013 Dit\u00ebn e Flamurit - Lajme nga Ulqini","og_description":"UNIONI DEMOKRATIK I SHQIPTAR\u00cbVE\u00a0\u00a0\u00a0\u00a0\u00a0\u00a0\u00a0\u00a0\u00a0\u00a0\u00a0\u00a0\u00a0\u00a0\u00a0\u00a0\u00a0\u00a0 THE DEMOCRATIC UNION OF ALBANIANS &nbsp; Ulqin, m\u00eb 27 n\u00ebntor 2015 &nbsp; &nbsp; \u00a0\u00a0\u00a0\u00a0\u00a0\u00a0\u00a0\u00a0\u00a0\u00a0\u00a0 \u00a0\u00a0\u00a0\u00a0\u00a0\u00a0\u00a0\u00a0\u00a0","og_url":"https:\/\/www.visit-ulcinj.com\/blog\/2015\/11\/27\/udsh-urime-28-nentorin-diten-e-flamurit\/","og_site_name":"Lajme nga Ulqini","article_published_time":"2015-11-27T20:44:47+00:00","og_image":[{"url":"http:\/\/www.visit-ulcinj.com\/blog\/wp-content\/uploads\/2013\/11\/URIME_28nentori_UDSH_ja_ulqin.jpg"}],"twitter_misc":{"Written by":"ulqini","Est. reading time":"1 minute"},"schema":{"@context":"https:\/\/schema.org","@graph":[{"@type":"WebSite","@id":"https:\/\/www.visit-ulcinj.com\/blog\/#website","url":"https:\/\/www.visit-ulcinj.com\/blog\/","name":"Lajme nga Ulqini","description":"Lajme,Vijesti,Ulqini,Ulqin,Crna Gora,Mali i Zi","potentialAction":[{"@type":"SearchAction","target":{"@type":"EntryPoint","urlTemplate":"https:\/\/www.visit-ulcinj.com\/blog\/?s={search_term_string}"},"query-input":"required name=search_term_string"}],"inLanguage":"en-US"},{"@type":"ImageObject","inLanguage":"en-US","@id":"https:\/\/www.visit-ulcinj.com\/blog\/2015\/11\/27\/udsh-urime-28-nentorin-diten-e-flamurit\/#primaryimage","url":"https:\/\/www.visit-ulcinj.com\/blog\/wp-content\/uploads\/2013\/11\/URIME_28nentori_UDSH_ja_ulqin.jpg","contentUrl":"https:\/\/www.visit-ulcinj.com\/blog\/wp-content\/uploads\/2013\/11\/URIME_28nentori_UDSH_ja_ulqin.jpg","width":1300,"height":950},{"@type":"WebPage","@id":"https:\/\/www.visit-ulcinj.com\/blog\/2015\/11\/27\/udsh-urime-28-nentorin-diten-e-flamurit\/#webpage","url":"https:\/\/www.visit-ulcinj.com\/blog\/2015\/11\/27\/udsh-urime-28-nentorin-diten-e-flamurit\/","name":"UDSH: Urime 28 N\u00ebntorin \u2013 Dit\u00ebn e Flamurit - Lajme nga Ulqini","isPartOf":{"@id":"https:\/\/www.visit-ulcinj.com\/blog\/#website"},"primaryImageOfPage":{"@id":"https:\/\/www.visit-ulcinj.com\/blog\/2015\/11\/27\/udsh-urime-28-nentorin-diten-e-flamurit\/#primaryimage"},"datePublished":"2015-11-27T20:44:47+00:00","dateModified":"2015-11-27T20:44:47+00:00","author":{"@id":"https:\/\/www.visit-ulcinj.com\/blog\/#\/schema\/person\/dcab619c614d3038751c63bc2aadc06d"},"description":"UNIONI DEMOKRATIK I SHQIPTAR\u00cbVE\u00a0\u00a0\u00a0\u00a0\u00a0\u00a0\u00a0\u00a0\u00a0\u00a0\u00a0\u00a0\u00a0\u00a0\u00a0\u00a0\u00a0\u00a0 THE DEMOCRATIC UNION OF ALBANIANS &nbsp; Ulqin, m\u00eb 27 n\u00ebntor 2015 &nbsp; &nbsp; \u00a0\u00a0\u00a0\u00a0\u00a0\u00a0\u00a0\u00a0\u00a0\u00a0\u00a0 \u00a0\u00a0\u00a0\u00a0\u00a0\u00a0\u00a0\u00a0\u00a0","breadcrumb":{"@id":"https:\/\/www.visit-ulcinj.com\/blog\/2015\/11\/27\/udsh-urime-28-nentorin-diten-e-flamurit\/#breadcrumb"},"inLanguage":"en-US","potentialAction":[{"@type":"ReadAction","target":["https:\/\/www.visit-ulcinj.com\/blog\/2015\/11\/27\/udsh-urime-28-nentorin-diten-e-flamurit\/"]}]},{"@type":"BreadcrumbList","@id":"https:\/\/www.visit-ulcinj.com\/blog\/2015\/11\/27\/udsh-urime-28-nentorin-diten-e-flamurit\/#breadcrumb","itemListElement":[{"@type":"ListItem","position":1,"name":"UDSH: Urime 28 N\u00ebntorin \u2013 Dit\u00ebn e Flamurit"}]},{"@type":"Person","@id":"https:\/\/www.visit-ulcinj.com\/blog\/#\/schema\/person\/dcab619c614d3038751c63bc2aadc06d","name":"ulqini","sameAs":["http:\/\/www.visit-ulcinj.com"],"url":"https:\/\/www.visit-ulcinj.com\/blog\/author\/admin\/"}]}},"jetpack_featured_media_url":"","jetpack_sharing_enabled":true,"jetpack_shortlink":"https:\/\/wp.me\/pe6lTn-ohr","_links":{"self":[{"href":"https:\/\/www.visit-ulcinj.com\/blog\/wp-json\/wp\/v2\/posts\/93337"}],"collection":[{"href":"https:\/\/www.visit-ulcinj.com\/blog\/wp-json\/wp\/v2\/posts"}],"about":[{"href":"https:\/\/www.visit-ulcinj.com\/blog\/wp-json\/wp\/v2\/types\/post"}],"author":[{"embeddable":true,"href":"https:\/\/www.visit-ulcinj.com\/blog\/wp-json\/wp\/v2\/users\/1"}],"replies":[{"embeddable":true,"href":"https:\/\/www.visit-ulcinj.com\/blog\/wp-json\/wp\/v2\/comments?post=93337"}],"version-history":[{"count":1,"href":"https:\/\/www.visit-ulcinj.com\/blog\/wp-json\/wp\/v2\/posts\/93337\/revisions"}],"predecessor-version":[{"id":93338,"href":"https:\/\/www.visit-ulcinj.com\/blog\/wp-json\/wp\/v2\/posts\/93337\/revisions\/93338"}],"wp:attachment":[{"href":"https:\/\/www.visit-ulcinj.com\/blog\/wp-json\/wp\/v2\/media?parent=93337"}],"wp:term":[{"taxonomy":"category","embeddable":true,"href":"https:\/\/www.visit-ulcinj.com\/blog\/wp-json\/wp\/v2\/categories?post=93337"},{"taxonomy":"post_tag","embeddable":true,"href":"https:\/\/www.visit-ulcinj.com\/blog\/wp-json\/wp\/v2\/tags?post=93337"}],"curies":[{"name":"wp","href":"https:\/\/api.w.org\/{rel}","templated":true}]}}