{"id":93339,"date":"2015-11-27T22:12:53","date_gmt":"2015-11-27T21:12:53","guid":{"rendered":"http:\/\/www.visit-ulcinj.com\/blog\/?p=93339"},"modified":"2015-11-28T23:55:15","modified_gmt":"2015-11-28T22:55:15","slug":"abasadorit-z-filo-dhe-nimanbegu-uruan-diten-e-flamurit-28-nentorin","status":"publish","type":"post","link":"https:\/\/www.visit-ulcinj.com\/blog\/2015\/11\/27\/abasadorit-z-filo-dhe-nimanbegu-uruan-diten-e-flamurit-28-nentorin\/","title":{"rendered":"Abasadori z. Filo dhe Nimanbegu uruan Dit\u00ebn e Flamurit, 28 n\u00ebntorin"},"content":{"rendered":"<p><strong><span style=\"text-decoration: underline;\"><a href=\"http:\/\/www.visit-ulcinj.com\/blog\/wp-content\/uploads\/2015\/11\/Ambasadori-Filo-Nimanbegu.jpg\"><img loading=\"lazy\" class=\"alignleft wp-image-93340\" src=\"http:\/\/www.visit-ulcinj.com\/blog\/wp-content\/uploads\/2015\/11\/Ambasadori-Filo-Nimanbegu.jpg\" alt=\"Ambasadori-Filo-Nimanbegu\" width=\"508\" height=\"381\" srcset=\"https:\/\/www.visit-ulcinj.com\/blog\/wp-content\/uploads\/2015\/11\/Ambasadori-Filo-Nimanbegu.jpg 632w, https:\/\/www.visit-ulcinj.com\/blog\/wp-content\/uploads\/2015\/11\/Ambasadori-Filo-Nimanbegu-300x225.jpg 300w\" sizes=\"(max-width: 508px) 100vw, 508px\" \/><\/a>Perg. Ndue BACAJ<\/span><\/strong><\/p>\n<p>N\u00eb lokalin e njohur t\u00eb Tuzit me emrin \u201cTroja\u201d,me daten 26 nentor (2015) Ambasada e republikes s\u00eb Shqiperis\u00eb n\u00eb Malin e Zi dhe Shoqata e keshillit nacional t\u00eb shqiptareve n\u00eb Mal t\u00eb Zi ,organizuan s\u00ebbashku nj\u00eb veprimtari memorative kushtuar 572 vjetorit t\u00eb ngritjes s\u00eb flamurit kombetar nga Gjergj Kastrioti Skenderbeu n\u00eb Kruj\u00eb (28 nentor 1443),dhe 103 vjetorit t\u00eb shpalljes s\u00eb pavaresis\u00eb s\u00eb Shqiperis\u00eb nga Vlora (28 nentor 1912).Kjo veprimtari e perbashket e ambasades shqiptare dhe keshillit nacional ishte veprimtaria e par\u00eb e perbashket e organizuar me shqiptaret q\u00eb jetojn\u00eb n\u00eb trojet e tyre n\u00ebn Malin e Zi.<\/p>\n<p><a href=\"http:\/\/www.visit-ulcinj.com\/blog\/wp-content\/uploads\/2015\/11\/Ambasadori-Filo.jpg\"><img loading=\"lazy\" class=\"alignleft wp-image-93341\" src=\"http:\/\/www.visit-ulcinj.com\/blog\/wp-content\/uploads\/2015\/11\/Ambasadori-Filo.jpg\" alt=\"Ambasadori-Filo\" width=\"508\" height=\"381\" srcset=\"https:\/\/www.visit-ulcinj.com\/blog\/wp-content\/uploads\/2015\/11\/Ambasadori-Filo.jpg 632w, https:\/\/www.visit-ulcinj.com\/blog\/wp-content\/uploads\/2015\/11\/Ambasadori-Filo-300x225.jpg 300w\" sizes=\"(max-width: 508px) 100vw, 508px\" \/><\/a>Veprimtaria filloi me hymnet kombetare Shqiptare dhe t\u00eb Malit Zi. Pas hymneve e mori fjalen ambasadori i rep. s\u00eb Shqiperis\u00eb n\u00eb Mal t\u00eb Zi z. Ernal Filo , i cili n\u00eb fjalen e tij pershendeti t\u00eb pranishmit dhe u uroi festen e flamurit dhe pavaresis\u00eb. Gjithashtu gjat\u00eb fjales s\u00eb tij z. Filo evokoi \u201cmomente\u201d nga historia e lavdishme e shqiptareve n\u00eb mbrojtje t\u00eb liris\u00eb dhe trojeve t\u00eb veta. Z. Filo foli edhe per perpjekjet e sotme t\u00eb shqiptareve kudo q\u00eb jan\u00eb per integrimin e plot\u00eb n\u00eb Bashkimin Europian. N\u00eb ket\u00eb rrug\u00eb tha ai \u00ebsht\u00eb edhe Mali i Zi megjith\u00eb veshtirsit\u00eb q\u00eb hasen sot. Gjegj Kastrioti dhe Ismail Qemali jan\u00eb dy figurat emblematike q\u00eb na bejn\u00eb krenar ne shqiptareve sot e neser\u2026Pas Abasadorit z. Filo pershendeti dhe u uroi festat kombetare t\u00eb pranishm\u00ebve z. Genc Nimanbegu, kryetar i keshillit nacional t\u00eb shqiptareve n\u00eb Mal t\u00eb Zi. Z. Nemanbegu paraqiti shkurtimisht momente nga historia e lavdishme e shqiptareve n\u00eb luften dhe perpjekjet per liri dhe t\u00eb drejtat kombetare ,ku ngritja e flamurit para 572 viteve nga Skenderbeu dhe shpallja e pavaresis\u00eb s\u00eb Shqiperis\u00eb nga Ismail Qemali jan\u00eb kulmet e ketyre luftrave dhe perpjekjeve nd\u00ebr shekuj t\u00eb shqiptareve. Gjithashtu z. Nimanbegu vuri n\u00eb dukje se shqiptaret n\u00eb trojet e tyre t\u00eb mbetur n\u00eb Malin e Zi ,kan\u00eb qen\u00eb nd\u00ebr shekuj faktor i rendesishem n\u00eb luftrat per liri e flamur ,ku nj\u00eb nga keto epope t\u00eb lavdishme \u00ebsht\u00eb kryengritja e Malesis\u00eb Madhe n\u00eb vitin 1911,kur mal\u00ebsoret me n\u00eb krye heroin e popullit Ded\u00eb Gjon Luli ngriten flamurin kombetar n\u00eb De\u00e7iq. Kjo histori ne na ka ber\u00eb q\u00eb ti perkasim perendimit e jo lindjes\u2026 N\u00eb ket\u00eb veprimtari merrnin pjes\u00eb dhjetra shqiptar q\u00eb jetojn\u00eb n\u00eb trojet e veta n\u00eb Mal t\u00eb Zi , veprimtar politik e shoqeror\u00eb , si dhe N\/kryetari i Bashkis\u00eb Malesi e Madhe z. Sytki Ndrecaj e tjer..Vlen t\u00eb theksohet se kjo veprimtari ishte shoqeruar me shfaqjen e dokumentarit \u201cNa ishte nj\u00eb here Shqiperia\u201d te autorit Stefan \u00c7apaliku ,si dhe n\u00eb ambientet ku u zhvillua veprimtaria ishin ekspozuar disa foto historike t\u00eb fototekes \u201cMarubi\u201d ,ku n\u00eb keto foto spikatnin burra dhe gra me veshje kombetare shqiptare dhe figura t\u00eb njohura t\u00eb luftrave per liri si Tring Smajlja e tjer. N\u00eb fund t\u00eb kesaj veprimtarie organizatoret \u201cgostiten\u201d t\u00eb pranishmit me nj\u00eb koktej (koktail).<\/p>\n<p><strong>albdreams.net<\/strong><\/p>\n","protected":false},"excerpt":{"rendered":"<p>Perg. Ndue BACAJ N\u00eb lokalin e njohur t\u00eb Tuzit me emrin \u201cTroja\u201d,me daten 26 nentor (2015) Ambasada e republikes s\u00eb Shqiperis\u00eb n\u00eb Malin e Zi dhe Shoqata e keshillit nacional t\u00eb shqiptareve n\u00eb Mal t\u00eb Zi ,organizuan s\u00ebbashku nj\u00eb veprimtari memorative kushtuar 572 vjetorit t\u00eb ngritjes s\u00eb flamurit kombetar nga Gjergj Kastrioti Skenderbeu n\u00eb Kruj\u00eb [&hellip;]<\/p>\n","protected":false},"author":1,"featured_media":0,"comment_status":"closed","ping_status":"closed","sticky":false,"template":"","format":"standard","meta":{"spay_email":"","jetpack_publicize_message":"","jetpack_is_tweetstorm":false,"jetpack_publicize_feature_enabled":true},"categories":[1,14],"tags":[],"jetpack_publicize_connections":[],"yoast_head":"<!-- This site is optimized with the Yoast SEO plugin v19.1 - https:\/\/yoast.com\/wordpress\/plugins\/seo\/ -->\n<title>Abasadori z. Filo dhe Nimanbegu uruan Dit\u00ebn e Flamurit, 28 n\u00ebntorin - Lajme nga Ulqini<\/title>\n<meta name=\"description\" content=\"Perg. Ndue BACAJ N\u00eb lokalin e njohur t\u00eb Tuzit me emrin \u201cTroja\u201d,me daten 26 nentor (2015) Ambasada e republikes s\u00eb Shqiperis\u00eb n\u00eb Malin e Zi dhe Shoqata e\" \/>\n<meta name=\"robots\" content=\"index, follow, max-snippet:-1, max-image-preview:large, max-video-preview:-1\" \/>\n<link rel=\"canonical\" href=\"https:\/\/www.visit-ulcinj.com\/blog\/2015\/11\/27\/abasadorit-z-filo-dhe-nimanbegu-uruan-diten-e-flamurit-28-nentorin\/\" \/>\n<meta property=\"og:locale\" content=\"en_US\" \/>\n<meta property=\"og:type\" content=\"article\" \/>\n<meta property=\"og:title\" content=\"Abasadori z. Filo dhe Nimanbegu uruan Dit\u00ebn e Flamurit, 28 n\u00ebntorin - Lajme nga Ulqini\" \/>\n<meta property=\"og:description\" content=\"Perg. Ndue BACAJ N\u00eb lokalin e njohur t\u00eb Tuzit me emrin \u201cTroja\u201d,me daten 26 nentor (2015) Ambasada e republikes s\u00eb Shqiperis\u00eb n\u00eb Malin e Zi dhe Shoqata e\" \/>\n<meta property=\"og:url\" content=\"https:\/\/www.visit-ulcinj.com\/blog\/2015\/11\/27\/abasadorit-z-filo-dhe-nimanbegu-uruan-diten-e-flamurit-28-nentorin\/\" \/>\n<meta property=\"og:site_name\" content=\"Lajme nga Ulqini\" \/>\n<meta property=\"article:published_time\" content=\"2015-11-27T21:12:53+00:00\" \/>\n<meta property=\"article:modified_time\" content=\"2015-11-28T22:55:15+00:00\" \/>\n<meta property=\"og:image\" content=\"http:\/\/www.visit-ulcinj.com\/blog\/wp-content\/uploads\/2015\/11\/Ambasadori-Filo-Nimanbegu.jpg\" \/>\n<meta name=\"twitter:label1\" content=\"Written by\" \/>\n\t<meta name=\"twitter:data1\" content=\"ulqini\" \/>\n\t<meta name=\"twitter:label2\" content=\"Est. reading time\" \/>\n\t<meta name=\"twitter:data2\" content=\"2 minutes\" \/>\n<script type=\"application\/ld+json\" class=\"yoast-schema-graph\">{\"@context\":\"https:\/\/schema.org\",\"@graph\":[{\"@type\":\"WebSite\",\"@id\":\"https:\/\/www.visit-ulcinj.com\/blog\/#website\",\"url\":\"https:\/\/www.visit-ulcinj.com\/blog\/\",\"name\":\"Lajme nga Ulqini\",\"description\":\"Lajme,Vijesti,Ulqini,Ulqin,Crna Gora,Mali i Zi\",\"potentialAction\":[{\"@type\":\"SearchAction\",\"target\":{\"@type\":\"EntryPoint\",\"urlTemplate\":\"https:\/\/www.visit-ulcinj.com\/blog\/?s={search_term_string}\"},\"query-input\":\"required name=search_term_string\"}],\"inLanguage\":\"en-US\"},{\"@type\":\"ImageObject\",\"inLanguage\":\"en-US\",\"@id\":\"https:\/\/www.visit-ulcinj.com\/blog\/2015\/11\/27\/abasadorit-z-filo-dhe-nimanbegu-uruan-diten-e-flamurit-28-nentorin\/#primaryimage\",\"url\":\"https:\/\/www.visit-ulcinj.com\/blog\/wp-content\/uploads\/2015\/11\/Ambasadori-Filo-Nimanbegu.jpg\",\"contentUrl\":\"https:\/\/www.visit-ulcinj.com\/blog\/wp-content\/uploads\/2015\/11\/Ambasadori-Filo-Nimanbegu.jpg\",\"width\":632,\"height\":474},{\"@type\":\"WebPage\",\"@id\":\"https:\/\/www.visit-ulcinj.com\/blog\/2015\/11\/27\/abasadorit-z-filo-dhe-nimanbegu-uruan-diten-e-flamurit-28-nentorin\/#webpage\",\"url\":\"https:\/\/www.visit-ulcinj.com\/blog\/2015\/11\/27\/abasadorit-z-filo-dhe-nimanbegu-uruan-diten-e-flamurit-28-nentorin\/\",\"name\":\"Abasadori z. Filo dhe Nimanbegu uruan Dit\u00ebn e Flamurit, 28 n\u00ebntorin - Lajme nga Ulqini\",\"isPartOf\":{\"@id\":\"https:\/\/www.visit-ulcinj.com\/blog\/#website\"},\"primaryImageOfPage\":{\"@id\":\"https:\/\/www.visit-ulcinj.com\/blog\/2015\/11\/27\/abasadorit-z-filo-dhe-nimanbegu-uruan-diten-e-flamurit-28-nentorin\/#primaryimage\"},\"datePublished\":\"2015-11-27T21:12:53+00:00\",\"dateModified\":\"2015-11-28T22:55:15+00:00\",\"author\":{\"@id\":\"https:\/\/www.visit-ulcinj.com\/blog\/#\/schema\/person\/dcab619c614d3038751c63bc2aadc06d\"},\"description\":\"Perg. Ndue BACAJ N\u00eb lokalin e njohur t\u00eb Tuzit me emrin \u201cTroja\u201d,me daten 26 nentor (2015) Ambasada e republikes s\u00eb Shqiperis\u00eb n\u00eb Malin e Zi dhe Shoqata e\",\"breadcrumb\":{\"@id\":\"https:\/\/www.visit-ulcinj.com\/blog\/2015\/11\/27\/abasadorit-z-filo-dhe-nimanbegu-uruan-diten-e-flamurit-28-nentorin\/#breadcrumb\"},\"inLanguage\":\"en-US\",\"potentialAction\":[{\"@type\":\"ReadAction\",\"target\":[\"https:\/\/www.visit-ulcinj.com\/blog\/2015\/11\/27\/abasadorit-z-filo-dhe-nimanbegu-uruan-diten-e-flamurit-28-nentorin\/\"]}]},{\"@type\":\"BreadcrumbList\",\"@id\":\"https:\/\/www.visit-ulcinj.com\/blog\/2015\/11\/27\/abasadorit-z-filo-dhe-nimanbegu-uruan-diten-e-flamurit-28-nentorin\/#breadcrumb\",\"itemListElement\":[{\"@type\":\"ListItem\",\"position\":1,\"name\":\"Abasadori z. Filo dhe Nimanbegu uruan Dit\u00ebn e Flamurit, 28 n\u00ebntorin\"}]},{\"@type\":\"Person\",\"@id\":\"https:\/\/www.visit-ulcinj.com\/blog\/#\/schema\/person\/dcab619c614d3038751c63bc2aadc06d\",\"name\":\"ulqini\",\"sameAs\":[\"http:\/\/www.visit-ulcinj.com\"],\"url\":\"https:\/\/www.visit-ulcinj.com\/blog\/author\/admin\/\"}]}<\/script>\n<!-- \/ Yoast SEO plugin. -->","yoast_head_json":{"title":"Abasadori z. Filo dhe Nimanbegu uruan Dit\u00ebn e Flamurit, 28 n\u00ebntorin - Lajme nga Ulqini","description":"Perg. Ndue BACAJ N\u00eb lokalin e njohur t\u00eb Tuzit me emrin \u201cTroja\u201d,me daten 26 nentor (2015) Ambasada e republikes s\u00eb Shqiperis\u00eb n\u00eb Malin e Zi dhe Shoqata e","robots":{"index":"index","follow":"follow","max-snippet":"max-snippet:-1","max-image-preview":"max-image-preview:large","max-video-preview":"max-video-preview:-1"},"canonical":"https:\/\/www.visit-ulcinj.com\/blog\/2015\/11\/27\/abasadorit-z-filo-dhe-nimanbegu-uruan-diten-e-flamurit-28-nentorin\/","og_locale":"en_US","og_type":"article","og_title":"Abasadori z. Filo dhe Nimanbegu uruan Dit\u00ebn e Flamurit, 28 n\u00ebntorin - Lajme nga Ulqini","og_description":"Perg. Ndue BACAJ N\u00eb lokalin e njohur t\u00eb Tuzit me emrin \u201cTroja\u201d,me daten 26 nentor (2015) Ambasada e republikes s\u00eb Shqiperis\u00eb n\u00eb Malin e Zi dhe Shoqata e","og_url":"https:\/\/www.visit-ulcinj.com\/blog\/2015\/11\/27\/abasadorit-z-filo-dhe-nimanbegu-uruan-diten-e-flamurit-28-nentorin\/","og_site_name":"Lajme nga Ulqini","article_published_time":"2015-11-27T21:12:53+00:00","article_modified_time":"2015-11-28T22:55:15+00:00","og_image":[{"url":"http:\/\/www.visit-ulcinj.com\/blog\/wp-content\/uploads\/2015\/11\/Ambasadori-Filo-Nimanbegu.jpg"}],"twitter_misc":{"Written by":"ulqini","Est. reading time":"2 minutes"},"schema":{"@context":"https:\/\/schema.org","@graph":[{"@type":"WebSite","@id":"https:\/\/www.visit-ulcinj.com\/blog\/#website","url":"https:\/\/www.visit-ulcinj.com\/blog\/","name":"Lajme nga Ulqini","description":"Lajme,Vijesti,Ulqini,Ulqin,Crna Gora,Mali i Zi","potentialAction":[{"@type":"SearchAction","target":{"@type":"EntryPoint","urlTemplate":"https:\/\/www.visit-ulcinj.com\/blog\/?s={search_term_string}"},"query-input":"required name=search_term_string"}],"inLanguage":"en-US"},{"@type":"ImageObject","inLanguage":"en-US","@id":"https:\/\/www.visit-ulcinj.com\/blog\/2015\/11\/27\/abasadorit-z-filo-dhe-nimanbegu-uruan-diten-e-flamurit-28-nentorin\/#primaryimage","url":"https:\/\/www.visit-ulcinj.com\/blog\/wp-content\/uploads\/2015\/11\/Ambasadori-Filo-Nimanbegu.jpg","contentUrl":"https:\/\/www.visit-ulcinj.com\/blog\/wp-content\/uploads\/2015\/11\/Ambasadori-Filo-Nimanbegu.jpg","width":632,"height":474},{"@type":"WebPage","@id":"https:\/\/www.visit-ulcinj.com\/blog\/2015\/11\/27\/abasadorit-z-filo-dhe-nimanbegu-uruan-diten-e-flamurit-28-nentorin\/#webpage","url":"https:\/\/www.visit-ulcinj.com\/blog\/2015\/11\/27\/abasadorit-z-filo-dhe-nimanbegu-uruan-diten-e-flamurit-28-nentorin\/","name":"Abasadori z. Filo dhe Nimanbegu uruan Dit\u00ebn e Flamurit, 28 n\u00ebntorin - Lajme nga Ulqini","isPartOf":{"@id":"https:\/\/www.visit-ulcinj.com\/blog\/#website"},"primaryImageOfPage":{"@id":"https:\/\/www.visit-ulcinj.com\/blog\/2015\/11\/27\/abasadorit-z-filo-dhe-nimanbegu-uruan-diten-e-flamurit-28-nentorin\/#primaryimage"},"datePublished":"2015-11-27T21:12:53+00:00","dateModified":"2015-11-28T22:55:15+00:00","author":{"@id":"https:\/\/www.visit-ulcinj.com\/blog\/#\/schema\/person\/dcab619c614d3038751c63bc2aadc06d"},"description":"Perg. Ndue BACAJ N\u00eb lokalin e njohur t\u00eb Tuzit me emrin \u201cTroja\u201d,me daten 26 nentor (2015) Ambasada e republikes s\u00eb Shqiperis\u00eb n\u00eb Malin e Zi dhe Shoqata e","breadcrumb":{"@id":"https:\/\/www.visit-ulcinj.com\/blog\/2015\/11\/27\/abasadorit-z-filo-dhe-nimanbegu-uruan-diten-e-flamurit-28-nentorin\/#breadcrumb"},"inLanguage":"en-US","potentialAction":[{"@type":"ReadAction","target":["https:\/\/www.visit-ulcinj.com\/blog\/2015\/11\/27\/abasadorit-z-filo-dhe-nimanbegu-uruan-diten-e-flamurit-28-nentorin\/"]}]},{"@type":"BreadcrumbList","@id":"https:\/\/www.visit-ulcinj.com\/blog\/2015\/11\/27\/abasadorit-z-filo-dhe-nimanbegu-uruan-diten-e-flamurit-28-nentorin\/#breadcrumb","itemListElement":[{"@type":"ListItem","position":1,"name":"Abasadori z. Filo dhe Nimanbegu uruan Dit\u00ebn e Flamurit, 28 n\u00ebntorin"}]},{"@type":"Person","@id":"https:\/\/www.visit-ulcinj.com\/blog\/#\/schema\/person\/dcab619c614d3038751c63bc2aadc06d","name":"ulqini","sameAs":["http:\/\/www.visit-ulcinj.com"],"url":"https:\/\/www.visit-ulcinj.com\/blog\/author\/admin\/"}]}},"jetpack_featured_media_url":"","jetpack_sharing_enabled":true,"jetpack_shortlink":"https:\/\/wp.me\/pe6lTn-oht","_links":{"self":[{"href":"https:\/\/www.visit-ulcinj.com\/blog\/wp-json\/wp\/v2\/posts\/93339"}],"collection":[{"href":"https:\/\/www.visit-ulcinj.com\/blog\/wp-json\/wp\/v2\/posts"}],"about":[{"href":"https:\/\/www.visit-ulcinj.com\/blog\/wp-json\/wp\/v2\/types\/post"}],"author":[{"embeddable":true,"href":"https:\/\/www.visit-ulcinj.com\/blog\/wp-json\/wp\/v2\/users\/1"}],"replies":[{"embeddable":true,"href":"https:\/\/www.visit-ulcinj.com\/blog\/wp-json\/wp\/v2\/comments?post=93339"}],"version-history":[{"count":2,"href":"https:\/\/www.visit-ulcinj.com\/blog\/wp-json\/wp\/v2\/posts\/93339\/revisions"}],"predecessor-version":[{"id":93355,"href":"https:\/\/www.visit-ulcinj.com\/blog\/wp-json\/wp\/v2\/posts\/93339\/revisions\/93355"}],"wp:attachment":[{"href":"https:\/\/www.visit-ulcinj.com\/blog\/wp-json\/wp\/v2\/media?parent=93339"}],"wp:term":[{"taxonomy":"category","embeddable":true,"href":"https:\/\/www.visit-ulcinj.com\/blog\/wp-json\/wp\/v2\/categories?post=93339"},{"taxonomy":"post_tag","embeddable":true,"href":"https:\/\/www.visit-ulcinj.com\/blog\/wp-json\/wp\/v2\/tags?post=93339"}],"curies":[{"name":"wp","href":"https:\/\/api.w.org\/{rel}","templated":true}]}}