{"id":93343,"date":"2015-11-27T22:31:36","date_gmt":"2015-11-27T21:31:36","guid":{"rendered":"http:\/\/www.visit-ulcinj.com\/blog\/?p=93343"},"modified":"2015-11-27T22:31:36","modified_gmt":"2015-11-27T21:31:36","slug":"ulcinjski-sdp-za-povratak-dps-da-preuzme-vlast-u-ulcinju","status":"publish","type":"post","link":"https:\/\/www.visit-ulcinj.com\/blog\/2015\/11\/27\/ulcinjski-sdp-za-povratak-dps-da-preuzme-vlast-u-ulcinju\/","title":{"rendered":"Ulcinjski SDP za povratak DPS-a da preuzme vlast u Ulcinju"},"content":{"rendered":"<p><a href=\"http:\/\/www.visit-ulcinj.com\/blog\/wp-content\/uploads\/2015\/11\/SDP-ULCINJ-Skender-Elezagic.jpg\"><img loading=\"lazy\" class=\"alignleft wp-image-93344\" src=\"http:\/\/www.visit-ulcinj.com\/blog\/wp-content\/uploads\/2015\/11\/SDP-ULCINJ-Skender-Elezagic.jpg\" alt=\"SDP-ULCINJ-Skender-Elezagic\" width=\"508\" height=\"381\" srcset=\"https:\/\/www.visit-ulcinj.com\/blog\/wp-content\/uploads\/2015\/11\/SDP-ULCINJ-Skender-Elezagic.jpg 640w, https:\/\/www.visit-ulcinj.com\/blog\/wp-content\/uploads\/2015\/11\/SDP-ULCINJ-Skender-Elezagic-300x225.jpg 300w\" sizes=\"(max-width: 508px) 100vw, 508px\" \/><\/a>Ulcinjski SDP apelovao je na Demokratsku partiju socijalista da, u \u0161to kra\u0107em roku, donese doluku i preuzme odgovornost za funcionisanje lokalne vlasti u Ulcinju.Ka\u017eu da su duboko zabrinuti zbog sva\u0111a i podjela unutar vladaju\u0107e koalicje, iako bi ih to, kao opozicionu partiju, trebalo radovati.<\/p>\n<p>\u201cNedostatak iskrenosti i saradnje unutar vladaju\u0107e koalicije je dovela do nerada, nesposobnosti, nezrelosti, neozbiljnosti i krajnje neodgovornosti prema potrebama \u00a0i \u00a0interesima gra\u0111ana, do sada nezabilje\u017eene \u00a0na politi\u010dkoj sceni. Dok se dva najve\u0107a partnera u koaliciji takmi\u010de ko \u0107e biti br\u017ei i uspje\u0161niji u stvaranju uslova za povratak DPS-a u lokalnu vlast, funkcionisanje organa lokalne vlasti je potpuno paralizovano&#8221;, naveli su na dana\u0161njoj konferenciji za \u0161tampu u Op\u0161tinskom odboru SDP-a Ulcinj, \u010dlanovi Odborni\u010dkog kluba Skender Elezagi\u0107 i Ardijan Kasneci.<\/p>\n<p>Ka\u017eu kako lokalni funkcioneri, optere\u0107eni svojom sudbinom u bezbrojnim kombinacijama budu\u0107e vlasti, nemaju vremena da se bave rje\u0161avanjem problema gra\u0111ana Ulcinja.<\/p>\n<p>&#8220;Posebno brine krajnja neaktivnost najvi\u0161eg organa, lokalne Skup\u0161tine, koja bi trebala da kontroli\u0161e i vr\u0161i nadzor nad radom drugih organa&#8221;, kazali su iz ulcinjskog SDP-a i naveli da je lokalni Parlament, u ovoj godini, odr\u017eao samo jednu polu-sjednicu na kojoj su razmatrana pitanja koja se ti\u010du njegovih izvornih \u00a0nadle\u017enosti, a i ta sjednica je, ka\u017eu, zaklju\u010dena a da nijesu iscrpljene sve ta\u010dke koje su bile na dnevnom redu.<\/p>\n<p>Stav predstavnika ulcinjskog SDP-a je i da su sve druge sjednice bile, tako re\u0107i, prinudne i odr\u017eane pod pritiskom drugih, naj\u010de\u0161\u0107e po nalogu centralnih vlasti.<\/p>\n<p>&#8220;U isto vrijeme, u fioci Predsjednika Skup\u0161tine nalazi se vi\u0161e od 50 raznih ataka, koje je pripremila izvr\u0161na vlast i prosijedila ih Skup\u0161tini na usvajanje, a koja su usko vezana, ne samo za ostvarivanje prava i interesa gra\u0111ana nego i za punjenje op\u0161tinskog Bud\u017eeta. Me\u0111u tim aktima se nalaze i urbanisti\u010dki planovi koji su pro\u0161li svu propisanu procedurui posjeduju sve potrebne saglasnosti nadle\u017enog Ministarstva. I dok lokalna vlast opstrui\u0161e sama sebe u usvajanju planova, na\u0161im gra\u0111anima inspekcija ru\u0161i ku\u0107e koje su oni bili prinu\u0111eni \u00a0da grade na divlje, upravo zbog nedostatka prostorno-planske dokumentacije&#8221;, tvrde iz SDP-a.<\/p>\n<p>Isti\u010du\u0107i da gra\u0111ani nijesu upoznati \u201eda je, zbog nea\u017eurnosti lokalne uprave, Vlada stavila van snage i to malo planova kojima je Ulcinj raspolagao\u201c, iz lokalnog SDP-a naglasili su da je me\u0111u njima i urbanisti\u010dki plan za najvredniji dio Ulcinja, Stari grad.<\/p>\n<p>Istakli su, na kraju, da nema potrebe posebno isticati &#8220;da \u0107e SDP podr\u017eati maksimalno svaki napor na stabilizaciji i normalizaciji rada organa lokalne vlasti \u00a0i na na\u0161e anga\u017eovanje ne\u0107e ni najmanje uticati to da li \u0107emo biti ili ne dio budu\u0107e vlasti&#8221;.<\/p>\n<p><strong>Izvor: RTCG<\/strong><\/p>\n","protected":false},"excerpt":{"rendered":"<p>Ulcinjski SDP apelovao je na Demokratsku partiju socijalista da, u \u0161to kra\u0107em roku, donese doluku i preuzme odgovornost za funcionisanje lokalne vlasti u Ulcinju.Ka\u017eu da su duboko zabrinuti zbog sva\u0111a i podjela unutar vladaju\u0107e koalicje, iako bi ih to, kao opozicionu partiju, trebalo radovati. \u201cNedostatak iskrenosti i saradnje unutar vladaju\u0107e koalicije je dovela do nerada, [&hellip;]<\/p>\n","protected":false},"author":1,"featured_media":0,"comment_status":"closed","ping_status":"closed","sticky":false,"template":"","format":"standard","meta":{"spay_email":"","jetpack_publicize_message":"","jetpack_is_tweetstorm":false,"jetpack_publicize_feature_enabled":true},"categories":[8337],"tags":[],"jetpack_publicize_connections":[],"yoast_head":"<!-- This site is optimized with the Yoast SEO plugin v19.1 - https:\/\/yoast.com\/wordpress\/plugins\/seo\/ -->\n<title>Ulcinjski SDP za povratak DPS-a da preuzme vlast u Ulcinju - Lajme nga Ulqini<\/title>\n<meta name=\"description\" content=\"Ulcinjski SDP apelovao je na Demokratsku partiju socijalista da, u \u0161to kra\u0107em roku, donese doluku i preuzme odgovornost za funcionisanje lokalne vlasti u\" \/>\n<meta name=\"robots\" content=\"index, follow, max-snippet:-1, max-image-preview:large, max-video-preview:-1\" \/>\n<link rel=\"canonical\" href=\"https:\/\/www.visit-ulcinj.com\/blog\/2015\/11\/27\/ulcinjski-sdp-za-povratak-dps-da-preuzme-vlast-u-ulcinju\/\" \/>\n<meta property=\"og:locale\" content=\"en_US\" \/>\n<meta property=\"og:type\" content=\"article\" \/>\n<meta property=\"og:title\" content=\"Ulcinjski SDP za povratak DPS-a da preuzme vlast u Ulcinju - Lajme nga Ulqini\" \/>\n<meta property=\"og:description\" content=\"Ulcinjski SDP apelovao je na Demokratsku partiju socijalista da, u \u0161to kra\u0107em roku, donese doluku i preuzme odgovornost za funcionisanje lokalne vlasti u\" \/>\n<meta property=\"og:url\" content=\"https:\/\/www.visit-ulcinj.com\/blog\/2015\/11\/27\/ulcinjski-sdp-za-povratak-dps-da-preuzme-vlast-u-ulcinju\/\" \/>\n<meta property=\"og:site_name\" content=\"Lajme nga Ulqini\" \/>\n<meta property=\"article:published_time\" content=\"2015-11-27T21:31:36+00:00\" \/>\n<meta property=\"og:image\" content=\"http:\/\/www.visit-ulcinj.com\/blog\/wp-content\/uploads\/2015\/11\/SDP-ULCINJ-Skender-Elezagic.jpg\" \/>\n<meta name=\"twitter:label1\" content=\"Written by\" \/>\n\t<meta name=\"twitter:data1\" content=\"ulqini\" \/>\n\t<meta name=\"twitter:label2\" content=\"Est. reading time\" \/>\n\t<meta name=\"twitter:data2\" content=\"2 minutes\" \/>\n<script type=\"application\/ld+json\" class=\"yoast-schema-graph\">{\"@context\":\"https:\/\/schema.org\",\"@graph\":[{\"@type\":\"WebSite\",\"@id\":\"https:\/\/www.visit-ulcinj.com\/blog\/#website\",\"url\":\"https:\/\/www.visit-ulcinj.com\/blog\/\",\"name\":\"Lajme nga Ulqini\",\"description\":\"Lajme,Vijesti,Ulqini,Ulqin,Crna Gora,Mali i Zi\",\"potentialAction\":[{\"@type\":\"SearchAction\",\"target\":{\"@type\":\"EntryPoint\",\"urlTemplate\":\"https:\/\/www.visit-ulcinj.com\/blog\/?s={search_term_string}\"},\"query-input\":\"required name=search_term_string\"}],\"inLanguage\":\"en-US\"},{\"@type\":\"ImageObject\",\"inLanguage\":\"en-US\",\"@id\":\"https:\/\/www.visit-ulcinj.com\/blog\/2015\/11\/27\/ulcinjski-sdp-za-povratak-dps-da-preuzme-vlast-u-ulcinju\/#primaryimage\",\"url\":\"https:\/\/www.visit-ulcinj.com\/blog\/wp-content\/uploads\/2015\/11\/SDP-ULCINJ-Skender-Elezagic.jpg\",\"contentUrl\":\"https:\/\/www.visit-ulcinj.com\/blog\/wp-content\/uploads\/2015\/11\/SDP-ULCINJ-Skender-Elezagic.jpg\",\"width\":640,\"height\":480},{\"@type\":\"WebPage\",\"@id\":\"https:\/\/www.visit-ulcinj.com\/blog\/2015\/11\/27\/ulcinjski-sdp-za-povratak-dps-da-preuzme-vlast-u-ulcinju\/#webpage\",\"url\":\"https:\/\/www.visit-ulcinj.com\/blog\/2015\/11\/27\/ulcinjski-sdp-za-povratak-dps-da-preuzme-vlast-u-ulcinju\/\",\"name\":\"Ulcinjski SDP za povratak DPS-a da preuzme vlast u Ulcinju - Lajme nga Ulqini\",\"isPartOf\":{\"@id\":\"https:\/\/www.visit-ulcinj.com\/blog\/#website\"},\"primaryImageOfPage\":{\"@id\":\"https:\/\/www.visit-ulcinj.com\/blog\/2015\/11\/27\/ulcinjski-sdp-za-povratak-dps-da-preuzme-vlast-u-ulcinju\/#primaryimage\"},\"datePublished\":\"2015-11-27T21:31:36+00:00\",\"dateModified\":\"2015-11-27T21:31:36+00:00\",\"author\":{\"@id\":\"https:\/\/www.visit-ulcinj.com\/blog\/#\/schema\/person\/dcab619c614d3038751c63bc2aadc06d\"},\"description\":\"Ulcinjski SDP apelovao je na Demokratsku partiju socijalista da, u \u0161to kra\u0107em roku, donese doluku i preuzme odgovornost za funcionisanje lokalne vlasti u\",\"breadcrumb\":{\"@id\":\"https:\/\/www.visit-ulcinj.com\/blog\/2015\/11\/27\/ulcinjski-sdp-za-povratak-dps-da-preuzme-vlast-u-ulcinju\/#breadcrumb\"},\"inLanguage\":\"en-US\",\"potentialAction\":[{\"@type\":\"ReadAction\",\"target\":[\"https:\/\/www.visit-ulcinj.com\/blog\/2015\/11\/27\/ulcinjski-sdp-za-povratak-dps-da-preuzme-vlast-u-ulcinju\/\"]}]},{\"@type\":\"BreadcrumbList\",\"@id\":\"https:\/\/www.visit-ulcinj.com\/blog\/2015\/11\/27\/ulcinjski-sdp-za-povratak-dps-da-preuzme-vlast-u-ulcinju\/#breadcrumb\",\"itemListElement\":[{\"@type\":\"ListItem\",\"position\":1,\"name\":\"Ulcinjski SDP za povratak DPS-a da preuzme vlast u Ulcinju\"}]},{\"@type\":\"Person\",\"@id\":\"https:\/\/www.visit-ulcinj.com\/blog\/#\/schema\/person\/dcab619c614d3038751c63bc2aadc06d\",\"name\":\"ulqini\",\"sameAs\":[\"http:\/\/www.visit-ulcinj.com\"],\"url\":\"https:\/\/www.visit-ulcinj.com\/blog\/author\/admin\/\"}]}<\/script>\n<!-- \/ Yoast SEO plugin. -->","yoast_head_json":{"title":"Ulcinjski SDP za povratak DPS-a da preuzme vlast u Ulcinju - Lajme nga Ulqini","description":"Ulcinjski SDP apelovao je na Demokratsku partiju socijalista da, u \u0161to kra\u0107em roku, donese doluku i preuzme odgovornost za funcionisanje lokalne vlasti u","robots":{"index":"index","follow":"follow","max-snippet":"max-snippet:-1","max-image-preview":"max-image-preview:large","max-video-preview":"max-video-preview:-1"},"canonical":"https:\/\/www.visit-ulcinj.com\/blog\/2015\/11\/27\/ulcinjski-sdp-za-povratak-dps-da-preuzme-vlast-u-ulcinju\/","og_locale":"en_US","og_type":"article","og_title":"Ulcinjski SDP za povratak DPS-a da preuzme vlast u Ulcinju - Lajme nga Ulqini","og_description":"Ulcinjski SDP apelovao je na Demokratsku partiju socijalista da, u \u0161to kra\u0107em roku, donese doluku i preuzme odgovornost za funcionisanje lokalne vlasti u","og_url":"https:\/\/www.visit-ulcinj.com\/blog\/2015\/11\/27\/ulcinjski-sdp-za-povratak-dps-da-preuzme-vlast-u-ulcinju\/","og_site_name":"Lajme nga Ulqini","article_published_time":"2015-11-27T21:31:36+00:00","og_image":[{"url":"http:\/\/www.visit-ulcinj.com\/blog\/wp-content\/uploads\/2015\/11\/SDP-ULCINJ-Skender-Elezagic.jpg"}],"twitter_misc":{"Written by":"ulqini","Est. reading time":"2 minutes"},"schema":{"@context":"https:\/\/schema.org","@graph":[{"@type":"WebSite","@id":"https:\/\/www.visit-ulcinj.com\/blog\/#website","url":"https:\/\/www.visit-ulcinj.com\/blog\/","name":"Lajme nga Ulqini","description":"Lajme,Vijesti,Ulqini,Ulqin,Crna Gora,Mali i Zi","potentialAction":[{"@type":"SearchAction","target":{"@type":"EntryPoint","urlTemplate":"https:\/\/www.visit-ulcinj.com\/blog\/?s={search_term_string}"},"query-input":"required name=search_term_string"}],"inLanguage":"en-US"},{"@type":"ImageObject","inLanguage":"en-US","@id":"https:\/\/www.visit-ulcinj.com\/blog\/2015\/11\/27\/ulcinjski-sdp-za-povratak-dps-da-preuzme-vlast-u-ulcinju\/#primaryimage","url":"https:\/\/www.visit-ulcinj.com\/blog\/wp-content\/uploads\/2015\/11\/SDP-ULCINJ-Skender-Elezagic.jpg","contentUrl":"https:\/\/www.visit-ulcinj.com\/blog\/wp-content\/uploads\/2015\/11\/SDP-ULCINJ-Skender-Elezagic.jpg","width":640,"height":480},{"@type":"WebPage","@id":"https:\/\/www.visit-ulcinj.com\/blog\/2015\/11\/27\/ulcinjski-sdp-za-povratak-dps-da-preuzme-vlast-u-ulcinju\/#webpage","url":"https:\/\/www.visit-ulcinj.com\/blog\/2015\/11\/27\/ulcinjski-sdp-za-povratak-dps-da-preuzme-vlast-u-ulcinju\/","name":"Ulcinjski SDP za povratak DPS-a da preuzme vlast u Ulcinju - Lajme nga Ulqini","isPartOf":{"@id":"https:\/\/www.visit-ulcinj.com\/blog\/#website"},"primaryImageOfPage":{"@id":"https:\/\/www.visit-ulcinj.com\/blog\/2015\/11\/27\/ulcinjski-sdp-za-povratak-dps-da-preuzme-vlast-u-ulcinju\/#primaryimage"},"datePublished":"2015-11-27T21:31:36+00:00","dateModified":"2015-11-27T21:31:36+00:00","author":{"@id":"https:\/\/www.visit-ulcinj.com\/blog\/#\/schema\/person\/dcab619c614d3038751c63bc2aadc06d"},"description":"Ulcinjski SDP apelovao je na Demokratsku partiju socijalista da, u \u0161to kra\u0107em roku, donese doluku i preuzme odgovornost za funcionisanje lokalne vlasti u","breadcrumb":{"@id":"https:\/\/www.visit-ulcinj.com\/blog\/2015\/11\/27\/ulcinjski-sdp-za-povratak-dps-da-preuzme-vlast-u-ulcinju\/#breadcrumb"},"inLanguage":"en-US","potentialAction":[{"@type":"ReadAction","target":["https:\/\/www.visit-ulcinj.com\/blog\/2015\/11\/27\/ulcinjski-sdp-za-povratak-dps-da-preuzme-vlast-u-ulcinju\/"]}]},{"@type":"BreadcrumbList","@id":"https:\/\/www.visit-ulcinj.com\/blog\/2015\/11\/27\/ulcinjski-sdp-za-povratak-dps-da-preuzme-vlast-u-ulcinju\/#breadcrumb","itemListElement":[{"@type":"ListItem","position":1,"name":"Ulcinjski SDP za povratak DPS-a da preuzme vlast u Ulcinju"}]},{"@type":"Person","@id":"https:\/\/www.visit-ulcinj.com\/blog\/#\/schema\/person\/dcab619c614d3038751c63bc2aadc06d","name":"ulqini","sameAs":["http:\/\/www.visit-ulcinj.com"],"url":"https:\/\/www.visit-ulcinj.com\/blog\/author\/admin\/"}]}},"jetpack_featured_media_url":"","jetpack_sharing_enabled":true,"jetpack_shortlink":"https:\/\/wp.me\/pe6lTn-ohx","_links":{"self":[{"href":"https:\/\/www.visit-ulcinj.com\/blog\/wp-json\/wp\/v2\/posts\/93343"}],"collection":[{"href":"https:\/\/www.visit-ulcinj.com\/blog\/wp-json\/wp\/v2\/posts"}],"about":[{"href":"https:\/\/www.visit-ulcinj.com\/blog\/wp-json\/wp\/v2\/types\/post"}],"author":[{"embeddable":true,"href":"https:\/\/www.visit-ulcinj.com\/blog\/wp-json\/wp\/v2\/users\/1"}],"replies":[{"embeddable":true,"href":"https:\/\/www.visit-ulcinj.com\/blog\/wp-json\/wp\/v2\/comments?post=93343"}],"version-history":[{"count":1,"href":"https:\/\/www.visit-ulcinj.com\/blog\/wp-json\/wp\/v2\/posts\/93343\/revisions"}],"predecessor-version":[{"id":93345,"href":"https:\/\/www.visit-ulcinj.com\/blog\/wp-json\/wp\/v2\/posts\/93343\/revisions\/93345"}],"wp:attachment":[{"href":"https:\/\/www.visit-ulcinj.com\/blog\/wp-json\/wp\/v2\/media?parent=93343"}],"wp:term":[{"taxonomy":"category","embeddable":true,"href":"https:\/\/www.visit-ulcinj.com\/blog\/wp-json\/wp\/v2\/categories?post=93343"},{"taxonomy":"post_tag","embeddable":true,"href":"https:\/\/www.visit-ulcinj.com\/blog\/wp-json\/wp\/v2\/tags?post=93343"}],"curies":[{"name":"wp","href":"https:\/\/api.w.org\/{rel}","templated":true}]}}