{"id":93346,"date":"2015-11-27T22:36:58","date_gmt":"2015-11-27T21:36:58","guid":{"rendered":"http:\/\/www.visit-ulcinj.com\/blog\/?p=93346"},"modified":"2015-11-27T22:36:58","modified_gmt":"2015-11-27T21:36:58","slug":"fatmiru-deki-izglasavaju-nepovjerenje-30-novembra-2015","status":"publish","type":"post","link":"https:\/\/www.visit-ulcinj.com\/blog\/2015\/11\/27\/fatmiru-deki-izglasavaju-nepovjerenje-30-novembra-2015\/","title":{"rendered":"Fatmiru \u0110eki izglasavaju nepovjerenje 30. novembra 2015"},"content":{"rendered":"<p><a href=\"http:\/\/www.visit-ulcinj.com\/blog\/wp-content\/uploads\/2015\/11\/Fatmir-Gjeka-Ulqin.jpg\"><img loading=\"lazy\" class=\"alignleft wp-image-92989\" src=\"http:\/\/www.visit-ulcinj.com\/blog\/wp-content\/uploads\/2015\/11\/Fatmir-Gjeka-Ulqin.jpg\" alt=\"Fatmir-Gjeka-Ulqin\" width=\"508\" height=\"391\" srcset=\"https:\/\/www.visit-ulcinj.com\/blog\/wp-content\/uploads\/2015\/11\/Fatmir-Gjeka-Ulqin.jpg 516w, https:\/\/www.visit-ulcinj.com\/blog\/wp-content\/uploads\/2015\/11\/Fatmir-Gjeka-Ulqin-300x231.jpg 300w\" sizes=\"(max-width: 508px) 100vw, 508px\" \/><\/a>Sjednica Skup\u0161tine op\u0161tine Ulcinj, na kojoj bi trebalo da se raspravlja o pitanju povjerenja aktuelnom predsjedniku op\u0161tine Fatmiru \u0110eki, bi\u0107e odr\u017eana 30. novembra, saznaje Pobjeda od vi\u0161e izvora iz Demokratske partije socijalista (DPS).<\/p>\n<p>Prema saznanjima tog lista, ve\u0107ina za izglasavanje nepovjerenja \u0110eki, a samim tim i lokalnoj vlasti je obezbije\u0111ena, jer \u0107e za smjenu predsjednika op\u0161tine sigurno glasati pored DPS-a i albanska stranka Forca.<\/p>\n<p>Nakon \u0161to \u0110eki, a samim tim i lokalnoj vlasti bude uskra\u0107eno povjerenje, uslijedi\u0107e pregovori o prekompoziciji lokalne vlasti u kojoj \u0107e se izvjesno na\u0107i DPS, dok \u0107e vlast sigurno napustiti Ujedinjena reformska akcija Dritana Abazovi\u0107a. Prema tom scenariju, novu ulcinjsku vlast trebalo bi da formira Demokratska partija socijalista, i to najvjerovatnije u koaliciji sa Forcom i Demokratskom unijom Albanaca.<\/p>\n<p>U tom slu\u010daju novi predsjednik op\u0161tine bi trebalo da bude iz DPS-a ili Force, dok je budu\u0107i status dosada\u0161njeg predsjednika op\u0161tine \u0110eke i njegove koalicije jo\u0161 neizvjestan. \u0110eka je nekoliko puta u posljednjih desetak dana razgovarao sa ljudima iz vrha DPS-a i tra\u017eio da i on i njegova koalicija, tako\u0111e, budu dio budu\u0107e \u0161iroke lokalne vlasti.<\/p>\n<p>Predsjednik ulcinjskog DPS-a, Ljoro Nreki\u0107, rekao je ranije da \u0107e njegova partija sigurno u\u0107i u vlast Ulcinja, odbacuju\u0107i mogu\u0107nost vanrednih lokalnih izbora u tom primorskom gradu.<\/p>\n<p>Forca, Koalicija &#8220;Za budu\u0107nost Ulcinja\u201c i Dritan Abazovi\u0107 formirali su lokalnu vlast u Ulcinju po\u010detkom februara 2014. godine.<\/p>\n<p>DPS je pojedina\u010dno najja\u010da partija u Ulcinju i u lokalnom parlamentu participira sa devet odbornika, Forca ima osam, a koalicija Fatmira \u0110eke sedam odbornika. DUA ima tri odbornika, SDP i URA po dva, a DF i SNP po jednog odbornika. Lokalni parlament broji 33 odbornika.<\/p>\n<p><strong>Izvor: RTCG<\/strong><\/p>\n","protected":false},"excerpt":{"rendered":"<p>Sjednica Skup\u0161tine op\u0161tine Ulcinj, na kojoj bi trebalo da se raspravlja o pitanju povjerenja aktuelnom predsjedniku op\u0161tine Fatmiru \u0110eki, bi\u0107e odr\u017eana 30. novembra, saznaje Pobjeda od vi\u0161e izvora iz Demokratske partije socijalista (DPS). Prema saznanjima tog lista, ve\u0107ina za izglasavanje nepovjerenja \u0110eki, a samim tim i lokalnoj vlasti je obezbije\u0111ena, jer \u0107e za smjenu predsjednika [&hellip;]<\/p>\n","protected":false},"author":1,"featured_media":0,"comment_status":"closed","ping_status":"closed","sticky":false,"template":"","format":"standard","meta":{"spay_email":"","jetpack_publicize_message":"","jetpack_is_tweetstorm":false,"jetpack_publicize_feature_enabled":true},"categories":[6950],"tags":[],"jetpack_publicize_connections":[],"yoast_head":"<!-- This site is optimized with the Yoast SEO plugin v19.1 - https:\/\/yoast.com\/wordpress\/plugins\/seo\/ -->\n<title>Fatmiru \u0110eki izglasavaju nepovjerenje 30. novembra 2015 - Lajme nga Ulqini<\/title>\n<meta name=\"description\" content=\"Sjednica Skup\u0161tine op\u0161tine Ulcinj, na kojoj bi trebalo da se raspravlja o pitanju povjerenja aktuelnom predsjedniku op\u0161tine Fatmiru \u0110eki, bi\u0107e odr\u017eana 30.\" \/>\n<meta name=\"robots\" content=\"index, follow, max-snippet:-1, max-image-preview:large, max-video-preview:-1\" \/>\n<link rel=\"canonical\" href=\"https:\/\/www.visit-ulcinj.com\/blog\/2015\/11\/27\/fatmiru-deki-izglasavaju-nepovjerenje-30-novembra-2015\/\" \/>\n<meta property=\"og:locale\" content=\"en_US\" \/>\n<meta property=\"og:type\" content=\"article\" \/>\n<meta property=\"og:title\" content=\"Fatmiru \u0110eki izglasavaju nepovjerenje 30. novembra 2015 - Lajme nga Ulqini\" \/>\n<meta property=\"og:description\" content=\"Sjednica Skup\u0161tine op\u0161tine Ulcinj, na kojoj bi trebalo da se raspravlja o pitanju povjerenja aktuelnom predsjedniku op\u0161tine Fatmiru \u0110eki, bi\u0107e odr\u017eana 30.\" \/>\n<meta property=\"og:url\" content=\"https:\/\/www.visit-ulcinj.com\/blog\/2015\/11\/27\/fatmiru-deki-izglasavaju-nepovjerenje-30-novembra-2015\/\" \/>\n<meta property=\"og:site_name\" content=\"Lajme nga Ulqini\" \/>\n<meta property=\"article:published_time\" content=\"2015-11-27T21:36:58+00:00\" \/>\n<meta property=\"og:image\" content=\"http:\/\/www.visit-ulcinj.com\/blog\/wp-content\/uploads\/2015\/11\/Fatmir-Gjeka-Ulqin.jpg\" \/>\n<meta name=\"twitter:label1\" content=\"Written by\" \/>\n\t<meta name=\"twitter:data1\" content=\"ulqini\" \/>\n\t<meta name=\"twitter:label2\" content=\"Est. reading time\" \/>\n\t<meta name=\"twitter:data2\" content=\"1 minute\" \/>\n<script type=\"application\/ld+json\" class=\"yoast-schema-graph\">{\"@context\":\"https:\/\/schema.org\",\"@graph\":[{\"@type\":\"WebSite\",\"@id\":\"https:\/\/www.visit-ulcinj.com\/blog\/#website\",\"url\":\"https:\/\/www.visit-ulcinj.com\/blog\/\",\"name\":\"Lajme nga Ulqini\",\"description\":\"Lajme,Vijesti,Ulqini,Ulqin,Crna Gora,Mali i Zi\",\"potentialAction\":[{\"@type\":\"SearchAction\",\"target\":{\"@type\":\"EntryPoint\",\"urlTemplate\":\"https:\/\/www.visit-ulcinj.com\/blog\/?s={search_term_string}\"},\"query-input\":\"required name=search_term_string\"}],\"inLanguage\":\"en-US\"},{\"@type\":\"ImageObject\",\"inLanguage\":\"en-US\",\"@id\":\"https:\/\/www.visit-ulcinj.com\/blog\/2015\/11\/27\/fatmiru-deki-izglasavaju-nepovjerenje-30-novembra-2015\/#primaryimage\",\"url\":\"https:\/\/www.visit-ulcinj.com\/blog\/wp-content\/uploads\/2015\/11\/Fatmir-Gjeka-Ulqin.jpg\",\"contentUrl\":\"https:\/\/www.visit-ulcinj.com\/blog\/wp-content\/uploads\/2015\/11\/Fatmir-Gjeka-Ulqin.jpg\",\"width\":516,\"height\":397},{\"@type\":\"WebPage\",\"@id\":\"https:\/\/www.visit-ulcinj.com\/blog\/2015\/11\/27\/fatmiru-deki-izglasavaju-nepovjerenje-30-novembra-2015\/#webpage\",\"url\":\"https:\/\/www.visit-ulcinj.com\/blog\/2015\/11\/27\/fatmiru-deki-izglasavaju-nepovjerenje-30-novembra-2015\/\",\"name\":\"Fatmiru \u0110eki izglasavaju nepovjerenje 30. novembra 2015 - Lajme nga Ulqini\",\"isPartOf\":{\"@id\":\"https:\/\/www.visit-ulcinj.com\/blog\/#website\"},\"primaryImageOfPage\":{\"@id\":\"https:\/\/www.visit-ulcinj.com\/blog\/2015\/11\/27\/fatmiru-deki-izglasavaju-nepovjerenje-30-novembra-2015\/#primaryimage\"},\"datePublished\":\"2015-11-27T21:36:58+00:00\",\"dateModified\":\"2015-11-27T21:36:58+00:00\",\"author\":{\"@id\":\"https:\/\/www.visit-ulcinj.com\/blog\/#\/schema\/person\/dcab619c614d3038751c63bc2aadc06d\"},\"description\":\"Sjednica Skup\u0161tine op\u0161tine Ulcinj, na kojoj bi trebalo da se raspravlja o pitanju povjerenja aktuelnom predsjedniku op\u0161tine Fatmiru \u0110eki, bi\u0107e odr\u017eana 30.\",\"breadcrumb\":{\"@id\":\"https:\/\/www.visit-ulcinj.com\/blog\/2015\/11\/27\/fatmiru-deki-izglasavaju-nepovjerenje-30-novembra-2015\/#breadcrumb\"},\"inLanguage\":\"en-US\",\"potentialAction\":[{\"@type\":\"ReadAction\",\"target\":[\"https:\/\/www.visit-ulcinj.com\/blog\/2015\/11\/27\/fatmiru-deki-izglasavaju-nepovjerenje-30-novembra-2015\/\"]}]},{\"@type\":\"BreadcrumbList\",\"@id\":\"https:\/\/www.visit-ulcinj.com\/blog\/2015\/11\/27\/fatmiru-deki-izglasavaju-nepovjerenje-30-novembra-2015\/#breadcrumb\",\"itemListElement\":[{\"@type\":\"ListItem\",\"position\":1,\"name\":\"Fatmiru \u0110eki izglasavaju nepovjerenje 30. novembra 2015\"}]},{\"@type\":\"Person\",\"@id\":\"https:\/\/www.visit-ulcinj.com\/blog\/#\/schema\/person\/dcab619c614d3038751c63bc2aadc06d\",\"name\":\"ulqini\",\"sameAs\":[\"http:\/\/www.visit-ulcinj.com\"],\"url\":\"https:\/\/www.visit-ulcinj.com\/blog\/author\/admin\/\"}]}<\/script>\n<!-- \/ Yoast SEO plugin. -->","yoast_head_json":{"title":"Fatmiru \u0110eki izglasavaju nepovjerenje 30. novembra 2015 - Lajme nga Ulqini","description":"Sjednica Skup\u0161tine op\u0161tine Ulcinj, na kojoj bi trebalo da se raspravlja o pitanju povjerenja aktuelnom predsjedniku op\u0161tine Fatmiru \u0110eki, bi\u0107e odr\u017eana 30.","robots":{"index":"index","follow":"follow","max-snippet":"max-snippet:-1","max-image-preview":"max-image-preview:large","max-video-preview":"max-video-preview:-1"},"canonical":"https:\/\/www.visit-ulcinj.com\/blog\/2015\/11\/27\/fatmiru-deki-izglasavaju-nepovjerenje-30-novembra-2015\/","og_locale":"en_US","og_type":"article","og_title":"Fatmiru \u0110eki izglasavaju nepovjerenje 30. novembra 2015 - Lajme nga Ulqini","og_description":"Sjednica Skup\u0161tine op\u0161tine Ulcinj, na kojoj bi trebalo da se raspravlja o pitanju povjerenja aktuelnom predsjedniku op\u0161tine Fatmiru \u0110eki, bi\u0107e odr\u017eana 30.","og_url":"https:\/\/www.visit-ulcinj.com\/blog\/2015\/11\/27\/fatmiru-deki-izglasavaju-nepovjerenje-30-novembra-2015\/","og_site_name":"Lajme nga Ulqini","article_published_time":"2015-11-27T21:36:58+00:00","og_image":[{"url":"http:\/\/www.visit-ulcinj.com\/blog\/wp-content\/uploads\/2015\/11\/Fatmir-Gjeka-Ulqin.jpg"}],"twitter_misc":{"Written by":"ulqini","Est. reading time":"1 minute"},"schema":{"@context":"https:\/\/schema.org","@graph":[{"@type":"WebSite","@id":"https:\/\/www.visit-ulcinj.com\/blog\/#website","url":"https:\/\/www.visit-ulcinj.com\/blog\/","name":"Lajme nga Ulqini","description":"Lajme,Vijesti,Ulqini,Ulqin,Crna Gora,Mali i Zi","potentialAction":[{"@type":"SearchAction","target":{"@type":"EntryPoint","urlTemplate":"https:\/\/www.visit-ulcinj.com\/blog\/?s={search_term_string}"},"query-input":"required name=search_term_string"}],"inLanguage":"en-US"},{"@type":"ImageObject","inLanguage":"en-US","@id":"https:\/\/www.visit-ulcinj.com\/blog\/2015\/11\/27\/fatmiru-deki-izglasavaju-nepovjerenje-30-novembra-2015\/#primaryimage","url":"https:\/\/www.visit-ulcinj.com\/blog\/wp-content\/uploads\/2015\/11\/Fatmir-Gjeka-Ulqin.jpg","contentUrl":"https:\/\/www.visit-ulcinj.com\/blog\/wp-content\/uploads\/2015\/11\/Fatmir-Gjeka-Ulqin.jpg","width":516,"height":397},{"@type":"WebPage","@id":"https:\/\/www.visit-ulcinj.com\/blog\/2015\/11\/27\/fatmiru-deki-izglasavaju-nepovjerenje-30-novembra-2015\/#webpage","url":"https:\/\/www.visit-ulcinj.com\/blog\/2015\/11\/27\/fatmiru-deki-izglasavaju-nepovjerenje-30-novembra-2015\/","name":"Fatmiru \u0110eki izglasavaju nepovjerenje 30. novembra 2015 - Lajme nga Ulqini","isPartOf":{"@id":"https:\/\/www.visit-ulcinj.com\/blog\/#website"},"primaryImageOfPage":{"@id":"https:\/\/www.visit-ulcinj.com\/blog\/2015\/11\/27\/fatmiru-deki-izglasavaju-nepovjerenje-30-novembra-2015\/#primaryimage"},"datePublished":"2015-11-27T21:36:58+00:00","dateModified":"2015-11-27T21:36:58+00:00","author":{"@id":"https:\/\/www.visit-ulcinj.com\/blog\/#\/schema\/person\/dcab619c614d3038751c63bc2aadc06d"},"description":"Sjednica Skup\u0161tine op\u0161tine Ulcinj, na kojoj bi trebalo da se raspravlja o pitanju povjerenja aktuelnom predsjedniku op\u0161tine Fatmiru \u0110eki, bi\u0107e odr\u017eana 30.","breadcrumb":{"@id":"https:\/\/www.visit-ulcinj.com\/blog\/2015\/11\/27\/fatmiru-deki-izglasavaju-nepovjerenje-30-novembra-2015\/#breadcrumb"},"inLanguage":"en-US","potentialAction":[{"@type":"ReadAction","target":["https:\/\/www.visit-ulcinj.com\/blog\/2015\/11\/27\/fatmiru-deki-izglasavaju-nepovjerenje-30-novembra-2015\/"]}]},{"@type":"BreadcrumbList","@id":"https:\/\/www.visit-ulcinj.com\/blog\/2015\/11\/27\/fatmiru-deki-izglasavaju-nepovjerenje-30-novembra-2015\/#breadcrumb","itemListElement":[{"@type":"ListItem","position":1,"name":"Fatmiru \u0110eki izglasavaju nepovjerenje 30. novembra 2015"}]},{"@type":"Person","@id":"https:\/\/www.visit-ulcinj.com\/blog\/#\/schema\/person\/dcab619c614d3038751c63bc2aadc06d","name":"ulqini","sameAs":["http:\/\/www.visit-ulcinj.com"],"url":"https:\/\/www.visit-ulcinj.com\/blog\/author\/admin\/"}]}},"jetpack_featured_media_url":"","jetpack_sharing_enabled":true,"jetpack_shortlink":"https:\/\/wp.me\/pe6lTn-ohA","_links":{"self":[{"href":"https:\/\/www.visit-ulcinj.com\/blog\/wp-json\/wp\/v2\/posts\/93346"}],"collection":[{"href":"https:\/\/www.visit-ulcinj.com\/blog\/wp-json\/wp\/v2\/posts"}],"about":[{"href":"https:\/\/www.visit-ulcinj.com\/blog\/wp-json\/wp\/v2\/types\/post"}],"author":[{"embeddable":true,"href":"https:\/\/www.visit-ulcinj.com\/blog\/wp-json\/wp\/v2\/users\/1"}],"replies":[{"embeddable":true,"href":"https:\/\/www.visit-ulcinj.com\/blog\/wp-json\/wp\/v2\/comments?post=93346"}],"version-history":[{"count":1,"href":"https:\/\/www.visit-ulcinj.com\/blog\/wp-json\/wp\/v2\/posts\/93346\/revisions"}],"predecessor-version":[{"id":93347,"href":"https:\/\/www.visit-ulcinj.com\/blog\/wp-json\/wp\/v2\/posts\/93346\/revisions\/93347"}],"wp:attachment":[{"href":"https:\/\/www.visit-ulcinj.com\/blog\/wp-json\/wp\/v2\/media?parent=93346"}],"wp:term":[{"taxonomy":"category","embeddable":true,"href":"https:\/\/www.visit-ulcinj.com\/blog\/wp-json\/wp\/v2\/categories?post=93346"},{"taxonomy":"post_tag","embeddable":true,"href":"https:\/\/www.visit-ulcinj.com\/blog\/wp-json\/wp\/v2\/tags?post=93346"}],"curies":[{"name":"wp","href":"https:\/\/api.w.org\/{rel}","templated":true}]}}