{"id":93348,"date":"2015-11-27T22:48:26","date_gmt":"2015-11-27T21:48:26","guid":{"rendered":"http:\/\/www.visit-ulcinj.com\/blog\/?p=93348"},"modified":"2015-11-27T22:48:53","modified_gmt":"2015-11-27T21:48:53","slug":"rikompozimi-pushtetit-ne-ulqin-fillone-mbas-1-dhjetorit","status":"publish","type":"post","link":"https:\/\/www.visit-ulcinj.com\/blog\/2015\/11\/27\/rikompozimi-pushtetit-ne-ulqin-fillone-mbas-1-dhjetorit\/","title":{"rendered":"Rikompozimi i pushtetit n\u00eb Ulqin fillon\u00eb mbas 1 dhjetorit"},"content":{"rendered":"<p><strong><a href=\"http:\/\/www.visit-ulcinj.com\/blog\/wp-content\/uploads\/2009\/03\/zgjedhjet-parlamentare-ne-mali-te-zi.jpg\"><img loading=\"lazy\" class=\"alignleft wp-image-16063 size-medium\" src=\"http:\/\/www.visit-ulcinj.com\/blog\/wp-content\/uploads\/2009\/03\/zgjedhjet-parlamentare-ne-mali-te-zi-247x300.jpg\" alt=\"zgjedhjet-parlamentare-ne-mali-te-zi\" width=\"247\" height=\"300\" srcset=\"https:\/\/www.visit-ulcinj.com\/blog\/wp-content\/uploads\/2009\/03\/zgjedhjet-parlamentare-ne-mali-te-zi-247x300.jpg 247w, https:\/\/www.visit-ulcinj.com\/blog\/wp-content\/uploads\/2009\/03\/zgjedhjet-parlamentare-ne-mali-te-zi.jpg 347w\" sizes=\"(max-width: 247px) 100vw, 247px\" \/><\/a>Vazhdimi i bisedimeve rreth platform\u00ebs me 4 dhjetor<\/strong><\/p>\n<p>N\u00eb fund t\u00eb jav\u00ebs s\u00eb ardhshme do t\u00eb vazhdojn\u00eb bisedimet e partive nacionale shqiptare dhe organizatave politike rreth p\u00ebrpilimit t\u00eb platform\u00ebs s\u00eb p\u00ebrbashk\u00ebt. Si\u00e7 njofton Portalin Ul-info, mbledhja do t\u00eb mbahet n\u00eb Ulqin, m\u00eb 4 dhjetor. Takimin e par\u00eb, i cili u mbajt me 17 n\u00ebntor, e inicioi Partia Demokratike e Fatmir Gjek\u00ebs dhe n\u00eb t\u00eb ishin t\u00eb pranish\u00ebm lideri i Unionit Demokratik t\u00eb Shqiptar\u00ebve Mehmet Zenka, Lidhjes Demokratike n\u00eb Mal t\u00eb Zi Mehmet Bardhi, Iniciativ\u00ebs Qytetare Vasel Sinishtaj, L\u00ebvizjes Qytetare \u201cPerspektiva\u201d Amir Hollaj dhe Alternativ\u00ebs Shqiptare Gjergj Camaj. Nd\u00ebrsa, Grupi punues i Partis\u00eb Demokratike t\u00eb Socialist\u00ebve t\u00eb cilin e p\u00ebrb\u00ebjn\u00eb z\u00ebvend\u00ebs kryetari Dushko Markoviq, an\u00ebtari i kryesis\u00eb Branimir Gvozdenoviq dhe kryetari i K\u00ebshillit komunal n\u00eb Ulqin Loro Nrekiqi do t\u00eb ken\u00eb bisedime me drejtuesit e Forc\u00ebs s\u00eb re Demokratike dhe Partis\u00eb Demokratike. Negociatat p\u00ebr rikompozim t\u00eb pushtetit n\u00eb Ulqin do t\u00eb fillojn\u00eb mbas 1 dhjetorit, gjegj\u00ebsisht mbas marrjes s\u00eb ftes\u00ebs s\u00eb Malit t\u00eb Zi p\u00ebr NATO. N\u00eb \u00e7do kombinacion pjes\u00eb e pushtetit do t\u00eb jet\u00eb Unioni Demokratik i Shqiptar\u00ebve. Partia e Fatmir Gjek\u00ebs m\u00eb her\u00ebt i dor\u00ebzoi ofert\u00eb me shkrim\u00eb PDS-s\u00eb p\u00ebr koalicion p\u00ebr t\u00eb cil\u00ebn do t\u00eb deklarohen K\u00ebshilli ekzekutiv dhe komunal i k\u00ebsaj partie n\u00eb Ulqin.<\/p>\n<p>RTCG<\/p>\n<p>&nbsp;<\/p>\n","protected":false},"excerpt":{"rendered":"<p>Vazhdimi i bisedimeve rreth platform\u00ebs me 4 dhjetor N\u00eb fund t\u00eb jav\u00ebs s\u00eb ardhshme do t\u00eb vazhdojn\u00eb bisedimet e partive nacionale shqiptare dhe organizatave politike rreth p\u00ebrpilimit t\u00eb platform\u00ebs s\u00eb p\u00ebrbashk\u00ebt. Si\u00e7 njofton Portalin Ul-info, mbledhja do t\u00eb mbahet n\u00eb Ulqin, m\u00eb 4 dhjetor. Takimin e par\u00eb, i cili u mbajt me 17 n\u00ebntor, e [&hellip;]<\/p>\n","protected":false},"author":1,"featured_media":0,"comment_status":"closed","ping_status":"closed","sticky":false,"template":"","format":"standard","meta":{"spay_email":"","jetpack_publicize_message":"","jetpack_is_tweetstorm":false,"jetpack_publicize_feature_enabled":true},"categories":[6],"tags":[],"jetpack_publicize_connections":[],"yoast_head":"<!-- This site is optimized with the Yoast SEO plugin v19.1 - https:\/\/yoast.com\/wordpress\/plugins\/seo\/ -->\n<title>Rikompozimi i pushtetit n\u00eb Ulqin fillon\u00eb mbas 1 dhjetorit - Lajme nga Ulqini<\/title>\n<meta name=\"description\" content=\"Vazhdimi i bisedimeve rreth platform\u00ebs me 4 dhjetor N\u00eb fund t\u00eb jav\u00ebs s\u00eb ardhshme do t\u00eb vazhdojn\u00eb bisedimet e partive nacionale shqiptare dhe organizatave\" \/>\n<meta name=\"robots\" content=\"index, follow, max-snippet:-1, max-image-preview:large, max-video-preview:-1\" \/>\n<link rel=\"canonical\" href=\"https:\/\/www.visit-ulcinj.com\/blog\/2015\/11\/27\/rikompozimi-pushtetit-ne-ulqin-fillone-mbas-1-dhjetorit\/\" \/>\n<meta property=\"og:locale\" content=\"en_US\" \/>\n<meta property=\"og:type\" content=\"article\" \/>\n<meta property=\"og:title\" content=\"Rikompozimi i pushtetit n\u00eb Ulqin fillon\u00eb mbas 1 dhjetorit - Lajme nga Ulqini\" \/>\n<meta property=\"og:description\" content=\"Vazhdimi i bisedimeve rreth platform\u00ebs me 4 dhjetor N\u00eb fund t\u00eb jav\u00ebs s\u00eb ardhshme do t\u00eb vazhdojn\u00eb bisedimet e partive nacionale shqiptare dhe organizatave\" \/>\n<meta property=\"og:url\" content=\"https:\/\/www.visit-ulcinj.com\/blog\/2015\/11\/27\/rikompozimi-pushtetit-ne-ulqin-fillone-mbas-1-dhjetorit\/\" \/>\n<meta property=\"og:site_name\" content=\"Lajme nga Ulqini\" \/>\n<meta property=\"article:published_time\" content=\"2015-11-27T21:48:26+00:00\" \/>\n<meta property=\"article:modified_time\" content=\"2015-11-27T21:48:53+00:00\" \/>\n<meta property=\"og:image\" content=\"http:\/\/www.visit-ulcinj.com\/blog\/wp-content\/uploads\/2009\/03\/zgjedhjet-parlamentare-ne-mali-te-zi-247x300.jpg\" \/>\n<meta name=\"twitter:label1\" content=\"Written by\" \/>\n\t<meta name=\"twitter:data1\" content=\"ulqini\" \/>\n\t<meta name=\"twitter:label2\" content=\"Est. reading time\" \/>\n\t<meta name=\"twitter:data2\" content=\"1 minute\" \/>\n<script type=\"application\/ld+json\" class=\"yoast-schema-graph\">{\"@context\":\"https:\/\/schema.org\",\"@graph\":[{\"@type\":\"WebSite\",\"@id\":\"https:\/\/www.visit-ulcinj.com\/blog\/#website\",\"url\":\"https:\/\/www.visit-ulcinj.com\/blog\/\",\"name\":\"Lajme nga Ulqini\",\"description\":\"Lajme,Vijesti,Ulqini,Ulqin,Crna Gora,Mali i Zi\",\"potentialAction\":[{\"@type\":\"SearchAction\",\"target\":{\"@type\":\"EntryPoint\",\"urlTemplate\":\"https:\/\/www.visit-ulcinj.com\/blog\/?s={search_term_string}\"},\"query-input\":\"required name=search_term_string\"}],\"inLanguage\":\"en-US\"},{\"@type\":\"ImageObject\",\"inLanguage\":\"en-US\",\"@id\":\"https:\/\/www.visit-ulcinj.com\/blog\/2015\/11\/27\/rikompozimi-pushtetit-ne-ulqin-fillone-mbas-1-dhjetorit\/#primaryimage\",\"url\":\"https:\/\/www.visit-ulcinj.com\/blog\/wp-content\/uploads\/2009\/03\/zgjedhjet-parlamentare-ne-mali-te-zi.jpg\",\"contentUrl\":\"https:\/\/www.visit-ulcinj.com\/blog\/wp-content\/uploads\/2009\/03\/zgjedhjet-parlamentare-ne-mali-te-zi.jpg\",\"width\":\"347\",\"height\":\"421\"},{\"@type\":\"WebPage\",\"@id\":\"https:\/\/www.visit-ulcinj.com\/blog\/2015\/11\/27\/rikompozimi-pushtetit-ne-ulqin-fillone-mbas-1-dhjetorit\/#webpage\",\"url\":\"https:\/\/www.visit-ulcinj.com\/blog\/2015\/11\/27\/rikompozimi-pushtetit-ne-ulqin-fillone-mbas-1-dhjetorit\/\",\"name\":\"Rikompozimi i pushtetit n\u00eb Ulqin fillon\u00eb mbas 1 dhjetorit - Lajme nga Ulqini\",\"isPartOf\":{\"@id\":\"https:\/\/www.visit-ulcinj.com\/blog\/#website\"},\"primaryImageOfPage\":{\"@id\":\"https:\/\/www.visit-ulcinj.com\/blog\/2015\/11\/27\/rikompozimi-pushtetit-ne-ulqin-fillone-mbas-1-dhjetorit\/#primaryimage\"},\"datePublished\":\"2015-11-27T21:48:26+00:00\",\"dateModified\":\"2015-11-27T21:48:53+00:00\",\"author\":{\"@id\":\"https:\/\/www.visit-ulcinj.com\/blog\/#\/schema\/person\/dcab619c614d3038751c63bc2aadc06d\"},\"description\":\"Vazhdimi i bisedimeve rreth platform\u00ebs me 4 dhjetor N\u00eb fund t\u00eb jav\u00ebs s\u00eb ardhshme do t\u00eb vazhdojn\u00eb bisedimet e partive nacionale shqiptare dhe organizatave\",\"breadcrumb\":{\"@id\":\"https:\/\/www.visit-ulcinj.com\/blog\/2015\/11\/27\/rikompozimi-pushtetit-ne-ulqin-fillone-mbas-1-dhjetorit\/#breadcrumb\"},\"inLanguage\":\"en-US\",\"potentialAction\":[{\"@type\":\"ReadAction\",\"target\":[\"https:\/\/www.visit-ulcinj.com\/blog\/2015\/11\/27\/rikompozimi-pushtetit-ne-ulqin-fillone-mbas-1-dhjetorit\/\"]}]},{\"@type\":\"BreadcrumbList\",\"@id\":\"https:\/\/www.visit-ulcinj.com\/blog\/2015\/11\/27\/rikompozimi-pushtetit-ne-ulqin-fillone-mbas-1-dhjetorit\/#breadcrumb\",\"itemListElement\":[{\"@type\":\"ListItem\",\"position\":1,\"name\":\"Rikompozimi i pushtetit n\u00eb Ulqin fillon\u00eb mbas 1 dhjetorit\"}]},{\"@type\":\"Person\",\"@id\":\"https:\/\/www.visit-ulcinj.com\/blog\/#\/schema\/person\/dcab619c614d3038751c63bc2aadc06d\",\"name\":\"ulqini\",\"sameAs\":[\"http:\/\/www.visit-ulcinj.com\"],\"url\":\"https:\/\/www.visit-ulcinj.com\/blog\/author\/admin\/\"}]}<\/script>\n<!-- \/ Yoast SEO plugin. -->","yoast_head_json":{"title":"Rikompozimi i pushtetit n\u00eb Ulqin fillon\u00eb mbas 1 dhjetorit - Lajme nga Ulqini","description":"Vazhdimi i bisedimeve rreth platform\u00ebs me 4 dhjetor N\u00eb fund t\u00eb jav\u00ebs s\u00eb ardhshme do t\u00eb vazhdojn\u00eb bisedimet e partive nacionale shqiptare dhe organizatave","robots":{"index":"index","follow":"follow","max-snippet":"max-snippet:-1","max-image-preview":"max-image-preview:large","max-video-preview":"max-video-preview:-1"},"canonical":"https:\/\/www.visit-ulcinj.com\/blog\/2015\/11\/27\/rikompozimi-pushtetit-ne-ulqin-fillone-mbas-1-dhjetorit\/","og_locale":"en_US","og_type":"article","og_title":"Rikompozimi i pushtetit n\u00eb Ulqin fillon\u00eb mbas 1 dhjetorit - Lajme nga Ulqini","og_description":"Vazhdimi i bisedimeve rreth platform\u00ebs me 4 dhjetor N\u00eb fund t\u00eb jav\u00ebs s\u00eb ardhshme do t\u00eb vazhdojn\u00eb bisedimet e partive nacionale shqiptare dhe organizatave","og_url":"https:\/\/www.visit-ulcinj.com\/blog\/2015\/11\/27\/rikompozimi-pushtetit-ne-ulqin-fillone-mbas-1-dhjetorit\/","og_site_name":"Lajme nga Ulqini","article_published_time":"2015-11-27T21:48:26+00:00","article_modified_time":"2015-11-27T21:48:53+00:00","og_image":[{"url":"http:\/\/www.visit-ulcinj.com\/blog\/wp-content\/uploads\/2009\/03\/zgjedhjet-parlamentare-ne-mali-te-zi-247x300.jpg"}],"twitter_misc":{"Written by":"ulqini","Est. reading time":"1 minute"},"schema":{"@context":"https:\/\/schema.org","@graph":[{"@type":"WebSite","@id":"https:\/\/www.visit-ulcinj.com\/blog\/#website","url":"https:\/\/www.visit-ulcinj.com\/blog\/","name":"Lajme nga Ulqini","description":"Lajme,Vijesti,Ulqini,Ulqin,Crna Gora,Mali i Zi","potentialAction":[{"@type":"SearchAction","target":{"@type":"EntryPoint","urlTemplate":"https:\/\/www.visit-ulcinj.com\/blog\/?s={search_term_string}"},"query-input":"required name=search_term_string"}],"inLanguage":"en-US"},{"@type":"ImageObject","inLanguage":"en-US","@id":"https:\/\/www.visit-ulcinj.com\/blog\/2015\/11\/27\/rikompozimi-pushtetit-ne-ulqin-fillone-mbas-1-dhjetorit\/#primaryimage","url":"https:\/\/www.visit-ulcinj.com\/blog\/wp-content\/uploads\/2009\/03\/zgjedhjet-parlamentare-ne-mali-te-zi.jpg","contentUrl":"https:\/\/www.visit-ulcinj.com\/blog\/wp-content\/uploads\/2009\/03\/zgjedhjet-parlamentare-ne-mali-te-zi.jpg","width":"347","height":"421"},{"@type":"WebPage","@id":"https:\/\/www.visit-ulcinj.com\/blog\/2015\/11\/27\/rikompozimi-pushtetit-ne-ulqin-fillone-mbas-1-dhjetorit\/#webpage","url":"https:\/\/www.visit-ulcinj.com\/blog\/2015\/11\/27\/rikompozimi-pushtetit-ne-ulqin-fillone-mbas-1-dhjetorit\/","name":"Rikompozimi i pushtetit n\u00eb Ulqin fillon\u00eb mbas 1 dhjetorit - Lajme nga Ulqini","isPartOf":{"@id":"https:\/\/www.visit-ulcinj.com\/blog\/#website"},"primaryImageOfPage":{"@id":"https:\/\/www.visit-ulcinj.com\/blog\/2015\/11\/27\/rikompozimi-pushtetit-ne-ulqin-fillone-mbas-1-dhjetorit\/#primaryimage"},"datePublished":"2015-11-27T21:48:26+00:00","dateModified":"2015-11-27T21:48:53+00:00","author":{"@id":"https:\/\/www.visit-ulcinj.com\/blog\/#\/schema\/person\/dcab619c614d3038751c63bc2aadc06d"},"description":"Vazhdimi i bisedimeve rreth platform\u00ebs me 4 dhjetor N\u00eb fund t\u00eb jav\u00ebs s\u00eb ardhshme do t\u00eb vazhdojn\u00eb bisedimet e partive nacionale shqiptare dhe organizatave","breadcrumb":{"@id":"https:\/\/www.visit-ulcinj.com\/blog\/2015\/11\/27\/rikompozimi-pushtetit-ne-ulqin-fillone-mbas-1-dhjetorit\/#breadcrumb"},"inLanguage":"en-US","potentialAction":[{"@type":"ReadAction","target":["https:\/\/www.visit-ulcinj.com\/blog\/2015\/11\/27\/rikompozimi-pushtetit-ne-ulqin-fillone-mbas-1-dhjetorit\/"]}]},{"@type":"BreadcrumbList","@id":"https:\/\/www.visit-ulcinj.com\/blog\/2015\/11\/27\/rikompozimi-pushtetit-ne-ulqin-fillone-mbas-1-dhjetorit\/#breadcrumb","itemListElement":[{"@type":"ListItem","position":1,"name":"Rikompozimi i pushtetit n\u00eb Ulqin fillon\u00eb mbas 1 dhjetorit"}]},{"@type":"Person","@id":"https:\/\/www.visit-ulcinj.com\/blog\/#\/schema\/person\/dcab619c614d3038751c63bc2aadc06d","name":"ulqini","sameAs":["http:\/\/www.visit-ulcinj.com"],"url":"https:\/\/www.visit-ulcinj.com\/blog\/author\/admin\/"}]}},"jetpack_featured_media_url":"","jetpack_sharing_enabled":true,"jetpack_shortlink":"https:\/\/wp.me\/pe6lTn-ohC","_links":{"self":[{"href":"https:\/\/www.visit-ulcinj.com\/blog\/wp-json\/wp\/v2\/posts\/93348"}],"collection":[{"href":"https:\/\/www.visit-ulcinj.com\/blog\/wp-json\/wp\/v2\/posts"}],"about":[{"href":"https:\/\/www.visit-ulcinj.com\/blog\/wp-json\/wp\/v2\/types\/post"}],"author":[{"embeddable":true,"href":"https:\/\/www.visit-ulcinj.com\/blog\/wp-json\/wp\/v2\/users\/1"}],"replies":[{"embeddable":true,"href":"https:\/\/www.visit-ulcinj.com\/blog\/wp-json\/wp\/v2\/comments?post=93348"}],"version-history":[{"count":2,"href":"https:\/\/www.visit-ulcinj.com\/blog\/wp-json\/wp\/v2\/posts\/93348\/revisions"}],"predecessor-version":[{"id":93350,"href":"https:\/\/www.visit-ulcinj.com\/blog\/wp-json\/wp\/v2\/posts\/93348\/revisions\/93350"}],"wp:attachment":[{"href":"https:\/\/www.visit-ulcinj.com\/blog\/wp-json\/wp\/v2\/media?parent=93348"}],"wp:term":[{"taxonomy":"category","embeddable":true,"href":"https:\/\/www.visit-ulcinj.com\/blog\/wp-json\/wp\/v2\/categories?post=93348"},{"taxonomy":"post_tag","embeddable":true,"href":"https:\/\/www.visit-ulcinj.com\/blog\/wp-json\/wp\/v2\/tags?post=93348"}],"curies":[{"name":"wp","href":"https:\/\/api.w.org\/{rel}","templated":true}]}}