{"id":93351,"date":"2015-11-27T22:55:04","date_gmt":"2015-11-27T21:55:04","guid":{"rendered":"http:\/\/www.visit-ulcinj.com\/blog\/?p=93351"},"modified":"2015-11-27T22:55:04","modified_gmt":"2015-11-27T21:55:04","slug":"gjeka-shkarkohet-nga-posti-kryetarit-te-komunes-30-nentor","status":"publish","type":"post","link":"https:\/\/www.visit-ulcinj.com\/blog\/2015\/11\/27\/gjeka-shkarkohet-nga-posti-kryetarit-te-komunes-30-nentor\/","title":{"rendered":"Gjeka shkarkohet nga posti i kryetarit t\u00eb komun\u00ebs me 30 n\u00ebntor?"},"content":{"rendered":"<p><a href=\"http:\/\/www.visit-ulcinj.com\/blog\/wp-content\/uploads\/2015\/06\/abazoviq-cungu-gjeka-bardhi-hollaj-.jpg\"><img loading=\"lazy\" class=\"alignleft wp-image-91089\" src=\"http:\/\/www.visit-ulcinj.com\/blog\/wp-content\/uploads\/2015\/06\/abazoviq-cungu-gjeka-bardhi-hollaj-.jpg\" alt=\"abazoviq-cungu-gjeka-bardhi-hollaj-\" width=\"508\" height=\"379\" srcset=\"https:\/\/www.visit-ulcinj.com\/blog\/wp-content\/uploads\/2015\/06\/abazoviq-cungu-gjeka-bardhi-hollaj-.jpg 536w, https:\/\/www.visit-ulcinj.com\/blog\/wp-content\/uploads\/2015\/06\/abazoviq-cungu-gjeka-bardhi-hollaj--300x224.jpg 300w\" sizes=\"(max-width: 508px) 100vw, 508px\" \/><\/a>Mbledhja e Kuvendit komunal t\u00eb Ulqinit n\u00eb t\u00eb cil\u00ebn do t\u00eb diskutohet rreth vot\u00ebbesimit p\u00ebr kryetarin aktual t\u00eb komun\u00ebs Fatmir Gjeka, do t\u00eb mbahet me 30 n\u00ebntor, shkruan gazeta e Podgoric\u00ebs, \u201cPobjeda\u201d. Sipas t\u00eb nj\u00ebjtit burim m\u00ebsohet se tashm\u00eb \u00ebsht\u00eb siguruar shumica q\u00eb do t\u00eb votojn\u00eb pro shkarkimit t\u00eb kryetarit t\u00eb komun\u00ebs, pasi p\u00ebr k\u00ebt\u00eb t\u00eb sigurt do t\u00eb jen\u00eb votat e PDS dhe Forc\u00ebs.<\/p>\n<p>Pasi q\u00eb Gjeka dhe me t\u00eb edhe qeverisja aktuale lokale do humb shumic\u00ebn, do t\u00eb pasojn\u00eb bisedimet mbi rikompozimin e pushtetit lokal, pjes\u00eb e s\u00eb cil\u00ebs me siguri do t\u00eb jet\u00eb\u00a0 PDS, kurse nga qeverisja do t\u00eb largohet URA e Dritan Abazoviq, shkruan \u201cPobjeda\u201d. Sipas k\u00ebtij skenari, PDS do t\u00eb jet\u00eb n\u00eb qeverisje me Forc\u00ebn dhe UDSH-n\u00eb. Nd\u00ebrkoh\u00eb sot k\u00ebshilli komunal i Partis\u00eb Socialdemokratike t\u00eb Ulqinit n\u00eb takimin e sot\u00ebm me gazetar\u00ebt shpalosi gjendjen kaotike t\u00eb pushtetit vendor t\u00eb Ulqinit dhe problemin e dedikimit t\u00eb kripores.<\/p>\n<p>RTCG<\/p>\n","protected":false},"excerpt":{"rendered":"<p>Mbledhja e Kuvendit komunal t\u00eb Ulqinit n\u00eb t\u00eb cil\u00ebn do t\u00eb diskutohet rreth vot\u00ebbesimit p\u00ebr kryetarin aktual t\u00eb komun\u00ebs Fatmir Gjeka, do t\u00eb mbahet me 30 n\u00ebntor, shkruan gazeta e Podgoric\u00ebs, \u201cPobjeda\u201d. Sipas t\u00eb nj\u00ebjtit burim m\u00ebsohet se tashm\u00eb \u00ebsht\u00eb siguruar shumica q\u00eb do t\u00eb votojn\u00eb pro shkarkimit t\u00eb kryetarit t\u00eb komun\u00ebs, pasi p\u00ebr k\u00ebt\u00eb [&hellip;]<\/p>\n","protected":false},"author":1,"featured_media":0,"comment_status":"closed","ping_status":"closed","sticky":false,"template":"","format":"standard","meta":{"spay_email":"","jetpack_publicize_message":"","jetpack_is_tweetstorm":false,"jetpack_publicize_feature_enabled":true},"categories":[12],"tags":[],"jetpack_publicize_connections":[],"yoast_head":"<!-- This site is optimized with the Yoast SEO plugin v19.1 - https:\/\/yoast.com\/wordpress\/plugins\/seo\/ -->\n<title>Gjeka shkarkohet nga posti i kryetarit t\u00eb komun\u00ebs me 30 n\u00ebntor? - Lajme nga Ulqini<\/title>\n<meta name=\"description\" content=\"Mbledhja e Kuvendit komunal t\u00eb Ulqinit n\u00eb t\u00eb cil\u00ebn do t\u00eb diskutohet rreth vot\u00ebbesimit p\u00ebr kryetarin aktual t\u00eb komun\u00ebs Fatmir Gjeka, do t\u00eb mbahet me 30\" \/>\n<meta name=\"robots\" content=\"index, follow, max-snippet:-1, max-image-preview:large, max-video-preview:-1\" \/>\n<link rel=\"canonical\" href=\"https:\/\/www.visit-ulcinj.com\/blog\/2015\/11\/27\/gjeka-shkarkohet-nga-posti-kryetarit-te-komunes-30-nentor\/\" \/>\n<meta property=\"og:locale\" content=\"en_US\" \/>\n<meta property=\"og:type\" content=\"article\" \/>\n<meta property=\"og:title\" content=\"Gjeka shkarkohet nga posti i kryetarit t\u00eb komun\u00ebs me 30 n\u00ebntor? - Lajme nga Ulqini\" \/>\n<meta property=\"og:description\" content=\"Mbledhja e Kuvendit komunal t\u00eb Ulqinit n\u00eb t\u00eb cil\u00ebn do t\u00eb diskutohet rreth vot\u00ebbesimit p\u00ebr kryetarin aktual t\u00eb komun\u00ebs Fatmir Gjeka, do t\u00eb mbahet me 30\" \/>\n<meta property=\"og:url\" content=\"https:\/\/www.visit-ulcinj.com\/blog\/2015\/11\/27\/gjeka-shkarkohet-nga-posti-kryetarit-te-komunes-30-nentor\/\" \/>\n<meta property=\"og:site_name\" content=\"Lajme nga Ulqini\" \/>\n<meta property=\"article:published_time\" content=\"2015-11-27T21:55:04+00:00\" \/>\n<meta property=\"og:image\" content=\"http:\/\/www.visit-ulcinj.com\/blog\/wp-content\/uploads\/2015\/06\/abazoviq-cungu-gjeka-bardhi-hollaj-.jpg\" \/>\n<meta name=\"twitter:label1\" content=\"Written by\" \/>\n\t<meta name=\"twitter:data1\" content=\"ulqini\" \/>\n\t<meta name=\"twitter:label2\" content=\"Est. reading time\" \/>\n\t<meta name=\"twitter:data2\" content=\"1 minute\" \/>\n<script type=\"application\/ld+json\" class=\"yoast-schema-graph\">{\"@context\":\"https:\/\/schema.org\",\"@graph\":[{\"@type\":\"WebSite\",\"@id\":\"https:\/\/www.visit-ulcinj.com\/blog\/#website\",\"url\":\"https:\/\/www.visit-ulcinj.com\/blog\/\",\"name\":\"Lajme nga Ulqini\",\"description\":\"Lajme,Vijesti,Ulqini,Ulqin,Crna Gora,Mali i Zi\",\"potentialAction\":[{\"@type\":\"SearchAction\",\"target\":{\"@type\":\"EntryPoint\",\"urlTemplate\":\"https:\/\/www.visit-ulcinj.com\/blog\/?s={search_term_string}\"},\"query-input\":\"required name=search_term_string\"}],\"inLanguage\":\"en-US\"},{\"@type\":\"ImageObject\",\"inLanguage\":\"en-US\",\"@id\":\"https:\/\/www.visit-ulcinj.com\/blog\/2015\/11\/27\/gjeka-shkarkohet-nga-posti-kryetarit-te-komunes-30-nentor\/#primaryimage\",\"url\":\"https:\/\/www.visit-ulcinj.com\/blog\/wp-content\/uploads\/2015\/06\/abazoviq-cungu-gjeka-bardhi-hollaj-.jpg\",\"contentUrl\":\"https:\/\/www.visit-ulcinj.com\/blog\/wp-content\/uploads\/2015\/06\/abazoviq-cungu-gjeka-bardhi-hollaj-.jpg\",\"width\":536,\"height\":400},{\"@type\":\"WebPage\",\"@id\":\"https:\/\/www.visit-ulcinj.com\/blog\/2015\/11\/27\/gjeka-shkarkohet-nga-posti-kryetarit-te-komunes-30-nentor\/#webpage\",\"url\":\"https:\/\/www.visit-ulcinj.com\/blog\/2015\/11\/27\/gjeka-shkarkohet-nga-posti-kryetarit-te-komunes-30-nentor\/\",\"name\":\"Gjeka shkarkohet nga posti i kryetarit t\u00eb komun\u00ebs me 30 n\u00ebntor? - Lajme nga Ulqini\",\"isPartOf\":{\"@id\":\"https:\/\/www.visit-ulcinj.com\/blog\/#website\"},\"primaryImageOfPage\":{\"@id\":\"https:\/\/www.visit-ulcinj.com\/blog\/2015\/11\/27\/gjeka-shkarkohet-nga-posti-kryetarit-te-komunes-30-nentor\/#primaryimage\"},\"datePublished\":\"2015-11-27T21:55:04+00:00\",\"dateModified\":\"2015-11-27T21:55:04+00:00\",\"author\":{\"@id\":\"https:\/\/www.visit-ulcinj.com\/blog\/#\/schema\/person\/dcab619c614d3038751c63bc2aadc06d\"},\"description\":\"Mbledhja e Kuvendit komunal t\u00eb Ulqinit n\u00eb t\u00eb cil\u00ebn do t\u00eb diskutohet rreth vot\u00ebbesimit p\u00ebr kryetarin aktual t\u00eb komun\u00ebs Fatmir Gjeka, do t\u00eb mbahet me 30\",\"breadcrumb\":{\"@id\":\"https:\/\/www.visit-ulcinj.com\/blog\/2015\/11\/27\/gjeka-shkarkohet-nga-posti-kryetarit-te-komunes-30-nentor\/#breadcrumb\"},\"inLanguage\":\"en-US\",\"potentialAction\":[{\"@type\":\"ReadAction\",\"target\":[\"https:\/\/www.visit-ulcinj.com\/blog\/2015\/11\/27\/gjeka-shkarkohet-nga-posti-kryetarit-te-komunes-30-nentor\/\"]}]},{\"@type\":\"BreadcrumbList\",\"@id\":\"https:\/\/www.visit-ulcinj.com\/blog\/2015\/11\/27\/gjeka-shkarkohet-nga-posti-kryetarit-te-komunes-30-nentor\/#breadcrumb\",\"itemListElement\":[{\"@type\":\"ListItem\",\"position\":1,\"name\":\"Gjeka shkarkohet nga posti i kryetarit t\u00eb komun\u00ebs me 30 n\u00ebntor?\"}]},{\"@type\":\"Person\",\"@id\":\"https:\/\/www.visit-ulcinj.com\/blog\/#\/schema\/person\/dcab619c614d3038751c63bc2aadc06d\",\"name\":\"ulqini\",\"sameAs\":[\"http:\/\/www.visit-ulcinj.com\"],\"url\":\"https:\/\/www.visit-ulcinj.com\/blog\/author\/admin\/\"}]}<\/script>\n<!-- \/ Yoast SEO plugin. -->","yoast_head_json":{"title":"Gjeka shkarkohet nga posti i kryetarit t\u00eb komun\u00ebs me 30 n\u00ebntor? - Lajme nga Ulqini","description":"Mbledhja e Kuvendit komunal t\u00eb Ulqinit n\u00eb t\u00eb cil\u00ebn do t\u00eb diskutohet rreth vot\u00ebbesimit p\u00ebr kryetarin aktual t\u00eb komun\u00ebs Fatmir Gjeka, do t\u00eb mbahet me 30","robots":{"index":"index","follow":"follow","max-snippet":"max-snippet:-1","max-image-preview":"max-image-preview:large","max-video-preview":"max-video-preview:-1"},"canonical":"https:\/\/www.visit-ulcinj.com\/blog\/2015\/11\/27\/gjeka-shkarkohet-nga-posti-kryetarit-te-komunes-30-nentor\/","og_locale":"en_US","og_type":"article","og_title":"Gjeka shkarkohet nga posti i kryetarit t\u00eb komun\u00ebs me 30 n\u00ebntor? - Lajme nga Ulqini","og_description":"Mbledhja e Kuvendit komunal t\u00eb Ulqinit n\u00eb t\u00eb cil\u00ebn do t\u00eb diskutohet rreth vot\u00ebbesimit p\u00ebr kryetarin aktual t\u00eb komun\u00ebs Fatmir Gjeka, do t\u00eb mbahet me 30","og_url":"https:\/\/www.visit-ulcinj.com\/blog\/2015\/11\/27\/gjeka-shkarkohet-nga-posti-kryetarit-te-komunes-30-nentor\/","og_site_name":"Lajme nga Ulqini","article_published_time":"2015-11-27T21:55:04+00:00","og_image":[{"url":"http:\/\/www.visit-ulcinj.com\/blog\/wp-content\/uploads\/2015\/06\/abazoviq-cungu-gjeka-bardhi-hollaj-.jpg"}],"twitter_misc":{"Written by":"ulqini","Est. reading time":"1 minute"},"schema":{"@context":"https:\/\/schema.org","@graph":[{"@type":"WebSite","@id":"https:\/\/www.visit-ulcinj.com\/blog\/#website","url":"https:\/\/www.visit-ulcinj.com\/blog\/","name":"Lajme nga Ulqini","description":"Lajme,Vijesti,Ulqini,Ulqin,Crna Gora,Mali i Zi","potentialAction":[{"@type":"SearchAction","target":{"@type":"EntryPoint","urlTemplate":"https:\/\/www.visit-ulcinj.com\/blog\/?s={search_term_string}"},"query-input":"required name=search_term_string"}],"inLanguage":"en-US"},{"@type":"ImageObject","inLanguage":"en-US","@id":"https:\/\/www.visit-ulcinj.com\/blog\/2015\/11\/27\/gjeka-shkarkohet-nga-posti-kryetarit-te-komunes-30-nentor\/#primaryimage","url":"https:\/\/www.visit-ulcinj.com\/blog\/wp-content\/uploads\/2015\/06\/abazoviq-cungu-gjeka-bardhi-hollaj-.jpg","contentUrl":"https:\/\/www.visit-ulcinj.com\/blog\/wp-content\/uploads\/2015\/06\/abazoviq-cungu-gjeka-bardhi-hollaj-.jpg","width":536,"height":400},{"@type":"WebPage","@id":"https:\/\/www.visit-ulcinj.com\/blog\/2015\/11\/27\/gjeka-shkarkohet-nga-posti-kryetarit-te-komunes-30-nentor\/#webpage","url":"https:\/\/www.visit-ulcinj.com\/blog\/2015\/11\/27\/gjeka-shkarkohet-nga-posti-kryetarit-te-komunes-30-nentor\/","name":"Gjeka shkarkohet nga posti i kryetarit t\u00eb komun\u00ebs me 30 n\u00ebntor? - Lajme nga Ulqini","isPartOf":{"@id":"https:\/\/www.visit-ulcinj.com\/blog\/#website"},"primaryImageOfPage":{"@id":"https:\/\/www.visit-ulcinj.com\/blog\/2015\/11\/27\/gjeka-shkarkohet-nga-posti-kryetarit-te-komunes-30-nentor\/#primaryimage"},"datePublished":"2015-11-27T21:55:04+00:00","dateModified":"2015-11-27T21:55:04+00:00","author":{"@id":"https:\/\/www.visit-ulcinj.com\/blog\/#\/schema\/person\/dcab619c614d3038751c63bc2aadc06d"},"description":"Mbledhja e Kuvendit komunal t\u00eb Ulqinit n\u00eb t\u00eb cil\u00ebn do t\u00eb diskutohet rreth vot\u00ebbesimit p\u00ebr kryetarin aktual t\u00eb komun\u00ebs Fatmir Gjeka, do t\u00eb mbahet me 30","breadcrumb":{"@id":"https:\/\/www.visit-ulcinj.com\/blog\/2015\/11\/27\/gjeka-shkarkohet-nga-posti-kryetarit-te-komunes-30-nentor\/#breadcrumb"},"inLanguage":"en-US","potentialAction":[{"@type":"ReadAction","target":["https:\/\/www.visit-ulcinj.com\/blog\/2015\/11\/27\/gjeka-shkarkohet-nga-posti-kryetarit-te-komunes-30-nentor\/"]}]},{"@type":"BreadcrumbList","@id":"https:\/\/www.visit-ulcinj.com\/blog\/2015\/11\/27\/gjeka-shkarkohet-nga-posti-kryetarit-te-komunes-30-nentor\/#breadcrumb","itemListElement":[{"@type":"ListItem","position":1,"name":"Gjeka shkarkohet nga posti i kryetarit t\u00eb komun\u00ebs me 30 n\u00ebntor?"}]},{"@type":"Person","@id":"https:\/\/www.visit-ulcinj.com\/blog\/#\/schema\/person\/dcab619c614d3038751c63bc2aadc06d","name":"ulqini","sameAs":["http:\/\/www.visit-ulcinj.com"],"url":"https:\/\/www.visit-ulcinj.com\/blog\/author\/admin\/"}]}},"jetpack_featured_media_url":"","jetpack_sharing_enabled":true,"jetpack_shortlink":"https:\/\/wp.me\/pe6lTn-ohF","_links":{"self":[{"href":"https:\/\/www.visit-ulcinj.com\/blog\/wp-json\/wp\/v2\/posts\/93351"}],"collection":[{"href":"https:\/\/www.visit-ulcinj.com\/blog\/wp-json\/wp\/v2\/posts"}],"about":[{"href":"https:\/\/www.visit-ulcinj.com\/blog\/wp-json\/wp\/v2\/types\/post"}],"author":[{"embeddable":true,"href":"https:\/\/www.visit-ulcinj.com\/blog\/wp-json\/wp\/v2\/users\/1"}],"replies":[{"embeddable":true,"href":"https:\/\/www.visit-ulcinj.com\/blog\/wp-json\/wp\/v2\/comments?post=93351"}],"version-history":[{"count":1,"href":"https:\/\/www.visit-ulcinj.com\/blog\/wp-json\/wp\/v2\/posts\/93351\/revisions"}],"predecessor-version":[{"id":93352,"href":"https:\/\/www.visit-ulcinj.com\/blog\/wp-json\/wp\/v2\/posts\/93351\/revisions\/93352"}],"wp:attachment":[{"href":"https:\/\/www.visit-ulcinj.com\/blog\/wp-json\/wp\/v2\/media?parent=93351"}],"wp:term":[{"taxonomy":"category","embeddable":true,"href":"https:\/\/www.visit-ulcinj.com\/blog\/wp-json\/wp\/v2\/categories?post=93351"},{"taxonomy":"post_tag","embeddable":true,"href":"https:\/\/www.visit-ulcinj.com\/blog\/wp-json\/wp\/v2\/tags?post=93351"}],"curies":[{"name":"wp","href":"https:\/\/api.w.org\/{rel}","templated":true}]}}