{"id":93360,"date":"2015-11-28T09:07:44","date_gmt":"2015-11-28T08:07:44","guid":{"rendered":"http:\/\/www.visit-ulcinj.com\/blog\/?p=93360"},"modified":"2015-11-28T09:08:46","modified_gmt":"2015-11-28T08:08:46","slug":"elezagic-italijani-hoce-solanu","status":"publish","type":"post","link":"https:\/\/www.visit-ulcinj.com\/blog\/2015\/11\/28\/elezagic-italijani-hoce-solanu\/","title":{"rendered":"Elezagi\u0107: Italijani ho\u0107e Solanu"},"content":{"rendered":"<p><a href=\"http:\/\/www.visit-ulcinj.com\/blog\/wp-content\/uploads\/2014\/07\/SKENDER-ELEZAGA-ULQIN.jpg\"><img loading=\"lazy\" class=\"alignleft wp-image-84229\" src=\"http:\/\/www.visit-ulcinj.com\/blog\/wp-content\/uploads\/2014\/07\/SKENDER-ELEZAGA-ULQIN.jpg\" alt=\"SKENDER-ELEZAGA-ULQIN\" width=\"508\" height=\"289\" srcset=\"https:\/\/www.visit-ulcinj.com\/blog\/wp-content\/uploads\/2014\/07\/SKENDER-ELEZAGA-ULQIN.jpg 717w, https:\/\/www.visit-ulcinj.com\/blog\/wp-content\/uploads\/2014\/07\/SKENDER-ELEZAGA-ULQIN-300x170.jpg 300w\" sizes=\"(max-width: 508px) 100vw, 508px\" \/><\/a><span class=\"credits__author\"> <strong>Autor: Samir Adrovi\u0107 <\/strong><\/span><\/p>\n<p>\u0160ef ulcinjskog SDP Skender Elezagi\u0107 potvrdio je da su za ulcinjsku Solanu zaintersovane dvije renomirane kompanije iz Njema\u010dke i Italije.<\/p>\n<p>Te kompanije su iskazale konkretno interesovanje za obnavljanje procesa proizvodnje soli u solani. Kazao je on navode\u0107i da je informacija provjerena.<\/p>\n<p>&#8220;Kompanija iz Italije je spremna da ulo\u017ei zna\u010dajna sredstva u kompletnu rekonstrukciju Solane i da ukupnu proizvodnju, od do sada, maksimalnih 30.000 tona pove\u0107a na 120.000 tona i to uz primjenu tehnologije koja zadovoljava najvi\u0161e ekolo\u0161ke standarde u cilju o\u010duvanja , za\u0161tite i unapre\u0111enja biodiverziteta tog podru\u010dja&#8221;, kazao je on isti\u010du\u0107i da su sada na potezu nadle\u017eni dr\u017eavni i lokalni organi &#8220;da daju punu podr\u0161ku i stvore pravne i druge pretpostavke za odabir najboljeg partnera i na taj na\u010din poka\u017eu svoje istinsko opredjeljenje za otklanjanje svih prepreka na putu ka kona\u010dnom u\u010dlanjenju u EU&#8221;.<\/p>\n<p>Elezagi\u0107 je naveo da zbog svega toga brine odluka Ustavnog suda da prihvati da razmatra inicijativu o ocjeni ustavnosti i zakonitosti Odluke Skup\u0161tine o izmjenama Prostornog plana Crne Gore, vezane za namjenu prostora Solane.<\/p>\n<p>&#8220;Po\u0161tuju\u0107i u apsolutnom smislu pravo Ustavnog suda da, bez ikakvog pritiska donese kona\u010dnu odluku iz svoje nadle\u017enosti, smatramo da, \u010dak i ako se utvrdi da sporna Odluka nije u skladu sa zakonom i stavi se van snage, to ni u kom smislu ne zna\u010di da se time automatski mjenja namjena prostora koji pokriva ulcinjska Solana&#8221;, ocijenio je Elezagi\u0107.<\/p>\n<p>Dodao je da se i ako se ta Odluka, zbog propusta u proceduri pravno stavi van snage, ne mo\u017ee izbrisati \u010dinjenica da je Skup\u0161tina Crne Gore, kao najvi\u0161i zakonodavni organ iskazala politi\u010dku volju i stav da se namjena zemlji\u0161ta ulcinjske Solane ne mijenja.<\/p>\n<p>&#8220;Pored toga, u Karti namjene povr\u0161ina Prostornog plana Crne Gore, podru\u010dje Solane nije ozna\u010deno kao gra\u0111evinsko zemlji\u0161te, nego kao \u201ezona za razvoj\u201c. Uostalom, Prostornim Planom, utvr\u0111uje se samo politika kori\u0161\u0107enja prostora i generalni koncept namjene prostora, dok se konkretna razrada vr\u0161i preko planova ni\u017eeg reda, u ovom slu\u010daju, Planom posebne namjene za obalno podru\u010dje i Prostorno ubarnisti\u010dkim planom op\u0161tine Ulcinj&#8221;, kazao je Elezagi\u0107 i podsjetio da su oba dokumenta trenutno u proceduri usvajanja te da ima dovoljno mogu\u0107nosti i prostora da se namjena ovog prostora odredi u skladu sa najvi\u0161im dr\u017eavnim i interesima lokalne zajednice.<\/p>\n<p>&#8220;Vode\u0107i ra\u010duna prije svega o javno izre\u010denim upozorenjima najvi\u0161ih zvani\u010dnika EU da \u0107e tempo integracija Crne Gore u EU direktno zavisiti, pored ostalog i od realizacije obaveza vezano za podru\u010dje Solane&#8221;, kazao je Elezagi\u0107.<\/p>\n<p><strong>Izvor: Vijesti Online<\/strong><\/p>\n","protected":false},"excerpt":{"rendered":"<p>Autor: Samir Adrovi\u0107 \u0160ef ulcinjskog SDP Skender Elezagi\u0107 potvrdio je da su za ulcinjsku Solanu zaintersovane dvije renomirane kompanije iz Njema\u010dke i Italije. Te kompanije su iskazale konkretno interesovanje za obnavljanje procesa proizvodnje soli u solani. Kazao je on navode\u0107i da je informacija provjerena. &#8220;Kompanija iz Italije je spremna da ulo\u017ei zna\u010dajna sredstva u kompletnu [&hellip;]<\/p>\n","protected":false},"author":1,"featured_media":0,"comment_status":"closed","ping_status":"closed","sticky":false,"template":"","format":"standard","meta":{"spay_email":"","jetpack_publicize_message":"","jetpack_is_tweetstorm":false,"jetpack_publicize_feature_enabled":true},"categories":[6950],"tags":[],"jetpack_publicize_connections":[],"yoast_head":"<!-- This site is optimized with the Yoast SEO plugin v19.1 - https:\/\/yoast.com\/wordpress\/plugins\/seo\/ -->\n<title>Elezagi\u0107: Italijani ho\u0107e Solanu - Lajme nga Ulqini<\/title>\n<meta name=\"description\" content=\"Autor: Samir Adrovi\u0107 \u0160ef ulcinjskog SDP Skender Elezagi\u0107 potvrdio je da su za ulcinjsku Solanu zaintersovane dvije renomirane kompanije iz Njema\u010dke i\" \/>\n<meta name=\"robots\" content=\"index, follow, max-snippet:-1, max-image-preview:large, max-video-preview:-1\" \/>\n<link rel=\"canonical\" href=\"https:\/\/www.visit-ulcinj.com\/blog\/2015\/11\/28\/elezagic-italijani-hoce-solanu\/\" \/>\n<meta property=\"og:locale\" content=\"en_US\" \/>\n<meta property=\"og:type\" content=\"article\" \/>\n<meta property=\"og:title\" content=\"Elezagi\u0107: Italijani ho\u0107e Solanu - Lajme nga Ulqini\" \/>\n<meta property=\"og:description\" content=\"Autor: Samir Adrovi\u0107 \u0160ef ulcinjskog SDP Skender Elezagi\u0107 potvrdio je da su za ulcinjsku Solanu zaintersovane dvije renomirane kompanije iz Njema\u010dke i\" \/>\n<meta property=\"og:url\" content=\"https:\/\/www.visit-ulcinj.com\/blog\/2015\/11\/28\/elezagic-italijani-hoce-solanu\/\" \/>\n<meta property=\"og:site_name\" content=\"Lajme nga Ulqini\" \/>\n<meta property=\"article:published_time\" content=\"2015-11-28T08:07:44+00:00\" \/>\n<meta property=\"article:modified_time\" content=\"2015-11-28T08:08:46+00:00\" \/>\n<meta property=\"og:image\" content=\"http:\/\/www.visit-ulcinj.com\/blog\/wp-content\/uploads\/2014\/07\/SKENDER-ELEZAGA-ULQIN.jpg\" \/>\n<meta name=\"twitter:label1\" content=\"Written by\" \/>\n\t<meta name=\"twitter:data1\" content=\"ulqini\" \/>\n\t<meta name=\"twitter:label2\" content=\"Est. reading time\" \/>\n\t<meta name=\"twitter:data2\" content=\"2 minutes\" \/>\n<script type=\"application\/ld+json\" class=\"yoast-schema-graph\">{\"@context\":\"https:\/\/schema.org\",\"@graph\":[{\"@type\":\"WebSite\",\"@id\":\"https:\/\/www.visit-ulcinj.com\/blog\/#website\",\"url\":\"https:\/\/www.visit-ulcinj.com\/blog\/\",\"name\":\"Lajme nga Ulqini\",\"description\":\"Lajme,Vijesti,Ulqini,Ulqin,Crna Gora,Mali i Zi\",\"potentialAction\":[{\"@type\":\"SearchAction\",\"target\":{\"@type\":\"EntryPoint\",\"urlTemplate\":\"https:\/\/www.visit-ulcinj.com\/blog\/?s={search_term_string}\"},\"query-input\":\"required name=search_term_string\"}],\"inLanguage\":\"en-US\"},{\"@type\":\"ImageObject\",\"inLanguage\":\"en-US\",\"@id\":\"https:\/\/www.visit-ulcinj.com\/blog\/2015\/11\/28\/elezagic-italijani-hoce-solanu\/#primaryimage\",\"url\":\"https:\/\/www.visit-ulcinj.com\/blog\/wp-content\/uploads\/2014\/07\/SKENDER-ELEZAGA-ULQIN.jpg\",\"contentUrl\":\"https:\/\/www.visit-ulcinj.com\/blog\/wp-content\/uploads\/2014\/07\/SKENDER-ELEZAGA-ULQIN.jpg\",\"width\":717,\"height\":408},{\"@type\":\"WebPage\",\"@id\":\"https:\/\/www.visit-ulcinj.com\/blog\/2015\/11\/28\/elezagic-italijani-hoce-solanu\/#webpage\",\"url\":\"https:\/\/www.visit-ulcinj.com\/blog\/2015\/11\/28\/elezagic-italijani-hoce-solanu\/\",\"name\":\"Elezagi\u0107: Italijani ho\u0107e Solanu - Lajme nga Ulqini\",\"isPartOf\":{\"@id\":\"https:\/\/www.visit-ulcinj.com\/blog\/#website\"},\"primaryImageOfPage\":{\"@id\":\"https:\/\/www.visit-ulcinj.com\/blog\/2015\/11\/28\/elezagic-italijani-hoce-solanu\/#primaryimage\"},\"datePublished\":\"2015-11-28T08:07:44+00:00\",\"dateModified\":\"2015-11-28T08:08:46+00:00\",\"author\":{\"@id\":\"https:\/\/www.visit-ulcinj.com\/blog\/#\/schema\/person\/dcab619c614d3038751c63bc2aadc06d\"},\"description\":\"Autor: Samir Adrovi\u0107 \u0160ef ulcinjskog SDP Skender Elezagi\u0107 potvrdio je da su za ulcinjsku Solanu zaintersovane dvije renomirane kompanije iz Njema\u010dke i\",\"breadcrumb\":{\"@id\":\"https:\/\/www.visit-ulcinj.com\/blog\/2015\/11\/28\/elezagic-italijani-hoce-solanu\/#breadcrumb\"},\"inLanguage\":\"en-US\",\"potentialAction\":[{\"@type\":\"ReadAction\",\"target\":[\"https:\/\/www.visit-ulcinj.com\/blog\/2015\/11\/28\/elezagic-italijani-hoce-solanu\/\"]}]},{\"@type\":\"BreadcrumbList\",\"@id\":\"https:\/\/www.visit-ulcinj.com\/blog\/2015\/11\/28\/elezagic-italijani-hoce-solanu\/#breadcrumb\",\"itemListElement\":[{\"@type\":\"ListItem\",\"position\":1,\"name\":\"Elezagi\u0107: Italijani ho\u0107e Solanu\"}]},{\"@type\":\"Person\",\"@id\":\"https:\/\/www.visit-ulcinj.com\/blog\/#\/schema\/person\/dcab619c614d3038751c63bc2aadc06d\",\"name\":\"ulqini\",\"sameAs\":[\"http:\/\/www.visit-ulcinj.com\"],\"url\":\"https:\/\/www.visit-ulcinj.com\/blog\/author\/admin\/\"}]}<\/script>\n<!-- \/ Yoast SEO plugin. -->","yoast_head_json":{"title":"Elezagi\u0107: Italijani ho\u0107e Solanu - Lajme nga Ulqini","description":"Autor: Samir Adrovi\u0107 \u0160ef ulcinjskog SDP Skender Elezagi\u0107 potvrdio je da su za ulcinjsku Solanu zaintersovane dvije renomirane kompanije iz Njema\u010dke i","robots":{"index":"index","follow":"follow","max-snippet":"max-snippet:-1","max-image-preview":"max-image-preview:large","max-video-preview":"max-video-preview:-1"},"canonical":"https:\/\/www.visit-ulcinj.com\/blog\/2015\/11\/28\/elezagic-italijani-hoce-solanu\/","og_locale":"en_US","og_type":"article","og_title":"Elezagi\u0107: Italijani ho\u0107e Solanu - Lajme nga Ulqini","og_description":"Autor: Samir Adrovi\u0107 \u0160ef ulcinjskog SDP Skender Elezagi\u0107 potvrdio je da su za ulcinjsku Solanu zaintersovane dvije renomirane kompanije iz Njema\u010dke i","og_url":"https:\/\/www.visit-ulcinj.com\/blog\/2015\/11\/28\/elezagic-italijani-hoce-solanu\/","og_site_name":"Lajme nga Ulqini","article_published_time":"2015-11-28T08:07:44+00:00","article_modified_time":"2015-11-28T08:08:46+00:00","og_image":[{"url":"http:\/\/www.visit-ulcinj.com\/blog\/wp-content\/uploads\/2014\/07\/SKENDER-ELEZAGA-ULQIN.jpg"}],"twitter_misc":{"Written by":"ulqini","Est. reading time":"2 minutes"},"schema":{"@context":"https:\/\/schema.org","@graph":[{"@type":"WebSite","@id":"https:\/\/www.visit-ulcinj.com\/blog\/#website","url":"https:\/\/www.visit-ulcinj.com\/blog\/","name":"Lajme nga Ulqini","description":"Lajme,Vijesti,Ulqini,Ulqin,Crna Gora,Mali i Zi","potentialAction":[{"@type":"SearchAction","target":{"@type":"EntryPoint","urlTemplate":"https:\/\/www.visit-ulcinj.com\/blog\/?s={search_term_string}"},"query-input":"required name=search_term_string"}],"inLanguage":"en-US"},{"@type":"ImageObject","inLanguage":"en-US","@id":"https:\/\/www.visit-ulcinj.com\/blog\/2015\/11\/28\/elezagic-italijani-hoce-solanu\/#primaryimage","url":"https:\/\/www.visit-ulcinj.com\/blog\/wp-content\/uploads\/2014\/07\/SKENDER-ELEZAGA-ULQIN.jpg","contentUrl":"https:\/\/www.visit-ulcinj.com\/blog\/wp-content\/uploads\/2014\/07\/SKENDER-ELEZAGA-ULQIN.jpg","width":717,"height":408},{"@type":"WebPage","@id":"https:\/\/www.visit-ulcinj.com\/blog\/2015\/11\/28\/elezagic-italijani-hoce-solanu\/#webpage","url":"https:\/\/www.visit-ulcinj.com\/blog\/2015\/11\/28\/elezagic-italijani-hoce-solanu\/","name":"Elezagi\u0107: Italijani ho\u0107e Solanu - Lajme nga Ulqini","isPartOf":{"@id":"https:\/\/www.visit-ulcinj.com\/blog\/#website"},"primaryImageOfPage":{"@id":"https:\/\/www.visit-ulcinj.com\/blog\/2015\/11\/28\/elezagic-italijani-hoce-solanu\/#primaryimage"},"datePublished":"2015-11-28T08:07:44+00:00","dateModified":"2015-11-28T08:08:46+00:00","author":{"@id":"https:\/\/www.visit-ulcinj.com\/blog\/#\/schema\/person\/dcab619c614d3038751c63bc2aadc06d"},"description":"Autor: Samir Adrovi\u0107 \u0160ef ulcinjskog SDP Skender Elezagi\u0107 potvrdio je da su za ulcinjsku Solanu zaintersovane dvije renomirane kompanije iz Njema\u010dke i","breadcrumb":{"@id":"https:\/\/www.visit-ulcinj.com\/blog\/2015\/11\/28\/elezagic-italijani-hoce-solanu\/#breadcrumb"},"inLanguage":"en-US","potentialAction":[{"@type":"ReadAction","target":["https:\/\/www.visit-ulcinj.com\/blog\/2015\/11\/28\/elezagic-italijani-hoce-solanu\/"]}]},{"@type":"BreadcrumbList","@id":"https:\/\/www.visit-ulcinj.com\/blog\/2015\/11\/28\/elezagic-italijani-hoce-solanu\/#breadcrumb","itemListElement":[{"@type":"ListItem","position":1,"name":"Elezagi\u0107: Italijani ho\u0107e Solanu"}]},{"@type":"Person","@id":"https:\/\/www.visit-ulcinj.com\/blog\/#\/schema\/person\/dcab619c614d3038751c63bc2aadc06d","name":"ulqini","sameAs":["http:\/\/www.visit-ulcinj.com"],"url":"https:\/\/www.visit-ulcinj.com\/blog\/author\/admin\/"}]}},"jetpack_featured_media_url":"","jetpack_sharing_enabled":true,"jetpack_shortlink":"https:\/\/wp.me\/pe6lTn-ohO","_links":{"self":[{"href":"https:\/\/www.visit-ulcinj.com\/blog\/wp-json\/wp\/v2\/posts\/93360"}],"collection":[{"href":"https:\/\/www.visit-ulcinj.com\/blog\/wp-json\/wp\/v2\/posts"}],"about":[{"href":"https:\/\/www.visit-ulcinj.com\/blog\/wp-json\/wp\/v2\/types\/post"}],"author":[{"embeddable":true,"href":"https:\/\/www.visit-ulcinj.com\/blog\/wp-json\/wp\/v2\/users\/1"}],"replies":[{"embeddable":true,"href":"https:\/\/www.visit-ulcinj.com\/blog\/wp-json\/wp\/v2\/comments?post=93360"}],"version-history":[{"count":2,"href":"https:\/\/www.visit-ulcinj.com\/blog\/wp-json\/wp\/v2\/posts\/93360\/revisions"}],"predecessor-version":[{"id":93362,"href":"https:\/\/www.visit-ulcinj.com\/blog\/wp-json\/wp\/v2\/posts\/93360\/revisions\/93362"}],"wp:attachment":[{"href":"https:\/\/www.visit-ulcinj.com\/blog\/wp-json\/wp\/v2\/media?parent=93360"}],"wp:term":[{"taxonomy":"category","embeddable":true,"href":"https:\/\/www.visit-ulcinj.com\/blog\/wp-json\/wp\/v2\/categories?post=93360"},{"taxonomy":"post_tag","embeddable":true,"href":"https:\/\/www.visit-ulcinj.com\/blog\/wp-json\/wp\/v2\/tags?post=93360"}],"curies":[{"name":"wp","href":"https:\/\/api.w.org\/{rel}","templated":true}]}}