{"id":93363,"date":"2015-11-26T09:19:02","date_gmt":"2015-11-26T08:19:02","guid":{"rendered":"http:\/\/www.visit-ulcinj.com\/blog\/?p=93363"},"modified":"2015-11-28T09:41:14","modified_gmt":"2015-11-28T08:41:14","slug":"koalicioni-mundshem-forca-udsh-ldmz","status":"publish","type":"post","link":"https:\/\/www.visit-ulcinj.com\/blog\/2015\/11\/26\/koalicioni-mundshem-forca-udsh-ldmz\/","title":{"rendered":"Koalicioni m\u00eb i mundsh\u00ebm: Forca &#8211; UDSH &#8211; LDMZ"},"content":{"rendered":"<p><strong><a href=\"http:\/\/www.visit-ulcinj.com\/blog\/wp-content\/uploads\/2015\/11\/Koalicioni-Forca-UDSH-LDMZ.jpg\"><img loading=\"lazy\" class=\"alignleft wp-image-93365\" src=\"http:\/\/www.visit-ulcinj.com\/blog\/wp-content\/uploads\/2015\/11\/Koalicioni-Forca-UDSH-LDMZ.jpg\" alt=\"Koalicioni-Forca-UDSH-LDMZ\" width=\"508\" height=\"169\" srcset=\"https:\/\/www.visit-ulcinj.com\/blog\/wp-content\/uploads\/2015\/11\/Koalicioni-Forca-UDSH-LDMZ.jpg 906w, https:\/\/www.visit-ulcinj.com\/blog\/wp-content\/uploads\/2015\/11\/Koalicioni-Forca-UDSH-LDMZ-300x100.jpg 300w\" sizes=\"(max-width: 508px) 100vw, 508px\" \/><\/a><\/strong>P\u00ebrfaq\u00ebsuesit e FORC-\u00ebs , UDSH, dhe t\u00eb Lidhjes Demokratike p\u00ebr Mal\u00ebsin\u00eb kan\u00eb biseduar p\u00ebr nj\u00eb koalicion t\u00eb mundsh\u00ebm n\u00eb zgjedhjet e ardhshme parlamentare , shkruan Portali Mal\u00ebsia.org. N\u00eb Ulqin dje jan\u00eb takuar kryetari i Froc\u00ebs ,Nazif Cungu, kryetari i UDSH, Mehmet Zenka dhe kryetari i Lidhjes Demokratike, Nikoll\u00eb Camaj. Ata kan\u00eb biseduar\u00a0 p\u00ebr platform\u00ebn e p\u00ebrbashk\u00ebt dhe p\u00ebr statusin ekonomik e politik\u00eb t\u00eb shqiptar\u00ebve n\u00eb Mal t\u00eb Zi. Si\u00e7 shkruan Portali n\u00eb fjal\u00eb, ky takim \u00ebsht\u00eb si p\u00ebrgjigje\u00a0 ndaj takimit t\u00eb organizuar n\u00eb Ulqin\u00a0 nga Fatmir Gjeka ,n\u00eb t\u00eb cilin kan\u00eb marr pjes\u00eb t\u00eb gjith\u00eb lider\u00ebt e partive shqiptare , me p\u00ebrjashtim t\u00eb Cungut.<\/p>\n<p style=\"text-align: center;\"><a href=\"http:\/\/www.visit-ulcinj.com\/blog\/wp-content\/uploads\/2015\/11\/takim-i-subjekteve-shqiptare-forca-udsh-ldmz.jpg\"><img loading=\"lazy\" class=\"alignleft wp-image-93367\" src=\"http:\/\/www.visit-ulcinj.com\/blog\/wp-content\/uploads\/2015\/11\/takim-i-subjekteve-shqiptare-forca-udsh-ldmz.jpg\" alt=\"takim-i-subjekteve-shqiptare-forca-udsh-ldmz\" width=\"508\" height=\"678\" srcset=\"https:\/\/www.visit-ulcinj.com\/blog\/wp-content\/uploads\/2015\/11\/takim-i-subjekteve-shqiptare-forca-udsh-ldmz.jpg 749w, https:\/\/www.visit-ulcinj.com\/blog\/wp-content\/uploads\/2015\/11\/takim-i-subjekteve-shqiptare-forca-udsh-ldmz-225x300.jpg 225w\" sizes=\"(max-width: 508px) 100vw, 508px\" \/><\/a><\/p>\n<p style=\"text-align: center;\"><strong>Kumtes\u00eb p\u00ebr media<\/strong><\/p>\n<p>Sot Ulqin u mbajt nj\u00eb takim pune ku mor\u00ebn pjes\u00eb kryetari i Forc\u00ebs Nazif Cungu, kryetari i UDSH-s\u00eb Mehmet Zenka, dhe kryetari i LD n\u00eb MZ dega e Mal\u00ebsis\u00eb Nikoll\u00eb Camaj.<\/p>\n<p>N\u00eb mes tjerash, tem\u00eb e bised\u00ebs ishte edhe p\u00ebrpilimi i platform\u00ebs s\u00eb p\u00ebrbashk\u00ebt mbi statusin politiko-ekonomik t\u00eb shqiptar\u00ebve n\u00eb Mal t\u00eb Zi.<\/p>\n<p>P\u00ebrfundim i p\u00ebrbashk\u00ebt i k\u00ebtij takimi \u00ebsht\u00eb se p\u00ebr p\u00ebrpilimin e k\u00ebsaj platforme nevojitet nj\u00eb konsenzus sa m\u00eb i gj\u00ebr\u00eb i p\u00ebrb\u00ebr\u00ebsve politik shqiptar\u00eb t\u00eb cil\u00ebt veprojn\u00eb n\u00eb Mal t\u00eb Zi.<\/p>\n<p>Ky konkludim \u00ebsht\u00eb konform dhe n\u00eb frym\u00ebn e takimit t\u00eb par\u00eb t\u00eb mabjtur n\u00eb Ulqin, ku nuk ishin prezent t\u00eb gjith\u00eb p\u00ebrb\u00ebr\u00ebsit e politik\u00ebs shqiptare n\u00eb Mal t\u00eb Zi.<\/p>\n<p>Po ashtu, mendimi i p\u00ebrbashk\u00ebt \u00ebsht\u00eb se n\u00eb t\u00eb ardhmen takimet duhet t\u00eb koordinohen nga K\u00ebshilli Komb\u00ebtar i Shqiptar\u00ebve, si institucioni m\u00eb i lart\u00eb mbipartiak n\u00eb Mal t\u00eb Zi. \/MALESIA.ORG\/<\/p>\n","protected":false},"excerpt":{"rendered":"<p>P\u00ebrfaq\u00ebsuesit e FORC-\u00ebs , UDSH, dhe t\u00eb Lidhjes Demokratike p\u00ebr Mal\u00ebsin\u00eb kan\u00eb biseduar p\u00ebr nj\u00eb koalicion t\u00eb mundsh\u00ebm n\u00eb zgjedhjet e ardhshme parlamentare , shkruan Portali Mal\u00ebsia.org. N\u00eb Ulqin dje jan\u00eb takuar kryetari i Froc\u00ebs ,Nazif Cungu, kryetari i UDSH, Mehmet Zenka dhe kryetari i Lidhjes Demokratike, Nikoll\u00eb Camaj. Ata kan\u00eb biseduar\u00a0 p\u00ebr platform\u00ebn e [&hellip;]<\/p>\n","protected":false},"author":1,"featured_media":0,"comment_status":"closed","ping_status":"closed","sticky":false,"template":"","format":"standard","meta":{"spay_email":"","jetpack_publicize_message":"","jetpack_is_tweetstorm":false,"jetpack_publicize_feature_enabled":true},"categories":[6950],"tags":[],"jetpack_publicize_connections":[],"yoast_head":"<!-- This site is optimized with the Yoast SEO plugin v19.1 - https:\/\/yoast.com\/wordpress\/plugins\/seo\/ -->\n<title>Koalicioni m\u00eb i mundsh\u00ebm: Forca - UDSH - LDMZ - Lajme nga Ulqini<\/title>\n<meta name=\"description\" content=\"P\u00ebrfaq\u00ebsuesit e FORC-\u00ebs , UDSH, dhe t\u00eb Lidhjes Demokratike p\u00ebr Mal\u00ebsin\u00eb kan\u00eb biseduar p\u00ebr nj\u00eb koalicion t\u00eb mundsh\u00ebm n\u00eb zgjedhjet e ardhshme parlamentare ,\" \/>\n<meta name=\"robots\" content=\"index, follow, max-snippet:-1, max-image-preview:large, max-video-preview:-1\" \/>\n<link rel=\"canonical\" href=\"https:\/\/www.visit-ulcinj.com\/blog\/2015\/11\/26\/koalicioni-mundshem-forca-udsh-ldmz\/\" \/>\n<meta property=\"og:locale\" content=\"en_US\" \/>\n<meta property=\"og:type\" content=\"article\" \/>\n<meta property=\"og:title\" content=\"Koalicioni m\u00eb i mundsh\u00ebm: Forca - UDSH - LDMZ - Lajme nga Ulqini\" \/>\n<meta property=\"og:description\" content=\"P\u00ebrfaq\u00ebsuesit e FORC-\u00ebs , UDSH, dhe t\u00eb Lidhjes Demokratike p\u00ebr Mal\u00ebsin\u00eb kan\u00eb biseduar p\u00ebr nj\u00eb koalicion t\u00eb mundsh\u00ebm n\u00eb zgjedhjet e ardhshme parlamentare ,\" \/>\n<meta property=\"og:url\" content=\"https:\/\/www.visit-ulcinj.com\/blog\/2015\/11\/26\/koalicioni-mundshem-forca-udsh-ldmz\/\" \/>\n<meta property=\"og:site_name\" content=\"Lajme nga Ulqini\" \/>\n<meta property=\"article:published_time\" content=\"2015-11-26T08:19:02+00:00\" \/>\n<meta property=\"article:modified_time\" content=\"2015-11-28T08:41:14+00:00\" \/>\n<meta property=\"og:image\" content=\"http:\/\/www.visit-ulcinj.com\/blog\/wp-content\/uploads\/2015\/11\/Koalicioni-Forca-UDSH-LDMZ.jpg\" \/>\n<meta name=\"twitter:label1\" content=\"Written by\" \/>\n\t<meta name=\"twitter:data1\" content=\"ulqini\" \/>\n\t<meta name=\"twitter:label2\" content=\"Est. reading time\" \/>\n\t<meta name=\"twitter:data2\" content=\"1 minute\" \/>\n<script type=\"application\/ld+json\" class=\"yoast-schema-graph\">{\"@context\":\"https:\/\/schema.org\",\"@graph\":[{\"@type\":\"WebSite\",\"@id\":\"https:\/\/www.visit-ulcinj.com\/blog\/#website\",\"url\":\"https:\/\/www.visit-ulcinj.com\/blog\/\",\"name\":\"Lajme nga Ulqini\",\"description\":\"Lajme,Vijesti,Ulqini,Ulqin,Crna Gora,Mali i Zi\",\"potentialAction\":[{\"@type\":\"SearchAction\",\"target\":{\"@type\":\"EntryPoint\",\"urlTemplate\":\"https:\/\/www.visit-ulcinj.com\/blog\/?s={search_term_string}\"},\"query-input\":\"required name=search_term_string\"}],\"inLanguage\":\"en-US\"},{\"@type\":\"ImageObject\",\"inLanguage\":\"en-US\",\"@id\":\"https:\/\/www.visit-ulcinj.com\/blog\/2015\/11\/26\/koalicioni-mundshem-forca-udsh-ldmz\/#primaryimage\",\"url\":\"https:\/\/www.visit-ulcinj.com\/blog\/wp-content\/uploads\/2015\/11\/Koalicioni-Forca-UDSH-LDMZ.jpg\",\"contentUrl\":\"https:\/\/www.visit-ulcinj.com\/blog\/wp-content\/uploads\/2015\/11\/Koalicioni-Forca-UDSH-LDMZ.jpg\",\"width\":906,\"height\":302},{\"@type\":\"WebPage\",\"@id\":\"https:\/\/www.visit-ulcinj.com\/blog\/2015\/11\/26\/koalicioni-mundshem-forca-udsh-ldmz\/#webpage\",\"url\":\"https:\/\/www.visit-ulcinj.com\/blog\/2015\/11\/26\/koalicioni-mundshem-forca-udsh-ldmz\/\",\"name\":\"Koalicioni m\u00eb i mundsh\u00ebm: Forca - UDSH - LDMZ - Lajme nga Ulqini\",\"isPartOf\":{\"@id\":\"https:\/\/www.visit-ulcinj.com\/blog\/#website\"},\"primaryImageOfPage\":{\"@id\":\"https:\/\/www.visit-ulcinj.com\/blog\/2015\/11\/26\/koalicioni-mundshem-forca-udsh-ldmz\/#primaryimage\"},\"datePublished\":\"2015-11-26T08:19:02+00:00\",\"dateModified\":\"2015-11-28T08:41:14+00:00\",\"author\":{\"@id\":\"https:\/\/www.visit-ulcinj.com\/blog\/#\/schema\/person\/dcab619c614d3038751c63bc2aadc06d\"},\"description\":\"P\u00ebrfaq\u00ebsuesit e FORC-\u00ebs , UDSH, dhe t\u00eb Lidhjes Demokratike p\u00ebr Mal\u00ebsin\u00eb kan\u00eb biseduar p\u00ebr nj\u00eb koalicion t\u00eb mundsh\u00ebm n\u00eb zgjedhjet e ardhshme parlamentare ,\",\"breadcrumb\":{\"@id\":\"https:\/\/www.visit-ulcinj.com\/blog\/2015\/11\/26\/koalicioni-mundshem-forca-udsh-ldmz\/#breadcrumb\"},\"inLanguage\":\"en-US\",\"potentialAction\":[{\"@type\":\"ReadAction\",\"target\":[\"https:\/\/www.visit-ulcinj.com\/blog\/2015\/11\/26\/koalicioni-mundshem-forca-udsh-ldmz\/\"]}]},{\"@type\":\"BreadcrumbList\",\"@id\":\"https:\/\/www.visit-ulcinj.com\/blog\/2015\/11\/26\/koalicioni-mundshem-forca-udsh-ldmz\/#breadcrumb\",\"itemListElement\":[{\"@type\":\"ListItem\",\"position\":1,\"name\":\"Koalicioni m\u00eb i mundsh\u00ebm: Forca &#8211; UDSH &#8211; LDMZ\"}]},{\"@type\":\"Person\",\"@id\":\"https:\/\/www.visit-ulcinj.com\/blog\/#\/schema\/person\/dcab619c614d3038751c63bc2aadc06d\",\"name\":\"ulqini\",\"sameAs\":[\"http:\/\/www.visit-ulcinj.com\"],\"url\":\"https:\/\/www.visit-ulcinj.com\/blog\/author\/admin\/\"}]}<\/script>\n<!-- \/ Yoast SEO plugin. -->","yoast_head_json":{"title":"Koalicioni m\u00eb i mundsh\u00ebm: Forca - UDSH - LDMZ - Lajme nga Ulqini","description":"P\u00ebrfaq\u00ebsuesit e FORC-\u00ebs , UDSH, dhe t\u00eb Lidhjes Demokratike p\u00ebr Mal\u00ebsin\u00eb kan\u00eb biseduar p\u00ebr nj\u00eb koalicion t\u00eb mundsh\u00ebm n\u00eb zgjedhjet e ardhshme parlamentare ,","robots":{"index":"index","follow":"follow","max-snippet":"max-snippet:-1","max-image-preview":"max-image-preview:large","max-video-preview":"max-video-preview:-1"},"canonical":"https:\/\/www.visit-ulcinj.com\/blog\/2015\/11\/26\/koalicioni-mundshem-forca-udsh-ldmz\/","og_locale":"en_US","og_type":"article","og_title":"Koalicioni m\u00eb i mundsh\u00ebm: Forca - UDSH - LDMZ - Lajme nga Ulqini","og_description":"P\u00ebrfaq\u00ebsuesit e FORC-\u00ebs , UDSH, dhe t\u00eb Lidhjes Demokratike p\u00ebr Mal\u00ebsin\u00eb kan\u00eb biseduar p\u00ebr nj\u00eb koalicion t\u00eb mundsh\u00ebm n\u00eb zgjedhjet e ardhshme parlamentare ,","og_url":"https:\/\/www.visit-ulcinj.com\/blog\/2015\/11\/26\/koalicioni-mundshem-forca-udsh-ldmz\/","og_site_name":"Lajme nga Ulqini","article_published_time":"2015-11-26T08:19:02+00:00","article_modified_time":"2015-11-28T08:41:14+00:00","og_image":[{"url":"http:\/\/www.visit-ulcinj.com\/blog\/wp-content\/uploads\/2015\/11\/Koalicioni-Forca-UDSH-LDMZ.jpg"}],"twitter_misc":{"Written by":"ulqini","Est. reading time":"1 minute"},"schema":{"@context":"https:\/\/schema.org","@graph":[{"@type":"WebSite","@id":"https:\/\/www.visit-ulcinj.com\/blog\/#website","url":"https:\/\/www.visit-ulcinj.com\/blog\/","name":"Lajme nga Ulqini","description":"Lajme,Vijesti,Ulqini,Ulqin,Crna Gora,Mali i Zi","potentialAction":[{"@type":"SearchAction","target":{"@type":"EntryPoint","urlTemplate":"https:\/\/www.visit-ulcinj.com\/blog\/?s={search_term_string}"},"query-input":"required name=search_term_string"}],"inLanguage":"en-US"},{"@type":"ImageObject","inLanguage":"en-US","@id":"https:\/\/www.visit-ulcinj.com\/blog\/2015\/11\/26\/koalicioni-mundshem-forca-udsh-ldmz\/#primaryimage","url":"https:\/\/www.visit-ulcinj.com\/blog\/wp-content\/uploads\/2015\/11\/Koalicioni-Forca-UDSH-LDMZ.jpg","contentUrl":"https:\/\/www.visit-ulcinj.com\/blog\/wp-content\/uploads\/2015\/11\/Koalicioni-Forca-UDSH-LDMZ.jpg","width":906,"height":302},{"@type":"WebPage","@id":"https:\/\/www.visit-ulcinj.com\/blog\/2015\/11\/26\/koalicioni-mundshem-forca-udsh-ldmz\/#webpage","url":"https:\/\/www.visit-ulcinj.com\/blog\/2015\/11\/26\/koalicioni-mundshem-forca-udsh-ldmz\/","name":"Koalicioni m\u00eb i mundsh\u00ebm: Forca - UDSH - LDMZ - Lajme nga Ulqini","isPartOf":{"@id":"https:\/\/www.visit-ulcinj.com\/blog\/#website"},"primaryImageOfPage":{"@id":"https:\/\/www.visit-ulcinj.com\/blog\/2015\/11\/26\/koalicioni-mundshem-forca-udsh-ldmz\/#primaryimage"},"datePublished":"2015-11-26T08:19:02+00:00","dateModified":"2015-11-28T08:41:14+00:00","author":{"@id":"https:\/\/www.visit-ulcinj.com\/blog\/#\/schema\/person\/dcab619c614d3038751c63bc2aadc06d"},"description":"P\u00ebrfaq\u00ebsuesit e FORC-\u00ebs , UDSH, dhe t\u00eb Lidhjes Demokratike p\u00ebr Mal\u00ebsin\u00eb kan\u00eb biseduar p\u00ebr nj\u00eb koalicion t\u00eb mundsh\u00ebm n\u00eb zgjedhjet e ardhshme parlamentare ,","breadcrumb":{"@id":"https:\/\/www.visit-ulcinj.com\/blog\/2015\/11\/26\/koalicioni-mundshem-forca-udsh-ldmz\/#breadcrumb"},"inLanguage":"en-US","potentialAction":[{"@type":"ReadAction","target":["https:\/\/www.visit-ulcinj.com\/blog\/2015\/11\/26\/koalicioni-mundshem-forca-udsh-ldmz\/"]}]},{"@type":"BreadcrumbList","@id":"https:\/\/www.visit-ulcinj.com\/blog\/2015\/11\/26\/koalicioni-mundshem-forca-udsh-ldmz\/#breadcrumb","itemListElement":[{"@type":"ListItem","position":1,"name":"Koalicioni m\u00eb i mundsh\u00ebm: Forca &#8211; UDSH &#8211; LDMZ"}]},{"@type":"Person","@id":"https:\/\/www.visit-ulcinj.com\/blog\/#\/schema\/person\/dcab619c614d3038751c63bc2aadc06d","name":"ulqini","sameAs":["http:\/\/www.visit-ulcinj.com"],"url":"https:\/\/www.visit-ulcinj.com\/blog\/author\/admin\/"}]}},"jetpack_featured_media_url":"","jetpack_sharing_enabled":true,"jetpack_shortlink":"https:\/\/wp.me\/pe6lTn-ohR","_links":{"self":[{"href":"https:\/\/www.visit-ulcinj.com\/blog\/wp-json\/wp\/v2\/posts\/93363"}],"collection":[{"href":"https:\/\/www.visit-ulcinj.com\/blog\/wp-json\/wp\/v2\/posts"}],"about":[{"href":"https:\/\/www.visit-ulcinj.com\/blog\/wp-json\/wp\/v2\/types\/post"}],"author":[{"embeddable":true,"href":"https:\/\/www.visit-ulcinj.com\/blog\/wp-json\/wp\/v2\/users\/1"}],"replies":[{"embeddable":true,"href":"https:\/\/www.visit-ulcinj.com\/blog\/wp-json\/wp\/v2\/comments?post=93363"}],"version-history":[{"count":1,"href":"https:\/\/www.visit-ulcinj.com\/blog\/wp-json\/wp\/v2\/posts\/93363\/revisions"}],"predecessor-version":[{"id":93368,"href":"https:\/\/www.visit-ulcinj.com\/blog\/wp-json\/wp\/v2\/posts\/93363\/revisions\/93368"}],"wp:attachment":[{"href":"https:\/\/www.visit-ulcinj.com\/blog\/wp-json\/wp\/v2\/media?parent=93363"}],"wp:term":[{"taxonomy":"category","embeddable":true,"href":"https:\/\/www.visit-ulcinj.com\/blog\/wp-json\/wp\/v2\/categories?post=93363"},{"taxonomy":"post_tag","embeddable":true,"href":"https:\/\/www.visit-ulcinj.com\/blog\/wp-json\/wp\/v2\/tags?post=93363"}],"curies":[{"name":"wp","href":"https:\/\/api.w.org\/{rel}","templated":true}]}}