{"id":93373,"date":"2015-11-28T10:09:28","date_gmt":"2015-11-28T09:09:28","guid":{"rendered":"http:\/\/www.visit-ulcinj.com\/blog\/?p=93373"},"modified":"2015-11-28T10:09:28","modified_gmt":"2015-11-28T09:09:28","slug":"forca-urime-28-nentori-dita-e-flamurit","status":"publish","type":"post","link":"https:\/\/www.visit-ulcinj.com\/blog\/2015\/11\/28\/forca-urime-28-nentori-dita-e-flamurit\/","title":{"rendered":"Forca: Urime 28 N\u00ebntori, dita e flamurit!"},"content":{"rendered":"<p class=\"entry-title\"><strong><a href=\"http:\/\/www.visit-ulcinj.com\/blog\/wp-content\/uploads\/2013\/11\/G\u00ebzuar-Dit\u00ebn-e-Flamurit-Forca-e-re-demokratike.jpg\"><img loading=\"lazy\" class=\"alignleft wp-image-76675\" src=\"http:\/\/www.visit-ulcinj.com\/blog\/wp-content\/uploads\/2013\/11\/G\u00ebzuar-Dit\u00ebn-e-Flamurit-Forca-e-re-demokratike.jpg\" alt=\"G\u00ebzuar Dit\u00ebn e Flamurit - Forca e re demokratike\" width=\"508\" height=\"406\" srcset=\"https:\/\/www.visit-ulcinj.com\/blog\/wp-content\/uploads\/2013\/11\/G\u00ebzuar-Dit\u00ebn-e-Flamurit-Forca-e-re-demokratike.jpg 629w, https:\/\/www.visit-ulcinj.com\/blog\/wp-content\/uploads\/2013\/11\/G\u00ebzuar-Dit\u00ebn-e-Flamurit-Forca-e-re-demokratike-300x239.jpg 300w\" sizes=\"(max-width: 508px) 100vw, 508px\" \/><\/a><\/strong><strong>Mesazh urimi me rastin e 28 N\u00ebntorit<\/strong><\/p>\n<p style=\"text-align: center;\"><strong>Kumtes\u00eb p\u00ebr media<\/strong><\/p>\n<p>Sot, me 28 N\u00ebntor, shqiptar\u00ebt pa dallim feje apo krahine grumbullohen rreth mesazhit q\u00eb na lan\u00eb amanet t\u00eb par\u00ebt tan\u00eb. Mesazhit t\u00eb unitetit komb\u00ebtar, t\u00eb luft\u00ebs kund\u00ebr p\u00ebr\u00e7arjeve dhe dallimeve, t\u00eb ngadhnjimit ndaj atyre q\u00eb na luftuan dhe t\u00eb paqes me ata q\u00eb na ndihmuan.<\/p>\n<p>Sot, shqiptar\u00ebt festojn\u00eb lindjen e tyre, jo si komb, por si forc\u00eb e pamohueshme n\u00eb t\u00eb gjitha l\u00ebvizjet \u00a0sociale, ekonomike dhe politike t\u00eb Ballkanit , dhe n\u00eb t\u00eb ardhmen pse jo edhe t\u00eb Europ\u00ebs.<\/p>\n<p>Forca e Re Demokratike, si subjekti m\u00eb i madh shqiptar n\u00eb Mal t\u00eb Zi, uron q\u00eb kjo dat\u00eb t\u00eb mos jet\u00eb vet\u00ebm kujtim i s\u00eb kaluar\u00ebs por edhe nxitje p\u00ebr bashkim n\u00eb t\u00eb ardhmen. Bashkim i cili nj\u00ebher\u00eb e mir\u00eb do ti ngris\u00eb shqiptar\u00ebt n\u00eb pozit\u00ebn q\u00eb meritojn\u00eb p\u00ebrkrah vendeve t\u00eb Europ\u00ebs.<\/p>\n<p>Urime 28 N\u00ebntorin, Dit\u00ebn e Flamurit .<\/p>\n<p><strong>Ne respekt,<\/strong><\/p>\n<p><strong>Nazif Cungu<\/strong><\/p>\n<p><strong>Kryetar i Forc\u00ebs s\u00eb Re Demokratike<\/strong><\/p>\n","protected":false},"excerpt":{"rendered":"<p>Mesazh urimi me rastin e 28 N\u00ebntorit Kumtes\u00eb p\u00ebr media Sot, me 28 N\u00ebntor, shqiptar\u00ebt pa dallim feje apo krahine grumbullohen rreth mesazhit q\u00eb na lan\u00eb amanet t\u00eb par\u00ebt tan\u00eb. Mesazhit t\u00eb unitetit komb\u00ebtar, t\u00eb luft\u00ebs kund\u00ebr p\u00ebr\u00e7arjeve dhe dallimeve, t\u00eb ngadhnjimit ndaj atyre q\u00eb na luftuan dhe t\u00eb paqes me ata q\u00eb na ndihmuan. [&hellip;]<\/p>\n","protected":false},"author":1,"featured_media":0,"comment_status":"closed","ping_status":"closed","sticky":false,"template":"","format":"standard","meta":{"spay_email":"","jetpack_publicize_message":"","jetpack_is_tweetstorm":false,"jetpack_publicize_feature_enabled":true},"categories":[1],"tags":[],"jetpack_publicize_connections":[],"yoast_head":"<!-- This site is optimized with the Yoast SEO plugin v19.1 - https:\/\/yoast.com\/wordpress\/plugins\/seo\/ -->\n<title>Forca: Urime 28 N\u00ebntori, dita e flamurit! - Lajme nga Ulqini<\/title>\n<meta name=\"description\" content=\"Mesazh urimi me rastin e 28 N\u00ebntorit Kumtes\u00eb p\u00ebr media Sot, me 28 N\u00ebntor, shqiptar\u00ebt pa dallim feje apo krahine grumbullohen rreth mesazhit q\u00eb na lan\u00eb\" \/>\n<meta name=\"robots\" content=\"index, follow, max-snippet:-1, max-image-preview:large, max-video-preview:-1\" \/>\n<link rel=\"canonical\" href=\"https:\/\/www.visit-ulcinj.com\/blog\/2015\/11\/28\/forca-urime-28-nentori-dita-e-flamurit\/\" \/>\n<meta property=\"og:locale\" content=\"en_US\" \/>\n<meta property=\"og:type\" content=\"article\" \/>\n<meta property=\"og:title\" content=\"Forca: Urime 28 N\u00ebntori, dita e flamurit! - Lajme nga Ulqini\" \/>\n<meta property=\"og:description\" content=\"Mesazh urimi me rastin e 28 N\u00ebntorit Kumtes\u00eb p\u00ebr media Sot, me 28 N\u00ebntor, shqiptar\u00ebt pa dallim feje apo krahine grumbullohen rreth mesazhit q\u00eb na lan\u00eb\" \/>\n<meta property=\"og:url\" content=\"https:\/\/www.visit-ulcinj.com\/blog\/2015\/11\/28\/forca-urime-28-nentori-dita-e-flamurit\/\" \/>\n<meta property=\"og:site_name\" content=\"Lajme nga Ulqini\" \/>\n<meta property=\"article:published_time\" content=\"2015-11-28T09:09:28+00:00\" \/>\n<meta name=\"twitter:label1\" content=\"Written by\" \/>\n\t<meta name=\"twitter:data1\" content=\"ulqini\" \/>\n\t<meta name=\"twitter:label2\" content=\"Est. reading time\" \/>\n\t<meta name=\"twitter:data2\" content=\"1 minute\" \/>\n<script type=\"application\/ld+json\" class=\"yoast-schema-graph\">{\"@context\":\"https:\/\/schema.org\",\"@graph\":[{\"@type\":\"WebSite\",\"@id\":\"https:\/\/www.visit-ulcinj.com\/blog\/#website\",\"url\":\"https:\/\/www.visit-ulcinj.com\/blog\/\",\"name\":\"Lajme nga Ulqini\",\"description\":\"Lajme,Vijesti,Ulqini,Ulqin,Crna Gora,Mali i Zi\",\"potentialAction\":[{\"@type\":\"SearchAction\",\"target\":{\"@type\":\"EntryPoint\",\"urlTemplate\":\"https:\/\/www.visit-ulcinj.com\/blog\/?s={search_term_string}\"},\"query-input\":\"required name=search_term_string\"}],\"inLanguage\":\"en-US\"},{\"@type\":\"WebPage\",\"@id\":\"https:\/\/www.visit-ulcinj.com\/blog\/2015\/11\/28\/forca-urime-28-nentori-dita-e-flamurit\/#webpage\",\"url\":\"https:\/\/www.visit-ulcinj.com\/blog\/2015\/11\/28\/forca-urime-28-nentori-dita-e-flamurit\/\",\"name\":\"Forca: Urime 28 N\u00ebntori, dita e flamurit! - Lajme nga Ulqini\",\"isPartOf\":{\"@id\":\"https:\/\/www.visit-ulcinj.com\/blog\/#website\"},\"datePublished\":\"2015-11-28T09:09:28+00:00\",\"dateModified\":\"2015-11-28T09:09:28+00:00\",\"author\":{\"@id\":\"https:\/\/www.visit-ulcinj.com\/blog\/#\/schema\/person\/dcab619c614d3038751c63bc2aadc06d\"},\"description\":\"Mesazh urimi me rastin e 28 N\u00ebntorit Kumtes\u00eb p\u00ebr media Sot, me 28 N\u00ebntor, shqiptar\u00ebt pa dallim feje apo krahine grumbullohen rreth mesazhit q\u00eb na lan\u00eb\",\"breadcrumb\":{\"@id\":\"https:\/\/www.visit-ulcinj.com\/blog\/2015\/11\/28\/forca-urime-28-nentori-dita-e-flamurit\/#breadcrumb\"},\"inLanguage\":\"en-US\",\"potentialAction\":[{\"@type\":\"ReadAction\",\"target\":[\"https:\/\/www.visit-ulcinj.com\/blog\/2015\/11\/28\/forca-urime-28-nentori-dita-e-flamurit\/\"]}]},{\"@type\":\"BreadcrumbList\",\"@id\":\"https:\/\/www.visit-ulcinj.com\/blog\/2015\/11\/28\/forca-urime-28-nentori-dita-e-flamurit\/#breadcrumb\",\"itemListElement\":[{\"@type\":\"ListItem\",\"position\":1,\"name\":\"Forca: Urime 28 N\u00ebntori, dita e flamurit!\"}]},{\"@type\":\"Person\",\"@id\":\"https:\/\/www.visit-ulcinj.com\/blog\/#\/schema\/person\/dcab619c614d3038751c63bc2aadc06d\",\"name\":\"ulqini\",\"sameAs\":[\"http:\/\/www.visit-ulcinj.com\"],\"url\":\"https:\/\/www.visit-ulcinj.com\/blog\/author\/admin\/\"}]}<\/script>\n<!-- \/ Yoast SEO plugin. -->","yoast_head_json":{"title":"Forca: Urime 28 N\u00ebntori, dita e flamurit! - Lajme nga Ulqini","description":"Mesazh urimi me rastin e 28 N\u00ebntorit Kumtes\u00eb p\u00ebr media Sot, me 28 N\u00ebntor, shqiptar\u00ebt pa dallim feje apo krahine grumbullohen rreth mesazhit q\u00eb na lan\u00eb","robots":{"index":"index","follow":"follow","max-snippet":"max-snippet:-1","max-image-preview":"max-image-preview:large","max-video-preview":"max-video-preview:-1"},"canonical":"https:\/\/www.visit-ulcinj.com\/blog\/2015\/11\/28\/forca-urime-28-nentori-dita-e-flamurit\/","og_locale":"en_US","og_type":"article","og_title":"Forca: Urime 28 N\u00ebntori, dita e flamurit! - Lajme nga Ulqini","og_description":"Mesazh urimi me rastin e 28 N\u00ebntorit Kumtes\u00eb p\u00ebr media Sot, me 28 N\u00ebntor, shqiptar\u00ebt pa dallim feje apo krahine grumbullohen rreth mesazhit q\u00eb na lan\u00eb","og_url":"https:\/\/www.visit-ulcinj.com\/blog\/2015\/11\/28\/forca-urime-28-nentori-dita-e-flamurit\/","og_site_name":"Lajme nga Ulqini","article_published_time":"2015-11-28T09:09:28+00:00","twitter_misc":{"Written by":"ulqini","Est. reading time":"1 minute"},"schema":{"@context":"https:\/\/schema.org","@graph":[{"@type":"WebSite","@id":"https:\/\/www.visit-ulcinj.com\/blog\/#website","url":"https:\/\/www.visit-ulcinj.com\/blog\/","name":"Lajme nga Ulqini","description":"Lajme,Vijesti,Ulqini,Ulqin,Crna Gora,Mali i Zi","potentialAction":[{"@type":"SearchAction","target":{"@type":"EntryPoint","urlTemplate":"https:\/\/www.visit-ulcinj.com\/blog\/?s={search_term_string}"},"query-input":"required name=search_term_string"}],"inLanguage":"en-US"},{"@type":"WebPage","@id":"https:\/\/www.visit-ulcinj.com\/blog\/2015\/11\/28\/forca-urime-28-nentori-dita-e-flamurit\/#webpage","url":"https:\/\/www.visit-ulcinj.com\/blog\/2015\/11\/28\/forca-urime-28-nentori-dita-e-flamurit\/","name":"Forca: Urime 28 N\u00ebntori, dita e flamurit! - Lajme nga Ulqini","isPartOf":{"@id":"https:\/\/www.visit-ulcinj.com\/blog\/#website"},"datePublished":"2015-11-28T09:09:28+00:00","dateModified":"2015-11-28T09:09:28+00:00","author":{"@id":"https:\/\/www.visit-ulcinj.com\/blog\/#\/schema\/person\/dcab619c614d3038751c63bc2aadc06d"},"description":"Mesazh urimi me rastin e 28 N\u00ebntorit Kumtes\u00eb p\u00ebr media Sot, me 28 N\u00ebntor, shqiptar\u00ebt pa dallim feje apo krahine grumbullohen rreth mesazhit q\u00eb na lan\u00eb","breadcrumb":{"@id":"https:\/\/www.visit-ulcinj.com\/blog\/2015\/11\/28\/forca-urime-28-nentori-dita-e-flamurit\/#breadcrumb"},"inLanguage":"en-US","potentialAction":[{"@type":"ReadAction","target":["https:\/\/www.visit-ulcinj.com\/blog\/2015\/11\/28\/forca-urime-28-nentori-dita-e-flamurit\/"]}]},{"@type":"BreadcrumbList","@id":"https:\/\/www.visit-ulcinj.com\/blog\/2015\/11\/28\/forca-urime-28-nentori-dita-e-flamurit\/#breadcrumb","itemListElement":[{"@type":"ListItem","position":1,"name":"Forca: Urime 28 N\u00ebntori, dita e flamurit!"}]},{"@type":"Person","@id":"https:\/\/www.visit-ulcinj.com\/blog\/#\/schema\/person\/dcab619c614d3038751c63bc2aadc06d","name":"ulqini","sameAs":["http:\/\/www.visit-ulcinj.com"],"url":"https:\/\/www.visit-ulcinj.com\/blog\/author\/admin\/"}]}},"jetpack_featured_media_url":"","jetpack_sharing_enabled":true,"jetpack_shortlink":"https:\/\/wp.me\/pe6lTn-oi1","_links":{"self":[{"href":"https:\/\/www.visit-ulcinj.com\/blog\/wp-json\/wp\/v2\/posts\/93373"}],"collection":[{"href":"https:\/\/www.visit-ulcinj.com\/blog\/wp-json\/wp\/v2\/posts"}],"about":[{"href":"https:\/\/www.visit-ulcinj.com\/blog\/wp-json\/wp\/v2\/types\/post"}],"author":[{"embeddable":true,"href":"https:\/\/www.visit-ulcinj.com\/blog\/wp-json\/wp\/v2\/users\/1"}],"replies":[{"embeddable":true,"href":"https:\/\/www.visit-ulcinj.com\/blog\/wp-json\/wp\/v2\/comments?post=93373"}],"version-history":[{"count":1,"href":"https:\/\/www.visit-ulcinj.com\/blog\/wp-json\/wp\/v2\/posts\/93373\/revisions"}],"predecessor-version":[{"id":93374,"href":"https:\/\/www.visit-ulcinj.com\/blog\/wp-json\/wp\/v2\/posts\/93373\/revisions\/93374"}],"wp:attachment":[{"href":"https:\/\/www.visit-ulcinj.com\/blog\/wp-json\/wp\/v2\/media?parent=93373"}],"wp:term":[{"taxonomy":"category","embeddable":true,"href":"https:\/\/www.visit-ulcinj.com\/blog\/wp-json\/wp\/v2\/categories?post=93373"},{"taxonomy":"post_tag","embeddable":true,"href":"https:\/\/www.visit-ulcinj.com\/blog\/wp-json\/wp\/v2\/tags?post=93373"}],"curies":[{"name":"wp","href":"https:\/\/api.w.org\/{rel}","templated":true}]}}