{"id":93377,"date":"2015-11-28T12:42:49","date_gmt":"2015-11-28T11:42:49","guid":{"rendered":"http:\/\/www.visit-ulcinj.com\/blog\/?p=93377"},"modified":"2015-11-28T12:42:49","modified_gmt":"2015-11-28T11:42:49","slug":"partia-demokratike-mesazh-urimi-rastin-e-28-nentorit","status":"publish","type":"post","link":"https:\/\/www.visit-ulcinj.com\/blog\/2015\/11\/28\/partia-demokratike-mesazh-urimi-rastin-e-28-nentorit\/","title":{"rendered":"Partia Demokratike: Mesazh urimi me rastin e 28 N\u00ebntorit"},"content":{"rendered":"<p><a href=\"http:\/\/www.visit-ulcinj.com\/blog\/wp-content\/uploads\/2015\/11\/28_nentori_ulqin.jpg\"><img loading=\"lazy\" class=\"alignleft wp-image-93379\" src=\"http:\/\/www.visit-ulcinj.com\/blog\/wp-content\/uploads\/2015\/11\/28_nentori_ulqin.jpg\" alt=\"28_nentori_ulqin\" width=\"508\" height=\"358\" srcset=\"https:\/\/www.visit-ulcinj.com\/blog\/wp-content\/uploads\/2015\/11\/28_nentori_ulqin.jpg 898w, https:\/\/www.visit-ulcinj.com\/blog\/wp-content\/uploads\/2015\/11\/28_nentori_ulqin-300x211.jpg 300w\" sizes=\"(max-width: 508px) 100vw, 508px\" \/><\/a>Partia Demokratike i ka derguar telegram urimi Presidentit te Republikes se Shqiperis, Kryeministrit dhe Kryetarit te Parlameentit me rastin e Dites se Pavaresise 28 Nentorit.<\/p>\n<p>Ne telegramin e Kryetarit te Partise Demokratike z. Fatmir Gjeka per Presidentin e Republikes se Shqiperise Bujar Nishani thuhet:<\/p>\n<p>Partia Demokratike<br \/>\nKryetari Fatmir Gjeka<br \/>\nUlqin<\/p>\n<p><a href=\"http:\/\/www.visit-ulcinj.com\/blog\/wp-content\/uploads\/2015\/11\/kryetari-gjeka-presidenti-nishani.jpg\"><img loading=\"lazy\" class=\"alignleft wp-image-93378\" src=\"http:\/\/www.visit-ulcinj.com\/blog\/wp-content\/uploads\/2015\/11\/kryetari-gjeka-presidenti-nishani.jpg\" alt=\"kryetari-gjeka-presidenti-nishani\" width=\"508\" height=\"391\" srcset=\"https:\/\/www.visit-ulcinj.com\/blog\/wp-content\/uploads\/2015\/11\/kryetari-gjeka-presidenti-nishani.jpg 840w, https:\/\/www.visit-ulcinj.com\/blog\/wp-content\/uploads\/2015\/11\/kryetari-gjeka-presidenti-nishani-300x231.jpg 300w\" sizes=\"(max-width: 508px) 100vw, 508px\" \/><\/a><\/p>\n<p>&nbsp;<\/p>\n<p>&nbsp;<\/p>\n<p>&nbsp;<\/p>\n<p style=\"text-align: center;\"><strong>Presidentit t\u00eb Republik\u00ebs s\u00eb Shqip\u00ebris\u00eb, z. Bujar Nishani<\/strong><\/p>\n<p>&nbsp;<\/p>\n<p style=\"text-align: center;\"><strong>Telegram urimi<\/strong><\/p>\n<p>&nbsp;<\/p>\n<p>I nderuari President i Republik\u00ebs s\u00eb Shqip\u00ebris\u00eb, z. Bujar Nishani, me rastin e 103 vjetorit t\u00eb Pavar\u00ebsis\u00eb, ju p\u00ebrg\u00ebzoj Ju, e p\u00ebrmes jush t\u00eb gjith\u00eb shqiptar\u00ebt n\u00eb Shqip\u00ebri, Kosov\u00eb, Maqedoni, Mal t\u00eb Zi, Greqi, si dhe gjith\u00eb diaspor\u00ebn shqiptare.<\/p>\n<p>Sakrificat dhe vuajtjet e m\u00ebdha shekuj me radh\u00eb, m\u00eb 28 N\u00ebntor 1912 u kuror\u00ebzuan me Pavar\u00ebsin\u00eb e Shqip\u00ebris\u00eb. Sot, pas 103 vitesh i kujtojm\u00eb, nderojm\u00eb e rrespektojm\u00eb t\u00eb gjith\u00eb ata q\u00eb kontribuan p\u00ebr pavar\u00ebsin\u00eb e vendit t\u00eb shqipeve. Kujtojm\u00eb, nderojm\u00eb e rrespektojm\u00eb djers\u00ebn, gjakun dhe mendjet e ndritura t\u00eb atdhetar\u00ebve q\u00eb soll\u00ebn Pavar\u00ebsin\u00eb.<\/p>\n<p>Sot, shqiptar\u00ebt jan\u00eb m\u00eb af\u00ebr Europ\u00ebs s\u00eb bashkuar, por m\u00eb e r\u00ebnd\u00ebsishme, ne jemi m\u00eb af\u00ebr nj\u00ebri \u2013 tjetrit, jemi m\u00eb t\u00eb bashkuar.<\/p>\n<p>T\u00eb bashkuar duhet t\u00eb jemi gjithmon\u00eb. T\u00eb bashkuar do t\u00eb jemi gjithmon\u00eb.<br \/>\nG\u00ebzuar.<\/p>\n<p>&nbsp;<\/p>\n<p>&nbsp;<\/p>\n<p>&nbsp;<\/p>\n<p>&nbsp;<\/p>\n<p><strong>Ulqin, m\u00eb 27 N\u00ebntor 2015\u00a0\u00a0\u00a0\u00a0\u00a0\u00a0\u00a0\u00a0\u00a0\u00a0\u00a0\u00a0\u00a0\u00a0\u00a0\u00a0\u00a0\u00a0\u00a0\u00a0\u00a0\u00a0\u00a0\u00a0\u00a0\u00a0\u00a0\u00a0\u00a0\u00a0\u00a0\u00a0\u00a0\u00a0\u00a0\u00a0\u00a0\u00a0\u00a0\u00a0\u00a0\u00a0\u00a0\u00a0\u00a0\u00a0\u00a0\u00a0\u00a0\u00a0\u00a0\u00a0\u00a0\u00a0 Kryetari i Partis\u00eb Demokratike<\/strong><br \/>\n<strong> \u00a0 \u00a0 \u00a0 \u00a0 \u00a0 \u00a0 \u00a0 \u00a0 \u00a0 \u00a0 \u00a0 \u00a0 \u00a0 \u00a0 \u00a0 \u00a0 \u00a0 \u00a0 \u00a0 \u00a0 \u00a0 \u00a0 \u00a0 \u00a0 \u00a0 \u00a0 \u00a0 \u00a0 \u00a0 \u00a0 \u00a0 \u00a0 \u00a0 \u00a0 \u00a0 \u00a0 \u00a0 \u00a0 \u00a0 \u00a0 \u00a0 \u00a0 \u00a0 \u00a0 \u00a0 \u00a0 \u00a0 \u00a0 \u00a0 \u00a0 \u00a0 \u00a0 \u00a0 \u00a0 \u00a0 \u00a0Fatmir Gjeka<\/strong><\/p>\n","protected":false},"excerpt":{"rendered":"<p>Partia Demokratike i ka derguar telegram urimi Presidentit te Republikes se Shqiperis, Kryeministrit dhe Kryetarit te Parlameentit me rastin e Dites se Pavaresise 28 Nentorit. Ne telegramin e Kryetarit te Partise Demokratike z. Fatmir Gjeka per Presidentin e Republikes se Shqiperise Bujar Nishani thuhet: Partia Demokratike Kryetari Fatmir Gjeka Ulqin &nbsp; &nbsp; &nbsp; Presidentit t\u00eb [&hellip;]<\/p>\n","protected":false},"author":1,"featured_media":0,"comment_status":"closed","ping_status":"closed","sticky":false,"template":"","format":"standard","meta":{"spay_email":"","jetpack_publicize_message":"","jetpack_is_tweetstorm":false,"jetpack_publicize_feature_enabled":true},"categories":[1],"tags":[],"jetpack_publicize_connections":[],"yoast_head":"<!-- This site is optimized with the Yoast SEO plugin v19.1 - https:\/\/yoast.com\/wordpress\/plugins\/seo\/ -->\n<title>Partia Demokratike: Mesazh urimi me rastin e 28 N\u00ebntorit - Lajme nga Ulqini<\/title>\n<meta name=\"description\" content=\"Partia Demokratike i ka derguar telegram urimi Presidentit te Republikes se Shqiperis, Kryeministrit dhe Kryetarit te Parlameentit me rastin e Dites se\" \/>\n<meta name=\"robots\" content=\"index, follow, max-snippet:-1, max-image-preview:large, max-video-preview:-1\" \/>\n<link rel=\"canonical\" href=\"https:\/\/www.visit-ulcinj.com\/blog\/2015\/11\/28\/partia-demokratike-mesazh-urimi-rastin-e-28-nentorit\/\" \/>\n<meta property=\"og:locale\" content=\"en_US\" \/>\n<meta property=\"og:type\" content=\"article\" \/>\n<meta property=\"og:title\" content=\"Partia Demokratike: Mesazh urimi me rastin e 28 N\u00ebntorit - Lajme nga Ulqini\" \/>\n<meta property=\"og:description\" content=\"Partia Demokratike i ka derguar telegram urimi Presidentit te Republikes se Shqiperis, Kryeministrit dhe Kryetarit te Parlameentit me rastin e Dites se\" \/>\n<meta property=\"og:url\" content=\"https:\/\/www.visit-ulcinj.com\/blog\/2015\/11\/28\/partia-demokratike-mesazh-urimi-rastin-e-28-nentorit\/\" \/>\n<meta property=\"og:site_name\" content=\"Lajme nga Ulqini\" \/>\n<meta property=\"article:published_time\" content=\"2015-11-28T11:42:49+00:00\" \/>\n<meta property=\"og:image\" content=\"http:\/\/www.visit-ulcinj.com\/blog\/wp-content\/uploads\/2015\/11\/28_nentori_ulqin.jpg\" \/>\n<meta name=\"twitter:label1\" content=\"Written by\" \/>\n\t<meta name=\"twitter:data1\" content=\"ulqini\" \/>\n\t<meta name=\"twitter:label2\" content=\"Est. reading time\" \/>\n\t<meta name=\"twitter:data2\" content=\"1 minute\" \/>\n<script type=\"application\/ld+json\" class=\"yoast-schema-graph\">{\"@context\":\"https:\/\/schema.org\",\"@graph\":[{\"@type\":\"WebSite\",\"@id\":\"https:\/\/www.visit-ulcinj.com\/blog\/#website\",\"url\":\"https:\/\/www.visit-ulcinj.com\/blog\/\",\"name\":\"Lajme nga Ulqini\",\"description\":\"Lajme,Vijesti,Ulqini,Ulqin,Crna Gora,Mali i Zi\",\"potentialAction\":[{\"@type\":\"SearchAction\",\"target\":{\"@type\":\"EntryPoint\",\"urlTemplate\":\"https:\/\/www.visit-ulcinj.com\/blog\/?s={search_term_string}\"},\"query-input\":\"required name=search_term_string\"}],\"inLanguage\":\"en-US\"},{\"@type\":\"ImageObject\",\"inLanguage\":\"en-US\",\"@id\":\"https:\/\/www.visit-ulcinj.com\/blog\/2015\/11\/28\/partia-demokratike-mesazh-urimi-rastin-e-28-nentorit\/#primaryimage\",\"url\":\"https:\/\/www.visit-ulcinj.com\/blog\/wp-content\/uploads\/2015\/11\/28_nentori_ulqin.jpg\",\"contentUrl\":\"https:\/\/www.visit-ulcinj.com\/blog\/wp-content\/uploads\/2015\/11\/28_nentori_ulqin.jpg\",\"width\":898,\"height\":632},{\"@type\":\"WebPage\",\"@id\":\"https:\/\/www.visit-ulcinj.com\/blog\/2015\/11\/28\/partia-demokratike-mesazh-urimi-rastin-e-28-nentorit\/#webpage\",\"url\":\"https:\/\/www.visit-ulcinj.com\/blog\/2015\/11\/28\/partia-demokratike-mesazh-urimi-rastin-e-28-nentorit\/\",\"name\":\"Partia Demokratike: Mesazh urimi me rastin e 28 N\u00ebntorit - Lajme nga Ulqini\",\"isPartOf\":{\"@id\":\"https:\/\/www.visit-ulcinj.com\/blog\/#website\"},\"primaryImageOfPage\":{\"@id\":\"https:\/\/www.visit-ulcinj.com\/blog\/2015\/11\/28\/partia-demokratike-mesazh-urimi-rastin-e-28-nentorit\/#primaryimage\"},\"datePublished\":\"2015-11-28T11:42:49+00:00\",\"dateModified\":\"2015-11-28T11:42:49+00:00\",\"author\":{\"@id\":\"https:\/\/www.visit-ulcinj.com\/blog\/#\/schema\/person\/dcab619c614d3038751c63bc2aadc06d\"},\"description\":\"Partia Demokratike i ka derguar telegram urimi Presidentit te Republikes se Shqiperis, Kryeministrit dhe Kryetarit te Parlameentit me rastin e Dites se\",\"breadcrumb\":{\"@id\":\"https:\/\/www.visit-ulcinj.com\/blog\/2015\/11\/28\/partia-demokratike-mesazh-urimi-rastin-e-28-nentorit\/#breadcrumb\"},\"inLanguage\":\"en-US\",\"potentialAction\":[{\"@type\":\"ReadAction\",\"target\":[\"https:\/\/www.visit-ulcinj.com\/blog\/2015\/11\/28\/partia-demokratike-mesazh-urimi-rastin-e-28-nentorit\/\"]}]},{\"@type\":\"BreadcrumbList\",\"@id\":\"https:\/\/www.visit-ulcinj.com\/blog\/2015\/11\/28\/partia-demokratike-mesazh-urimi-rastin-e-28-nentorit\/#breadcrumb\",\"itemListElement\":[{\"@type\":\"ListItem\",\"position\":1,\"name\":\"Partia Demokratike: Mesazh urimi me rastin e 28 N\u00ebntorit\"}]},{\"@type\":\"Person\",\"@id\":\"https:\/\/www.visit-ulcinj.com\/blog\/#\/schema\/person\/dcab619c614d3038751c63bc2aadc06d\",\"name\":\"ulqini\",\"sameAs\":[\"http:\/\/www.visit-ulcinj.com\"],\"url\":\"https:\/\/www.visit-ulcinj.com\/blog\/author\/admin\/\"}]}<\/script>\n<!-- \/ Yoast SEO plugin. -->","yoast_head_json":{"title":"Partia Demokratike: Mesazh urimi me rastin e 28 N\u00ebntorit - Lajme nga Ulqini","description":"Partia Demokratike i ka derguar telegram urimi Presidentit te Republikes se Shqiperis, Kryeministrit dhe Kryetarit te Parlameentit me rastin e Dites se","robots":{"index":"index","follow":"follow","max-snippet":"max-snippet:-1","max-image-preview":"max-image-preview:large","max-video-preview":"max-video-preview:-1"},"canonical":"https:\/\/www.visit-ulcinj.com\/blog\/2015\/11\/28\/partia-demokratike-mesazh-urimi-rastin-e-28-nentorit\/","og_locale":"en_US","og_type":"article","og_title":"Partia Demokratike: Mesazh urimi me rastin e 28 N\u00ebntorit - Lajme nga Ulqini","og_description":"Partia Demokratike i ka derguar telegram urimi Presidentit te Republikes se Shqiperis, Kryeministrit dhe Kryetarit te Parlameentit me rastin e Dites se","og_url":"https:\/\/www.visit-ulcinj.com\/blog\/2015\/11\/28\/partia-demokratike-mesazh-urimi-rastin-e-28-nentorit\/","og_site_name":"Lajme nga Ulqini","article_published_time":"2015-11-28T11:42:49+00:00","og_image":[{"url":"http:\/\/www.visit-ulcinj.com\/blog\/wp-content\/uploads\/2015\/11\/28_nentori_ulqin.jpg"}],"twitter_misc":{"Written by":"ulqini","Est. reading time":"1 minute"},"schema":{"@context":"https:\/\/schema.org","@graph":[{"@type":"WebSite","@id":"https:\/\/www.visit-ulcinj.com\/blog\/#website","url":"https:\/\/www.visit-ulcinj.com\/blog\/","name":"Lajme nga Ulqini","description":"Lajme,Vijesti,Ulqini,Ulqin,Crna Gora,Mali i Zi","potentialAction":[{"@type":"SearchAction","target":{"@type":"EntryPoint","urlTemplate":"https:\/\/www.visit-ulcinj.com\/blog\/?s={search_term_string}"},"query-input":"required name=search_term_string"}],"inLanguage":"en-US"},{"@type":"ImageObject","inLanguage":"en-US","@id":"https:\/\/www.visit-ulcinj.com\/blog\/2015\/11\/28\/partia-demokratike-mesazh-urimi-rastin-e-28-nentorit\/#primaryimage","url":"https:\/\/www.visit-ulcinj.com\/blog\/wp-content\/uploads\/2015\/11\/28_nentori_ulqin.jpg","contentUrl":"https:\/\/www.visit-ulcinj.com\/blog\/wp-content\/uploads\/2015\/11\/28_nentori_ulqin.jpg","width":898,"height":632},{"@type":"WebPage","@id":"https:\/\/www.visit-ulcinj.com\/blog\/2015\/11\/28\/partia-demokratike-mesazh-urimi-rastin-e-28-nentorit\/#webpage","url":"https:\/\/www.visit-ulcinj.com\/blog\/2015\/11\/28\/partia-demokratike-mesazh-urimi-rastin-e-28-nentorit\/","name":"Partia Demokratike: Mesazh urimi me rastin e 28 N\u00ebntorit - Lajme nga Ulqini","isPartOf":{"@id":"https:\/\/www.visit-ulcinj.com\/blog\/#website"},"primaryImageOfPage":{"@id":"https:\/\/www.visit-ulcinj.com\/blog\/2015\/11\/28\/partia-demokratike-mesazh-urimi-rastin-e-28-nentorit\/#primaryimage"},"datePublished":"2015-11-28T11:42:49+00:00","dateModified":"2015-11-28T11:42:49+00:00","author":{"@id":"https:\/\/www.visit-ulcinj.com\/blog\/#\/schema\/person\/dcab619c614d3038751c63bc2aadc06d"},"description":"Partia Demokratike i ka derguar telegram urimi Presidentit te Republikes se Shqiperis, Kryeministrit dhe Kryetarit te Parlameentit me rastin e Dites se","breadcrumb":{"@id":"https:\/\/www.visit-ulcinj.com\/blog\/2015\/11\/28\/partia-demokratike-mesazh-urimi-rastin-e-28-nentorit\/#breadcrumb"},"inLanguage":"en-US","potentialAction":[{"@type":"ReadAction","target":["https:\/\/www.visit-ulcinj.com\/blog\/2015\/11\/28\/partia-demokratike-mesazh-urimi-rastin-e-28-nentorit\/"]}]},{"@type":"BreadcrumbList","@id":"https:\/\/www.visit-ulcinj.com\/blog\/2015\/11\/28\/partia-demokratike-mesazh-urimi-rastin-e-28-nentorit\/#breadcrumb","itemListElement":[{"@type":"ListItem","position":1,"name":"Partia Demokratike: Mesazh urimi me rastin e 28 N\u00ebntorit"}]},{"@type":"Person","@id":"https:\/\/www.visit-ulcinj.com\/blog\/#\/schema\/person\/dcab619c614d3038751c63bc2aadc06d","name":"ulqini","sameAs":["http:\/\/www.visit-ulcinj.com"],"url":"https:\/\/www.visit-ulcinj.com\/blog\/author\/admin\/"}]}},"jetpack_featured_media_url":"","jetpack_sharing_enabled":true,"jetpack_shortlink":"https:\/\/wp.me\/pe6lTn-oi5","_links":{"self":[{"href":"https:\/\/www.visit-ulcinj.com\/blog\/wp-json\/wp\/v2\/posts\/93377"}],"collection":[{"href":"https:\/\/www.visit-ulcinj.com\/blog\/wp-json\/wp\/v2\/posts"}],"about":[{"href":"https:\/\/www.visit-ulcinj.com\/blog\/wp-json\/wp\/v2\/types\/post"}],"author":[{"embeddable":true,"href":"https:\/\/www.visit-ulcinj.com\/blog\/wp-json\/wp\/v2\/users\/1"}],"replies":[{"embeddable":true,"href":"https:\/\/www.visit-ulcinj.com\/blog\/wp-json\/wp\/v2\/comments?post=93377"}],"version-history":[{"count":1,"href":"https:\/\/www.visit-ulcinj.com\/blog\/wp-json\/wp\/v2\/posts\/93377\/revisions"}],"predecessor-version":[{"id":93380,"href":"https:\/\/www.visit-ulcinj.com\/blog\/wp-json\/wp\/v2\/posts\/93377\/revisions\/93380"}],"wp:attachment":[{"href":"https:\/\/www.visit-ulcinj.com\/blog\/wp-json\/wp\/v2\/media?parent=93377"}],"wp:term":[{"taxonomy":"category","embeddable":true,"href":"https:\/\/www.visit-ulcinj.com\/blog\/wp-json\/wp\/v2\/categories?post=93377"},{"taxonomy":"post_tag","embeddable":true,"href":"https:\/\/www.visit-ulcinj.com\/blog\/wp-json\/wp\/v2\/tags?post=93377"}],"curies":[{"name":"wp","href":"https:\/\/api.w.org\/{rel}","templated":true}]}}