{"id":93386,"date":"2015-11-28T18:21:54","date_gmt":"2015-11-28T17:21:54","guid":{"rendered":"http:\/\/www.visit-ulcinj.com\/blog\/?p=93386"},"modified":"2015-11-28T18:24:43","modified_gmt":"2015-11-28T17:24:43","slug":"klubi-karatese-rei-dyti-ne-renditjen-e-pergjithshme-kupa-e-budves","status":"publish","type":"post","link":"https:\/\/www.visit-ulcinj.com\/blog\/2015\/11\/28\/klubi-karatese-rei-dyti-ne-renditjen-e-pergjithshme-kupa-e-budves\/","title":{"rendered":"Klubi i karates\u00eb &#8220;Rei&#8221; i dyti n\u00eb r\u00ebnditjen e p\u00ebrgjithshme &#8220;Kupa e Budv\u00ebs&#8221;"},"content":{"rendered":"<p><span class=\"_3qi9\"><a href=\"http:\/\/www.visit-ulcinj.com\/blog\/wp-content\/uploads\/2015\/11\/Karate-Club-Rei-Ulcinj-Ulqin-Budva.jpg\"><img loading=\"lazy\" class=\"alignleft wp-image-93387\" src=\"http:\/\/www.visit-ulcinj.com\/blog\/wp-content\/uploads\/2015\/11\/Karate-Club-Rei-Ulcinj-Ulqin-Budva.jpg\" alt=\"Karate Club Rei Ulcinj-Ulqin-Budva\" width=\"508\" height=\"422\" srcset=\"https:\/\/www.visit-ulcinj.com\/blog\/wp-content\/uploads\/2015\/11\/Karate-Club-Rei-Ulcinj-Ulqin-Budva.jpg 726w, https:\/\/www.visit-ulcinj.com\/blog\/wp-content\/uploads\/2015\/11\/Karate-Club-Rei-Ulcinj-Ulqin-Budva-300x249.jpg 300w\" sizes=\"(max-width: 508px) 100vw, 508px\" \/><\/a>Klubi i karates\u00eb &#8220;REI&#8221;me 21.11.2015 mori pjes\u00eb ne turneun e karates\u00eb ,,Kupa e \u00c7lirimit t\u00eb Budv\u00ebs 2015 ,,n\u00eb cilen mor\u00ebn pjes\u00eb 19 klube mbi 250 garues.K.K.Rei u r\u00ebndit i dyti n\u00eb r\u00ebnditjen e pergjithshme.<\/span><\/p>\n<p><span class=\"_3qi9\">Ky \u00ebsht\u00eb nj\u00eb sukses i radh\u00ebs duke marr parasysh se K.K,,Rei,,mori pjes\u00eb me garues t\u00eb gjeneratave t\u00eb reja.Garuesit e K.K,,Rei,,arrit\u00ebn t\u00eb kurorzohen me 12 medalje t\u00eb Arta,13 medalje t\u00eb Argjendta dhe 1 medalje t\u00eb Bronzit,ne diciplinat individuale dhe ekipore n\u00eb kata dhe luftra.<\/span><\/p>\n<p><span class=\"_3qi9\">Klubit t\u00eb Karates\u00eb ,,Rei,,i takoi dhe nj\u00eb Kup.Trajner\u00ebt p\u00ebrg\u00ebzojn garuesit p\u00ebr rezultatet e arritura.<\/span><\/p>\n<div class=\"_ohe lfloat\"><\/div>\n<div class=\"\">\n<div class=\"_42ef _8u\">\n<div>\n<div class=\"clearfix\">\n<div class=\"_ohe lfloat\">\n<div>\n<div class=\"_5hpc\"><strong><a id=\"js_d\" href=\"https:\/\/www.facebook.com\/karate.clubrei\" data-hovercard=\"\/ajax\/hovercard\/hovercard.php?id=100006467874546&amp;extragetparams=%7B%7D\">Karate Club Rei Ulcinj-Ulqi<\/a>n Facebook<\/strong><\/div>\n<div class=\"_5hpc\">\n\n\t\t<style type=\"text\/css\">\n\t\t\t#gallery-1 {\n\t\t\t\tmargin: auto;\n\t\t\t}\n\t\t\t#gallery-1 .gallery-item {\n\t\t\t\tfloat: left;\n\t\t\t\tmargin-top: 10px;\n\t\t\t\ttext-align: center;\n\t\t\t\twidth: 33%;\n\t\t\t}\n\t\t\t#gallery-1 img {\n\t\t\t\tborder: 2px solid #cfcfcf;\n\t\t\t}\n\t\t\t#gallery-1 .gallery-caption {\n\t\t\t\tmargin-left: 0;\n\t\t\t}\n\t\t\t\/* see gallery_shortcode() in wp-includes\/media.php *\/\n\t\t<\/style>\n\t\t<div id='gallery-1' class='gallery galleryid-93386 gallery-columns-3 gallery-size-thumbnail'><dl class='gallery-item'>\n\t\t\t<dt class='gallery-icon landscape'>\n\t\t\t\t<a href='https:\/\/www.visit-ulcinj.com\/blog\/2015\/11\/28\/klubi-karatese-rei-dyti-ne-renditjen-e-pergjithshme-kupa-e-budves\/karate-club-rei-ulcinj-ulqin-budva-1\/'><img width=\"150\" height=\"150\" src=\"https:\/\/www.visit-ulcinj.com\/blog\/wp-content\/uploads\/2015\/11\/Karate-Club-Rei-Ulcinj-Ulqin-Budva-1-150x150.jpg\" class=\"attachment-thumbnail size-thumbnail\" alt=\"\" loading=\"lazy\" \/><\/a>\n\t\t\t<\/dt><\/dl><dl class='gallery-item'>\n\t\t\t<dt class='gallery-icon portrait'>\n\t\t\t\t<a href='https:\/\/www.visit-ulcinj.com\/blog\/2015\/11\/28\/klubi-karatese-rei-dyti-ne-renditjen-e-pergjithshme-kupa-e-budves\/karate-club-rei-ulcinj-ulqin-budva-2\/'><img width=\"150\" height=\"150\" src=\"https:\/\/www.visit-ulcinj.com\/blog\/wp-content\/uploads\/2015\/11\/Karate-Club-Rei-Ulcinj-Ulqin-Budva-2-150x150.jpg\" class=\"attachment-thumbnail size-thumbnail\" alt=\"\" loading=\"lazy\" \/><\/a>\n\t\t\t<\/dt><\/dl><dl class='gallery-item'>\n\t\t\t<dt class='gallery-icon portrait'>\n\t\t\t\t<a href='https:\/\/www.visit-ulcinj.com\/blog\/2015\/11\/28\/klubi-karatese-rei-dyti-ne-renditjen-e-pergjithshme-kupa-e-budves\/karate-club-rei-ulcinj-ulqin-budva-3\/'><img width=\"150\" height=\"150\" src=\"https:\/\/www.visit-ulcinj.com\/blog\/wp-content\/uploads\/2015\/11\/Karate-Club-Rei-Ulcinj-Ulqin-Budva-3-150x150.jpg\" class=\"attachment-thumbnail size-thumbnail\" alt=\"\" loading=\"lazy\" \/><\/a>\n\t\t\t<\/dt><\/dl><br style=\"clear: both\" \/><dl class='gallery-item'>\n\t\t\t<dt class='gallery-icon portrait'>\n\t\t\t\t<a href='https:\/\/www.visit-ulcinj.com\/blog\/2015\/11\/28\/klubi-karatese-rei-dyti-ne-renditjen-e-pergjithshme-kupa-e-budves\/karate-club-rei-ulcinj-ulqin-budva-4\/'><img width=\"150\" height=\"150\" src=\"https:\/\/www.visit-ulcinj.com\/blog\/wp-content\/uploads\/2015\/11\/Karate-Club-Rei-Ulcinj-Ulqin-Budva-4-150x150.jpg\" class=\"attachment-thumbnail size-thumbnail\" alt=\"\" loading=\"lazy\" \/><\/a>\n\t\t\t<\/dt><\/dl><dl class='gallery-item'>\n\t\t\t<dt class='gallery-icon portrait'>\n\t\t\t\t<a href='https:\/\/www.visit-ulcinj.com\/blog\/2015\/11\/28\/klubi-karatese-rei-dyti-ne-renditjen-e-pergjithshme-kupa-e-budves\/karate-club-rei-ulcinj-ulqin-budva-5\/'><img width=\"150\" height=\"150\" src=\"https:\/\/www.visit-ulcinj.com\/blog\/wp-content\/uploads\/2015\/11\/Karate-Club-Rei-Ulcinj-Ulqin-Budva-5-150x150.jpg\" class=\"attachment-thumbnail size-thumbnail\" alt=\"\" loading=\"lazy\" \/><\/a>\n\t\t\t<\/dt><\/dl>\n\t\t\t<br style='clear: both' \/>\n\t\t<\/div>\n\n<\/div>\n<\/div>\n<\/div>\n<\/div>\n<\/div>\n<\/div>\n<\/div>\n","protected":false},"excerpt":{"rendered":"<p>Klubi i karates\u00eb &#8220;REI&#8221;me 21.11.2015 mori pjes\u00eb ne turneun e karates\u00eb ,,Kupa e \u00c7lirimit t\u00eb Budv\u00ebs 2015 ,,n\u00eb cilen mor\u00ebn pjes\u00eb 19 klube mbi 250 garues.K.K.Rei u r\u00ebndit i dyti n\u00eb r\u00ebnditjen e pergjithshme. Ky \u00ebsht\u00eb nj\u00eb sukses i radh\u00ebs duke marr parasysh se K.K,,Rei,,mori pjes\u00eb me garues t\u00eb gjeneratave t\u00eb reja.Garuesit e K.K,,Rei,,arrit\u00ebn t\u00eb [&hellip;]<\/p>\n","protected":false},"author":1,"featured_media":0,"comment_status":"closed","ping_status":"closed","sticky":false,"template":"","format":"standard","meta":{"spay_email":"","jetpack_publicize_message":"","jetpack_is_tweetstorm":false,"jetpack_publicize_feature_enabled":true},"categories":[3],"tags":[],"jetpack_publicize_connections":[],"yoast_head":"<!-- This site is optimized with the Yoast SEO plugin v19.1 - https:\/\/yoast.com\/wordpress\/plugins\/seo\/ -->\n<title>Klubi i karates\u00eb &quot;Rei&quot; i dyti n\u00eb r\u00ebnditjen e p\u00ebrgjithshme &quot;Kupa e Budv\u00ebs&quot; - Lajme nga Ulqini<\/title>\n<meta name=\"description\" content=\"Klubi i karates\u00eb &quot;REI&quot;me 21.11.2015 mori pjes\u00eb ne turneun e karates\u00eb ,,Kupa e \u00c7lirimit t\u00eb Budv\u00ebs 2015 ,,n\u00eb cilen mor\u00ebn pjes\u00eb 19 klube mbi 250\" \/>\n<meta name=\"robots\" content=\"index, follow, max-snippet:-1, max-image-preview:large, max-video-preview:-1\" \/>\n<link rel=\"canonical\" href=\"https:\/\/www.visit-ulcinj.com\/blog\/2015\/11\/28\/klubi-karatese-rei-dyti-ne-renditjen-e-pergjithshme-kupa-e-budves\/\" \/>\n<meta property=\"og:locale\" content=\"en_US\" \/>\n<meta property=\"og:type\" content=\"article\" \/>\n<meta property=\"og:title\" content=\"Klubi i karates\u00eb &quot;Rei&quot; i dyti n\u00eb r\u00ebnditjen e p\u00ebrgjithshme &quot;Kupa e Budv\u00ebs&quot; - Lajme nga Ulqini\" \/>\n<meta property=\"og:description\" content=\"Klubi i karates\u00eb &quot;REI&quot;me 21.11.2015 mori pjes\u00eb ne turneun e karates\u00eb ,,Kupa e \u00c7lirimit t\u00eb Budv\u00ebs 2015 ,,n\u00eb cilen mor\u00ebn pjes\u00eb 19 klube mbi 250\" \/>\n<meta property=\"og:url\" content=\"https:\/\/www.visit-ulcinj.com\/blog\/2015\/11\/28\/klubi-karatese-rei-dyti-ne-renditjen-e-pergjithshme-kupa-e-budves\/\" \/>\n<meta property=\"og:site_name\" content=\"Lajme nga Ulqini\" \/>\n<meta property=\"article:published_time\" content=\"2015-11-28T17:21:54+00:00\" \/>\n<meta property=\"article:modified_time\" content=\"2015-11-28T17:24:43+00:00\" \/>\n<meta property=\"og:image\" content=\"https:\/\/www.visit-ulcinj.com\/blog\/wp-content\/uploads\/2015\/11\/Karate-Club-Rei-Ulcinj-Ulqin-Budva-1-150x150.jpg\" \/>\n<meta name=\"twitter:label1\" content=\"Written by\" \/>\n\t<meta name=\"twitter:data1\" content=\"ulqini\" \/>\n\t<meta name=\"twitter:label2\" content=\"Est. reading time\" \/>\n\t<meta name=\"twitter:data2\" content=\"1 minute\" \/>\n<script type=\"application\/ld+json\" class=\"yoast-schema-graph\">{\"@context\":\"https:\/\/schema.org\",\"@graph\":[{\"@type\":\"WebSite\",\"@id\":\"https:\/\/www.visit-ulcinj.com\/blog\/#website\",\"url\":\"https:\/\/www.visit-ulcinj.com\/blog\/\",\"name\":\"Lajme nga Ulqini\",\"description\":\"Lajme,Vijesti,Ulqini,Ulqin,Crna Gora,Mali i Zi\",\"potentialAction\":[{\"@type\":\"SearchAction\",\"target\":{\"@type\":\"EntryPoint\",\"urlTemplate\":\"https:\/\/www.visit-ulcinj.com\/blog\/?s={search_term_string}\"},\"query-input\":\"required name=search_term_string\"}],\"inLanguage\":\"en-US\"},{\"@type\":\"ImageObject\",\"inLanguage\":\"en-US\",\"@id\":\"https:\/\/www.visit-ulcinj.com\/blog\/2015\/11\/28\/klubi-karatese-rei-dyti-ne-renditjen-e-pergjithshme-kupa-e-budves\/#primaryimage\",\"url\":\"https:\/\/www.visit-ulcinj.com\/blog\/wp-content\/uploads\/2015\/11\/Karate-Club-Rei-Ulcinj-Ulqin-Budva.jpg\",\"contentUrl\":\"https:\/\/www.visit-ulcinj.com\/blog\/wp-content\/uploads\/2015\/11\/Karate-Club-Rei-Ulcinj-Ulqin-Budva.jpg\",\"width\":726,\"height\":603},{\"@type\":\"WebPage\",\"@id\":\"https:\/\/www.visit-ulcinj.com\/blog\/2015\/11\/28\/klubi-karatese-rei-dyti-ne-renditjen-e-pergjithshme-kupa-e-budves\/#webpage\",\"url\":\"https:\/\/www.visit-ulcinj.com\/blog\/2015\/11\/28\/klubi-karatese-rei-dyti-ne-renditjen-e-pergjithshme-kupa-e-budves\/\",\"name\":\"Klubi i karates\u00eb \\\"Rei\\\" i dyti n\u00eb r\u00ebnditjen e p\u00ebrgjithshme \\\"Kupa e Budv\u00ebs\\\" - Lajme nga Ulqini\",\"isPartOf\":{\"@id\":\"https:\/\/www.visit-ulcinj.com\/blog\/#website\"},\"primaryImageOfPage\":{\"@id\":\"https:\/\/www.visit-ulcinj.com\/blog\/2015\/11\/28\/klubi-karatese-rei-dyti-ne-renditjen-e-pergjithshme-kupa-e-budves\/#primaryimage\"},\"datePublished\":\"2015-11-28T17:21:54+00:00\",\"dateModified\":\"2015-11-28T17:24:43+00:00\",\"author\":{\"@id\":\"https:\/\/www.visit-ulcinj.com\/blog\/#\/schema\/person\/dcab619c614d3038751c63bc2aadc06d\"},\"description\":\"Klubi i karates\u00eb \\\"REI\\\"me 21.11.2015 mori pjes\u00eb ne turneun e karates\u00eb ,,Kupa e \u00c7lirimit t\u00eb Budv\u00ebs 2015 ,,n\u00eb cilen mor\u00ebn pjes\u00eb 19 klube mbi 250\",\"breadcrumb\":{\"@id\":\"https:\/\/www.visit-ulcinj.com\/blog\/2015\/11\/28\/klubi-karatese-rei-dyti-ne-renditjen-e-pergjithshme-kupa-e-budves\/#breadcrumb\"},\"inLanguage\":\"en-US\",\"potentialAction\":[{\"@type\":\"ReadAction\",\"target\":[\"https:\/\/www.visit-ulcinj.com\/blog\/2015\/11\/28\/klubi-karatese-rei-dyti-ne-renditjen-e-pergjithshme-kupa-e-budves\/\"]}]},{\"@type\":\"BreadcrumbList\",\"@id\":\"https:\/\/www.visit-ulcinj.com\/blog\/2015\/11\/28\/klubi-karatese-rei-dyti-ne-renditjen-e-pergjithshme-kupa-e-budves\/#breadcrumb\",\"itemListElement\":[{\"@type\":\"ListItem\",\"position\":1,\"name\":\"Klubi i karates\u00eb &#8220;Rei&#8221; i dyti n\u00eb r\u00ebnditjen e p\u00ebrgjithshme &#8220;Kupa e Budv\u00ebs&#8221;\"}]},{\"@type\":\"Person\",\"@id\":\"https:\/\/www.visit-ulcinj.com\/blog\/#\/schema\/person\/dcab619c614d3038751c63bc2aadc06d\",\"name\":\"ulqini\",\"sameAs\":[\"http:\/\/www.visit-ulcinj.com\"],\"url\":\"https:\/\/www.visit-ulcinj.com\/blog\/author\/admin\/\"}]}<\/script>\n<!-- \/ Yoast SEO plugin. -->","yoast_head_json":{"title":"Klubi i karates\u00eb \"Rei\" i dyti n\u00eb r\u00ebnditjen e p\u00ebrgjithshme \"Kupa e Budv\u00ebs\" - Lajme nga Ulqini","description":"Klubi i karates\u00eb \"REI\"me 21.11.2015 mori pjes\u00eb ne turneun e karates\u00eb ,,Kupa e \u00c7lirimit t\u00eb Budv\u00ebs 2015 ,,n\u00eb cilen mor\u00ebn pjes\u00eb 19 klube mbi 250","robots":{"index":"index","follow":"follow","max-snippet":"max-snippet:-1","max-image-preview":"max-image-preview:large","max-video-preview":"max-video-preview:-1"},"canonical":"https:\/\/www.visit-ulcinj.com\/blog\/2015\/11\/28\/klubi-karatese-rei-dyti-ne-renditjen-e-pergjithshme-kupa-e-budves\/","og_locale":"en_US","og_type":"article","og_title":"Klubi i karates\u00eb \"Rei\" i dyti n\u00eb r\u00ebnditjen e p\u00ebrgjithshme \"Kupa e Budv\u00ebs\" - Lajme nga Ulqini","og_description":"Klubi i karates\u00eb \"REI\"me 21.11.2015 mori pjes\u00eb ne turneun e karates\u00eb ,,Kupa e \u00c7lirimit t\u00eb Budv\u00ebs 2015 ,,n\u00eb cilen mor\u00ebn pjes\u00eb 19 klube mbi 250","og_url":"https:\/\/www.visit-ulcinj.com\/blog\/2015\/11\/28\/klubi-karatese-rei-dyti-ne-renditjen-e-pergjithshme-kupa-e-budves\/","og_site_name":"Lajme nga Ulqini","article_published_time":"2015-11-28T17:21:54+00:00","article_modified_time":"2015-11-28T17:24:43+00:00","og_image":[{"url":"https:\/\/www.visit-ulcinj.com\/blog\/wp-content\/uploads\/2015\/11\/Karate-Club-Rei-Ulcinj-Ulqin-Budva-1-150x150.jpg"}],"twitter_misc":{"Written by":"ulqini","Est. reading time":"1 minute"},"schema":{"@context":"https:\/\/schema.org","@graph":[{"@type":"WebSite","@id":"https:\/\/www.visit-ulcinj.com\/blog\/#website","url":"https:\/\/www.visit-ulcinj.com\/blog\/","name":"Lajme nga Ulqini","description":"Lajme,Vijesti,Ulqini,Ulqin,Crna Gora,Mali i Zi","potentialAction":[{"@type":"SearchAction","target":{"@type":"EntryPoint","urlTemplate":"https:\/\/www.visit-ulcinj.com\/blog\/?s={search_term_string}"},"query-input":"required name=search_term_string"}],"inLanguage":"en-US"},{"@type":"ImageObject","inLanguage":"en-US","@id":"https:\/\/www.visit-ulcinj.com\/blog\/2015\/11\/28\/klubi-karatese-rei-dyti-ne-renditjen-e-pergjithshme-kupa-e-budves\/#primaryimage","url":"https:\/\/www.visit-ulcinj.com\/blog\/wp-content\/uploads\/2015\/11\/Karate-Club-Rei-Ulcinj-Ulqin-Budva.jpg","contentUrl":"https:\/\/www.visit-ulcinj.com\/blog\/wp-content\/uploads\/2015\/11\/Karate-Club-Rei-Ulcinj-Ulqin-Budva.jpg","width":726,"height":603},{"@type":"WebPage","@id":"https:\/\/www.visit-ulcinj.com\/blog\/2015\/11\/28\/klubi-karatese-rei-dyti-ne-renditjen-e-pergjithshme-kupa-e-budves\/#webpage","url":"https:\/\/www.visit-ulcinj.com\/blog\/2015\/11\/28\/klubi-karatese-rei-dyti-ne-renditjen-e-pergjithshme-kupa-e-budves\/","name":"Klubi i karates\u00eb \"Rei\" i dyti n\u00eb r\u00ebnditjen e p\u00ebrgjithshme \"Kupa e Budv\u00ebs\" - Lajme nga Ulqini","isPartOf":{"@id":"https:\/\/www.visit-ulcinj.com\/blog\/#website"},"primaryImageOfPage":{"@id":"https:\/\/www.visit-ulcinj.com\/blog\/2015\/11\/28\/klubi-karatese-rei-dyti-ne-renditjen-e-pergjithshme-kupa-e-budves\/#primaryimage"},"datePublished":"2015-11-28T17:21:54+00:00","dateModified":"2015-11-28T17:24:43+00:00","author":{"@id":"https:\/\/www.visit-ulcinj.com\/blog\/#\/schema\/person\/dcab619c614d3038751c63bc2aadc06d"},"description":"Klubi i karates\u00eb \"REI\"me 21.11.2015 mori pjes\u00eb ne turneun e karates\u00eb ,,Kupa e \u00c7lirimit t\u00eb Budv\u00ebs 2015 ,,n\u00eb cilen mor\u00ebn pjes\u00eb 19 klube mbi 250","breadcrumb":{"@id":"https:\/\/www.visit-ulcinj.com\/blog\/2015\/11\/28\/klubi-karatese-rei-dyti-ne-renditjen-e-pergjithshme-kupa-e-budves\/#breadcrumb"},"inLanguage":"en-US","potentialAction":[{"@type":"ReadAction","target":["https:\/\/www.visit-ulcinj.com\/blog\/2015\/11\/28\/klubi-karatese-rei-dyti-ne-renditjen-e-pergjithshme-kupa-e-budves\/"]}]},{"@type":"BreadcrumbList","@id":"https:\/\/www.visit-ulcinj.com\/blog\/2015\/11\/28\/klubi-karatese-rei-dyti-ne-renditjen-e-pergjithshme-kupa-e-budves\/#breadcrumb","itemListElement":[{"@type":"ListItem","position":1,"name":"Klubi i karates\u00eb &#8220;Rei&#8221; i dyti n\u00eb r\u00ebnditjen e p\u00ebrgjithshme &#8220;Kupa e Budv\u00ebs&#8221;"}]},{"@type":"Person","@id":"https:\/\/www.visit-ulcinj.com\/blog\/#\/schema\/person\/dcab619c614d3038751c63bc2aadc06d","name":"ulqini","sameAs":["http:\/\/www.visit-ulcinj.com"],"url":"https:\/\/www.visit-ulcinj.com\/blog\/author\/admin\/"}]}},"jetpack_featured_media_url":"","jetpack_sharing_enabled":true,"jetpack_shortlink":"https:\/\/wp.me\/pe6lTn-oie","_links":{"self":[{"href":"https:\/\/www.visit-ulcinj.com\/blog\/wp-json\/wp\/v2\/posts\/93386"}],"collection":[{"href":"https:\/\/www.visit-ulcinj.com\/blog\/wp-json\/wp\/v2\/posts"}],"about":[{"href":"https:\/\/www.visit-ulcinj.com\/blog\/wp-json\/wp\/v2\/types\/post"}],"author":[{"embeddable":true,"href":"https:\/\/www.visit-ulcinj.com\/blog\/wp-json\/wp\/v2\/users\/1"}],"replies":[{"embeddable":true,"href":"https:\/\/www.visit-ulcinj.com\/blog\/wp-json\/wp\/v2\/comments?post=93386"}],"version-history":[{"count":3,"href":"https:\/\/www.visit-ulcinj.com\/blog\/wp-json\/wp\/v2\/posts\/93386\/revisions"}],"predecessor-version":[{"id":93395,"href":"https:\/\/www.visit-ulcinj.com\/blog\/wp-json\/wp\/v2\/posts\/93386\/revisions\/93395"}],"wp:attachment":[{"href":"https:\/\/www.visit-ulcinj.com\/blog\/wp-json\/wp\/v2\/media?parent=93386"}],"wp:term":[{"taxonomy":"category","embeddable":true,"href":"https:\/\/www.visit-ulcinj.com\/blog\/wp-json\/wp\/v2\/categories?post=93386"},{"taxonomy":"post_tag","embeddable":true,"href":"https:\/\/www.visit-ulcinj.com\/blog\/wp-json\/wp\/v2\/tags?post=93386"}],"curies":[{"name":"wp","href":"https:\/\/api.w.org\/{rel}","templated":true}]}}