{"id":9341,"date":"2009-01-19T19:42:34","date_gmt":"2009-01-19T18:42:34","guid":{"rendered":"http:\/\/www.visit-ulcinj.com\/blog\/?p=9341"},"modified":"2009-01-19T19:42:38","modified_gmt":"2009-01-19T18:42:38","slug":"dinosha-reagon-ju-jeni-ajka-e-malesise","status":"publish","type":"post","link":"https:\/\/www.visit-ulcinj.com\/blog\/2009\/01\/19\/dinosha-reagon-ju-jeni-ajka-e-malesise\/","title":{"rendered":"Dinosha reagon: Ju jeni ajka e Mal\u00ebsis\u00eb"},"content":{"rendered":"<p><strong><a rel=\"attachment wp-att-9342\" href=\"http:\/\/www.visit-ulcinj.com\/blog\/2009\/01\/19\/dinosha-reagon-ju-jeni-ajka-e-malesise\/ferhat-dinosha_1\/\"><img loading=\"lazy\" class=\"alignleft size-full wp-image-9342\" title=\"ferhat-dinosha_1\" src=\"http:\/\/www.visit-ulcinj.com\/blog\/wp-content\/uploads\/2009\/01\/ferhat-dinosha_1.jpg\" alt=\"ferhat-dinosha_1\" width=\"570\" height=\"315\" \/><\/a>(N\u00eb numrin e fundit t\u00eb vitit t\u00eb shkuar t\u00eb t\u00eb p\u00ebrjavshmes &#8220;Koha Javore&#8221;, tre zot\u00ebrinj, Maliq \u00c7unmulaj, Nikoll\u00eb Camaj dhe Nik\u00eb Gjeloshaj kan\u00eb reaguar lidhur me nj\u00eb tekst q\u00eb un\u00eb e kam patur n\u00eb t\u00eb nj\u00ebjt\u00ebn gazet\u00eb, nj\u00eb jav\u00eb m\u00eb par\u00eb, me titull: &#8220;Pse digjen 4 milion\u00eb euro&#8221;! meq\u00eb t\u00eb tri reagimet kan\u00eb t\u00eb b\u00ebjn\u00eb me t\u00eb nj\u00ebjtin tekst, mendoj se ky reagim do t\u00eb mjaftoj\u00eb p\u00ebr t\u00eb treja ato, pa i cituar titujt t\u00eb cil\u00ebt jan\u00eb t\u00eb gjat\u00eb\u2026)<\/strong><\/p>\n<p>Zot\u00ebrinj t\u00eb nderuar, teksti im i p\u00ebrmendur ka patur p\u00ebr q\u00ebllim q\u00eb, duke u sh\u00ebrbyer me argumenta, t\u00eb zbardh problematik\u00ebn e resurseve ose burimeve p\u00ebr zhvillim m\u00eb t\u00eb shpejt t\u00eb Mal\u00ebsis\u00eb, pasi q\u00eb lidhur me k\u00ebt\u00eb kemi qasje t\u00eb ndryshme. Un\u00eb pohoj dhe kam \u2026\u2026.q\u00eb n\u00eb nj\u00eb faz\u00eb kalimtare Mal\u00ebsia do t\u00eb mund t\u00eb zhvillohej m\u00eb shpejt n\u00ebse pjes\u00ebn m\u00eb t\u00eb madhe t\u00eb financave i merr nga buxheti i kryeqytetit. Kam th\u00ebn\u00eb se k\u00ebto financa, p\u00ebr vitin q\u00eb lam\u00eb pas, kan\u00eb kapur rreth 4 milion\u00eb euro. Un\u00eb pohoj se, me veprim ligjor, por edhe me aft\u00ebsi menaxhuese , \u2026me projekte t\u00eb finalizuara, k\u00ebto milion\u00eb euro do t\u00eb mund t\u00eb ktheheshin n\u00eb objekte t\u00eb ekonomis\u00eb, t\u00eb infrastruktur\u00ebs, t\u00eb kultur\u00ebs e t\u00eb sportit, q\u00eb aq shum\u00eb i mungojn\u00eb Mal\u00ebsis\u00eb. Asnj\u00ebher\u00eb nuk kam th\u00ebn\u00eb se nuk do t\u00eb ishte m\u00eb e mir\u00eb komuna e plot\u00eb e Tuzit, por me kapacitete t\u00eb plota t\u00eb vet\u00ebfinancimit, ashtu si veprojn\u00eb komunat e plota.<br \/>\nJu, zotprinj t\u00eb nderuar, pohoni se Tuzi i ka q\u00eb tani k\u00ebto kapacitete dhe se, q\u00eb tani, mund t\u00eb funksionoj\u00eb si komun\u00eb e plot\u00eb. Por, ju nuk ofroni asnj\u00eb argument asnj\u00eb dokument p\u00ebr k\u00ebt\u00eb, p\u00ebrve\u00e7 fjal\u00ebve.<br \/>\nUn\u00eb ju them, n\u00ebse ju ofroni argumenta, por argumenta e jo pallavra se Mal\u00ebsia mund t\u00eb ket\u00eb buxhet prej miliona eurosh pa Podgoric\u00ebn, un\u00eb do t\u00eb isha n\u00eb sh\u00ebrbimin tuaj dhe do t\u00eb pranoja publikisht fajin p\u00ebr d\u00ebmin e b\u00ebr\u00eb nga padija. Por, Ju nuk b\u00ebni asgj\u00eb n\u00eb k\u00ebt\u00eb drejtim. Ju vjet keni djegur rreth 4 milion\u00eb euro. Ju n\u00eb planin e sivjet\u00ebm fusni projektet q\u00eb kan\u00eb qen\u00eb edhe n\u00eb planin e vitit t\u00eb kaluar, e nuk jan\u00eb realizuar. Ju vazhdoni t\u00eb k\u00ebrkoni t\u00eb holla nga buxheti i Podgoric\u00ebs, n\u00eb statusin e Komun\u00ebs Urbane t\u00eb Tuzit, e jeni kund\u00ebr k\u00ebtij statusi edhe si projekt pilot. P\u00ebrse duke qen\u00eb n\u00eb pushtet me shumic\u00ebn q\u00eb ua b\u00ebn Miliqi, nuk i thoni Mal\u00ebsis\u00eb se s`keni nevoj\u00eb p\u00ebr Mugosh\u00ebn? \u00c7`ju duhet Mugosha kur e keni Miliqin? Ose, n\u00ebse ende s`mundeni pa Mugosh\u00ebn pse nuk i thoni Mal\u00ebsis\u00eb se nuk \u00ebsht\u00eb bash ashtu si\u00e7 i keni pas th\u00ebn\u00eb? Pse nuk pranoni publikisht se po i djegni do miliona q\u00eb i ofroh\u00ebn komun\u00ebs urbane, e nj\u00ebkoh\u00ebsisht nuk ofroni argumente se sa do t\u00eb kishim miliona nga komuna e plot\u00eb. Pse nuk thoni publikisht se doni t\u00eb provoni n\u00eb k\u00ebt\u00eb mandat funksionalitetin e komun\u00ebs urbane se kush mund t\u00eb pengoj\u00eb realizimin ligjor t\u00eb planit t\u00eb saj financiar? Ai vitin e kaluar, si\u00e7 thash\u00eb, ka qen\u00eb rreth kat\u00ebr milion\u00eb euro, e sivjet do t\u00eb duhej t\u00eb ishte rreth gjasht\u00eb milion\u00eb euro, sepse kaq \u00ebsht\u00eb progresi vjetor i buxhetit t\u00eb kryeqytetit n\u00eb nivel t\u00eb komunave urbane, t\u00eb cilat mjetet e planeve financiare i thithin pik\u00ebrisht nga ky buxhet.<br \/>\nDilni qesharak\u00eb, zot\u00ebrinj t\u00eb nderuar edhe kur thoni se komuna urbane nuk ka territor, pra nuk ka kufij. Ligji p\u00ebrcakton kufijt\u00eb administrativ t\u00eb Komun\u00ebs Urbane t\u00eb Tuzit dhe ata p\u00ebrputhen pothuaj plot\u00ebsisht me kufij etnik. Vendbanimet kufitare t\u00eb Komun\u00ebs urbane jan\u00eb p\u00ebrve\u00e7 Vranes e Vllan\u00ebs, edhe Omerbozhajt, Trieshi me t\u00eb gjitha fshatrat dhe Koja, gj\u00eb q\u00eb ndodh p\u00ebr t\u00eb par\u00ebn her\u00eb. Por, un\u00eb dhe partia t\u00eb cil\u00ebs i prij\u00eb, nuk kemi dashur as t\u00eb flasim p\u00ebr status t\u00eb komun\u00ebs urbane, pa k\u00ebt\u00eb zgjidhje. Sepse, ajo do t\u00eb jet\u00eb baz\u00eb e mir\u00eb kur t\u00eb vij\u00eb koha q\u00eb komuna urbane t\u00eb kaloj\u00eb n\u00eb komun\u00eb t\u00eb pavarur. Njer\u00ebz q\u00eb din\u00eb m\u00eb shum\u00eb se un\u00eb e ju, ta z\u00ebm\u00eb, sot kur flasin p\u00ebr bazat e pavar\u00ebsis\u00eb s\u00eb Kosov\u00ebs se ato i gjejn\u00eb n\u00eb Kushtetut\u00ebn e vitit 1974. Fal\u00eb edhe territorit t\u00eb definuar.<br \/>\nP\u00ebr ne, madje, \u00ebsht\u00eb avantazh lidhja me Podgoric\u00ebn edhe n\u00eb rrafshin e politik\u00ebs, pra, t\u00eb subjektivizimit shoq\u00ebror t\u00eb shqiptar\u00ebve. N\u00eb status t\u00eb komun\u00ebs urbane, vota jon\u00eb definon pushtetin n\u00eb Podgoric\u00eb, at\u00eb pushtet, udh\u00ebheqja e t\u00eb cilit ka njohur pavar\u00ebsin\u00eb e Kosov\u00ebs. Pa votat tona, Podgorica ende do t\u00eb ishte n\u00eb duart e serb\u00ebve, me t\u00eb cil\u00ebt ju mbani pushtetin n\u00eb Tuz.<br \/>\nNga ana tjet\u00ebr, zot\u00ebrinj t\u00eb nderuar, p\u00ebr projektet brenda kufijve administrativ t\u00eb Komun\u00ebs Urbane, fjal\u00ebn e fundit e ka Parlamenti i Tuzit. N\u00ebse dini ta lexoni, keni nenin e Ligjit, q\u00eb thot\u00eb se p\u00ebr planin hap\u00ebsinor t\u00eb Kryeqytetit, lidhur me projektet q\u00eb jan\u00eb n\u00eb territorin e komun\u00ebs urbane, p\u00eblqimin e jep kuvendi i komun\u00ebs urbane. Kjo zgjidhje \u00ebsht\u00eb prodhuar me insistimin tim, sepse drafti i par\u00eb i Ligjit p\u00ebr Kryeqytetin fliste p\u00ebr zgjidhjen q\u00eb Kuvendi i Komun\u00ebs Urbane t\u00eb jepte vet\u00ebm mendim p\u00ebr k\u00ebt\u00eb.<br \/>\nNatyrisht se, p\u00ebr projektet n\u00eb territorin e vet, Komuna Urbane b\u00ebn planin financiar dhe p\u00ebr t\u00eb p\u00ebrgjigjet Kryetari i Komun\u00ebs. N\u00eb t\u00eb caktohen prioritetet dhe ai akordohet me gabaritet e buxhetit t\u00eb Kryeqytetit. Un\u00eb nuk e di se kush e harton planin finansiar t\u00eb Komun\u00ebs Urbane t\u00eb Tuzit, ju apo Podgorica! Kur ju kemi pyetur n\u00eb seanc\u00eb plenare, ju nuk keni patur p\u00ebrgjigje. Me planin financiar mund t\u00eb parashikohet edhe funksionimi i sh\u00ebrbimeve q\u00eb i ka t\u00eb nevojshme Komuna Urbane e q\u00eb nuk cenojn\u00eb ligjin. Ju as k\u00ebt\u00eb nuk e keni b\u00ebr\u00eb. Fitohet p\u00ebrshtypja se nuk dini ta b\u00ebni. Ju nuk keni shfryt\u00ebzuar as kapacitetin ligjor t\u00eb Komun\u00ebs Urbane p\u00ebr t\u00eb lidhur marr\u00ebveshje ekonomike dhe t\u00eb tjera me komuna brenda dhe jasht\u00eb Malit t\u00eb Zi, pa pyetur Kryeqytetin. Marr\u00ebveshjet p\u00ebr hapje t\u00eb fabrikave apo reparteve me investitor\u00eb t\u00eb huaj, mund t\u00eb n\u00ebnshkruhen n\u00eb Tuz pa Podgoric\u00ebn. Por, ju k\u00ebt\u00eb nuk e b\u00ebni. Fitohet p\u00ebrshtypja se nuk dini\u2026<br \/>\nN\u00eb k\u00ebt\u00eb m\u00ebnyr\u00eb, zot\u00ebrinj t\u00eb nderuar, n\u00eb vend t\u00eb polemik\u00ebs s\u00eb argumentuar, ju sh\u00ebrbeheni me n\u00ebn\u00e7mime, moralizime ose ofendime, duke harruar se me mua nuk mund t`i p\u00ebrdorni k\u00ebto.<br \/>\nJu, z. \u00c7unmulaj, ta z\u00ebm\u00eb, m\u00eb thoni se nuk kam as njohur elementare p\u00ebr legjislacionin e Komun\u00ebs Urbane, duke harruar se aq sa di, di m\u00eb tep\u00ebr se Ju.<br \/>\nVe\u00e7 k\u00ebsaj, Ju harroni se njeriu ka t\u00eb drejt\u00eb t\u00eb m\u00ebsoj\u00eb. Duke u marr\u00eb me pun\u00ebn me t\u00eb cil\u00ebn merrem tani nj\u00eb koh\u00eb t\u00eb gjat\u00eb, un\u00eb tash di gj\u00ebra q\u00eb nuk i kam ditur n\u00eb fillim. E di se edhe Ju, duke punuar gjat\u00eb n\u00eb sh\u00ebrbimet sekrete t\u00eb regjimit komunist, keni m\u00ebsuar di\u00e7ka. N\u00eb mos tjet\u00ebr, kjo Ju ka ndihmuar t\u00eb b\u00ebheni kryetari i par\u00eb i Komun\u00ebs Urbane t\u00eb Tuzit.<br \/>\nJu, z. Camaj, ta z\u00ebm\u00eb, m\u00eb thoni t\u00eb ulemi e t\u00eb shohim se cila do t\u00eb ishte zgjidhja m\u00eb e mir\u00eb n\u00eb kuad\u00ebr t\u00eb ligjit ekzistues, apo t\u00eb nj\u00eb ligji tjet\u00ebr\u2026<br \/>\nDuke m\u00eb th\u00ebn\u00eb, paraprakisht, q\u00eb t\u00eb ulemi n\u00eb radh\u00eb t\u00eb par\u00eb si njer\u00ebz dhe subjekte si\u00e7 na takon. B\u00ebni mir\u00eb q\u00eb tash keni parasysh edhe ligjin ekzistues, por b\u00ebni keq kur harroni se sikur t\u00eb kishit dashur e si subjekte q\u00eb na takon, ishim ulur bashk\u00eb ngaher\u00eb dhe kishim definuar projektin m\u00eb real e m\u00eb optimal, pa kaluar situatat q\u00eb kemi kaluar. Edhe n\u00eb pjes\u00ebn tjet\u00ebr t\u00eb tekstit Ju moralizoni pak tep\u00ebr me kujdesin p\u00ebr Mal\u00ebsin\u00eb. Thua se keni t\u00eb drejt\u00eb ta b\u00ebni k\u00ebt\u00eb m\u00eb tep\u00ebr se un\u00eb. Ju e dini se kujdesi p\u00ebr Mal\u00ebsin\u00eb fillon q\u00eb n\u00eb familje dhe se ai duhet t\u00eb jet\u00eb p\u00ebrmanent. Un\u00eb nga ana tjet\u00ebr, e ci se mungesa e tij, n\u00eb nj\u00eb moment nuk Ju ka penguar t\u00eb merreni me \u00e7\u00ebshtje shoq\u00ebrore dhe t\u00eb b\u00ebheni kryetari i par\u00eb i Kuvendit t\u00eb Komun\u00ebs Urbane t\u00eb Tuzit.<br \/>\nJu, z. Gjeloshaj, jeni kruar tep\u00ebr shpejt dhe duke u kruar ia keni shtuar vetes dreg\u00ebzat. M\u00eb thoni se jam &#8220;i opsesionuar me personalitetin&#8221; Tuaj. Mos u merakosni. Un\u00eb nuk opsesionohem dhe Ju nuk jeni personalitet. Keni qen\u00eb nj\u00eb cop\u00eb koh\u00eb personazh-hamall i nj\u00eb projekti t\u00eb ngjash\u00ebm me ato t\u00eb serb\u00ebve t\u00eb Kosov\u00ebs, duksh\u00ebm para pavar\u00ebsis\u00eb s\u00eb saj &#8211; Projektit t\u00eb Rajonizimit, q\u00eb p\u00ebr fat t\u00eb mir\u00eb, nuk ka gjetur p\u00ebrkrahje, por kab\u00ebr\u00eb q\u00eb naiv\u00ebt t\u00eb besonin se po paraqitej nj\u00eb patriot i ri shqiptar, i cili premton. Ju edhe tash veproni n\u00eb partin\u00eb e cila shet patriotiz\u00ebm m\u00eb shum\u00eb se t\u00eb gjitha t\u00eb tjerat. Por, tash q\u00eb jeni martuar me sllave, maskat jan\u00eb hequr. Dashuria di t\u00eb jet\u00eb mbi t\u00eb gjitha dhe un\u00eb Ju uroj fat n\u00eb t\u00eb, por patriotiz\u00ebm mos na shitni m\u00eb. Nuk mund t\u00eb jeni edhe patriot shqiptar edhe dh\u00ebnd\u00ebrr sllav\u00eb. Un\u00eb vet\u00ebm n\u00eb k\u00ebt\u00eb dimension kam p\u00ebrmendur dh\u00ebndurr\u00ebt sllav\u00eb, duke menduar n\u00eb Ju e kurr\u00ebsesi p\u00ebr t`u futur n\u00eb jet\u00ebn Tuaj private si\u00e7 pohoni Ju.<br \/>\nPor Ju n\u00eb jet\u00ebn private duhet t\u00eb keni futur edhe nj\u00eb dreg\u00ebz tjet\u00ebr. Ju edhe m\u00ebnyr\u00ebn e t\u00eb menduarit e keni n\u00eb serbishte. K\u00ebt\u00eb e d\u00ebshmon edhe titulli i reagimit tuaj n\u00ebse e keni shkruar Ju. &#8220;Prifti i papun\u00eb pag\u00ebzon edhe edhat&#8221; \u00ebsht\u00eb proverb serb dhe nuk thot\u00eb asgj\u00eb n\u00eb shqipe.<br \/>\nDreg\u00ebz\u00ebn tjet\u00ebr q\u00eb keni e zbuloni kur thoni se Mal\u00ebsia ngaher\u00eb ma paska kthyer shpin\u00ebn. Un\u00eb n\u00eb Mal\u00ebsi kam rreth 1.400 vota. \u00cbsht\u00eb problem Juaji q\u00eb nuk i shihni.<br \/>\nP\u00ebr atributin q\u00eb e lidhni me fytyr\u00ebn time z. Gjeloshaj do t\u00eb turp\u00ebroheni nj\u00eb dit\u00eb. N\u00ebse Ju vjen turp. N\u00ebse mbeteni si tash, Zotin e pa\u00e7it n\u00eb ndihm\u00eb.<br \/>\nTh\u00ebn\u00eb t\u00eb drejt\u00ebn, zot\u00ebrinj t\u00eb nderuar t\u00eb tre bashk\u00eb, nuk ma \u00e7oni shum\u00eb mallin p\u00ebr polemika. Por, k\u00ebshtu si jeni, sot jeni ajka e Mal\u00ebsis\u00eb. P\u00ebr hir\u00eb t\u00eb saj, na duhet t\u00eb provojm\u00eb t\u00eb p\u00ebrmir\u00ebsohemi.<br \/>\n<strong>Ferhat Dinosha<br \/>\nKoha Javore<\/strong><\/p>\n","protected":false},"excerpt":{"rendered":"<p>(N\u00eb numrin e fundit t\u00eb vitit t\u00eb shkuar t\u00eb t\u00eb p\u00ebrjavshmes &#8220;Koha Javore&#8221;, tre zot\u00ebrinj, Maliq \u00c7unmulaj, Nikoll\u00eb Camaj dhe Nik\u00eb Gjeloshaj kan\u00eb reaguar lidhur me nj\u00eb tekst q\u00eb un\u00eb e kam patur n\u00eb t\u00eb nj\u00ebjt\u00ebn gazet\u00eb, nj\u00eb jav\u00eb m\u00eb par\u00eb, me titull: &#8220;Pse digjen 4 milion\u00eb euro&#8221;! meq\u00eb t\u00eb tri reagimet kan\u00eb t\u00eb b\u00ebjn\u00eb [&hellip;]<\/p>\n","protected":false},"author":1,"featured_media":0,"comment_status":"open","ping_status":"closed","sticky":false,"template":"","format":"standard","meta":{"spay_email":"","jetpack_publicize_message":"","jetpack_is_tweetstorm":false,"jetpack_publicize_feature_enabled":true},"categories":[13],"tags":[5908,5911,97,4678,5906,5905,189,5909,5907,5912,5910],"jetpack_publicize_connections":[],"yoast_head":"<!-- This site is optimized with the Yoast SEO plugin v19.1 - https:\/\/yoast.com\/wordpress\/plugins\/seo\/ -->\n<title>Dinosha reagon: Ju jeni ajka e Mal\u00ebsis\u00eb - Lajme nga Ulqini<\/title>\n<meta name=\"description\" content=\"(N\u00eb numrin e fundit t\u00eb vitit t\u00eb shkuar t\u00eb t\u00eb p\u00ebrjavshmes &quot;Koha Javore&quot;, tre zot\u00ebrinj, Maliq \u00c7unmulaj, Nikoll\u00eb Camaj dhe Nik\u00eb Gjeloshaj kan\u00eb reaguar lidhur\" \/>\n<meta name=\"robots\" content=\"index, follow, max-snippet:-1, max-image-preview:large, max-video-preview:-1\" \/>\n<link rel=\"canonical\" href=\"https:\/\/www.visit-ulcinj.com\/blog\/2009\/01\/19\/dinosha-reagon-ju-jeni-ajka-e-malesise\/\" \/>\n<meta property=\"og:locale\" content=\"en_US\" \/>\n<meta property=\"og:type\" content=\"article\" \/>\n<meta property=\"og:title\" content=\"Dinosha reagon: Ju jeni ajka e Mal\u00ebsis\u00eb - Lajme nga Ulqini\" \/>\n<meta property=\"og:description\" content=\"(N\u00eb numrin e fundit t\u00eb vitit t\u00eb shkuar t\u00eb t\u00eb p\u00ebrjavshmes &quot;Koha Javore&quot;, tre zot\u00ebrinj, Maliq \u00c7unmulaj, Nikoll\u00eb Camaj dhe Nik\u00eb Gjeloshaj kan\u00eb reaguar lidhur\" \/>\n<meta property=\"og:url\" content=\"https:\/\/www.visit-ulcinj.com\/blog\/2009\/01\/19\/dinosha-reagon-ju-jeni-ajka-e-malesise\/\" \/>\n<meta property=\"og:site_name\" content=\"Lajme nga Ulqini\" \/>\n<meta property=\"article:published_time\" content=\"2009-01-19T18:42:34+00:00\" \/>\n<meta property=\"article:modified_time\" content=\"2009-01-19T18:42:38+00:00\" \/>\n<meta property=\"og:image\" content=\"http:\/\/www.visit-ulcinj.com\/blog\/wp-content\/uploads\/2009\/01\/ferhat-dinosha_1.jpg\" \/>\n<meta name=\"twitter:label1\" content=\"Written by\" \/>\n\t<meta name=\"twitter:data1\" content=\"ulqini\" \/>\n\t<meta name=\"twitter:label2\" content=\"Est. reading time\" \/>\n\t<meta name=\"twitter:data2\" content=\"9 minutes\" \/>\n<script type=\"application\/ld+json\" class=\"yoast-schema-graph\">{\"@context\":\"https:\/\/schema.org\",\"@graph\":[{\"@type\":\"WebSite\",\"@id\":\"https:\/\/www.visit-ulcinj.com\/blog\/#website\",\"url\":\"https:\/\/www.visit-ulcinj.com\/blog\/\",\"name\":\"Lajme nga Ulqini\",\"description\":\"Lajme,Vijesti,Ulqini,Ulqin,Crna Gora,Mali i Zi\",\"potentialAction\":[{\"@type\":\"SearchAction\",\"target\":{\"@type\":\"EntryPoint\",\"urlTemplate\":\"https:\/\/www.visit-ulcinj.com\/blog\/?s={search_term_string}\"},\"query-input\":\"required name=search_term_string\"}],\"inLanguage\":\"en-US\"},{\"@type\":\"ImageObject\",\"inLanguage\":\"en-US\",\"@id\":\"https:\/\/www.visit-ulcinj.com\/blog\/2009\/01\/19\/dinosha-reagon-ju-jeni-ajka-e-malesise\/#primaryimage\",\"url\":\"https:\/\/www.visit-ulcinj.com\/blog\/wp-content\/uploads\/2009\/01\/ferhat-dinosha_1.jpg\",\"contentUrl\":\"https:\/\/www.visit-ulcinj.com\/blog\/wp-content\/uploads\/2009\/01\/ferhat-dinosha_1.jpg\",\"width\":\"425\",\"height\":\"315\"},{\"@type\":\"WebPage\",\"@id\":\"https:\/\/www.visit-ulcinj.com\/blog\/2009\/01\/19\/dinosha-reagon-ju-jeni-ajka-e-malesise\/#webpage\",\"url\":\"https:\/\/www.visit-ulcinj.com\/blog\/2009\/01\/19\/dinosha-reagon-ju-jeni-ajka-e-malesise\/\",\"name\":\"Dinosha reagon: Ju jeni ajka e Mal\u00ebsis\u00eb - Lajme nga Ulqini\",\"isPartOf\":{\"@id\":\"https:\/\/www.visit-ulcinj.com\/blog\/#website\"},\"primaryImageOfPage\":{\"@id\":\"https:\/\/www.visit-ulcinj.com\/blog\/2009\/01\/19\/dinosha-reagon-ju-jeni-ajka-e-malesise\/#primaryimage\"},\"datePublished\":\"2009-01-19T18:42:34+00:00\",\"dateModified\":\"2009-01-19T18:42:38+00:00\",\"author\":{\"@id\":\"https:\/\/www.visit-ulcinj.com\/blog\/#\/schema\/person\/dcab619c614d3038751c63bc2aadc06d\"},\"description\":\"(N\u00eb numrin e fundit t\u00eb vitit t\u00eb shkuar t\u00eb t\u00eb p\u00ebrjavshmes \\\"Koha Javore\\\", tre zot\u00ebrinj, Maliq \u00c7unmulaj, Nikoll\u00eb Camaj dhe Nik\u00eb Gjeloshaj kan\u00eb reaguar lidhur\",\"breadcrumb\":{\"@id\":\"https:\/\/www.visit-ulcinj.com\/blog\/2009\/01\/19\/dinosha-reagon-ju-jeni-ajka-e-malesise\/#breadcrumb\"},\"inLanguage\":\"en-US\",\"potentialAction\":[{\"@type\":\"ReadAction\",\"target\":[\"https:\/\/www.visit-ulcinj.com\/blog\/2009\/01\/19\/dinosha-reagon-ju-jeni-ajka-e-malesise\/\"]}]},{\"@type\":\"BreadcrumbList\",\"@id\":\"https:\/\/www.visit-ulcinj.com\/blog\/2009\/01\/19\/dinosha-reagon-ju-jeni-ajka-e-malesise\/#breadcrumb\",\"itemListElement\":[{\"@type\":\"ListItem\",\"position\":1,\"name\":\"Dinosha reagon: Ju jeni ajka e Mal\u00ebsis\u00eb\"}]},{\"@type\":\"Person\",\"@id\":\"https:\/\/www.visit-ulcinj.com\/blog\/#\/schema\/person\/dcab619c614d3038751c63bc2aadc06d\",\"name\":\"ulqini\",\"sameAs\":[\"http:\/\/www.visit-ulcinj.com\"],\"url\":\"https:\/\/www.visit-ulcinj.com\/blog\/author\/admin\/\"}]}<\/script>\n<!-- \/ Yoast SEO plugin. -->","yoast_head_json":{"title":"Dinosha reagon: Ju jeni ajka e Mal\u00ebsis\u00eb - Lajme nga Ulqini","description":"(N\u00eb numrin e fundit t\u00eb vitit t\u00eb shkuar t\u00eb t\u00eb p\u00ebrjavshmes \"Koha Javore\", tre zot\u00ebrinj, Maliq \u00c7unmulaj, Nikoll\u00eb Camaj dhe Nik\u00eb Gjeloshaj kan\u00eb reaguar lidhur","robots":{"index":"index","follow":"follow","max-snippet":"max-snippet:-1","max-image-preview":"max-image-preview:large","max-video-preview":"max-video-preview:-1"},"canonical":"https:\/\/www.visit-ulcinj.com\/blog\/2009\/01\/19\/dinosha-reagon-ju-jeni-ajka-e-malesise\/","og_locale":"en_US","og_type":"article","og_title":"Dinosha reagon: Ju jeni ajka e Mal\u00ebsis\u00eb - Lajme nga Ulqini","og_description":"(N\u00eb numrin e fundit t\u00eb vitit t\u00eb shkuar t\u00eb t\u00eb p\u00ebrjavshmes \"Koha Javore\", tre zot\u00ebrinj, Maliq \u00c7unmulaj, Nikoll\u00eb Camaj dhe Nik\u00eb Gjeloshaj kan\u00eb reaguar lidhur","og_url":"https:\/\/www.visit-ulcinj.com\/blog\/2009\/01\/19\/dinosha-reagon-ju-jeni-ajka-e-malesise\/","og_site_name":"Lajme nga Ulqini","article_published_time":"2009-01-19T18:42:34+00:00","article_modified_time":"2009-01-19T18:42:38+00:00","og_image":[{"url":"http:\/\/www.visit-ulcinj.com\/blog\/wp-content\/uploads\/2009\/01\/ferhat-dinosha_1.jpg"}],"twitter_misc":{"Written by":"ulqini","Est. reading time":"9 minutes"},"schema":{"@context":"https:\/\/schema.org","@graph":[{"@type":"WebSite","@id":"https:\/\/www.visit-ulcinj.com\/blog\/#website","url":"https:\/\/www.visit-ulcinj.com\/blog\/","name":"Lajme nga Ulqini","description":"Lajme,Vijesti,Ulqini,Ulqin,Crna Gora,Mali i Zi","potentialAction":[{"@type":"SearchAction","target":{"@type":"EntryPoint","urlTemplate":"https:\/\/www.visit-ulcinj.com\/blog\/?s={search_term_string}"},"query-input":"required name=search_term_string"}],"inLanguage":"en-US"},{"@type":"ImageObject","inLanguage":"en-US","@id":"https:\/\/www.visit-ulcinj.com\/blog\/2009\/01\/19\/dinosha-reagon-ju-jeni-ajka-e-malesise\/#primaryimage","url":"https:\/\/www.visit-ulcinj.com\/blog\/wp-content\/uploads\/2009\/01\/ferhat-dinosha_1.jpg","contentUrl":"https:\/\/www.visit-ulcinj.com\/blog\/wp-content\/uploads\/2009\/01\/ferhat-dinosha_1.jpg","width":"425","height":"315"},{"@type":"WebPage","@id":"https:\/\/www.visit-ulcinj.com\/blog\/2009\/01\/19\/dinosha-reagon-ju-jeni-ajka-e-malesise\/#webpage","url":"https:\/\/www.visit-ulcinj.com\/blog\/2009\/01\/19\/dinosha-reagon-ju-jeni-ajka-e-malesise\/","name":"Dinosha reagon: Ju jeni ajka e Mal\u00ebsis\u00eb - Lajme nga Ulqini","isPartOf":{"@id":"https:\/\/www.visit-ulcinj.com\/blog\/#website"},"primaryImageOfPage":{"@id":"https:\/\/www.visit-ulcinj.com\/blog\/2009\/01\/19\/dinosha-reagon-ju-jeni-ajka-e-malesise\/#primaryimage"},"datePublished":"2009-01-19T18:42:34+00:00","dateModified":"2009-01-19T18:42:38+00:00","author":{"@id":"https:\/\/www.visit-ulcinj.com\/blog\/#\/schema\/person\/dcab619c614d3038751c63bc2aadc06d"},"description":"(N\u00eb numrin e fundit t\u00eb vitit t\u00eb shkuar t\u00eb t\u00eb p\u00ebrjavshmes \"Koha Javore\", tre zot\u00ebrinj, Maliq \u00c7unmulaj, Nikoll\u00eb Camaj dhe Nik\u00eb Gjeloshaj kan\u00eb reaguar lidhur","breadcrumb":{"@id":"https:\/\/www.visit-ulcinj.com\/blog\/2009\/01\/19\/dinosha-reagon-ju-jeni-ajka-e-malesise\/#breadcrumb"},"inLanguage":"en-US","potentialAction":[{"@type":"ReadAction","target":["https:\/\/www.visit-ulcinj.com\/blog\/2009\/01\/19\/dinosha-reagon-ju-jeni-ajka-e-malesise\/"]}]},{"@type":"BreadcrumbList","@id":"https:\/\/www.visit-ulcinj.com\/blog\/2009\/01\/19\/dinosha-reagon-ju-jeni-ajka-e-malesise\/#breadcrumb","itemListElement":[{"@type":"ListItem","position":1,"name":"Dinosha reagon: Ju jeni ajka e Mal\u00ebsis\u00eb"}]},{"@type":"Person","@id":"https:\/\/www.visit-ulcinj.com\/blog\/#\/schema\/person\/dcab619c614d3038751c63bc2aadc06d","name":"ulqini","sameAs":["http:\/\/www.visit-ulcinj.com"],"url":"https:\/\/www.visit-ulcinj.com\/blog\/author\/admin\/"}]}},"jetpack_featured_media_url":"","jetpack_sharing_enabled":true,"jetpack_shortlink":"https:\/\/wp.me\/pe6lTn-2qF","_links":{"self":[{"href":"https:\/\/www.visit-ulcinj.com\/blog\/wp-json\/wp\/v2\/posts\/9341"}],"collection":[{"href":"https:\/\/www.visit-ulcinj.com\/blog\/wp-json\/wp\/v2\/posts"}],"about":[{"href":"https:\/\/www.visit-ulcinj.com\/blog\/wp-json\/wp\/v2\/types\/post"}],"author":[{"embeddable":true,"href":"https:\/\/www.visit-ulcinj.com\/blog\/wp-json\/wp\/v2\/users\/1"}],"replies":[{"embeddable":true,"href":"https:\/\/www.visit-ulcinj.com\/blog\/wp-json\/wp\/v2\/comments?post=9341"}],"version-history":[{"count":0,"href":"https:\/\/www.visit-ulcinj.com\/blog\/wp-json\/wp\/v2\/posts\/9341\/revisions"}],"wp:attachment":[{"href":"https:\/\/www.visit-ulcinj.com\/blog\/wp-json\/wp\/v2\/media?parent=9341"}],"wp:term":[{"taxonomy":"category","embeddable":true,"href":"https:\/\/www.visit-ulcinj.com\/blog\/wp-json\/wp\/v2\/categories?post=9341"},{"taxonomy":"post_tag","embeddable":true,"href":"https:\/\/www.visit-ulcinj.com\/blog\/wp-json\/wp\/v2\/tags?post=9341"}],"curies":[{"name":"wp","href":"https:\/\/api.w.org\/{rel}","templated":true}]}}