{"id":93417,"date":"2015-11-29T18:01:14","date_gmt":"2015-11-29T17:01:14","guid":{"rendered":"http:\/\/www.visit-ulcinj.com\/blog\/?p=93417"},"modified":"2015-11-30T21:15:39","modified_gmt":"2015-11-30T20:15:39","slug":"jetlir-kovaci-ekspozite-fotografike-ne-stamboll-ne-qendren-kulturore-te-kosoves","status":"publish","type":"post","link":"https:\/\/www.visit-ulcinj.com\/blog\/2015\/11\/29\/jetlir-kovaci-ekspozite-fotografike-ne-stamboll-ne-qendren-kulturore-te-kosoves\/","title":{"rendered":"Jetlir Kova\u00e7i &#8211; Ekspozite Fotografike ne Stamboll ne Qendren Kulturore te Kosoves"},"content":{"rendered":"<p><span class=\"_3qi9\"><a href=\"http:\/\/www.visit-ulcinj.com\/blog\/wp-content\/uploads\/2015\/11\/Jetlir-Kovaci-Ekspozite-Fotografike-ne-Stamboll-.jpg\"><img loading=\"lazy\" class=\"alignleft wp-image-93418\" src=\"http:\/\/www.visit-ulcinj.com\/blog\/wp-content\/uploads\/2015\/11\/Jetlir-Kovaci-Ekspozite-Fotografike-ne-Stamboll-.jpg\" alt=\"Jetlir Kovaci - Ekspozite Fotografike ne Stamboll-\" width=\"508\" height=\"339\" srcset=\"https:\/\/www.visit-ulcinj.com\/blog\/wp-content\/uploads\/2015\/11\/Jetlir-Kovaci-Ekspozite-Fotografike-ne-Stamboll-.jpg 960w, https:\/\/www.visit-ulcinj.com\/blog\/wp-content\/uploads\/2015\/11\/Jetlir-Kovaci-Ekspozite-Fotografike-ne-Stamboll--300x200.jpg 300w\" sizes=\"(max-width: 508px) 100vw, 508px\" \/><\/a>Me 28 Nentor Diten e Flamurit, ne Qendren Kulturore te Kosoves ne Stamboll u hap ekspozita me fotografi e Jetlir Kova\u00e7it. Ne hapjen e ekspozites ishin prezent edhe zyrtaret e Ministrise se Diaspores qe erdhen nga Kosova enkas per hapjen e ekspozites, znj. Shyhrete Kastrati Udheheqesja e Departamentit te Qendrave Kulturore te Kosoves ne Diaspore dhe znj. Maliqe Hashani Udheheqese e Divizionit te Qendrave Kulturore ne Diaspore, Drejtori i Qendres Kulturore te Kosoves ne Stamboll z. Qamil Byty\u00e7i, profesoret nga Universiteti Teknik i Stambollit z. Oru\u00e7 \u00c7akmakl\u0131 dhe Korkut Ilhan, artistja Linda Kalemi, anetare nga Vatra e Shqiptareve ne Turqi dhe shoqata te tjera, studente shqiptare si dhe shume te tjere qe jetojne dhe veprojne ne Stamboll. Me kete rast u be edhe ndarja e \u00e7ertifikatave atyre qe mbaruan kursin e Gjuhes Shqipe prane kesaj qendre. Ne fjalen pershendetese znj. Shyhrete Kastrati uron dhe pergezon autorin e ekspozites Jetlir Kova\u00e7i dhe shpreh kenaqesine qe eshte prezente ne hapjen e kesaj ekspozite per nder te Festes se Flamurit. Nje dhurate e ve\u00e7ante e kesaj mbremje per nder te Festes se Flamurit dhe hapjes se ekspozites ishte nje \u00c7ertifikate Mirenjohjeje per Jetlir Kova\u00e7in nga Ambasadori i Republikes se Shqiperise ne Ankara z. Genci Mu\u00e7aj. Ne fjalen e tije pershendetese autori i ekspozites Jetlir Kova\u00e7i falenderon te gjithe te pranishmit e ne ve\u00e7anti zyrtaret e Ministrise se Diaspores te cilet mundesuan realizimin e kesaj ekspozite.<\/span><\/p>\n\n\t\t<style type=\"text\/css\">\n\t\t\t#gallery-1 {\n\t\t\t\tmargin: auto;\n\t\t\t}\n\t\t\t#gallery-1 .gallery-item {\n\t\t\t\tfloat: left;\n\t\t\t\tmargin-top: 10px;\n\t\t\t\ttext-align: center;\n\t\t\t\twidth: 33%;\n\t\t\t}\n\t\t\t#gallery-1 img {\n\t\t\t\tborder: 2px solid #cfcfcf;\n\t\t\t}\n\t\t\t#gallery-1 .gallery-caption {\n\t\t\t\tmargin-left: 0;\n\t\t\t}\n\t\t\t\/* see gallery_shortcode() in wp-includes\/media.php *\/\n\t\t<\/style>\n\t\t<div id='gallery-1' class='gallery galleryid-93417 gallery-columns-3 gallery-size-thumbnail'><dl class='gallery-item'>\n\t\t\t<dt class='gallery-icon landscape'>\n\t\t\t\t<a href='https:\/\/www.visit-ulcinj.com\/blog\/2015\/11\/29\/jetlir-kovaci-ekspozite-fotografike-ne-stamboll-ne-qendren-kulturore-te-kosoves\/jetlir-kovaci-ekspozite-fotografike-ne-stamboll-1\/'><img width=\"150\" height=\"150\" src=\"https:\/\/www.visit-ulcinj.com\/blog\/wp-content\/uploads\/2015\/11\/Jetlir-Kovaci-Ekspozite-Fotografike-ne-Stamboll-1-150x150.jpg\" class=\"attachment-thumbnail size-thumbnail\" alt=\"\" loading=\"lazy\" \/><\/a>\n\t\t\t<\/dt><\/dl><dl class='gallery-item'>\n\t\t\t<dt class='gallery-icon landscape'>\n\t\t\t\t<a href='https:\/\/www.visit-ulcinj.com\/blog\/2015\/11\/29\/jetlir-kovaci-ekspozite-fotografike-ne-stamboll-ne-qendren-kulturore-te-kosoves\/jetlir-kovaci-ekspozite-fotografike-ne-stamboll-2\/'><img width=\"150\" height=\"150\" src=\"https:\/\/www.visit-ulcinj.com\/blog\/wp-content\/uploads\/2015\/11\/Jetlir-Kovaci-Ekspozite-Fotografike-ne-Stamboll-2-150x150.jpg\" class=\"attachment-thumbnail size-thumbnail\" alt=\"\" loading=\"lazy\" \/><\/a>\n\t\t\t<\/dt><\/dl><dl class='gallery-item'>\n\t\t\t<dt class='gallery-icon landscape'>\n\t\t\t\t<a href='https:\/\/www.visit-ulcinj.com\/blog\/2015\/11\/29\/jetlir-kovaci-ekspozite-fotografike-ne-stamboll-ne-qendren-kulturore-te-kosoves\/jetlir-kovaci-ekspozite-fotografike-ne-stamboll-3\/'><img width=\"150\" height=\"150\" src=\"https:\/\/www.visit-ulcinj.com\/blog\/wp-content\/uploads\/2015\/11\/Jetlir-Kovaci-Ekspozite-Fotografike-ne-Stamboll-3-150x150.jpg\" class=\"attachment-thumbnail size-thumbnail\" alt=\"\" loading=\"lazy\" \/><\/a>\n\t\t\t<\/dt><\/dl><br style=\"clear: both\" \/><dl class='gallery-item'>\n\t\t\t<dt class='gallery-icon landscape'>\n\t\t\t\t<a href='https:\/\/www.visit-ulcinj.com\/blog\/2015\/11\/29\/jetlir-kovaci-ekspozite-fotografike-ne-stamboll-ne-qendren-kulturore-te-kosoves\/jetlir-kovaci-ekspozite-fotografike-ne-stamboll-4\/'><img width=\"150\" height=\"150\" src=\"https:\/\/www.visit-ulcinj.com\/blog\/wp-content\/uploads\/2015\/11\/Jetlir-Kovaci-Ekspozite-Fotografike-ne-Stamboll-4-150x150.jpg\" class=\"attachment-thumbnail size-thumbnail\" alt=\"\" loading=\"lazy\" \/><\/a>\n\t\t\t<\/dt><\/dl><dl class='gallery-item'>\n\t\t\t<dt class='gallery-icon landscape'>\n\t\t\t\t<a href='https:\/\/www.visit-ulcinj.com\/blog\/2015\/11\/29\/jetlir-kovaci-ekspozite-fotografike-ne-stamboll-ne-qendren-kulturore-te-kosoves\/jetlir-kovaci-ekspozite-fotografike-ne-stamboll-5\/'><img width=\"150\" height=\"150\" src=\"https:\/\/www.visit-ulcinj.com\/blog\/wp-content\/uploads\/2015\/11\/Jetlir-Kovaci-Ekspozite-Fotografike-ne-Stamboll-5-150x150.jpg\" class=\"attachment-thumbnail size-thumbnail\" alt=\"\" loading=\"lazy\" \/><\/a>\n\t\t\t<\/dt><\/dl><dl class='gallery-item'>\n\t\t\t<dt class='gallery-icon landscape'>\n\t\t\t\t<a href='https:\/\/www.visit-ulcinj.com\/blog\/2015\/11\/29\/jetlir-kovaci-ekspozite-fotografike-ne-stamboll-ne-qendren-kulturore-te-kosoves\/jetlir-kovaci-ekspozite-fotografike-ne-stamboll-6\/'><img width=\"150\" height=\"150\" src=\"https:\/\/www.visit-ulcinj.com\/blog\/wp-content\/uploads\/2015\/11\/Jetlir-Kovaci-Ekspozite-Fotografike-ne-Stamboll-6-150x150.jpg\" class=\"attachment-thumbnail size-thumbnail\" alt=\"\" loading=\"lazy\" \/><\/a>\n\t\t\t<\/dt><\/dl><br style=\"clear: both\" \/><dl class='gallery-item'>\n\t\t\t<dt class='gallery-icon landscape'>\n\t\t\t\t<a href='https:\/\/www.visit-ulcinj.com\/blog\/2015\/11\/29\/jetlir-kovaci-ekspozite-fotografike-ne-stamboll-ne-qendren-kulturore-te-kosoves\/jetlir-kovaci-ekspozite-fotografike-ne-stamboll-7\/'><img width=\"150\" height=\"150\" src=\"https:\/\/www.visit-ulcinj.com\/blog\/wp-content\/uploads\/2015\/11\/Jetlir-Kovaci-Ekspozite-Fotografike-ne-Stamboll-7-150x150.jpg\" class=\"attachment-thumbnail size-thumbnail\" alt=\"\" loading=\"lazy\" \/><\/a>\n\t\t\t<\/dt><\/dl><dl class='gallery-item'>\n\t\t\t<dt class='gallery-icon landscape'>\n\t\t\t\t<a href='https:\/\/www.visit-ulcinj.com\/blog\/2015\/11\/29\/jetlir-kovaci-ekspozite-fotografike-ne-stamboll-ne-qendren-kulturore-te-kosoves\/jetlir-kovaci-ekspozite-fotografike-ne-stamboll-8\/'><img width=\"150\" height=\"150\" src=\"https:\/\/www.visit-ulcinj.com\/blog\/wp-content\/uploads\/2015\/11\/Jetlir-Kovaci-Ekspozite-Fotografike-ne-Stamboll-8-150x150.jpg\" class=\"attachment-thumbnail size-thumbnail\" alt=\"\" loading=\"lazy\" \/><\/a>\n\t\t\t<\/dt><\/dl>\n\t\t\t<br style='clear: both' \/>\n\t\t<\/div>\n\n","protected":false},"excerpt":{"rendered":"<p>Me 28 Nentor Diten e Flamurit, ne Qendren Kulturore te Kosoves ne Stamboll u hap ekspozita me fotografi e Jetlir Kova\u00e7it. Ne hapjen e ekspozites ishin prezent edhe zyrtaret e Ministrise se Diaspores qe erdhen nga Kosova enkas per hapjen e ekspozites, znj. Shyhrete Kastrati Udheheqesja e Departamentit te Qendrave Kulturore te Kosoves ne Diaspore [&hellip;]<\/p>\n","protected":false},"author":1,"featured_media":0,"comment_status":"closed","ping_status":"closed","sticky":false,"template":"","format":"standard","meta":{"spay_email":"","jetpack_publicize_message":"","jetpack_is_tweetstorm":false,"jetpack_publicize_feature_enabled":true},"categories":[4,1],"tags":[],"jetpack_publicize_connections":[],"yoast_head":"<!-- This site is optimized with the Yoast SEO plugin v19.1 - https:\/\/yoast.com\/wordpress\/plugins\/seo\/ -->\n<title>Jetlir Kova\u00e7i - Ekspozite Fotografike ne Stamboll ne Qendren Kulturore te Kosoves - Lajme nga Ulqini<\/title>\n<meta name=\"description\" content=\"Me 28 Nentor Diten e Flamurit, ne Qendren Kulturore te Kosoves ne Stamboll u hap ekspozita me fotografi e Jetlir Kova\u00e7it. Ne hapjen e ekspozites ishin\" \/>\n<meta name=\"robots\" content=\"index, follow, max-snippet:-1, max-image-preview:large, max-video-preview:-1\" \/>\n<link rel=\"canonical\" href=\"https:\/\/www.visit-ulcinj.com\/blog\/2015\/11\/29\/jetlir-kovaci-ekspozite-fotografike-ne-stamboll-ne-qendren-kulturore-te-kosoves\/\" \/>\n<meta property=\"og:locale\" content=\"en_US\" \/>\n<meta property=\"og:type\" content=\"article\" \/>\n<meta property=\"og:title\" content=\"Jetlir Kova\u00e7i - Ekspozite Fotografike ne Stamboll ne Qendren Kulturore te Kosoves - Lajme nga Ulqini\" \/>\n<meta property=\"og:description\" content=\"Me 28 Nentor Diten e Flamurit, ne Qendren Kulturore te Kosoves ne Stamboll u hap ekspozita me fotografi e Jetlir Kova\u00e7it. Ne hapjen e ekspozites ishin\" \/>\n<meta property=\"og:url\" content=\"https:\/\/www.visit-ulcinj.com\/blog\/2015\/11\/29\/jetlir-kovaci-ekspozite-fotografike-ne-stamboll-ne-qendren-kulturore-te-kosoves\/\" \/>\n<meta property=\"og:site_name\" content=\"Lajme nga Ulqini\" \/>\n<meta property=\"article:published_time\" content=\"2015-11-29T17:01:14+00:00\" \/>\n<meta property=\"article:modified_time\" content=\"2015-11-30T20:15:39+00:00\" \/>\n<meta property=\"og:image\" content=\"https:\/\/www.visit-ulcinj.com\/blog\/wp-content\/uploads\/2015\/11\/Jetlir-Kovaci-Ekspozite-Fotografike-ne-Stamboll-1-150x150.jpg\" \/>\n<meta name=\"twitter:label1\" content=\"Written by\" \/>\n\t<meta name=\"twitter:data1\" content=\"ulqini\" \/>\n\t<meta name=\"twitter:label2\" content=\"Est. reading time\" \/>\n\t<meta name=\"twitter:data2\" content=\"1 minute\" \/>\n<script type=\"application\/ld+json\" class=\"yoast-schema-graph\">{\"@context\":\"https:\/\/schema.org\",\"@graph\":[{\"@type\":\"WebSite\",\"@id\":\"https:\/\/www.visit-ulcinj.com\/blog\/#website\",\"url\":\"https:\/\/www.visit-ulcinj.com\/blog\/\",\"name\":\"Lajme nga Ulqini\",\"description\":\"Lajme,Vijesti,Ulqini,Ulqin,Crna Gora,Mali i Zi\",\"potentialAction\":[{\"@type\":\"SearchAction\",\"target\":{\"@type\":\"EntryPoint\",\"urlTemplate\":\"https:\/\/www.visit-ulcinj.com\/blog\/?s={search_term_string}\"},\"query-input\":\"required name=search_term_string\"}],\"inLanguage\":\"en-US\"},{\"@type\":\"ImageObject\",\"inLanguage\":\"en-US\",\"@id\":\"https:\/\/www.visit-ulcinj.com\/blog\/2015\/11\/29\/jetlir-kovaci-ekspozite-fotografike-ne-stamboll-ne-qendren-kulturore-te-kosoves\/#primaryimage\",\"url\":\"https:\/\/www.visit-ulcinj.com\/blog\/wp-content\/uploads\/2015\/11\/Jetlir-Kovaci-Ekspozite-Fotografike-ne-Stamboll-.jpg\",\"contentUrl\":\"https:\/\/www.visit-ulcinj.com\/blog\/wp-content\/uploads\/2015\/11\/Jetlir-Kovaci-Ekspozite-Fotografike-ne-Stamboll-.jpg\",\"width\":960,\"height\":640},{\"@type\":\"WebPage\",\"@id\":\"https:\/\/www.visit-ulcinj.com\/blog\/2015\/11\/29\/jetlir-kovaci-ekspozite-fotografike-ne-stamboll-ne-qendren-kulturore-te-kosoves\/#webpage\",\"url\":\"https:\/\/www.visit-ulcinj.com\/blog\/2015\/11\/29\/jetlir-kovaci-ekspozite-fotografike-ne-stamboll-ne-qendren-kulturore-te-kosoves\/\",\"name\":\"Jetlir Kova\u00e7i - Ekspozite Fotografike ne Stamboll ne Qendren Kulturore te Kosoves - Lajme nga Ulqini\",\"isPartOf\":{\"@id\":\"https:\/\/www.visit-ulcinj.com\/blog\/#website\"},\"primaryImageOfPage\":{\"@id\":\"https:\/\/www.visit-ulcinj.com\/blog\/2015\/11\/29\/jetlir-kovaci-ekspozite-fotografike-ne-stamboll-ne-qendren-kulturore-te-kosoves\/#primaryimage\"},\"datePublished\":\"2015-11-29T17:01:14+00:00\",\"dateModified\":\"2015-11-30T20:15:39+00:00\",\"author\":{\"@id\":\"https:\/\/www.visit-ulcinj.com\/blog\/#\/schema\/person\/dcab619c614d3038751c63bc2aadc06d\"},\"description\":\"Me 28 Nentor Diten e Flamurit, ne Qendren Kulturore te Kosoves ne Stamboll u hap ekspozita me fotografi e Jetlir Kova\u00e7it. Ne hapjen e ekspozites ishin\",\"breadcrumb\":{\"@id\":\"https:\/\/www.visit-ulcinj.com\/blog\/2015\/11\/29\/jetlir-kovaci-ekspozite-fotografike-ne-stamboll-ne-qendren-kulturore-te-kosoves\/#breadcrumb\"},\"inLanguage\":\"en-US\",\"potentialAction\":[{\"@type\":\"ReadAction\",\"target\":[\"https:\/\/www.visit-ulcinj.com\/blog\/2015\/11\/29\/jetlir-kovaci-ekspozite-fotografike-ne-stamboll-ne-qendren-kulturore-te-kosoves\/\"]}]},{\"@type\":\"BreadcrumbList\",\"@id\":\"https:\/\/www.visit-ulcinj.com\/blog\/2015\/11\/29\/jetlir-kovaci-ekspozite-fotografike-ne-stamboll-ne-qendren-kulturore-te-kosoves\/#breadcrumb\",\"itemListElement\":[{\"@type\":\"ListItem\",\"position\":1,\"name\":\"Jetlir Kova\u00e7i &#8211; Ekspozite Fotografike ne Stamboll ne Qendren Kulturore te Kosoves\"}]},{\"@type\":\"Person\",\"@id\":\"https:\/\/www.visit-ulcinj.com\/blog\/#\/schema\/person\/dcab619c614d3038751c63bc2aadc06d\",\"name\":\"ulqini\",\"sameAs\":[\"http:\/\/www.visit-ulcinj.com\"],\"url\":\"https:\/\/www.visit-ulcinj.com\/blog\/author\/admin\/\"}]}<\/script>\n<!-- \/ Yoast SEO plugin. -->","yoast_head_json":{"title":"Jetlir Kova\u00e7i - Ekspozite Fotografike ne Stamboll ne Qendren Kulturore te Kosoves - Lajme nga Ulqini","description":"Me 28 Nentor Diten e Flamurit, ne Qendren Kulturore te Kosoves ne Stamboll u hap ekspozita me fotografi e Jetlir Kova\u00e7it. Ne hapjen e ekspozites ishin","robots":{"index":"index","follow":"follow","max-snippet":"max-snippet:-1","max-image-preview":"max-image-preview:large","max-video-preview":"max-video-preview:-1"},"canonical":"https:\/\/www.visit-ulcinj.com\/blog\/2015\/11\/29\/jetlir-kovaci-ekspozite-fotografike-ne-stamboll-ne-qendren-kulturore-te-kosoves\/","og_locale":"en_US","og_type":"article","og_title":"Jetlir Kova\u00e7i - Ekspozite Fotografike ne Stamboll ne Qendren Kulturore te Kosoves - Lajme nga Ulqini","og_description":"Me 28 Nentor Diten e Flamurit, ne Qendren Kulturore te Kosoves ne Stamboll u hap ekspozita me fotografi e Jetlir Kova\u00e7it. Ne hapjen e ekspozites ishin","og_url":"https:\/\/www.visit-ulcinj.com\/blog\/2015\/11\/29\/jetlir-kovaci-ekspozite-fotografike-ne-stamboll-ne-qendren-kulturore-te-kosoves\/","og_site_name":"Lajme nga Ulqini","article_published_time":"2015-11-29T17:01:14+00:00","article_modified_time":"2015-11-30T20:15:39+00:00","og_image":[{"url":"https:\/\/www.visit-ulcinj.com\/blog\/wp-content\/uploads\/2015\/11\/Jetlir-Kovaci-Ekspozite-Fotografike-ne-Stamboll-1-150x150.jpg"}],"twitter_misc":{"Written by":"ulqini","Est. reading time":"1 minute"},"schema":{"@context":"https:\/\/schema.org","@graph":[{"@type":"WebSite","@id":"https:\/\/www.visit-ulcinj.com\/blog\/#website","url":"https:\/\/www.visit-ulcinj.com\/blog\/","name":"Lajme nga Ulqini","description":"Lajme,Vijesti,Ulqini,Ulqin,Crna Gora,Mali i Zi","potentialAction":[{"@type":"SearchAction","target":{"@type":"EntryPoint","urlTemplate":"https:\/\/www.visit-ulcinj.com\/blog\/?s={search_term_string}"},"query-input":"required name=search_term_string"}],"inLanguage":"en-US"},{"@type":"ImageObject","inLanguage":"en-US","@id":"https:\/\/www.visit-ulcinj.com\/blog\/2015\/11\/29\/jetlir-kovaci-ekspozite-fotografike-ne-stamboll-ne-qendren-kulturore-te-kosoves\/#primaryimage","url":"https:\/\/www.visit-ulcinj.com\/blog\/wp-content\/uploads\/2015\/11\/Jetlir-Kovaci-Ekspozite-Fotografike-ne-Stamboll-.jpg","contentUrl":"https:\/\/www.visit-ulcinj.com\/blog\/wp-content\/uploads\/2015\/11\/Jetlir-Kovaci-Ekspozite-Fotografike-ne-Stamboll-.jpg","width":960,"height":640},{"@type":"WebPage","@id":"https:\/\/www.visit-ulcinj.com\/blog\/2015\/11\/29\/jetlir-kovaci-ekspozite-fotografike-ne-stamboll-ne-qendren-kulturore-te-kosoves\/#webpage","url":"https:\/\/www.visit-ulcinj.com\/blog\/2015\/11\/29\/jetlir-kovaci-ekspozite-fotografike-ne-stamboll-ne-qendren-kulturore-te-kosoves\/","name":"Jetlir Kova\u00e7i - Ekspozite Fotografike ne Stamboll ne Qendren Kulturore te Kosoves - Lajme nga Ulqini","isPartOf":{"@id":"https:\/\/www.visit-ulcinj.com\/blog\/#website"},"primaryImageOfPage":{"@id":"https:\/\/www.visit-ulcinj.com\/blog\/2015\/11\/29\/jetlir-kovaci-ekspozite-fotografike-ne-stamboll-ne-qendren-kulturore-te-kosoves\/#primaryimage"},"datePublished":"2015-11-29T17:01:14+00:00","dateModified":"2015-11-30T20:15:39+00:00","author":{"@id":"https:\/\/www.visit-ulcinj.com\/blog\/#\/schema\/person\/dcab619c614d3038751c63bc2aadc06d"},"description":"Me 28 Nentor Diten e Flamurit, ne Qendren Kulturore te Kosoves ne Stamboll u hap ekspozita me fotografi e Jetlir Kova\u00e7it. Ne hapjen e ekspozites ishin","breadcrumb":{"@id":"https:\/\/www.visit-ulcinj.com\/blog\/2015\/11\/29\/jetlir-kovaci-ekspozite-fotografike-ne-stamboll-ne-qendren-kulturore-te-kosoves\/#breadcrumb"},"inLanguage":"en-US","potentialAction":[{"@type":"ReadAction","target":["https:\/\/www.visit-ulcinj.com\/blog\/2015\/11\/29\/jetlir-kovaci-ekspozite-fotografike-ne-stamboll-ne-qendren-kulturore-te-kosoves\/"]}]},{"@type":"BreadcrumbList","@id":"https:\/\/www.visit-ulcinj.com\/blog\/2015\/11\/29\/jetlir-kovaci-ekspozite-fotografike-ne-stamboll-ne-qendren-kulturore-te-kosoves\/#breadcrumb","itemListElement":[{"@type":"ListItem","position":1,"name":"Jetlir Kova\u00e7i &#8211; Ekspozite Fotografike ne Stamboll ne Qendren Kulturore te Kosoves"}]},{"@type":"Person","@id":"https:\/\/www.visit-ulcinj.com\/blog\/#\/schema\/person\/dcab619c614d3038751c63bc2aadc06d","name":"ulqini","sameAs":["http:\/\/www.visit-ulcinj.com"],"url":"https:\/\/www.visit-ulcinj.com\/blog\/author\/admin\/"}]}},"jetpack_featured_media_url":"","jetpack_sharing_enabled":true,"jetpack_shortlink":"https:\/\/wp.me\/pe6lTn-oiJ","_links":{"self":[{"href":"https:\/\/www.visit-ulcinj.com\/blog\/wp-json\/wp\/v2\/posts\/93417"}],"collection":[{"href":"https:\/\/www.visit-ulcinj.com\/blog\/wp-json\/wp\/v2\/posts"}],"about":[{"href":"https:\/\/www.visit-ulcinj.com\/blog\/wp-json\/wp\/v2\/types\/post"}],"author":[{"embeddable":true,"href":"https:\/\/www.visit-ulcinj.com\/blog\/wp-json\/wp\/v2\/users\/1"}],"replies":[{"embeddable":true,"href":"https:\/\/www.visit-ulcinj.com\/blog\/wp-json\/wp\/v2\/comments?post=93417"}],"version-history":[{"count":1,"href":"https:\/\/www.visit-ulcinj.com\/blog\/wp-json\/wp\/v2\/posts\/93417\/revisions"}],"predecessor-version":[{"id":93427,"href":"https:\/\/www.visit-ulcinj.com\/blog\/wp-json\/wp\/v2\/posts\/93417\/revisions\/93427"}],"wp:attachment":[{"href":"https:\/\/www.visit-ulcinj.com\/blog\/wp-json\/wp\/v2\/media?parent=93417"}],"wp:term":[{"taxonomy":"category","embeddable":true,"href":"https:\/\/www.visit-ulcinj.com\/blog\/wp-json\/wp\/v2\/categories?post=93417"},{"taxonomy":"post_tag","embeddable":true,"href":"https:\/\/www.visit-ulcinj.com\/blog\/wp-json\/wp\/v2\/tags?post=93417"}],"curies":[{"name":"wp","href":"https:\/\/api.w.org\/{rel}","templated":true}]}}