{"id":93446,"date":"2015-12-01T13:31:08","date_gmt":"2015-12-01T12:31:08","guid":{"rendered":"http:\/\/www.visit-ulcinj.com\/blog\/?p=93446"},"modified":"2015-12-01T13:31:08","modified_gmt":"2015-12-01T12:31:08","slug":"antigona-rama-kampione-e-malit-te-zi","status":"publish","type":"post","link":"https:\/\/www.visit-ulcinj.com\/blog\/2015\/12\/01\/antigona-rama-kampione-e-malit-te-zi\/","title":{"rendered":"Antigona Rama kampione e Malit t\u00eb Zi"},"content":{"rendered":"<p><a href=\"http:\/\/www.visit-ulcinj.com\/blog\/wp-content\/uploads\/2015\/12\/Antigona-Rama-kampione-e-Malit-t\u00eb-Zi-.jpg\"><img loading=\"lazy\" class=\"alignleft wp-image-93447 size-medium\" src=\"http:\/\/www.visit-ulcinj.com\/blog\/wp-content\/uploads\/2015\/12\/Antigona-Rama-kampione-e-Malit-t\u00eb-Zi--201x300.jpg\" alt=\"Antigona Rama kampione e Malit t\u00eb Zi-\" width=\"201\" height=\"300\" srcset=\"https:\/\/www.visit-ulcinj.com\/blog\/wp-content\/uploads\/2015\/12\/Antigona-Rama-kampione-e-Malit-t\u00eb-Zi--201x300.jpg 201w, https:\/\/www.visit-ulcinj.com\/blog\/wp-content\/uploads\/2015\/12\/Antigona-Rama-kampione-e-Malit-t\u00eb-Zi-.jpg 326w\" sizes=\"(max-width: 201px) 100vw, 201px\" \/><\/a>N\u00eb Podgoric\u00eb, m\u00eb 29 n\u00ebntor 2015 u mbajt Kampionati i Malit t\u00eb Zi n\u00eb Karate p\u00ebr kadet, junior dhe senior t\u00eb rinj, n\u00eb t\u00eb cilin mori pjes\u00eb edhe Klubi i karates\u00eb &#8220;Ulqini&#8221;.<br \/>\nGaruesit e Klubit t\u00eb karates\u00eb &#8220;Ulqini&#8221; u kuror\u00ebzuan me 3 medalje t\u00eb arta, 3 t\u00eb argjendta dhe 3 t\u00eb bronzta.<br \/>\nKampione e Malit t\u00eb Zi u shpall Antogona Rama p\u00ebr seniore te reja n\u00eb luft\u00ebra individuale +68kg. Kampion\u00eb u shpall\u00ebn dhe ekipet e senior\u00ebve t\u00eb rinj n\u00eb kata dhe luft\u00ebra, n\u00eb p\u00ebrb\u00ebrje ekipi i katave Edin Kraja, Albion Duraku dhe Marko Daboviq, kurse ekipi i luf\u00ebrave Albion Duraku, Edin Kraja dhe Adnan Kuqi. Me medalje t\u00eb argjendta u kuror\u00ebzuan n\u00eb luft\u00ebra inviduale p\u00ebr senior\u00eb t\u00eb rinj Seida Suma -68kg dhe Albion Duraku -60kg. Po ashtu edhe ekipi i senioreve t\u00eb reja u shpall n\u00ebn kampion t\u00eb Malit t\u00eb Zi. Me medalje t\u00eb bronzt\u00eb n\u00eb luft\u00ebra inviduale u kuror\u00ebzua Edin Kraja -75kg, Antigona Rama n\u00eb kata individuale dhe ekipi i junior\u00ebve ne luft\u00ebra ekipore.<br \/>\nT\u00eb gjith\u00eb k\u00ebta garues u kualifikuan p\u00ebr n\u00eb Kampionatin Ballkanik, i cili do t\u00eb mbahet 11-13.12.2015 n\u00eb Dubrovnik, por pjes\u00ebmarrja e tyre varet krejt nga mund\u00ebsit\u00eb financiare.<br \/>\nTrajner\u00ebt e klubit shpresojn\u00eb q\u00eb do t\u00eb hasin n\u00eb mir\u00ebkuptim te sponsor\u00ebt q\u00eb t&#8217;u mund\u00ebsohet k\u00ebtyre garuesve pjes\u00ebmarrja n\u00eb Kampionatin Ballkanik.<br \/>\nNj\u00ebkoh\u00ebsisht fal\u00ebnderojn\u00eb sponsor\u00ebt t\u00eb cil\u00ebt mund\u00ebsuan q\u00eb k\u00ebta garues t\u00eb marrin pjes\u00eb n\u00eb Kampionatin e Malit t\u00eb Zi, t\u00eb cil\u00ebt nuk i zhg\u00ebnjyen duke qen\u00eb p\u00ebrs\u00ebri nd\u00ebr m\u00eb t\u00eb mir\u00ebt.<\/p>\n","protected":false},"excerpt":{"rendered":"<p>N\u00eb Podgoric\u00eb, m\u00eb 29 n\u00ebntor 2015 u mbajt Kampionati i Malit t\u00eb Zi n\u00eb Karate p\u00ebr kadet, junior dhe senior t\u00eb rinj, n\u00eb t\u00eb cilin mori pjes\u00eb edhe Klubi i karates\u00eb &#8220;Ulqini&#8221;. Garuesit e Klubit t\u00eb karates\u00eb &#8220;Ulqini&#8221; u kuror\u00ebzuan me 3 medalje t\u00eb arta, 3 t\u00eb argjendta dhe 3 t\u00eb bronzta. Kampione e Malit [&hellip;]<\/p>\n","protected":false},"author":1,"featured_media":0,"comment_status":"closed","ping_status":"closed","sticky":false,"template":"","format":"standard","meta":{"spay_email":"","jetpack_publicize_message":"","jetpack_is_tweetstorm":false,"jetpack_publicize_feature_enabled":true},"categories":[3],"tags":[],"jetpack_publicize_connections":[],"yoast_head":"<!-- This site is optimized with the Yoast SEO plugin v19.1 - https:\/\/yoast.com\/wordpress\/plugins\/seo\/ -->\n<title>Antigona Rama kampione e Malit t\u00eb Zi - Lajme nga Ulqini<\/title>\n<meta name=\"description\" content=\"N\u00eb Podgoric\u00eb, m\u00eb 29 n\u00ebntor 2015 u mbajt Kampionati i Malit t\u00eb Zi n\u00eb Karate p\u00ebr kadet, junior dhe senior t\u00eb rinj, n\u00eb t\u00eb cilin mori pjes\u00eb edhe Klubi i\" \/>\n<meta name=\"robots\" content=\"index, follow, max-snippet:-1, max-image-preview:large, max-video-preview:-1\" \/>\n<link rel=\"canonical\" href=\"https:\/\/www.visit-ulcinj.com\/blog\/2015\/12\/01\/antigona-rama-kampione-e-malit-te-zi\/\" \/>\n<meta property=\"og:locale\" content=\"en_US\" \/>\n<meta property=\"og:type\" content=\"article\" \/>\n<meta property=\"og:title\" content=\"Antigona Rama kampione e Malit t\u00eb Zi - Lajme nga Ulqini\" \/>\n<meta property=\"og:description\" content=\"N\u00eb Podgoric\u00eb, m\u00eb 29 n\u00ebntor 2015 u mbajt Kampionati i Malit t\u00eb Zi n\u00eb Karate p\u00ebr kadet, junior dhe senior t\u00eb rinj, n\u00eb t\u00eb cilin mori pjes\u00eb edhe Klubi i\" \/>\n<meta property=\"og:url\" content=\"https:\/\/www.visit-ulcinj.com\/blog\/2015\/12\/01\/antigona-rama-kampione-e-malit-te-zi\/\" \/>\n<meta property=\"og:site_name\" content=\"Lajme nga Ulqini\" \/>\n<meta property=\"article:published_time\" content=\"2015-12-01T12:31:08+00:00\" \/>\n<meta name=\"twitter:label1\" content=\"Written by\" \/>\n\t<meta name=\"twitter:data1\" content=\"ulqini\" \/>\n\t<meta name=\"twitter:label2\" content=\"Est. reading time\" \/>\n\t<meta name=\"twitter:data2\" content=\"1 minute\" \/>\n<script type=\"application\/ld+json\" class=\"yoast-schema-graph\">{\"@context\":\"https:\/\/schema.org\",\"@graph\":[{\"@type\":\"WebSite\",\"@id\":\"https:\/\/www.visit-ulcinj.com\/blog\/#website\",\"url\":\"https:\/\/www.visit-ulcinj.com\/blog\/\",\"name\":\"Lajme nga Ulqini\",\"description\":\"Lajme,Vijesti,Ulqini,Ulqin,Crna Gora,Mali i Zi\",\"potentialAction\":[{\"@type\":\"SearchAction\",\"target\":{\"@type\":\"EntryPoint\",\"urlTemplate\":\"https:\/\/www.visit-ulcinj.com\/blog\/?s={search_term_string}\"},\"query-input\":\"required name=search_term_string\"}],\"inLanguage\":\"en-US\"},{\"@type\":\"WebPage\",\"@id\":\"https:\/\/www.visit-ulcinj.com\/blog\/2015\/12\/01\/antigona-rama-kampione-e-malit-te-zi\/#webpage\",\"url\":\"https:\/\/www.visit-ulcinj.com\/blog\/2015\/12\/01\/antigona-rama-kampione-e-malit-te-zi\/\",\"name\":\"Antigona Rama kampione e Malit t\u00eb Zi - Lajme nga Ulqini\",\"isPartOf\":{\"@id\":\"https:\/\/www.visit-ulcinj.com\/blog\/#website\"},\"datePublished\":\"2015-12-01T12:31:08+00:00\",\"dateModified\":\"2015-12-01T12:31:08+00:00\",\"author\":{\"@id\":\"https:\/\/www.visit-ulcinj.com\/blog\/#\/schema\/person\/dcab619c614d3038751c63bc2aadc06d\"},\"description\":\"N\u00eb Podgoric\u00eb, m\u00eb 29 n\u00ebntor 2015 u mbajt Kampionati i Malit t\u00eb Zi n\u00eb Karate p\u00ebr kadet, junior dhe senior t\u00eb rinj, n\u00eb t\u00eb cilin mori pjes\u00eb edhe Klubi i\",\"breadcrumb\":{\"@id\":\"https:\/\/www.visit-ulcinj.com\/blog\/2015\/12\/01\/antigona-rama-kampione-e-malit-te-zi\/#breadcrumb\"},\"inLanguage\":\"en-US\",\"potentialAction\":[{\"@type\":\"ReadAction\",\"target\":[\"https:\/\/www.visit-ulcinj.com\/blog\/2015\/12\/01\/antigona-rama-kampione-e-malit-te-zi\/\"]}]},{\"@type\":\"BreadcrumbList\",\"@id\":\"https:\/\/www.visit-ulcinj.com\/blog\/2015\/12\/01\/antigona-rama-kampione-e-malit-te-zi\/#breadcrumb\",\"itemListElement\":[{\"@type\":\"ListItem\",\"position\":1,\"name\":\"Antigona Rama kampione e Malit t\u00eb Zi\"}]},{\"@type\":\"Person\",\"@id\":\"https:\/\/www.visit-ulcinj.com\/blog\/#\/schema\/person\/dcab619c614d3038751c63bc2aadc06d\",\"name\":\"ulqini\",\"sameAs\":[\"http:\/\/www.visit-ulcinj.com\"],\"url\":\"https:\/\/www.visit-ulcinj.com\/blog\/author\/admin\/\"}]}<\/script>\n<!-- \/ Yoast SEO plugin. -->","yoast_head_json":{"title":"Antigona Rama kampione e Malit t\u00eb Zi - Lajme nga Ulqini","description":"N\u00eb Podgoric\u00eb, m\u00eb 29 n\u00ebntor 2015 u mbajt Kampionati i Malit t\u00eb Zi n\u00eb Karate p\u00ebr kadet, junior dhe senior t\u00eb rinj, n\u00eb t\u00eb cilin mori pjes\u00eb edhe Klubi i","robots":{"index":"index","follow":"follow","max-snippet":"max-snippet:-1","max-image-preview":"max-image-preview:large","max-video-preview":"max-video-preview:-1"},"canonical":"https:\/\/www.visit-ulcinj.com\/blog\/2015\/12\/01\/antigona-rama-kampione-e-malit-te-zi\/","og_locale":"en_US","og_type":"article","og_title":"Antigona Rama kampione e Malit t\u00eb Zi - Lajme nga Ulqini","og_description":"N\u00eb Podgoric\u00eb, m\u00eb 29 n\u00ebntor 2015 u mbajt Kampionati i Malit t\u00eb Zi n\u00eb Karate p\u00ebr kadet, junior dhe senior t\u00eb rinj, n\u00eb t\u00eb cilin mori pjes\u00eb edhe Klubi i","og_url":"https:\/\/www.visit-ulcinj.com\/blog\/2015\/12\/01\/antigona-rama-kampione-e-malit-te-zi\/","og_site_name":"Lajme nga Ulqini","article_published_time":"2015-12-01T12:31:08+00:00","twitter_misc":{"Written by":"ulqini","Est. reading time":"1 minute"},"schema":{"@context":"https:\/\/schema.org","@graph":[{"@type":"WebSite","@id":"https:\/\/www.visit-ulcinj.com\/blog\/#website","url":"https:\/\/www.visit-ulcinj.com\/blog\/","name":"Lajme nga Ulqini","description":"Lajme,Vijesti,Ulqini,Ulqin,Crna Gora,Mali i Zi","potentialAction":[{"@type":"SearchAction","target":{"@type":"EntryPoint","urlTemplate":"https:\/\/www.visit-ulcinj.com\/blog\/?s={search_term_string}"},"query-input":"required name=search_term_string"}],"inLanguage":"en-US"},{"@type":"WebPage","@id":"https:\/\/www.visit-ulcinj.com\/blog\/2015\/12\/01\/antigona-rama-kampione-e-malit-te-zi\/#webpage","url":"https:\/\/www.visit-ulcinj.com\/blog\/2015\/12\/01\/antigona-rama-kampione-e-malit-te-zi\/","name":"Antigona Rama kampione e Malit t\u00eb Zi - Lajme nga Ulqini","isPartOf":{"@id":"https:\/\/www.visit-ulcinj.com\/blog\/#website"},"datePublished":"2015-12-01T12:31:08+00:00","dateModified":"2015-12-01T12:31:08+00:00","author":{"@id":"https:\/\/www.visit-ulcinj.com\/blog\/#\/schema\/person\/dcab619c614d3038751c63bc2aadc06d"},"description":"N\u00eb Podgoric\u00eb, m\u00eb 29 n\u00ebntor 2015 u mbajt Kampionati i Malit t\u00eb Zi n\u00eb Karate p\u00ebr kadet, junior dhe senior t\u00eb rinj, n\u00eb t\u00eb cilin mori pjes\u00eb edhe Klubi i","breadcrumb":{"@id":"https:\/\/www.visit-ulcinj.com\/blog\/2015\/12\/01\/antigona-rama-kampione-e-malit-te-zi\/#breadcrumb"},"inLanguage":"en-US","potentialAction":[{"@type":"ReadAction","target":["https:\/\/www.visit-ulcinj.com\/blog\/2015\/12\/01\/antigona-rama-kampione-e-malit-te-zi\/"]}]},{"@type":"BreadcrumbList","@id":"https:\/\/www.visit-ulcinj.com\/blog\/2015\/12\/01\/antigona-rama-kampione-e-malit-te-zi\/#breadcrumb","itemListElement":[{"@type":"ListItem","position":1,"name":"Antigona Rama kampione e Malit t\u00eb Zi"}]},{"@type":"Person","@id":"https:\/\/www.visit-ulcinj.com\/blog\/#\/schema\/person\/dcab619c614d3038751c63bc2aadc06d","name":"ulqini","sameAs":["http:\/\/www.visit-ulcinj.com"],"url":"https:\/\/www.visit-ulcinj.com\/blog\/author\/admin\/"}]}},"jetpack_featured_media_url":"","jetpack_sharing_enabled":true,"jetpack_shortlink":"https:\/\/wp.me\/pe6lTn-ojc","_links":{"self":[{"href":"https:\/\/www.visit-ulcinj.com\/blog\/wp-json\/wp\/v2\/posts\/93446"}],"collection":[{"href":"https:\/\/www.visit-ulcinj.com\/blog\/wp-json\/wp\/v2\/posts"}],"about":[{"href":"https:\/\/www.visit-ulcinj.com\/blog\/wp-json\/wp\/v2\/types\/post"}],"author":[{"embeddable":true,"href":"https:\/\/www.visit-ulcinj.com\/blog\/wp-json\/wp\/v2\/users\/1"}],"replies":[{"embeddable":true,"href":"https:\/\/www.visit-ulcinj.com\/blog\/wp-json\/wp\/v2\/comments?post=93446"}],"version-history":[{"count":1,"href":"https:\/\/www.visit-ulcinj.com\/blog\/wp-json\/wp\/v2\/posts\/93446\/revisions"}],"predecessor-version":[{"id":93448,"href":"https:\/\/www.visit-ulcinj.com\/blog\/wp-json\/wp\/v2\/posts\/93446\/revisions\/93448"}],"wp:attachment":[{"href":"https:\/\/www.visit-ulcinj.com\/blog\/wp-json\/wp\/v2\/media?parent=93446"}],"wp:term":[{"taxonomy":"category","embeddable":true,"href":"https:\/\/www.visit-ulcinj.com\/blog\/wp-json\/wp\/v2\/categories?post=93446"},{"taxonomy":"post_tag","embeddable":true,"href":"https:\/\/www.visit-ulcinj.com\/blog\/wp-json\/wp\/v2\/tags?post=93446"}],"curies":[{"name":"wp","href":"https:\/\/api.w.org\/{rel}","templated":true}]}}