{"id":93451,"date":"2015-12-01T13:55:14","date_gmt":"2015-12-01T12:55:14","guid":{"rendered":"http:\/\/www.visit-ulcinj.com\/blog\/?p=93451"},"modified":"2015-12-01T13:55:14","modified_gmt":"2015-12-01T12:55:14","slug":"govor-potpredsjednika-gradanskog-pokreta-ura-dritana-abazovica-sa-konferencije","status":"publish","type":"post","link":"https:\/\/www.visit-ulcinj.com\/blog\/2015\/12\/01\/govor-potpredsjednika-gradanskog-pokreta-ura-dritana-abazovica-sa-konferencije\/","title":{"rendered":"Govor potpredsjednika Gra\u0111anskog pokreta URA Dritana Abazovi\u0107a sa Konferencije"},"content":{"rendered":"<p><a href=\"http:\/\/www.visit-ulcinj.com\/blog\/wp-content\/uploads\/2015\/12\/Dritan-Abazoviq.jpg\"><img loading=\"lazy\" class=\"alignleft wp-image-93452\" src=\"http:\/\/www.visit-ulcinj.com\/blog\/wp-content\/uploads\/2015\/12\/Dritan-Abazoviq.jpg\" alt=\"Dritan-Abazoviq\" width=\"508\" height=\"339\" srcset=\"https:\/\/www.visit-ulcinj.com\/blog\/wp-content\/uploads\/2015\/12\/Dritan-Abazoviq.jpg 960w, https:\/\/www.visit-ulcinj.com\/blog\/wp-content\/uploads\/2015\/12\/Dritan-Abazoviq-300x200.jpg 300w\" sizes=\"(max-width: 508px) 100vw, 508px\" \/><\/a>Poslanik i potpredsjednik Gra\u0111anski pokret URA Dritan Abazovi\u0107 panelista na Konferenciji &#8220;Ideolo\u0161ko mapiranje politi\u010dke scene zemalja Zapadnog Balkana&#8221;<\/p>\n<p>Poslanik Gra\u0111anskog pokreta Ujedinjena reformska akcija (URA) Dritan Abazovi\u0107 ocijenio je da je Crna Gora od prethodnog komunisti\u010dkog sistema preuzela negativnosti.<\/p>\n<p>\u201cZato \u0161to su sve stranke koje su dominantne trenutno na Zapadnom Balkanu na neki na\u010din svoje korijene povukle iz komunizma. To podrazumijeva jakog lidera i osje\u0107aj da je partija dr\u017eava i izvor opstanka. To je trenutno na snazi u Crnoj Gori\u201d, smatra Abazovi\u0107.<\/p>\n<p>On je na regionalnoj konferenciji \u201cIdeolo\u0161ko mapiranje p<span class=\"text_exposed_show\">oliti\u010dke scene zemalja Zapadnog Balkana\u201d, koju je organizovao Centar za monitoring i istra\u017eivanje (CeMI), kazao da Crnu Goru karakteri\u0161e podani\u010dka politi\u010dka kultura, u kojoj gra\u0111ani, kako je naveo, razumiju da ne\u0161to nije dobro, dok se vlast ne mijenja.<\/span><\/p>\n<div class=\"text_exposed_show\">\n<p>\u201cPrimitivazam se tu ogleda u tome \u0161to imate stranku koja nudi identi\u010dan program kao vladaju\u0107a stranka, a ipak ne mo\u017ee zna\u010dajnije da izvu\u010de bira\u010dko tijelo i prenese ga na svoju stranu\u201c, naveo je Abazovi\u0107.<\/p>\n<p><strong>Izvor: <span class=\"fwn fcg\"><span class=\"fwb fcg\" data-ft=\"{&quot;tn&quot;:&quot;k&quot;}\"><a id=\"js_4l\" href=\"https:\/\/www.facebook.com\/gradjanskipokret2015\/?fref=nf\" data-hovercard=\"\/ajax\/hovercard\/page.php?id=313006358903165&amp;extragetparams=%7B%22fref%22%3A%22nf%22%7D\">Gra\u0111anski pokret URA Facebook<\/a><\/span><\/span><\/strong><\/p>\n<!--YouTube Error: bad URL entered-->\n<\/div>\n","protected":false},"excerpt":{"rendered":"<p>Poslanik i potpredsjednik Gra\u0111anski pokret URA Dritan Abazovi\u0107 panelista na Konferenciji &#8220;Ideolo\u0161ko mapiranje politi\u010dke scene zemalja Zapadnog Balkana&#8221; Poslanik Gra\u0111anskog pokreta Ujedinjena reformska akcija (URA) Dritan Abazovi\u0107 ocijenio je da je Crna Gora od prethodnog komunisti\u010dkog sistema preuzela negativnosti. \u201cZato \u0161to su sve stranke koje su dominantne trenutno na Zapadnom Balkanu na neki na\u010din svoje [&hellip;]<\/p>\n","protected":false},"author":1,"featured_media":0,"comment_status":"closed","ping_status":"closed","sticky":false,"template":"","format":"standard","meta":{"spay_email":"","jetpack_publicize_message":"","jetpack_is_tweetstorm":false,"jetpack_publicize_feature_enabled":true},"categories":[6950],"tags":[],"jetpack_publicize_connections":[],"yoast_head":"<!-- This site is optimized with the Yoast SEO plugin v19.1 - https:\/\/yoast.com\/wordpress\/plugins\/seo\/ -->\n<title>Govor potpredsjednika Gra\u0111anskog pokreta URA Dritana Abazovi\u0107a sa Konferencije - Lajme nga Ulqini<\/title>\n<meta name=\"description\" content=\"Poslanik i potpredsjednik Gra\u0111anski pokret URA Dritan Abazovi\u0107 panelista na Konferenciji &quot;Ideolo\u0161ko mapiranje politi\u010dke scene zemalja Zapadnog Balkana&quot;\" \/>\n<meta name=\"robots\" content=\"index, follow, max-snippet:-1, max-image-preview:large, max-video-preview:-1\" \/>\n<link rel=\"canonical\" href=\"https:\/\/www.visit-ulcinj.com\/blog\/2015\/12\/01\/govor-potpredsjednika-gradanskog-pokreta-ura-dritana-abazovica-sa-konferencije\/\" \/>\n<meta property=\"og:locale\" content=\"en_US\" \/>\n<meta property=\"og:type\" content=\"article\" \/>\n<meta property=\"og:title\" content=\"Govor potpredsjednika Gra\u0111anskog pokreta URA Dritana Abazovi\u0107a sa Konferencije - Lajme nga Ulqini\" \/>\n<meta property=\"og:description\" content=\"Poslanik i potpredsjednik Gra\u0111anski pokret URA Dritan Abazovi\u0107 panelista na Konferenciji &quot;Ideolo\u0161ko mapiranje politi\u010dke scene zemalja Zapadnog Balkana&quot;\" \/>\n<meta property=\"og:url\" content=\"https:\/\/www.visit-ulcinj.com\/blog\/2015\/12\/01\/govor-potpredsjednika-gradanskog-pokreta-ura-dritana-abazovica-sa-konferencije\/\" \/>\n<meta property=\"og:site_name\" content=\"Lajme nga Ulqini\" \/>\n<meta property=\"article:published_time\" content=\"2015-12-01T12:55:14+00:00\" \/>\n<meta property=\"og:image\" content=\"http:\/\/www.visit-ulcinj.com\/blog\/wp-content\/uploads\/2015\/12\/Dritan-Abazoviq.jpg\" \/>\n<meta name=\"twitter:label1\" content=\"Written by\" \/>\n\t<meta name=\"twitter:data1\" content=\"ulqini\" \/>\n\t<meta name=\"twitter:label2\" content=\"Est. reading time\" \/>\n\t<meta name=\"twitter:data2\" content=\"1 minute\" \/>\n<script type=\"application\/ld+json\" class=\"yoast-schema-graph\">{\"@context\":\"https:\/\/schema.org\",\"@graph\":[{\"@type\":\"WebSite\",\"@id\":\"https:\/\/www.visit-ulcinj.com\/blog\/#website\",\"url\":\"https:\/\/www.visit-ulcinj.com\/blog\/\",\"name\":\"Lajme nga Ulqini\",\"description\":\"Lajme,Vijesti,Ulqini,Ulqin,Crna Gora,Mali i Zi\",\"potentialAction\":[{\"@type\":\"SearchAction\",\"target\":{\"@type\":\"EntryPoint\",\"urlTemplate\":\"https:\/\/www.visit-ulcinj.com\/blog\/?s={search_term_string}\"},\"query-input\":\"required name=search_term_string\"}],\"inLanguage\":\"en-US\"},{\"@type\":\"ImageObject\",\"inLanguage\":\"en-US\",\"@id\":\"https:\/\/www.visit-ulcinj.com\/blog\/2015\/12\/01\/govor-potpredsjednika-gradanskog-pokreta-ura-dritana-abazovica-sa-konferencije\/#primaryimage\",\"url\":\"https:\/\/www.visit-ulcinj.com\/blog\/wp-content\/uploads\/2015\/12\/Dritan-Abazoviq.jpg\",\"contentUrl\":\"https:\/\/www.visit-ulcinj.com\/blog\/wp-content\/uploads\/2015\/12\/Dritan-Abazoviq.jpg\",\"width\":960,\"height\":640},{\"@type\":\"WebPage\",\"@id\":\"https:\/\/www.visit-ulcinj.com\/blog\/2015\/12\/01\/govor-potpredsjednika-gradanskog-pokreta-ura-dritana-abazovica-sa-konferencije\/#webpage\",\"url\":\"https:\/\/www.visit-ulcinj.com\/blog\/2015\/12\/01\/govor-potpredsjednika-gradanskog-pokreta-ura-dritana-abazovica-sa-konferencije\/\",\"name\":\"Govor potpredsjednika Gra\u0111anskog pokreta URA Dritana Abazovi\u0107a sa Konferencije - Lajme nga Ulqini\",\"isPartOf\":{\"@id\":\"https:\/\/www.visit-ulcinj.com\/blog\/#website\"},\"primaryImageOfPage\":{\"@id\":\"https:\/\/www.visit-ulcinj.com\/blog\/2015\/12\/01\/govor-potpredsjednika-gradanskog-pokreta-ura-dritana-abazovica-sa-konferencije\/#primaryimage\"},\"datePublished\":\"2015-12-01T12:55:14+00:00\",\"dateModified\":\"2015-12-01T12:55:14+00:00\",\"author\":{\"@id\":\"https:\/\/www.visit-ulcinj.com\/blog\/#\/schema\/person\/dcab619c614d3038751c63bc2aadc06d\"},\"description\":\"Poslanik i potpredsjednik Gra\u0111anski pokret URA Dritan Abazovi\u0107 panelista na Konferenciji \\\"Ideolo\u0161ko mapiranje politi\u010dke scene zemalja Zapadnog Balkana\\\"\",\"breadcrumb\":{\"@id\":\"https:\/\/www.visit-ulcinj.com\/blog\/2015\/12\/01\/govor-potpredsjednika-gradanskog-pokreta-ura-dritana-abazovica-sa-konferencije\/#breadcrumb\"},\"inLanguage\":\"en-US\",\"potentialAction\":[{\"@type\":\"ReadAction\",\"target\":[\"https:\/\/www.visit-ulcinj.com\/blog\/2015\/12\/01\/govor-potpredsjednika-gradanskog-pokreta-ura-dritana-abazovica-sa-konferencije\/\"]}]},{\"@type\":\"BreadcrumbList\",\"@id\":\"https:\/\/www.visit-ulcinj.com\/blog\/2015\/12\/01\/govor-potpredsjednika-gradanskog-pokreta-ura-dritana-abazovica-sa-konferencije\/#breadcrumb\",\"itemListElement\":[{\"@type\":\"ListItem\",\"position\":1,\"name\":\"Govor potpredsjednika Gra\u0111anskog pokreta URA Dritana Abazovi\u0107a sa Konferencije\"}]},{\"@type\":\"Person\",\"@id\":\"https:\/\/www.visit-ulcinj.com\/blog\/#\/schema\/person\/dcab619c614d3038751c63bc2aadc06d\",\"name\":\"ulqini\",\"sameAs\":[\"http:\/\/www.visit-ulcinj.com\"],\"url\":\"https:\/\/www.visit-ulcinj.com\/blog\/author\/admin\/\"}]}<\/script>\n<!-- \/ Yoast SEO plugin. -->","yoast_head_json":{"title":"Govor potpredsjednika Gra\u0111anskog pokreta URA Dritana Abazovi\u0107a sa Konferencije - Lajme nga Ulqini","description":"Poslanik i potpredsjednik Gra\u0111anski pokret URA Dritan Abazovi\u0107 panelista na Konferenciji \"Ideolo\u0161ko mapiranje politi\u010dke scene zemalja Zapadnog Balkana\"","robots":{"index":"index","follow":"follow","max-snippet":"max-snippet:-1","max-image-preview":"max-image-preview:large","max-video-preview":"max-video-preview:-1"},"canonical":"https:\/\/www.visit-ulcinj.com\/blog\/2015\/12\/01\/govor-potpredsjednika-gradanskog-pokreta-ura-dritana-abazovica-sa-konferencije\/","og_locale":"en_US","og_type":"article","og_title":"Govor potpredsjednika Gra\u0111anskog pokreta URA Dritana Abazovi\u0107a sa Konferencije - Lajme nga Ulqini","og_description":"Poslanik i potpredsjednik Gra\u0111anski pokret URA Dritan Abazovi\u0107 panelista na Konferenciji \"Ideolo\u0161ko mapiranje politi\u010dke scene zemalja Zapadnog Balkana\"","og_url":"https:\/\/www.visit-ulcinj.com\/blog\/2015\/12\/01\/govor-potpredsjednika-gradanskog-pokreta-ura-dritana-abazovica-sa-konferencije\/","og_site_name":"Lajme nga Ulqini","article_published_time":"2015-12-01T12:55:14+00:00","og_image":[{"url":"http:\/\/www.visit-ulcinj.com\/blog\/wp-content\/uploads\/2015\/12\/Dritan-Abazoviq.jpg"}],"twitter_misc":{"Written by":"ulqini","Est. reading time":"1 minute"},"schema":{"@context":"https:\/\/schema.org","@graph":[{"@type":"WebSite","@id":"https:\/\/www.visit-ulcinj.com\/blog\/#website","url":"https:\/\/www.visit-ulcinj.com\/blog\/","name":"Lajme nga Ulqini","description":"Lajme,Vijesti,Ulqini,Ulqin,Crna Gora,Mali i Zi","potentialAction":[{"@type":"SearchAction","target":{"@type":"EntryPoint","urlTemplate":"https:\/\/www.visit-ulcinj.com\/blog\/?s={search_term_string}"},"query-input":"required name=search_term_string"}],"inLanguage":"en-US"},{"@type":"ImageObject","inLanguage":"en-US","@id":"https:\/\/www.visit-ulcinj.com\/blog\/2015\/12\/01\/govor-potpredsjednika-gradanskog-pokreta-ura-dritana-abazovica-sa-konferencije\/#primaryimage","url":"https:\/\/www.visit-ulcinj.com\/blog\/wp-content\/uploads\/2015\/12\/Dritan-Abazoviq.jpg","contentUrl":"https:\/\/www.visit-ulcinj.com\/blog\/wp-content\/uploads\/2015\/12\/Dritan-Abazoviq.jpg","width":960,"height":640},{"@type":"WebPage","@id":"https:\/\/www.visit-ulcinj.com\/blog\/2015\/12\/01\/govor-potpredsjednika-gradanskog-pokreta-ura-dritana-abazovica-sa-konferencije\/#webpage","url":"https:\/\/www.visit-ulcinj.com\/blog\/2015\/12\/01\/govor-potpredsjednika-gradanskog-pokreta-ura-dritana-abazovica-sa-konferencije\/","name":"Govor potpredsjednika Gra\u0111anskog pokreta URA Dritana Abazovi\u0107a sa Konferencije - Lajme nga Ulqini","isPartOf":{"@id":"https:\/\/www.visit-ulcinj.com\/blog\/#website"},"primaryImageOfPage":{"@id":"https:\/\/www.visit-ulcinj.com\/blog\/2015\/12\/01\/govor-potpredsjednika-gradanskog-pokreta-ura-dritana-abazovica-sa-konferencije\/#primaryimage"},"datePublished":"2015-12-01T12:55:14+00:00","dateModified":"2015-12-01T12:55:14+00:00","author":{"@id":"https:\/\/www.visit-ulcinj.com\/blog\/#\/schema\/person\/dcab619c614d3038751c63bc2aadc06d"},"description":"Poslanik i potpredsjednik Gra\u0111anski pokret URA Dritan Abazovi\u0107 panelista na Konferenciji \"Ideolo\u0161ko mapiranje politi\u010dke scene zemalja Zapadnog Balkana\"","breadcrumb":{"@id":"https:\/\/www.visit-ulcinj.com\/blog\/2015\/12\/01\/govor-potpredsjednika-gradanskog-pokreta-ura-dritana-abazovica-sa-konferencije\/#breadcrumb"},"inLanguage":"en-US","potentialAction":[{"@type":"ReadAction","target":["https:\/\/www.visit-ulcinj.com\/blog\/2015\/12\/01\/govor-potpredsjednika-gradanskog-pokreta-ura-dritana-abazovica-sa-konferencije\/"]}]},{"@type":"BreadcrumbList","@id":"https:\/\/www.visit-ulcinj.com\/blog\/2015\/12\/01\/govor-potpredsjednika-gradanskog-pokreta-ura-dritana-abazovica-sa-konferencije\/#breadcrumb","itemListElement":[{"@type":"ListItem","position":1,"name":"Govor potpredsjednika Gra\u0111anskog pokreta URA Dritana Abazovi\u0107a sa Konferencije"}]},{"@type":"Person","@id":"https:\/\/www.visit-ulcinj.com\/blog\/#\/schema\/person\/dcab619c614d3038751c63bc2aadc06d","name":"ulqini","sameAs":["http:\/\/www.visit-ulcinj.com"],"url":"https:\/\/www.visit-ulcinj.com\/blog\/author\/admin\/"}]}},"jetpack_featured_media_url":"","jetpack_sharing_enabled":true,"jetpack_shortlink":"https:\/\/wp.me\/pe6lTn-ojh","_links":{"self":[{"href":"https:\/\/www.visit-ulcinj.com\/blog\/wp-json\/wp\/v2\/posts\/93451"}],"collection":[{"href":"https:\/\/www.visit-ulcinj.com\/blog\/wp-json\/wp\/v2\/posts"}],"about":[{"href":"https:\/\/www.visit-ulcinj.com\/blog\/wp-json\/wp\/v2\/types\/post"}],"author":[{"embeddable":true,"href":"https:\/\/www.visit-ulcinj.com\/blog\/wp-json\/wp\/v2\/users\/1"}],"replies":[{"embeddable":true,"href":"https:\/\/www.visit-ulcinj.com\/blog\/wp-json\/wp\/v2\/comments?post=93451"}],"version-history":[{"count":1,"href":"https:\/\/www.visit-ulcinj.com\/blog\/wp-json\/wp\/v2\/posts\/93451\/revisions"}],"predecessor-version":[{"id":93453,"href":"https:\/\/www.visit-ulcinj.com\/blog\/wp-json\/wp\/v2\/posts\/93451\/revisions\/93453"}],"wp:attachment":[{"href":"https:\/\/www.visit-ulcinj.com\/blog\/wp-json\/wp\/v2\/media?parent=93451"}],"wp:term":[{"taxonomy":"category","embeddable":true,"href":"https:\/\/www.visit-ulcinj.com\/blog\/wp-json\/wp\/v2\/categories?post=93451"},{"taxonomy":"post_tag","embeddable":true,"href":"https:\/\/www.visit-ulcinj.com\/blog\/wp-json\/wp\/v2\/tags?post=93451"}],"curies":[{"name":"wp","href":"https:\/\/api.w.org\/{rel}","templated":true}]}}