{"id":93457,"date":"2015-12-01T14:52:19","date_gmt":"2015-12-01T13:52:19","guid":{"rendered":"http:\/\/www.visit-ulcinj.com\/blog\/?p=93457"},"modified":"2015-12-01T14:54:44","modified_gmt":"2015-12-01T13:54:44","slug":"anette-kramme-gjermania-treg-te-punes-per-shqiptaret","status":"publish","type":"post","link":"https:\/\/www.visit-ulcinj.com\/blog\/2015\/12\/01\/anette-kramme-gjermania-treg-te-punes-per-shqiptaret\/","title":{"rendered":"Anette Kramme: Gjermania me treg t\u00eb pun\u00ebs p\u00ebr shqiptar\u00ebt"},"content":{"rendered":"<p><a href=\"http:\/\/www.visit-ulcinj.com\/blog\/wp-content\/uploads\/2015\/12\/Anette-Kramme.jpg\"><img loading=\"lazy\" class=\"alignleft wp-image-93458\" src=\"http:\/\/www.visit-ulcinj.com\/blog\/wp-content\/uploads\/2015\/12\/Anette-Kramme.jpg\" alt=\"Anette Kramme\" width=\"508\" height=\"300\" srcset=\"https:\/\/www.visit-ulcinj.com\/blog\/wp-content\/uploads\/2015\/12\/Anette-Kramme.jpg 600w, https:\/\/www.visit-ulcinj.com\/blog\/wp-content\/uploads\/2015\/12\/Anette-Kramme-300x177.jpg 300w\" sizes=\"(max-width: 508px) 100vw, 508px\" \/><\/a>Sekretarja e Shtetit n\u00eb Ministrin\u00eb e Pun\u00ebs dhe \u00c7\u00ebshtjeve Sociale t\u00eb Gjermanis\u00eb, Anette Kramme, n\u00eb nj\u00eb bised\u00eb me \u201cDeutsche Welle\u201d p\u00ebrs\u00ebriti edhe nj\u00eb her\u00eb at\u00eb q\u00eb zyrtar\u00ebt e lart\u00eb gjerman\u00eb nuk kan\u00eb ngurruar ta b\u00ebjn\u00eb t\u00eb qart\u00eb n\u00eb m\u00eb shum\u00eb se nj\u00eb rast: shqiptar\u00ebt nuk kan\u00eb mund\u00ebsi p\u00ebr azil politik.<strong><br \/>\n<\/strong><br \/>\nPor nga viti q\u00eb vjen, Berlini do t\u2019i hap\u00eb rrug\u00eb l\u00ebvizjes s\u00eb ligjshme t\u00eb fuqis\u00eb pun\u00ebtore nga Ballkani drejt Gjermanis\u00eb. 2016-a, pohon Kramme, do t\u00eb sh\u00ebnoj\u00eb hapjen e tregut gjerman t\u00eb pun\u00ebs p\u00ebr shtetasit e Shqip\u00ebris\u00eb, Kosov\u00ebs, Serbis\u00eb, Maqedonis\u00eb, Malit t\u00eb Zi dhe Bosnj\u00eb-Hercegovin\u00ebs.<\/p>\n<p>Sipas propozimeve t\u00eb tanishme, parashikohet q\u00eb nga k\u00ebto vende, t\u00eb pranohen rreth 20.000 pun\u00ebtor\u00eb n\u00eb vit. Ligji i ri do t\u00eb jet\u00eb i vlefsh\u00ebm deri n\u00eb 2020, kur do t\u00eb b\u00ebhet rivler\u00ebsimi i tij.<\/p>\n<p>\u201cPrej k\u00ebtyre rregullave mund t\u00eb p\u00ebrfitoj\u00eb Gjermania, por edhe vendet e rajonit t\u00eb Ballkanit Per\u00ebndimor\u201d, thot\u00eb zyrtarja e ministris\u00eb gjermane t\u00eb Pun\u00ebs.<\/p>\n<p><strong>Klan Kosova<\/strong><\/p>\n","protected":false},"excerpt":{"rendered":"<p>Sekretarja e Shtetit n\u00eb Ministrin\u00eb e Pun\u00ebs dhe \u00c7\u00ebshtjeve Sociale t\u00eb Gjermanis\u00eb, Anette Kramme, n\u00eb nj\u00eb bised\u00eb me \u201cDeutsche Welle\u201d p\u00ebrs\u00ebriti edhe nj\u00eb her\u00eb at\u00eb q\u00eb zyrtar\u00ebt e lart\u00eb gjerman\u00eb nuk kan\u00eb ngurruar ta b\u00ebjn\u00eb t\u00eb qart\u00eb n\u00eb m\u00eb shum\u00eb se nj\u00eb rast: shqiptar\u00ebt nuk kan\u00eb mund\u00ebsi p\u00ebr azil politik. Por nga viti q\u00eb vjen, [&hellip;]<\/p>\n","protected":false},"author":1,"featured_media":0,"comment_status":"closed","ping_status":"closed","sticky":false,"template":"","format":"standard","meta":{"spay_email":"","jetpack_publicize_message":"","jetpack_is_tweetstorm":false,"jetpack_publicize_feature_enabled":true},"categories":[7],"tags":[],"jetpack_publicize_connections":[],"yoast_head":"<!-- This site is optimized with the Yoast SEO plugin v19.1 - https:\/\/yoast.com\/wordpress\/plugins\/seo\/ -->\n<title>Anette Kramme: Gjermania me treg t\u00eb pun\u00ebs p\u00ebr shqiptar\u00ebt - Lajme nga Ulqini<\/title>\n<meta name=\"description\" content=\"Sekretarja e Shtetit n\u00eb Ministrin\u00eb e Pun\u00ebs dhe \u00c7\u00ebshtjeve Sociale t\u00eb Gjermanis\u00eb, Anette Kramme, n\u00eb nj\u00eb bised\u00eb me \u201cDeutsche Welle\u201d p\u00ebrs\u00ebriti edhe nj\u00eb her\u00eb\" \/>\n<meta name=\"robots\" content=\"index, follow, max-snippet:-1, max-image-preview:large, max-video-preview:-1\" \/>\n<link rel=\"canonical\" href=\"https:\/\/www.visit-ulcinj.com\/blog\/2015\/12\/01\/anette-kramme-gjermania-treg-te-punes-per-shqiptaret\/\" \/>\n<meta property=\"og:locale\" content=\"en_US\" \/>\n<meta property=\"og:type\" content=\"article\" \/>\n<meta property=\"og:title\" content=\"Anette Kramme: Gjermania me treg t\u00eb pun\u00ebs p\u00ebr shqiptar\u00ebt - Lajme nga Ulqini\" \/>\n<meta property=\"og:description\" content=\"Sekretarja e Shtetit n\u00eb Ministrin\u00eb e Pun\u00ebs dhe \u00c7\u00ebshtjeve Sociale t\u00eb Gjermanis\u00eb, Anette Kramme, n\u00eb nj\u00eb bised\u00eb me \u201cDeutsche Welle\u201d p\u00ebrs\u00ebriti edhe nj\u00eb her\u00eb\" \/>\n<meta property=\"og:url\" content=\"https:\/\/www.visit-ulcinj.com\/blog\/2015\/12\/01\/anette-kramme-gjermania-treg-te-punes-per-shqiptaret\/\" \/>\n<meta property=\"og:site_name\" content=\"Lajme nga Ulqini\" \/>\n<meta property=\"article:published_time\" content=\"2015-12-01T13:52:19+00:00\" \/>\n<meta property=\"article:modified_time\" content=\"2015-12-01T13:54:44+00:00\" \/>\n<meta property=\"og:image\" content=\"http:\/\/www.visit-ulcinj.com\/blog\/wp-content\/uploads\/2015\/12\/Anette-Kramme.jpg\" \/>\n<meta name=\"twitter:label1\" content=\"Written by\" \/>\n\t<meta name=\"twitter:data1\" content=\"ulqini\" \/>\n\t<meta name=\"twitter:label2\" content=\"Est. reading time\" \/>\n\t<meta name=\"twitter:data2\" content=\"1 minute\" \/>\n<script type=\"application\/ld+json\" class=\"yoast-schema-graph\">{\"@context\":\"https:\/\/schema.org\",\"@graph\":[{\"@type\":\"WebSite\",\"@id\":\"https:\/\/www.visit-ulcinj.com\/blog\/#website\",\"url\":\"https:\/\/www.visit-ulcinj.com\/blog\/\",\"name\":\"Lajme nga Ulqini\",\"description\":\"Lajme,Vijesti,Ulqini,Ulqin,Crna Gora,Mali i Zi\",\"potentialAction\":[{\"@type\":\"SearchAction\",\"target\":{\"@type\":\"EntryPoint\",\"urlTemplate\":\"https:\/\/www.visit-ulcinj.com\/blog\/?s={search_term_string}\"},\"query-input\":\"required name=search_term_string\"}],\"inLanguage\":\"en-US\"},{\"@type\":\"ImageObject\",\"inLanguage\":\"en-US\",\"@id\":\"https:\/\/www.visit-ulcinj.com\/blog\/2015\/12\/01\/anette-kramme-gjermania-treg-te-punes-per-shqiptaret\/#primaryimage\",\"url\":\"https:\/\/www.visit-ulcinj.com\/blog\/wp-content\/uploads\/2015\/12\/Anette-Kramme.jpg\",\"contentUrl\":\"https:\/\/www.visit-ulcinj.com\/blog\/wp-content\/uploads\/2015\/12\/Anette-Kramme.jpg\",\"width\":600,\"height\":354},{\"@type\":\"WebPage\",\"@id\":\"https:\/\/www.visit-ulcinj.com\/blog\/2015\/12\/01\/anette-kramme-gjermania-treg-te-punes-per-shqiptaret\/#webpage\",\"url\":\"https:\/\/www.visit-ulcinj.com\/blog\/2015\/12\/01\/anette-kramme-gjermania-treg-te-punes-per-shqiptaret\/\",\"name\":\"Anette Kramme: Gjermania me treg t\u00eb pun\u00ebs p\u00ebr shqiptar\u00ebt - Lajme nga Ulqini\",\"isPartOf\":{\"@id\":\"https:\/\/www.visit-ulcinj.com\/blog\/#website\"},\"primaryImageOfPage\":{\"@id\":\"https:\/\/www.visit-ulcinj.com\/blog\/2015\/12\/01\/anette-kramme-gjermania-treg-te-punes-per-shqiptaret\/#primaryimage\"},\"datePublished\":\"2015-12-01T13:52:19+00:00\",\"dateModified\":\"2015-12-01T13:54:44+00:00\",\"author\":{\"@id\":\"https:\/\/www.visit-ulcinj.com\/blog\/#\/schema\/person\/dcab619c614d3038751c63bc2aadc06d\"},\"description\":\"Sekretarja e Shtetit n\u00eb Ministrin\u00eb e Pun\u00ebs dhe \u00c7\u00ebshtjeve Sociale t\u00eb Gjermanis\u00eb, Anette Kramme, n\u00eb nj\u00eb bised\u00eb me \u201cDeutsche Welle\u201d p\u00ebrs\u00ebriti edhe nj\u00eb her\u00eb\",\"breadcrumb\":{\"@id\":\"https:\/\/www.visit-ulcinj.com\/blog\/2015\/12\/01\/anette-kramme-gjermania-treg-te-punes-per-shqiptaret\/#breadcrumb\"},\"inLanguage\":\"en-US\",\"potentialAction\":[{\"@type\":\"ReadAction\",\"target\":[\"https:\/\/www.visit-ulcinj.com\/blog\/2015\/12\/01\/anette-kramme-gjermania-treg-te-punes-per-shqiptaret\/\"]}]},{\"@type\":\"BreadcrumbList\",\"@id\":\"https:\/\/www.visit-ulcinj.com\/blog\/2015\/12\/01\/anette-kramme-gjermania-treg-te-punes-per-shqiptaret\/#breadcrumb\",\"itemListElement\":[{\"@type\":\"ListItem\",\"position\":1,\"name\":\"Anette Kramme: Gjermania me treg t\u00eb pun\u00ebs p\u00ebr shqiptar\u00ebt\"}]},{\"@type\":\"Person\",\"@id\":\"https:\/\/www.visit-ulcinj.com\/blog\/#\/schema\/person\/dcab619c614d3038751c63bc2aadc06d\",\"name\":\"ulqini\",\"sameAs\":[\"http:\/\/www.visit-ulcinj.com\"],\"url\":\"https:\/\/www.visit-ulcinj.com\/blog\/author\/admin\/\"}]}<\/script>\n<!-- \/ Yoast SEO plugin. -->","yoast_head_json":{"title":"Anette Kramme: Gjermania me treg t\u00eb pun\u00ebs p\u00ebr shqiptar\u00ebt - Lajme nga Ulqini","description":"Sekretarja e Shtetit n\u00eb Ministrin\u00eb e Pun\u00ebs dhe \u00c7\u00ebshtjeve Sociale t\u00eb Gjermanis\u00eb, Anette Kramme, n\u00eb nj\u00eb bised\u00eb me \u201cDeutsche Welle\u201d p\u00ebrs\u00ebriti edhe nj\u00eb her\u00eb","robots":{"index":"index","follow":"follow","max-snippet":"max-snippet:-1","max-image-preview":"max-image-preview:large","max-video-preview":"max-video-preview:-1"},"canonical":"https:\/\/www.visit-ulcinj.com\/blog\/2015\/12\/01\/anette-kramme-gjermania-treg-te-punes-per-shqiptaret\/","og_locale":"en_US","og_type":"article","og_title":"Anette Kramme: Gjermania me treg t\u00eb pun\u00ebs p\u00ebr shqiptar\u00ebt - Lajme nga Ulqini","og_description":"Sekretarja e Shtetit n\u00eb Ministrin\u00eb e Pun\u00ebs dhe \u00c7\u00ebshtjeve Sociale t\u00eb Gjermanis\u00eb, Anette Kramme, n\u00eb nj\u00eb bised\u00eb me \u201cDeutsche Welle\u201d p\u00ebrs\u00ebriti edhe nj\u00eb her\u00eb","og_url":"https:\/\/www.visit-ulcinj.com\/blog\/2015\/12\/01\/anette-kramme-gjermania-treg-te-punes-per-shqiptaret\/","og_site_name":"Lajme nga Ulqini","article_published_time":"2015-12-01T13:52:19+00:00","article_modified_time":"2015-12-01T13:54:44+00:00","og_image":[{"url":"http:\/\/www.visit-ulcinj.com\/blog\/wp-content\/uploads\/2015\/12\/Anette-Kramme.jpg"}],"twitter_misc":{"Written by":"ulqini","Est. reading time":"1 minute"},"schema":{"@context":"https:\/\/schema.org","@graph":[{"@type":"WebSite","@id":"https:\/\/www.visit-ulcinj.com\/blog\/#website","url":"https:\/\/www.visit-ulcinj.com\/blog\/","name":"Lajme nga Ulqini","description":"Lajme,Vijesti,Ulqini,Ulqin,Crna Gora,Mali i Zi","potentialAction":[{"@type":"SearchAction","target":{"@type":"EntryPoint","urlTemplate":"https:\/\/www.visit-ulcinj.com\/blog\/?s={search_term_string}"},"query-input":"required name=search_term_string"}],"inLanguage":"en-US"},{"@type":"ImageObject","inLanguage":"en-US","@id":"https:\/\/www.visit-ulcinj.com\/blog\/2015\/12\/01\/anette-kramme-gjermania-treg-te-punes-per-shqiptaret\/#primaryimage","url":"https:\/\/www.visit-ulcinj.com\/blog\/wp-content\/uploads\/2015\/12\/Anette-Kramme.jpg","contentUrl":"https:\/\/www.visit-ulcinj.com\/blog\/wp-content\/uploads\/2015\/12\/Anette-Kramme.jpg","width":600,"height":354},{"@type":"WebPage","@id":"https:\/\/www.visit-ulcinj.com\/blog\/2015\/12\/01\/anette-kramme-gjermania-treg-te-punes-per-shqiptaret\/#webpage","url":"https:\/\/www.visit-ulcinj.com\/blog\/2015\/12\/01\/anette-kramme-gjermania-treg-te-punes-per-shqiptaret\/","name":"Anette Kramme: Gjermania me treg t\u00eb pun\u00ebs p\u00ebr shqiptar\u00ebt - Lajme nga Ulqini","isPartOf":{"@id":"https:\/\/www.visit-ulcinj.com\/blog\/#website"},"primaryImageOfPage":{"@id":"https:\/\/www.visit-ulcinj.com\/blog\/2015\/12\/01\/anette-kramme-gjermania-treg-te-punes-per-shqiptaret\/#primaryimage"},"datePublished":"2015-12-01T13:52:19+00:00","dateModified":"2015-12-01T13:54:44+00:00","author":{"@id":"https:\/\/www.visit-ulcinj.com\/blog\/#\/schema\/person\/dcab619c614d3038751c63bc2aadc06d"},"description":"Sekretarja e Shtetit n\u00eb Ministrin\u00eb e Pun\u00ebs dhe \u00c7\u00ebshtjeve Sociale t\u00eb Gjermanis\u00eb, Anette Kramme, n\u00eb nj\u00eb bised\u00eb me \u201cDeutsche Welle\u201d p\u00ebrs\u00ebriti edhe nj\u00eb her\u00eb","breadcrumb":{"@id":"https:\/\/www.visit-ulcinj.com\/blog\/2015\/12\/01\/anette-kramme-gjermania-treg-te-punes-per-shqiptaret\/#breadcrumb"},"inLanguage":"en-US","potentialAction":[{"@type":"ReadAction","target":["https:\/\/www.visit-ulcinj.com\/blog\/2015\/12\/01\/anette-kramme-gjermania-treg-te-punes-per-shqiptaret\/"]}]},{"@type":"BreadcrumbList","@id":"https:\/\/www.visit-ulcinj.com\/blog\/2015\/12\/01\/anette-kramme-gjermania-treg-te-punes-per-shqiptaret\/#breadcrumb","itemListElement":[{"@type":"ListItem","position":1,"name":"Anette Kramme: Gjermania me treg t\u00eb pun\u00ebs p\u00ebr shqiptar\u00ebt"}]},{"@type":"Person","@id":"https:\/\/www.visit-ulcinj.com\/blog\/#\/schema\/person\/dcab619c614d3038751c63bc2aadc06d","name":"ulqini","sameAs":["http:\/\/www.visit-ulcinj.com"],"url":"https:\/\/www.visit-ulcinj.com\/blog\/author\/admin\/"}]}},"jetpack_featured_media_url":"","jetpack_sharing_enabled":true,"jetpack_shortlink":"https:\/\/wp.me\/pe6lTn-ojn","_links":{"self":[{"href":"https:\/\/www.visit-ulcinj.com\/blog\/wp-json\/wp\/v2\/posts\/93457"}],"collection":[{"href":"https:\/\/www.visit-ulcinj.com\/blog\/wp-json\/wp\/v2\/posts"}],"about":[{"href":"https:\/\/www.visit-ulcinj.com\/blog\/wp-json\/wp\/v2\/types\/post"}],"author":[{"embeddable":true,"href":"https:\/\/www.visit-ulcinj.com\/blog\/wp-json\/wp\/v2\/users\/1"}],"replies":[{"embeddable":true,"href":"https:\/\/www.visit-ulcinj.com\/blog\/wp-json\/wp\/v2\/comments?post=93457"}],"version-history":[{"count":1,"href":"https:\/\/www.visit-ulcinj.com\/blog\/wp-json\/wp\/v2\/posts\/93457\/revisions"}],"predecessor-version":[{"id":93459,"href":"https:\/\/www.visit-ulcinj.com\/blog\/wp-json\/wp\/v2\/posts\/93457\/revisions\/93459"}],"wp:attachment":[{"href":"https:\/\/www.visit-ulcinj.com\/blog\/wp-json\/wp\/v2\/media?parent=93457"}],"wp:term":[{"taxonomy":"category","embeddable":true,"href":"https:\/\/www.visit-ulcinj.com\/blog\/wp-json\/wp\/v2\/categories?post=93457"},{"taxonomy":"post_tag","embeddable":true,"href":"https:\/\/www.visit-ulcinj.com\/blog\/wp-json\/wp\/v2\/tags?post=93457"}],"curies":[{"name":"wp","href":"https:\/\/api.w.org\/{rel}","templated":true}]}}