{"id":9346,"date":"2009-01-19T20:39:25","date_gmt":"2009-01-19T19:39:25","guid":{"rendered":"http:\/\/www.visit-ulcinj.com\/blog\/?p=9346"},"modified":"2009-01-19T20:39:29","modified_gmt":"2009-01-19T19:39:29","slug":"te-sigurohen-mandatet-e-garantuara-per-shqiptaret","status":"publish","type":"post","link":"https:\/\/www.visit-ulcinj.com\/blog\/2009\/01\/19\/te-sigurohen-mandatet-e-garantuara-per-shqiptaret\/","title":{"rendered":"T\u00eb sigurohen mandatet e garantuara p\u00ebr shqiptar\u00ebt"},"content":{"rendered":"<p><a rel=\"attachment wp-att-9347\" href=\"http:\/\/www.visit-ulcinj.com\/blog\/2009\/01\/19\/te-sigurohen-mandatet-e-garantuara-per-shqiptaret\/keshilli-nacional-i-shqiptareve-ne-malin-e-zi\/\"><img loading=\"lazy\" class=\"alignleft size-full wp-image-9347\" title=\"keshilli-nacional-i-shqiptareve-ne-malin-e-zi\" src=\"http:\/\/www.visit-ulcinj.com\/blog\/wp-content\/uploads\/2009\/01\/keshilli-nacional-i-shqiptareve-ne-malin-e-zi.jpg\" alt=\"keshilli-nacional-i-shqiptareve-ne-malin-e-zi\" width=\"570\" height=\"400\" \/><\/a>Deklarat\u00eb p\u00ebr media e k\u00ebshillit nacional t\u00eb shqiptar\u00ebve n\u00eb malin e zi lidhur me zgjedhjet e paralajm\u00ebruara parlamentare<br \/>\nN\u00eb baz\u00eb t\u00eb zhvillimeve aktuale politike n\u00eb Malin e Zi, Propozim vendimit t\u00eb Qeveris\u00eb dhe debateve rreth mbajtjes t\u00eb zgjedhjeve parlamentare, K\u00ebshilli Nacional i Shqiptar\u00ebve n\u00eb Malin e Zi, duke ndjekur me v\u00ebmendje situat\u00ebn lidhur me k\u00ebt\u00eb \u00e7\u00ebshtje v\u00ebren se zgjedhjet parlamentare jan\u00eb n\u00eb prag dhe ka gjasa q\u00eb ato t\u00eb mbahen s\u00eb shpejti, d.m.th. at\u00ebher\u00eb kur tzi p\u00ebrshtatet pushtetit aktual.<br \/>\nK\u00ebshilli Nacional i Shqiptar\u00ebve me k\u00ebt\u00eb rast shpreh q\u00ebndrimin se pa u siguruar mandatet e garantuara p\u00ebr shqiptar\u00ebt, p\u00ebrfaq\u00ebsimi autentik politik dhe p\u00ebrfaq\u00ebsi n\u00eb institucione, organe shtet\u00ebrore dhe vendore, gj\u00eb q\u00eb parashihet edhe me Kushtetut\u00eb, k\u00ebto zgjedhje eventuale nga shqiptar\u00ebt nuk mund t\u00eb quhen t\u00eb drejta dhe t\u00eb ndershme. Pushteti aktual, gjegj\u00ebsisht shumica aktuale parlamentare, duhet q\u00eb m\u00eb p\u00ebrpara t\u00eb miratoj\u00eb Ligjin e ri t\u00eb zgjedhjeve n\u00eb harmoni me Kushtetut\u00ebn dhe n\u00eb k\u00ebt\u00eb m\u00ebnyr\u00eb t\u00eb jet\u00ebsoj\u00eb dhe t\u00eb b\u00ebje t\u00eb mundur p\u00ebrfaq\u00ebsimin autentik t\u00eb pakicave, gjegj\u00ebsisht t\u00eb shqiptar\u00ebve si popull autokton, n\u00eb Parlamentin e Malit t\u00eb Zi.<br \/>\nP\u00ebrfaq\u00ebsimi autentik i shqiptar\u00ebve n\u00eb Parlament ka qen\u00eb dhe \u00ebsht\u00eb k\u00ebrkes\u00eb e vazhdueshme e subjekteve politike shqiptare n\u00eb Mal t\u00eb Zi, kurse tash edhe K\u00ebshilli Nacional i Shqiptar\u00ebve do t\u00eb angazhohet fuqish\u00ebm n\u00eb baz\u00eb t\u00eb kompetencave t\u00eb veta q\u00eb kjo e drejt\u00eb legjitime e shqiptar\u00ebve, q\u00eb garantohet edhe me Kushtetut\u00eb, t\u00eb realizohet n\u00eb praktik\u00eb.<br \/>\nPrandaj K\u00ebshilli Nacional i Shqiptar\u00ebve u b\u00ebn thirrje t\u00eb gjitha institucioneve shtet\u00ebrore, duke filluar nga Presidenti i shtetit dhe faktor\u00ebt politik\u00eb parlamentar\u00eb, sidomos partit\u00eb politike shqiptare, q\u00eb t\u00eb b\u00ebjn\u00eb \u00e7z\u00ebsht\u00eb e mundur q\u00eb t\u00eb bisedojn\u00eb shtruar dhe qart\u00eb p\u00ebr realizimin e t\u00eb drejtave n\u00eb l\u00ebmin e p\u00ebrfaq\u00ebsimit proporcional n\u00eb organet shtet\u00ebrore dhe vendore, n\u00eb m\u00ebnyr\u00eb q\u00eb zgjedhjet eventuale t\u00eb parakohshme apo t\u00eb rregullta t\u00eb jen\u00eb t\u00eb drejta dhe t\u00eb ndershme.<br \/>\nKNSH \u00ebsht\u00eb i bindur se Mali i Zi n\u00eb k\u00ebt\u00eb rast nuk humb asgj\u00eb, por p\u00ebrkundrazi do t\u00eb tregonte se \u00ebsht\u00eb me t\u00eb v\u00ebrtet\u00eb i p\u00ebrkushtuar p\u00ebr avancimin e t\u00eb drejtave t\u00eb popujve pakic\u00eb q\u00eb jetojn\u00eb n\u00eb t\u00eb, si nj\u00eb prej kushteve pa t\u00eb cilin Mali i Zi nuk mund t\u00eb pretendoj\u00eb t\u00eb aderoj\u00eb n\u00eb bashk\u00ebsin\u00eb e shteteve demokratike europiane dhe t\u00eb b\u00ebhet pjes\u00eb e aleanc\u00ebs s\u00eb madhe Euroatlantike, thuhet n\u00eb deklarat\u00ebn e KNSH-s\u00eb t\u00eb n\u00ebnshkruar nga kryetari Tahir Tahiri.<br \/>\n<strong>Koha Javore<\/strong><\/p>\n<p><!--YouTube Error: bad URL entered--><strong><br \/>\n<\/strong><\/p>\n","protected":false},"excerpt":{"rendered":"<p>Deklarat\u00eb p\u00ebr media e k\u00ebshillit nacional t\u00eb shqiptar\u00ebve n\u00eb malin e zi lidhur me zgjedhjet e paralajm\u00ebruara parlamentare N\u00eb baz\u00eb t\u00eb zhvillimeve aktuale politike n\u00eb Malin e Zi, Propozim vendimit t\u00eb Qeveris\u00eb dhe debateve rreth mbajtjes t\u00eb zgjedhjeve parlamentare, K\u00ebshilli Nacional i Shqiptar\u00ebve n\u00eb Malin e Zi, duke ndjekur me v\u00ebmendje situat\u00ebn lidhur me k\u00ebt\u00eb [&hellip;]<\/p>\n","protected":false},"author":1,"featured_media":0,"comment_status":"open","ping_status":"closed","sticky":false,"template":"","format":"standard","meta":{"spay_email":"","jetpack_publicize_message":"","jetpack_is_tweetstorm":false,"jetpack_publicize_feature_enabled":true},"categories":[12],"tags":[5913,5914,330,3460],"jetpack_publicize_connections":[],"yoast_head":"<!-- This site is optimized with the Yoast SEO plugin v19.1 - https:\/\/yoast.com\/wordpress\/plugins\/seo\/ -->\n<title>T\u00eb sigurohen mandatet e garantuara p\u00ebr shqiptar\u00ebt - Lajme nga Ulqini<\/title>\n<meta name=\"description\" content=\"Deklarat\u00eb p\u00ebr media e k\u00ebshillit nacional t\u00eb shqiptar\u00ebve n\u00eb malin e zi lidhur me zgjedhjet e paralajm\u00ebruara parlamentare N\u00eb baz\u00eb t\u00eb zhvillimeve aktuale\" \/>\n<meta name=\"robots\" content=\"index, follow, max-snippet:-1, max-image-preview:large, max-video-preview:-1\" \/>\n<link rel=\"canonical\" href=\"https:\/\/www.visit-ulcinj.com\/blog\/2009\/01\/19\/te-sigurohen-mandatet-e-garantuara-per-shqiptaret\/\" \/>\n<meta property=\"og:locale\" content=\"en_US\" \/>\n<meta property=\"og:type\" content=\"article\" \/>\n<meta property=\"og:title\" content=\"T\u00eb sigurohen mandatet e garantuara p\u00ebr shqiptar\u00ebt - Lajme nga Ulqini\" \/>\n<meta property=\"og:description\" content=\"Deklarat\u00eb p\u00ebr media e k\u00ebshillit nacional t\u00eb shqiptar\u00ebve n\u00eb malin e zi lidhur me zgjedhjet e paralajm\u00ebruara parlamentare N\u00eb baz\u00eb t\u00eb zhvillimeve aktuale\" \/>\n<meta property=\"og:url\" content=\"https:\/\/www.visit-ulcinj.com\/blog\/2009\/01\/19\/te-sigurohen-mandatet-e-garantuara-per-shqiptaret\/\" \/>\n<meta property=\"og:site_name\" content=\"Lajme nga Ulqini\" \/>\n<meta property=\"article:published_time\" content=\"2009-01-19T19:39:25+00:00\" \/>\n<meta property=\"article:modified_time\" content=\"2009-01-19T19:39:29+00:00\" \/>\n<meta property=\"og:image\" content=\"http:\/\/www.visit-ulcinj.com\/blog\/wp-content\/uploads\/2009\/01\/keshilli-nacional-i-shqiptareve-ne-malin-e-zi.jpg\" \/>\n<meta name=\"twitter:label1\" content=\"Written by\" \/>\n\t<meta name=\"twitter:data1\" content=\"ulqini\" \/>\n\t<meta name=\"twitter:label2\" content=\"Est. reading time\" \/>\n\t<meta name=\"twitter:data2\" content=\"2 minutes\" \/>\n<script type=\"application\/ld+json\" class=\"yoast-schema-graph\">{\"@context\":\"https:\/\/schema.org\",\"@graph\":[{\"@type\":\"WebSite\",\"@id\":\"https:\/\/www.visit-ulcinj.com\/blog\/#website\",\"url\":\"https:\/\/www.visit-ulcinj.com\/blog\/\",\"name\":\"Lajme nga Ulqini\",\"description\":\"Lajme,Vijesti,Ulqini,Ulqin,Crna Gora,Mali i Zi\",\"potentialAction\":[{\"@type\":\"SearchAction\",\"target\":{\"@type\":\"EntryPoint\",\"urlTemplate\":\"https:\/\/www.visit-ulcinj.com\/blog\/?s={search_term_string}\"},\"query-input\":\"required name=search_term_string\"}],\"inLanguage\":\"en-US\"},{\"@type\":\"ImageObject\",\"inLanguage\":\"en-US\",\"@id\":\"https:\/\/www.visit-ulcinj.com\/blog\/2009\/01\/19\/te-sigurohen-mandatet-e-garantuara-per-shqiptaret\/#primaryimage\",\"url\":\"https:\/\/www.visit-ulcinj.com\/blog\/wp-content\/uploads\/2009\/01\/keshilli-nacional-i-shqiptareve-ne-malin-e-zi.jpg\",\"contentUrl\":\"https:\/\/www.visit-ulcinj.com\/blog\/wp-content\/uploads\/2009\/01\/keshilli-nacional-i-shqiptareve-ne-malin-e-zi.jpg\",\"width\":\"666\",\"height\":\"448\"},{\"@type\":\"WebPage\",\"@id\":\"https:\/\/www.visit-ulcinj.com\/blog\/2009\/01\/19\/te-sigurohen-mandatet-e-garantuara-per-shqiptaret\/#webpage\",\"url\":\"https:\/\/www.visit-ulcinj.com\/blog\/2009\/01\/19\/te-sigurohen-mandatet-e-garantuara-per-shqiptaret\/\",\"name\":\"T\u00eb sigurohen mandatet e garantuara p\u00ebr shqiptar\u00ebt - Lajme nga Ulqini\",\"isPartOf\":{\"@id\":\"https:\/\/www.visit-ulcinj.com\/blog\/#website\"},\"primaryImageOfPage\":{\"@id\":\"https:\/\/www.visit-ulcinj.com\/blog\/2009\/01\/19\/te-sigurohen-mandatet-e-garantuara-per-shqiptaret\/#primaryimage\"},\"datePublished\":\"2009-01-19T19:39:25+00:00\",\"dateModified\":\"2009-01-19T19:39:29+00:00\",\"author\":{\"@id\":\"https:\/\/www.visit-ulcinj.com\/blog\/#\/schema\/person\/dcab619c614d3038751c63bc2aadc06d\"},\"description\":\"Deklarat\u00eb p\u00ebr media e k\u00ebshillit nacional t\u00eb shqiptar\u00ebve n\u00eb malin e zi lidhur me zgjedhjet e paralajm\u00ebruara parlamentare N\u00eb baz\u00eb t\u00eb zhvillimeve aktuale\",\"breadcrumb\":{\"@id\":\"https:\/\/www.visit-ulcinj.com\/blog\/2009\/01\/19\/te-sigurohen-mandatet-e-garantuara-per-shqiptaret\/#breadcrumb\"},\"inLanguage\":\"en-US\",\"potentialAction\":[{\"@type\":\"ReadAction\",\"target\":[\"https:\/\/www.visit-ulcinj.com\/blog\/2009\/01\/19\/te-sigurohen-mandatet-e-garantuara-per-shqiptaret\/\"]}]},{\"@type\":\"BreadcrumbList\",\"@id\":\"https:\/\/www.visit-ulcinj.com\/blog\/2009\/01\/19\/te-sigurohen-mandatet-e-garantuara-per-shqiptaret\/#breadcrumb\",\"itemListElement\":[{\"@type\":\"ListItem\",\"position\":1,\"name\":\"T\u00eb sigurohen mandatet e garantuara p\u00ebr shqiptar\u00ebt\"}]},{\"@type\":\"Person\",\"@id\":\"https:\/\/www.visit-ulcinj.com\/blog\/#\/schema\/person\/dcab619c614d3038751c63bc2aadc06d\",\"name\":\"ulqini\",\"sameAs\":[\"http:\/\/www.visit-ulcinj.com\"],\"url\":\"https:\/\/www.visit-ulcinj.com\/blog\/author\/admin\/\"}]}<\/script>\n<!-- \/ Yoast SEO plugin. -->","yoast_head_json":{"title":"T\u00eb sigurohen mandatet e garantuara p\u00ebr shqiptar\u00ebt - Lajme nga Ulqini","description":"Deklarat\u00eb p\u00ebr media e k\u00ebshillit nacional t\u00eb shqiptar\u00ebve n\u00eb malin e zi lidhur me zgjedhjet e paralajm\u00ebruara parlamentare N\u00eb baz\u00eb t\u00eb zhvillimeve aktuale","robots":{"index":"index","follow":"follow","max-snippet":"max-snippet:-1","max-image-preview":"max-image-preview:large","max-video-preview":"max-video-preview:-1"},"canonical":"https:\/\/www.visit-ulcinj.com\/blog\/2009\/01\/19\/te-sigurohen-mandatet-e-garantuara-per-shqiptaret\/","og_locale":"en_US","og_type":"article","og_title":"T\u00eb sigurohen mandatet e garantuara p\u00ebr shqiptar\u00ebt - Lajme nga Ulqini","og_description":"Deklarat\u00eb p\u00ebr media e k\u00ebshillit nacional t\u00eb shqiptar\u00ebve n\u00eb malin e zi lidhur me zgjedhjet e paralajm\u00ebruara parlamentare N\u00eb baz\u00eb t\u00eb zhvillimeve aktuale","og_url":"https:\/\/www.visit-ulcinj.com\/blog\/2009\/01\/19\/te-sigurohen-mandatet-e-garantuara-per-shqiptaret\/","og_site_name":"Lajme nga Ulqini","article_published_time":"2009-01-19T19:39:25+00:00","article_modified_time":"2009-01-19T19:39:29+00:00","og_image":[{"url":"http:\/\/www.visit-ulcinj.com\/blog\/wp-content\/uploads\/2009\/01\/keshilli-nacional-i-shqiptareve-ne-malin-e-zi.jpg"}],"twitter_misc":{"Written by":"ulqini","Est. reading time":"2 minutes"},"schema":{"@context":"https:\/\/schema.org","@graph":[{"@type":"WebSite","@id":"https:\/\/www.visit-ulcinj.com\/blog\/#website","url":"https:\/\/www.visit-ulcinj.com\/blog\/","name":"Lajme nga Ulqini","description":"Lajme,Vijesti,Ulqini,Ulqin,Crna Gora,Mali i Zi","potentialAction":[{"@type":"SearchAction","target":{"@type":"EntryPoint","urlTemplate":"https:\/\/www.visit-ulcinj.com\/blog\/?s={search_term_string}"},"query-input":"required name=search_term_string"}],"inLanguage":"en-US"},{"@type":"ImageObject","inLanguage":"en-US","@id":"https:\/\/www.visit-ulcinj.com\/blog\/2009\/01\/19\/te-sigurohen-mandatet-e-garantuara-per-shqiptaret\/#primaryimage","url":"https:\/\/www.visit-ulcinj.com\/blog\/wp-content\/uploads\/2009\/01\/keshilli-nacional-i-shqiptareve-ne-malin-e-zi.jpg","contentUrl":"https:\/\/www.visit-ulcinj.com\/blog\/wp-content\/uploads\/2009\/01\/keshilli-nacional-i-shqiptareve-ne-malin-e-zi.jpg","width":"666","height":"448"},{"@type":"WebPage","@id":"https:\/\/www.visit-ulcinj.com\/blog\/2009\/01\/19\/te-sigurohen-mandatet-e-garantuara-per-shqiptaret\/#webpage","url":"https:\/\/www.visit-ulcinj.com\/blog\/2009\/01\/19\/te-sigurohen-mandatet-e-garantuara-per-shqiptaret\/","name":"T\u00eb sigurohen mandatet e garantuara p\u00ebr shqiptar\u00ebt - Lajme nga Ulqini","isPartOf":{"@id":"https:\/\/www.visit-ulcinj.com\/blog\/#website"},"primaryImageOfPage":{"@id":"https:\/\/www.visit-ulcinj.com\/blog\/2009\/01\/19\/te-sigurohen-mandatet-e-garantuara-per-shqiptaret\/#primaryimage"},"datePublished":"2009-01-19T19:39:25+00:00","dateModified":"2009-01-19T19:39:29+00:00","author":{"@id":"https:\/\/www.visit-ulcinj.com\/blog\/#\/schema\/person\/dcab619c614d3038751c63bc2aadc06d"},"description":"Deklarat\u00eb p\u00ebr media e k\u00ebshillit nacional t\u00eb shqiptar\u00ebve n\u00eb malin e zi lidhur me zgjedhjet e paralajm\u00ebruara parlamentare N\u00eb baz\u00eb t\u00eb zhvillimeve aktuale","breadcrumb":{"@id":"https:\/\/www.visit-ulcinj.com\/blog\/2009\/01\/19\/te-sigurohen-mandatet-e-garantuara-per-shqiptaret\/#breadcrumb"},"inLanguage":"en-US","potentialAction":[{"@type":"ReadAction","target":["https:\/\/www.visit-ulcinj.com\/blog\/2009\/01\/19\/te-sigurohen-mandatet-e-garantuara-per-shqiptaret\/"]}]},{"@type":"BreadcrumbList","@id":"https:\/\/www.visit-ulcinj.com\/blog\/2009\/01\/19\/te-sigurohen-mandatet-e-garantuara-per-shqiptaret\/#breadcrumb","itemListElement":[{"@type":"ListItem","position":1,"name":"T\u00eb sigurohen mandatet e garantuara p\u00ebr shqiptar\u00ebt"}]},{"@type":"Person","@id":"https:\/\/www.visit-ulcinj.com\/blog\/#\/schema\/person\/dcab619c614d3038751c63bc2aadc06d","name":"ulqini","sameAs":["http:\/\/www.visit-ulcinj.com"],"url":"https:\/\/www.visit-ulcinj.com\/blog\/author\/admin\/"}]}},"jetpack_featured_media_url":"","jetpack_sharing_enabled":true,"jetpack_shortlink":"https:\/\/wp.me\/pe6lTn-2qK","_links":{"self":[{"href":"https:\/\/www.visit-ulcinj.com\/blog\/wp-json\/wp\/v2\/posts\/9346"}],"collection":[{"href":"https:\/\/www.visit-ulcinj.com\/blog\/wp-json\/wp\/v2\/posts"}],"about":[{"href":"https:\/\/www.visit-ulcinj.com\/blog\/wp-json\/wp\/v2\/types\/post"}],"author":[{"embeddable":true,"href":"https:\/\/www.visit-ulcinj.com\/blog\/wp-json\/wp\/v2\/users\/1"}],"replies":[{"embeddable":true,"href":"https:\/\/www.visit-ulcinj.com\/blog\/wp-json\/wp\/v2\/comments?post=9346"}],"version-history":[{"count":0,"href":"https:\/\/www.visit-ulcinj.com\/blog\/wp-json\/wp\/v2\/posts\/9346\/revisions"}],"wp:attachment":[{"href":"https:\/\/www.visit-ulcinj.com\/blog\/wp-json\/wp\/v2\/media?parent=9346"}],"wp:term":[{"taxonomy":"category","embeddable":true,"href":"https:\/\/www.visit-ulcinj.com\/blog\/wp-json\/wp\/v2\/categories?post=9346"},{"taxonomy":"post_tag","embeddable":true,"href":"https:\/\/www.visit-ulcinj.com\/blog\/wp-json\/wp\/v2\/tags?post=9346"}],"curies":[{"name":"wp","href":"https:\/\/api.w.org\/{rel}","templated":true}]}}