{"id":93465,"date":"2015-12-02T19:25:12","date_gmt":"2015-12-02T18:25:12","guid":{"rendered":"http:\/\/www.visit-ulcinj.com\/blog\/?p=93465"},"modified":"2015-12-02T22:21:45","modified_gmt":"2015-12-02T21:21:45","slug":"alliance-invites-montenegro-start-accession-talks-become-member-nato","status":"publish","type":"post","link":"https:\/\/www.visit-ulcinj.com\/blog\/2015\/12\/02\/alliance-invites-montenegro-start-accession-talks-become-member-nato\/","title":{"rendered":"Alliance invites Montenegro to start accession talks to become member of NATO"},"content":{"rendered":"<div class=\"socialbar\">\u00a0<a href=\"http:\/\/www.visit-ulcinj.com\/blog\/wp-content\/uploads\/2015\/12\/Montenegro-aliance-nato.jpg\"><img loading=\"lazy\" class=\"alignleft wp-image-93466\" src=\"http:\/\/www.visit-ulcinj.com\/blog\/wp-content\/uploads\/2015\/12\/Montenegro-aliance-nato.jpg\" alt=\"Montenegro-aliance-nato\" width=\"508\" height=\"289\" \/><\/a>NATO Foreign Ministers decided on Wednesday (2 December 2015) to invite Montenegro to start accession talks to become the 29th member of the Alliance. Secretary General hailed the decision as \u201chistoric.\u201d He said; \u201cthis is a good day for Montenegro, a good day for the Western Balkans and a good day for the Alliance.\u201d<\/div>\n<section class=\"content cf\">he Secretary General stressed the decision was \u201c<em>an important step in the Euro-Atlantic integration of the entire Western Balkans region and it makes clear that NATO keeps its door open, to complete our vision of a Europe whole, free and at peace<\/em>.\u201dThe decision to invite Montenegro was taken during a meeting of the North Atlantic Council at the level of Foreign Ministers. Montenegro\u2019s Deputy Prime Minister and Minister of Foreign Affairs and European Integration Igor Luk\u0161i\u0107 and Defence Minister, Professor Milica Pejanovi\u0107-\u0110uri\u0161i\u0107 were invited to join the meeting after the decision was taken.<\/p>\n<p>Since 2009, NATO and Montenegro have worked closely together through the Membership Action Plan, which helps nations prepare for possible future membership. The Secretary General said Wednesday\u2019s decision reflected Montenegro\u2019s \u201c<em>unwavering commitment to our common values and to international security<\/em>.\u201d Mr. Stoltenberg said it was important for Montenegro to continue on its reform path, \u201c<em>on defence adaptation, on domestic reform, especially rule of law, and to continue to make progress in demonstrating public support for Montenegro\u2019s NATO membership<\/em>.\u201d The Secretary General said that the Alliance will continue to monitor progress in these areas as Allies start the accession talks and during the ratification process.<\/p>\n<p>Wednesday\u2019s decision will pave the way for accession talks to start in early 2016. Once they are concluded, Allies will sign an accession protocol which will have to be ratified by parliaments in all 28 Allies. Once that process is completed, Montenegro will be able to accede to the Washington Treaty and become a member of the Alliance.<\/p>\n<p><a href=\"http:\/\/www.nato.int\/cps\/en\/natohq\/news_125370.htm\" target=\"_blank\"><strong>Source: http:\/\/www.nato.int\/<\/strong><\/a><\/p>\n<\/section>\n","protected":false},"excerpt":{"rendered":"<p>\u00a0NATO Foreign Ministers decided on Wednesday (2 December 2015) to invite Montenegro to start accession talks to become the 29th member of the Alliance. Secretary General hailed the decision as \u201chistoric.\u201d He said; \u201cthis is a good day for Montenegro, a good day for the Western Balkans and a good day for the Alliance.\u201d he [&hellip;]<\/p>\n","protected":false},"author":1,"featured_media":0,"comment_status":"closed","ping_status":"closed","sticky":false,"template":"","format":"standard","meta":{"spay_email":"","jetpack_publicize_message":"","jetpack_is_tweetstorm":false,"jetpack_publicize_feature_enabled":true},"categories":[1,6950],"tags":[],"jetpack_publicize_connections":[],"yoast_head":"<!-- This site is optimized with the Yoast SEO plugin v19.1 - https:\/\/yoast.com\/wordpress\/plugins\/seo\/ -->\n<title>Alliance invites Montenegro to start accession talks to become member of NATO - Lajme nga Ulqini<\/title>\n<meta name=\"description\" content=\"\u00a0NATO Foreign Ministers decided on Wednesday (2 December 2015) to invite Montenegro to start accession talks to become the 29th member of the Alliance.\" \/>\n<meta name=\"robots\" content=\"index, follow, max-snippet:-1, max-image-preview:large, max-video-preview:-1\" \/>\n<link rel=\"canonical\" href=\"https:\/\/www.visit-ulcinj.com\/blog\/2015\/12\/02\/alliance-invites-montenegro-start-accession-talks-become-member-nato\/\" \/>\n<meta property=\"og:locale\" content=\"en_US\" \/>\n<meta property=\"og:type\" content=\"article\" \/>\n<meta property=\"og:title\" content=\"Alliance invites Montenegro to start accession talks to become member of NATO - Lajme nga Ulqini\" \/>\n<meta property=\"og:description\" content=\"\u00a0NATO Foreign Ministers decided on Wednesday (2 December 2015) to invite Montenegro to start accession talks to become the 29th member of the Alliance.\" \/>\n<meta property=\"og:url\" content=\"https:\/\/www.visit-ulcinj.com\/blog\/2015\/12\/02\/alliance-invites-montenegro-start-accession-talks-become-member-nato\/\" \/>\n<meta property=\"og:site_name\" content=\"Lajme nga Ulqini\" \/>\n<meta property=\"article:published_time\" content=\"2015-12-02T18:25:12+00:00\" \/>\n<meta property=\"article:modified_time\" content=\"2015-12-02T21:21:45+00:00\" \/>\n<meta property=\"og:image\" content=\"http:\/\/www.visit-ulcinj.com\/blog\/wp-content\/uploads\/2015\/12\/Montenegro-aliance-nato.jpg\" \/>\n<meta name=\"twitter:label1\" content=\"Written by\" \/>\n\t<meta name=\"twitter:data1\" content=\"ulqini\" \/>\n\t<meta name=\"twitter:label2\" content=\"Est. reading time\" \/>\n\t<meta name=\"twitter:data2\" content=\"2 minutes\" \/>\n<script type=\"application\/ld+json\" class=\"yoast-schema-graph\">{\"@context\":\"https:\/\/schema.org\",\"@graph\":[{\"@type\":\"WebSite\",\"@id\":\"https:\/\/www.visit-ulcinj.com\/blog\/#website\",\"url\":\"https:\/\/www.visit-ulcinj.com\/blog\/\",\"name\":\"Lajme nga Ulqini\",\"description\":\"Lajme,Vijesti,Ulqini,Ulqin,Crna Gora,Mali i Zi\",\"potentialAction\":[{\"@type\":\"SearchAction\",\"target\":{\"@type\":\"EntryPoint\",\"urlTemplate\":\"https:\/\/www.visit-ulcinj.com\/blog\/?s={search_term_string}\"},\"query-input\":\"required name=search_term_string\"}],\"inLanguage\":\"en-US\"},{\"@type\":\"ImageObject\",\"inLanguage\":\"en-US\",\"@id\":\"https:\/\/www.visit-ulcinj.com\/blog\/2015\/12\/02\/alliance-invites-montenegro-start-accession-talks-become-member-nato\/#primaryimage\",\"url\":\"http:\/\/www.visit-ulcinj.com\/blog\/wp-content\/uploads\/2015\/12\/Montenegro-aliance-nato.jpg\",\"contentUrl\":\"http:\/\/www.visit-ulcinj.com\/blog\/wp-content\/uploads\/2015\/12\/Montenegro-aliance-nato.jpg\"},{\"@type\":\"WebPage\",\"@id\":\"https:\/\/www.visit-ulcinj.com\/blog\/2015\/12\/02\/alliance-invites-montenegro-start-accession-talks-become-member-nato\/#webpage\",\"url\":\"https:\/\/www.visit-ulcinj.com\/blog\/2015\/12\/02\/alliance-invites-montenegro-start-accession-talks-become-member-nato\/\",\"name\":\"Alliance invites Montenegro to start accession talks to become member of NATO - Lajme nga Ulqini\",\"isPartOf\":{\"@id\":\"https:\/\/www.visit-ulcinj.com\/blog\/#website\"},\"primaryImageOfPage\":{\"@id\":\"https:\/\/www.visit-ulcinj.com\/blog\/2015\/12\/02\/alliance-invites-montenegro-start-accession-talks-become-member-nato\/#primaryimage\"},\"datePublished\":\"2015-12-02T18:25:12+00:00\",\"dateModified\":\"2015-12-02T21:21:45+00:00\",\"author\":{\"@id\":\"https:\/\/www.visit-ulcinj.com\/blog\/#\/schema\/person\/dcab619c614d3038751c63bc2aadc06d\"},\"description\":\"\u00a0NATO Foreign Ministers decided on Wednesday (2 December 2015) to invite Montenegro to start accession talks to become the 29th member of the Alliance.\",\"breadcrumb\":{\"@id\":\"https:\/\/www.visit-ulcinj.com\/blog\/2015\/12\/02\/alliance-invites-montenegro-start-accession-talks-become-member-nato\/#breadcrumb\"},\"inLanguage\":\"en-US\",\"potentialAction\":[{\"@type\":\"ReadAction\",\"target\":[\"https:\/\/www.visit-ulcinj.com\/blog\/2015\/12\/02\/alliance-invites-montenegro-start-accession-talks-become-member-nato\/\"]}]},{\"@type\":\"BreadcrumbList\",\"@id\":\"https:\/\/www.visit-ulcinj.com\/blog\/2015\/12\/02\/alliance-invites-montenegro-start-accession-talks-become-member-nato\/#breadcrumb\",\"itemListElement\":[{\"@type\":\"ListItem\",\"position\":1,\"name\":\"Alliance invites Montenegro to start accession talks to become member of NATO\"}]},{\"@type\":\"Person\",\"@id\":\"https:\/\/www.visit-ulcinj.com\/blog\/#\/schema\/person\/dcab619c614d3038751c63bc2aadc06d\",\"name\":\"ulqini\",\"sameAs\":[\"http:\/\/www.visit-ulcinj.com\"],\"url\":\"https:\/\/www.visit-ulcinj.com\/blog\/author\/admin\/\"}]}<\/script>\n<!-- \/ Yoast SEO plugin. -->","yoast_head_json":{"title":"Alliance invites Montenegro to start accession talks to become member of NATO - Lajme nga Ulqini","description":"\u00a0NATO Foreign Ministers decided on Wednesday (2 December 2015) to invite Montenegro to start accession talks to become the 29th member of the Alliance.","robots":{"index":"index","follow":"follow","max-snippet":"max-snippet:-1","max-image-preview":"max-image-preview:large","max-video-preview":"max-video-preview:-1"},"canonical":"https:\/\/www.visit-ulcinj.com\/blog\/2015\/12\/02\/alliance-invites-montenegro-start-accession-talks-become-member-nato\/","og_locale":"en_US","og_type":"article","og_title":"Alliance invites Montenegro to start accession talks to become member of NATO - Lajme nga Ulqini","og_description":"\u00a0NATO Foreign Ministers decided on Wednesday (2 December 2015) to invite Montenegro to start accession talks to become the 29th member of the Alliance.","og_url":"https:\/\/www.visit-ulcinj.com\/blog\/2015\/12\/02\/alliance-invites-montenegro-start-accession-talks-become-member-nato\/","og_site_name":"Lajme nga Ulqini","article_published_time":"2015-12-02T18:25:12+00:00","article_modified_time":"2015-12-02T21:21:45+00:00","og_image":[{"url":"http:\/\/www.visit-ulcinj.com\/blog\/wp-content\/uploads\/2015\/12\/Montenegro-aliance-nato.jpg"}],"twitter_misc":{"Written by":"ulqini","Est. reading time":"2 minutes"},"schema":{"@context":"https:\/\/schema.org","@graph":[{"@type":"WebSite","@id":"https:\/\/www.visit-ulcinj.com\/blog\/#website","url":"https:\/\/www.visit-ulcinj.com\/blog\/","name":"Lajme nga Ulqini","description":"Lajme,Vijesti,Ulqini,Ulqin,Crna Gora,Mali i Zi","potentialAction":[{"@type":"SearchAction","target":{"@type":"EntryPoint","urlTemplate":"https:\/\/www.visit-ulcinj.com\/blog\/?s={search_term_string}"},"query-input":"required name=search_term_string"}],"inLanguage":"en-US"},{"@type":"ImageObject","inLanguage":"en-US","@id":"https:\/\/www.visit-ulcinj.com\/blog\/2015\/12\/02\/alliance-invites-montenegro-start-accession-talks-become-member-nato\/#primaryimage","url":"http:\/\/www.visit-ulcinj.com\/blog\/wp-content\/uploads\/2015\/12\/Montenegro-aliance-nato.jpg","contentUrl":"http:\/\/www.visit-ulcinj.com\/blog\/wp-content\/uploads\/2015\/12\/Montenegro-aliance-nato.jpg"},{"@type":"WebPage","@id":"https:\/\/www.visit-ulcinj.com\/blog\/2015\/12\/02\/alliance-invites-montenegro-start-accession-talks-become-member-nato\/#webpage","url":"https:\/\/www.visit-ulcinj.com\/blog\/2015\/12\/02\/alliance-invites-montenegro-start-accession-talks-become-member-nato\/","name":"Alliance invites Montenegro to start accession talks to become member of NATO - Lajme nga Ulqini","isPartOf":{"@id":"https:\/\/www.visit-ulcinj.com\/blog\/#website"},"primaryImageOfPage":{"@id":"https:\/\/www.visit-ulcinj.com\/blog\/2015\/12\/02\/alliance-invites-montenegro-start-accession-talks-become-member-nato\/#primaryimage"},"datePublished":"2015-12-02T18:25:12+00:00","dateModified":"2015-12-02T21:21:45+00:00","author":{"@id":"https:\/\/www.visit-ulcinj.com\/blog\/#\/schema\/person\/dcab619c614d3038751c63bc2aadc06d"},"description":"\u00a0NATO Foreign Ministers decided on Wednesday (2 December 2015) to invite Montenegro to start accession talks to become the 29th member of the Alliance.","breadcrumb":{"@id":"https:\/\/www.visit-ulcinj.com\/blog\/2015\/12\/02\/alliance-invites-montenegro-start-accession-talks-become-member-nato\/#breadcrumb"},"inLanguage":"en-US","potentialAction":[{"@type":"ReadAction","target":["https:\/\/www.visit-ulcinj.com\/blog\/2015\/12\/02\/alliance-invites-montenegro-start-accession-talks-become-member-nato\/"]}]},{"@type":"BreadcrumbList","@id":"https:\/\/www.visit-ulcinj.com\/blog\/2015\/12\/02\/alliance-invites-montenegro-start-accession-talks-become-member-nato\/#breadcrumb","itemListElement":[{"@type":"ListItem","position":1,"name":"Alliance invites Montenegro to start accession talks to become member of NATO"}]},{"@type":"Person","@id":"https:\/\/www.visit-ulcinj.com\/blog\/#\/schema\/person\/dcab619c614d3038751c63bc2aadc06d","name":"ulqini","sameAs":["http:\/\/www.visit-ulcinj.com"],"url":"https:\/\/www.visit-ulcinj.com\/blog\/author\/admin\/"}]}},"jetpack_featured_media_url":"","jetpack_sharing_enabled":true,"jetpack_shortlink":"https:\/\/wp.me\/pe6lTn-ojv","_links":{"self":[{"href":"https:\/\/www.visit-ulcinj.com\/blog\/wp-json\/wp\/v2\/posts\/93465"}],"collection":[{"href":"https:\/\/www.visit-ulcinj.com\/blog\/wp-json\/wp\/v2\/posts"}],"about":[{"href":"https:\/\/www.visit-ulcinj.com\/blog\/wp-json\/wp\/v2\/types\/post"}],"author":[{"embeddable":true,"href":"https:\/\/www.visit-ulcinj.com\/blog\/wp-json\/wp\/v2\/users\/1"}],"replies":[{"embeddable":true,"href":"https:\/\/www.visit-ulcinj.com\/blog\/wp-json\/wp\/v2\/comments?post=93465"}],"version-history":[{"count":2,"href":"https:\/\/www.visit-ulcinj.com\/blog\/wp-json\/wp\/v2\/posts\/93465\/revisions"}],"predecessor-version":[{"id":93476,"href":"https:\/\/www.visit-ulcinj.com\/blog\/wp-json\/wp\/v2\/posts\/93465\/revisions\/93476"}],"wp:attachment":[{"href":"https:\/\/www.visit-ulcinj.com\/blog\/wp-json\/wp\/v2\/media?parent=93465"}],"wp:term":[{"taxonomy":"category","embeddable":true,"href":"https:\/\/www.visit-ulcinj.com\/blog\/wp-json\/wp\/v2\/categories?post=93465"},{"taxonomy":"post_tag","embeddable":true,"href":"https:\/\/www.visit-ulcinj.com\/blog\/wp-json\/wp\/v2\/tags?post=93465"}],"curies":[{"name":"wp","href":"https:\/\/api.w.org\/{rel}","templated":true}]}}