{"id":93468,"date":"2015-12-02T22:18:40","date_gmt":"2015-12-02T21:18:40","guid":{"rendered":"http:\/\/www.visit-ulcinj.com\/blog\/?p=93468"},"modified":"2015-12-03T18:27:33","modified_gmt":"2015-12-03T17:27:33","slug":"reagime-per-ftesen-e-nato-s-ndaj-malit-te-zi","status":"publish","type":"post","link":"https:\/\/www.visit-ulcinj.com\/blog\/2015\/12\/02\/reagime-per-ftesen-e-nato-s-ndaj-malit-te-zi\/","title":{"rendered":"Reagime p\u00ebr ftes\u00ebn e NATO-s ndaj Malit t\u00eb Zi &#8211; Video"},"content":{"rendered":"<p><a href=\"http:\/\/www.visit-ulcinj.com\/blog\/wp-content\/uploads\/2015\/12\/Montenegro-aliance-nato.jpg\"><img loading=\"lazy\" class=\"alignleft wp-image-93466\" src=\"http:\/\/www.visit-ulcinj.com\/blog\/wp-content\/uploads\/2015\/12\/Montenegro-aliance-nato.jpg\" alt=\"Montenegro-aliance-nato\" width=\"508\" height=\"289\" \/><\/a>Ftesa e Malit t\u00eb Zi p\u00ebr t&#8217;u an\u00ebtar\u00ebsuar n\u00eb NATO u prit me entuziaz\u00ebm nga zyrtar\u00ebt malazez\u00eb dhe nga forcat politike promalazeze, t\u00eb cil\u00ebt k\u00ebt\u00eb akt e cil\u00ebsuan si nj\u00eb mesazh pozitiv p\u00ebr vendin dhe rajonin.<\/p>\n<p>Ftesa p\u00ebr an\u00ebtar\u00ebsim n\u00eb Aleanc\u00ebn Veriatlantike u cil\u00ebsua si nj\u00eb moment historik p\u00ebr Malin e Zi dhe p\u00ebr q\u00ebndrueshm\u00ebrin\u00eb n\u00eb Ballkan, por edhe si nj\u00eb siguri p\u00ebr marr\u00ebdh\u00ebniet e fqinj\u00ebsis\u00eb s\u00eb mir\u00eb.<\/p>\n<div>\n<div>Korrespondenti i Z\u00ebrit t\u00eb Amerik\u00ebs Ali Salaj \u00a0p\u00ebrgatiti kronik\u00ebn q\u00eb po transmetojm\u00eb:<\/div>\n<div><\/div>\n<\/div>\n<div><strong>VAO<\/strong><\/div>\n<div><!--YouTube Error: bad URL entered--><\/div>\n","protected":false},"excerpt":{"rendered":"<p>Ftesa e Malit t\u00eb Zi p\u00ebr t&#8217;u an\u00ebtar\u00ebsuar n\u00eb NATO u prit me entuziaz\u00ebm nga zyrtar\u00ebt malazez\u00eb dhe nga forcat politike promalazeze, t\u00eb cil\u00ebt k\u00ebt\u00eb akt e cil\u00ebsuan si nj\u00eb mesazh pozitiv p\u00ebr vendin dhe rajonin. Ftesa p\u00ebr an\u00ebtar\u00ebsim n\u00eb Aleanc\u00ebn Veriatlantike u cil\u00ebsua si nj\u00eb moment historik p\u00ebr Malin e Zi dhe p\u00ebr q\u00ebndrueshm\u00ebrin\u00eb [&hellip;]<\/p>\n","protected":false},"author":1,"featured_media":0,"comment_status":"closed","ping_status":"closed","sticky":false,"template":"","format":"standard","meta":{"spay_email":"","jetpack_publicize_message":"","jetpack_is_tweetstorm":false,"jetpack_publicize_feature_enabled":true},"categories":[1,6],"tags":[],"jetpack_publicize_connections":[],"yoast_head":"<!-- This site is optimized with the Yoast SEO plugin v19.1 - https:\/\/yoast.com\/wordpress\/plugins\/seo\/ -->\n<title>Reagime p\u00ebr ftes\u00ebn e NATO-s ndaj Malit t\u00eb Zi - Video - Lajme nga Ulqini<\/title>\n<meta name=\"description\" content=\"Ftesa e Malit t\u00eb Zi p\u00ebr t&#039;u an\u00ebtar\u00ebsuar n\u00eb NATO u prit me entuziaz\u00ebm nga zyrtar\u00ebt malazez\u00eb dhe nga forcat politike promalazeze, t\u00eb cil\u00ebt k\u00ebt\u00eb akt e\" \/>\n<meta name=\"robots\" content=\"index, follow, max-snippet:-1, max-image-preview:large, max-video-preview:-1\" \/>\n<link rel=\"canonical\" href=\"https:\/\/www.visit-ulcinj.com\/blog\/2015\/12\/02\/reagime-per-ftesen-e-nato-s-ndaj-malit-te-zi\/\" \/>\n<meta property=\"og:locale\" content=\"en_US\" \/>\n<meta property=\"og:type\" content=\"article\" \/>\n<meta property=\"og:title\" content=\"Reagime p\u00ebr ftes\u00ebn e NATO-s ndaj Malit t\u00eb Zi - Video - Lajme nga Ulqini\" \/>\n<meta property=\"og:description\" content=\"Ftesa e Malit t\u00eb Zi p\u00ebr t&#039;u an\u00ebtar\u00ebsuar n\u00eb NATO u prit me entuziaz\u00ebm nga zyrtar\u00ebt malazez\u00eb dhe nga forcat politike promalazeze, t\u00eb cil\u00ebt k\u00ebt\u00eb akt e\" \/>\n<meta property=\"og:url\" content=\"https:\/\/www.visit-ulcinj.com\/blog\/2015\/12\/02\/reagime-per-ftesen-e-nato-s-ndaj-malit-te-zi\/\" \/>\n<meta property=\"og:site_name\" content=\"Lajme nga Ulqini\" \/>\n<meta property=\"article:published_time\" content=\"2015-12-02T21:18:40+00:00\" \/>\n<meta property=\"article:modified_time\" content=\"2015-12-03T17:27:33+00:00\" \/>\n<meta property=\"og:image\" content=\"http:\/\/www.visit-ulcinj.com\/blog\/wp-content\/uploads\/2015\/12\/Montenegro-aliance-nato.jpg\" \/>\n<meta name=\"twitter:label1\" content=\"Written by\" \/>\n\t<meta name=\"twitter:data1\" content=\"ulqini\" \/>\n\t<meta name=\"twitter:label2\" content=\"Est. reading time\" \/>\n\t<meta name=\"twitter:data2\" content=\"1 minute\" \/>\n<script type=\"application\/ld+json\" class=\"yoast-schema-graph\">{\"@context\":\"https:\/\/schema.org\",\"@graph\":[{\"@type\":\"WebSite\",\"@id\":\"https:\/\/www.visit-ulcinj.com\/blog\/#website\",\"url\":\"https:\/\/www.visit-ulcinj.com\/blog\/\",\"name\":\"Lajme nga Ulqini\",\"description\":\"Lajme,Vijesti,Ulqini,Ulqin,Crna Gora,Mali i Zi\",\"potentialAction\":[{\"@type\":\"SearchAction\",\"target\":{\"@type\":\"EntryPoint\",\"urlTemplate\":\"https:\/\/www.visit-ulcinj.com\/blog\/?s={search_term_string}\"},\"query-input\":\"required name=search_term_string\"}],\"inLanguage\":\"en-US\"},{\"@type\":\"ImageObject\",\"inLanguage\":\"en-US\",\"@id\":\"https:\/\/www.visit-ulcinj.com\/blog\/2015\/12\/02\/reagime-per-ftesen-e-nato-s-ndaj-malit-te-zi\/#primaryimage\",\"url\":\"http:\/\/www.visit-ulcinj.com\/blog\/wp-content\/uploads\/2015\/12\/Montenegro-aliance-nato.jpg\",\"contentUrl\":\"http:\/\/www.visit-ulcinj.com\/blog\/wp-content\/uploads\/2015\/12\/Montenegro-aliance-nato.jpg\"},{\"@type\":\"WebPage\",\"@id\":\"https:\/\/www.visit-ulcinj.com\/blog\/2015\/12\/02\/reagime-per-ftesen-e-nato-s-ndaj-malit-te-zi\/#webpage\",\"url\":\"https:\/\/www.visit-ulcinj.com\/blog\/2015\/12\/02\/reagime-per-ftesen-e-nato-s-ndaj-malit-te-zi\/\",\"name\":\"Reagime p\u00ebr ftes\u00ebn e NATO-s ndaj Malit t\u00eb Zi - Video - Lajme nga Ulqini\",\"isPartOf\":{\"@id\":\"https:\/\/www.visit-ulcinj.com\/blog\/#website\"},\"primaryImageOfPage\":{\"@id\":\"https:\/\/www.visit-ulcinj.com\/blog\/2015\/12\/02\/reagime-per-ftesen-e-nato-s-ndaj-malit-te-zi\/#primaryimage\"},\"datePublished\":\"2015-12-02T21:18:40+00:00\",\"dateModified\":\"2015-12-03T17:27:33+00:00\",\"author\":{\"@id\":\"https:\/\/www.visit-ulcinj.com\/blog\/#\/schema\/person\/dcab619c614d3038751c63bc2aadc06d\"},\"description\":\"Ftesa e Malit t\u00eb Zi p\u00ebr t'u an\u00ebtar\u00ebsuar n\u00eb NATO u prit me entuziaz\u00ebm nga zyrtar\u00ebt malazez\u00eb dhe nga forcat politike promalazeze, t\u00eb cil\u00ebt k\u00ebt\u00eb akt e\",\"breadcrumb\":{\"@id\":\"https:\/\/www.visit-ulcinj.com\/blog\/2015\/12\/02\/reagime-per-ftesen-e-nato-s-ndaj-malit-te-zi\/#breadcrumb\"},\"inLanguage\":\"en-US\",\"potentialAction\":[{\"@type\":\"ReadAction\",\"target\":[\"https:\/\/www.visit-ulcinj.com\/blog\/2015\/12\/02\/reagime-per-ftesen-e-nato-s-ndaj-malit-te-zi\/\"]}]},{\"@type\":\"BreadcrumbList\",\"@id\":\"https:\/\/www.visit-ulcinj.com\/blog\/2015\/12\/02\/reagime-per-ftesen-e-nato-s-ndaj-malit-te-zi\/#breadcrumb\",\"itemListElement\":[{\"@type\":\"ListItem\",\"position\":1,\"name\":\"Reagime p\u00ebr ftes\u00ebn e NATO-s ndaj Malit t\u00eb Zi &#8211; Video\"}]},{\"@type\":\"Person\",\"@id\":\"https:\/\/www.visit-ulcinj.com\/blog\/#\/schema\/person\/dcab619c614d3038751c63bc2aadc06d\",\"name\":\"ulqini\",\"sameAs\":[\"http:\/\/www.visit-ulcinj.com\"],\"url\":\"https:\/\/www.visit-ulcinj.com\/blog\/author\/admin\/\"}]}<\/script>\n<!-- \/ Yoast SEO plugin. -->","yoast_head_json":{"title":"Reagime p\u00ebr ftes\u00ebn e NATO-s ndaj Malit t\u00eb Zi - Video - Lajme nga Ulqini","description":"Ftesa e Malit t\u00eb Zi p\u00ebr t'u an\u00ebtar\u00ebsuar n\u00eb NATO u prit me entuziaz\u00ebm nga zyrtar\u00ebt malazez\u00eb dhe nga forcat politike promalazeze, t\u00eb cil\u00ebt k\u00ebt\u00eb akt e","robots":{"index":"index","follow":"follow","max-snippet":"max-snippet:-1","max-image-preview":"max-image-preview:large","max-video-preview":"max-video-preview:-1"},"canonical":"https:\/\/www.visit-ulcinj.com\/blog\/2015\/12\/02\/reagime-per-ftesen-e-nato-s-ndaj-malit-te-zi\/","og_locale":"en_US","og_type":"article","og_title":"Reagime p\u00ebr ftes\u00ebn e NATO-s ndaj Malit t\u00eb Zi - Video - Lajme nga Ulqini","og_description":"Ftesa e Malit t\u00eb Zi p\u00ebr t'u an\u00ebtar\u00ebsuar n\u00eb NATO u prit me entuziaz\u00ebm nga zyrtar\u00ebt malazez\u00eb dhe nga forcat politike promalazeze, t\u00eb cil\u00ebt k\u00ebt\u00eb akt e","og_url":"https:\/\/www.visit-ulcinj.com\/blog\/2015\/12\/02\/reagime-per-ftesen-e-nato-s-ndaj-malit-te-zi\/","og_site_name":"Lajme nga Ulqini","article_published_time":"2015-12-02T21:18:40+00:00","article_modified_time":"2015-12-03T17:27:33+00:00","og_image":[{"url":"http:\/\/www.visit-ulcinj.com\/blog\/wp-content\/uploads\/2015\/12\/Montenegro-aliance-nato.jpg"}],"twitter_misc":{"Written by":"ulqini","Est. reading time":"1 minute"},"schema":{"@context":"https:\/\/schema.org","@graph":[{"@type":"WebSite","@id":"https:\/\/www.visit-ulcinj.com\/blog\/#website","url":"https:\/\/www.visit-ulcinj.com\/blog\/","name":"Lajme nga Ulqini","description":"Lajme,Vijesti,Ulqini,Ulqin,Crna Gora,Mali i Zi","potentialAction":[{"@type":"SearchAction","target":{"@type":"EntryPoint","urlTemplate":"https:\/\/www.visit-ulcinj.com\/blog\/?s={search_term_string}"},"query-input":"required name=search_term_string"}],"inLanguage":"en-US"},{"@type":"ImageObject","inLanguage":"en-US","@id":"https:\/\/www.visit-ulcinj.com\/blog\/2015\/12\/02\/reagime-per-ftesen-e-nato-s-ndaj-malit-te-zi\/#primaryimage","url":"http:\/\/www.visit-ulcinj.com\/blog\/wp-content\/uploads\/2015\/12\/Montenegro-aliance-nato.jpg","contentUrl":"http:\/\/www.visit-ulcinj.com\/blog\/wp-content\/uploads\/2015\/12\/Montenegro-aliance-nato.jpg"},{"@type":"WebPage","@id":"https:\/\/www.visit-ulcinj.com\/blog\/2015\/12\/02\/reagime-per-ftesen-e-nato-s-ndaj-malit-te-zi\/#webpage","url":"https:\/\/www.visit-ulcinj.com\/blog\/2015\/12\/02\/reagime-per-ftesen-e-nato-s-ndaj-malit-te-zi\/","name":"Reagime p\u00ebr ftes\u00ebn e NATO-s ndaj Malit t\u00eb Zi - Video - Lajme nga Ulqini","isPartOf":{"@id":"https:\/\/www.visit-ulcinj.com\/blog\/#website"},"primaryImageOfPage":{"@id":"https:\/\/www.visit-ulcinj.com\/blog\/2015\/12\/02\/reagime-per-ftesen-e-nato-s-ndaj-malit-te-zi\/#primaryimage"},"datePublished":"2015-12-02T21:18:40+00:00","dateModified":"2015-12-03T17:27:33+00:00","author":{"@id":"https:\/\/www.visit-ulcinj.com\/blog\/#\/schema\/person\/dcab619c614d3038751c63bc2aadc06d"},"description":"Ftesa e Malit t\u00eb Zi p\u00ebr t'u an\u00ebtar\u00ebsuar n\u00eb NATO u prit me entuziaz\u00ebm nga zyrtar\u00ebt malazez\u00eb dhe nga forcat politike promalazeze, t\u00eb cil\u00ebt k\u00ebt\u00eb akt e","breadcrumb":{"@id":"https:\/\/www.visit-ulcinj.com\/blog\/2015\/12\/02\/reagime-per-ftesen-e-nato-s-ndaj-malit-te-zi\/#breadcrumb"},"inLanguage":"en-US","potentialAction":[{"@type":"ReadAction","target":["https:\/\/www.visit-ulcinj.com\/blog\/2015\/12\/02\/reagime-per-ftesen-e-nato-s-ndaj-malit-te-zi\/"]}]},{"@type":"BreadcrumbList","@id":"https:\/\/www.visit-ulcinj.com\/blog\/2015\/12\/02\/reagime-per-ftesen-e-nato-s-ndaj-malit-te-zi\/#breadcrumb","itemListElement":[{"@type":"ListItem","position":1,"name":"Reagime p\u00ebr ftes\u00ebn e NATO-s ndaj Malit t\u00eb Zi &#8211; Video"}]},{"@type":"Person","@id":"https:\/\/www.visit-ulcinj.com\/blog\/#\/schema\/person\/dcab619c614d3038751c63bc2aadc06d","name":"ulqini","sameAs":["http:\/\/www.visit-ulcinj.com"],"url":"https:\/\/www.visit-ulcinj.com\/blog\/author\/admin\/"}]}},"jetpack_featured_media_url":"","jetpack_sharing_enabled":true,"jetpack_shortlink":"https:\/\/wp.me\/pe6lTn-ojy","_links":{"self":[{"href":"https:\/\/www.visit-ulcinj.com\/blog\/wp-json\/wp\/v2\/posts\/93468"}],"collection":[{"href":"https:\/\/www.visit-ulcinj.com\/blog\/wp-json\/wp\/v2\/posts"}],"about":[{"href":"https:\/\/www.visit-ulcinj.com\/blog\/wp-json\/wp\/v2\/types\/post"}],"author":[{"embeddable":true,"href":"https:\/\/www.visit-ulcinj.com\/blog\/wp-json\/wp\/v2\/users\/1"}],"replies":[{"embeddable":true,"href":"https:\/\/www.visit-ulcinj.com\/blog\/wp-json\/wp\/v2\/comments?post=93468"}],"version-history":[{"count":2,"href":"https:\/\/www.visit-ulcinj.com\/blog\/wp-json\/wp\/v2\/posts\/93468\/revisions"}],"predecessor-version":[{"id":93474,"href":"https:\/\/www.visit-ulcinj.com\/blog\/wp-json\/wp\/v2\/posts\/93468\/revisions\/93474"}],"wp:attachment":[{"href":"https:\/\/www.visit-ulcinj.com\/blog\/wp-json\/wp\/v2\/media?parent=93468"}],"wp:term":[{"taxonomy":"category","embeddable":true,"href":"https:\/\/www.visit-ulcinj.com\/blog\/wp-json\/wp\/v2\/categories?post=93468"},{"taxonomy":"post_tag","embeddable":true,"href":"https:\/\/www.visit-ulcinj.com\/blog\/wp-json\/wp\/v2\/tags?post=93468"}],"curies":[{"name":"wp","href":"https:\/\/api.w.org\/{rel}","templated":true}]}}