{"id":93470,"date":"2015-12-02T19:45:16","date_gmt":"2015-12-02T18:45:16","guid":{"rendered":"http:\/\/www.visit-ulcinj.com\/blog\/?p=93470"},"modified":"2015-12-02T19:49:44","modified_gmt":"2015-12-02T18:49:44","slug":"shba-zgjerimi-nato-s-nuk-eshte-kercenim-per-rusine-2-dhjetor-2015","status":"publish","type":"post","link":"https:\/\/www.visit-ulcinj.com\/blog\/2015\/12\/02\/shba-zgjerimi-nato-s-nuk-eshte-kercenim-per-rusine-2-dhjetor-2015\/","title":{"rendered":"SHBA: Zgjerimi i NATO-s nuk \u00ebsht\u00eb k\u00ebrc\u00ebnim p\u00ebr Rusin\u00eb 2 Dhjetor 2015"},"content":{"rendered":"<p><a href=\"http:\/\/www.visit-ulcinj.com\/blog\/wp-content\/uploads\/2015\/12\/Kerry-.jpg\"><img loading=\"lazy\" class=\"alignleft wp-image-93471\" src=\"http:\/\/www.visit-ulcinj.com\/blog\/wp-content\/uploads\/2015\/12\/Kerry-.jpg\" alt=\"Kerry-\" width=\"508\" height=\"331\" \/><\/a>NATO \u00ebsht\u00eb nj\u00eb aleanc\u00eb mbrojt\u00ebse dhe vendimi i saj p\u00ebr t\u2019u zgjeruar n\u00eb Ballkan nuk \u00ebsht\u00eb i drejtuar kah Rusia apo ndonj\u00eb vend tjet\u00ebr, ka th\u00ebn\u00eb Sekretari Amerikan i Shtetit, John Kerry t\u00eb m\u00ebrkur\u00ebn pasi NATO i b\u00ebri ftes\u00eb zyrtare Malit t\u00eb Zi p\u00ebr an\u00ebtar\u00ebsim.<\/p>\n<div class=\"text_exposed_show\">\n<p>\u201cNATO nuk \u00ebsht\u00eb k\u00ebrc\u00ebnim p\u00ebr ask\u00ebnd&#8230; \u00ebsht\u00eb nj\u00eb aleanc\u00eb mbrojt\u00ebse, dhe q\u00ebllimi i saj \u00ebsht\u00eb thjesht\u00eb ofrimi i siguris\u00eb\u201d, ka th\u00ebn\u00eb Kerry gjat\u00eb nj\u00eb konference p\u00ebr media, raporton Reuters.<\/p>\n<p>\u201cNuk \u00ebsht\u00eb e p\u00ebrqendruar n\u00eb Rusin\u00eb apo n\u00eb ndonj\u00eb vend tjet\u00ebr\u201d, ka potencuar m\u00eb tej ai.<\/p>\n<h5 id=\"js_fw\" class=\"_5pbw\" data-ft=\"{&quot;tn&quot;:&quot;C&quot;}\"><span class=\"fwn fcg\"><span class=\"fwb fcg\" data-ft=\"{&quot;tn&quot;:&quot;k&quot;}\">Lajme Realitet<\/span><\/span><\/h5>\n<p>&nbsp;<\/p>\n<p class=\"entry-title archiveTitle\"><strong>Mali i Zi n\u00eb NATO, Tirana p\u00ebrsh\u00ebndet vendimin: Do t\u00eb rris\u00eb sigurin\u00eb n\u00eb rajon<\/strong><\/p>\n<p>Presidenti Bujar Nishani ka uruar homologun malazez, Filip Vujanovic p\u00ebr ftes\u00ebn e mar\u00eb p\u00ebr an\u00ebtar\u00ebsimin n\u00eb NATO, ku shpreh mb\u00ebshtetjen e Shqip\u00ebris\u00eb p\u00ebr vendin fqinj.<\/p>\n<p>\u201cShqip\u00ebria, si vend an\u00ebtare e NATO-s, e ka mb\u00ebshtetur fuqimisht an\u00ebtar\u00ebsimin e vendit tuaj, e bindur se kjo do t\u00eb jet\u00eb nj\u00eb vler\u00eb e shtuar jo vet\u00ebm p\u00ebr Aleanc\u00ebn, por q\u00eb do t\u2019i vlej\u00eb dhe konsolidimit t\u00eb m\u00ebtejsh\u00ebm t\u00eb paqes e stabilitetit n\u00eb rajonin ton\u00eb\u201d, thuhet n\u00eb mesazhin e presidentit Nishani.<\/p>\n<p>Kryeministri Edi Rama n\u00ebp\u00ebrmjet nj\u00eb postimi n\u00eb Fafecook duke p\u00ebrsh\u00ebndetur ftes\u00ebn e antar\u00ebsimit t\u00eb Malit t\u00eb Zi n\u00eb NATO thot\u00eb: \u201cNj\u00eb lajm i shk\u00ebqyer ftesa p\u00ebr antar\u00ebsim n\u00eb NATO drejtuar Malit t\u00eb Zi. Ne jemi krenar\u00eb q\u00eb gjithnj\u00eb kemi mb\u00ebshtetur fqinj\u00ebt tan\u00eb t\u00eb mir\u00eb dhe miq drejt\u00eb k\u00ebsaj rruge\u201d.<\/p>\n<p>Nd\u00ebrsa kryetari i Kuvendit Ilir Meta e cilesoi ftes\u00ebn p\u00ebr hapjen e bisedimeve p\u00ebr an\u00ebtar\u00ebsim si nj\u00eb vendim historik dhe si nj\u00eb konfirmim t\u00eb politik\u00ebs s\u00eb dyerve t\u00eb hapura t\u00eb NATO- s n\u00eb sh\u00ebrbim t\u00eb siguris\u00eb, stabilitetit dhe t\u00eb mbrojtjes s\u00eb vlerave demokratike t\u00eb vendeve t\u00eb rajonit ton\u00eb\u201d .<\/p>\n<p>Ministria e Jashtme shqiptare shpreht se vendi yn\u00eb ka q\u00ebn\u00eb nj\u00eb promotore e fort\u00eb e politik\u00ebs s\u00eb dyerve t\u00eb hapura t\u00eb Aleanc\u00ebs, \u201cpasi integrimi Euro-Atlantik \u00ebsht\u00eb nj\u00eb vizion p\u00ebr nj\u00eb komunitet m\u00eb t\u00eb sigurt\u00eb dhe t\u00eb q\u00ebndruesh\u00ebm trans-atlantik\u201d.<\/p>\n<p>An\u00ebtar\u00ebsimi i Malit t\u00eb Zi n\u00eb NATO ka nj\u00eb r\u00ebnd\u00ebsi gjeostrategjike, thuhet n\u00eb deklarat\u00ebn e MPJ-s\u00eb, pasi konsolidon arkitektur\u00ebn e siguris\u00eb n\u00eb hap\u00ebsir\u00ebn e Europ\u00ebs Adriatike.<\/p>\n<p><strong>Portalb.mk<\/strong><\/p>\n<\/div>\n","protected":false},"excerpt":{"rendered":"<p>NATO \u00ebsht\u00eb nj\u00eb aleanc\u00eb mbrojt\u00ebse dhe vendimi i saj p\u00ebr t\u2019u zgjeruar n\u00eb Ballkan nuk \u00ebsht\u00eb i drejtuar kah Rusia apo ndonj\u00eb vend tjet\u00ebr, ka th\u00ebn\u00eb Sekretari Amerikan i Shtetit, John Kerry t\u00eb m\u00ebrkur\u00ebn pasi NATO i b\u00ebri ftes\u00eb zyrtare Malit t\u00eb Zi p\u00ebr an\u00ebtar\u00ebsim. \u201cNATO nuk \u00ebsht\u00eb k\u00ebrc\u00ebnim p\u00ebr ask\u00ebnd&#8230; \u00ebsht\u00eb nj\u00eb aleanc\u00eb mbrojt\u00ebse, [&hellip;]<\/p>\n","protected":false},"author":1,"featured_media":0,"comment_status":"closed","ping_status":"closed","sticky":false,"template":"","format":"standard","meta":{"spay_email":"","jetpack_publicize_message":"","jetpack_is_tweetstorm":false,"jetpack_publicize_feature_enabled":true},"categories":[7],"tags":[],"jetpack_publicize_connections":[],"yoast_head":"<!-- This site is optimized with the Yoast SEO plugin v19.1 - https:\/\/yoast.com\/wordpress\/plugins\/seo\/ -->\n<title>SHBA: Zgjerimi i NATO-s nuk \u00ebsht\u00eb k\u00ebrc\u00ebnim p\u00ebr Rusin\u00eb 2 Dhjetor 2015 - Lajme nga Ulqini<\/title>\n<meta name=\"description\" content=\"NATO \u00ebsht\u00eb nj\u00eb aleanc\u00eb mbrojt\u00ebse dhe vendimi i saj p\u00ebr t\u2019u zgjeruar n\u00eb Ballkan nuk \u00ebsht\u00eb i drejtuar kah Rusia apo ndonj\u00eb vend tjet\u00ebr, ka th\u00ebn\u00eb Sekretari\" \/>\n<meta name=\"robots\" content=\"index, follow, max-snippet:-1, max-image-preview:large, max-video-preview:-1\" \/>\n<link rel=\"canonical\" href=\"https:\/\/www.visit-ulcinj.com\/blog\/2015\/12\/02\/shba-zgjerimi-nato-s-nuk-eshte-kercenim-per-rusine-2-dhjetor-2015\/\" \/>\n<meta property=\"og:locale\" content=\"en_US\" \/>\n<meta property=\"og:type\" content=\"article\" \/>\n<meta property=\"og:title\" content=\"SHBA: Zgjerimi i NATO-s nuk \u00ebsht\u00eb k\u00ebrc\u00ebnim p\u00ebr Rusin\u00eb 2 Dhjetor 2015 - Lajme nga Ulqini\" \/>\n<meta property=\"og:description\" content=\"NATO \u00ebsht\u00eb nj\u00eb aleanc\u00eb mbrojt\u00ebse dhe vendimi i saj p\u00ebr t\u2019u zgjeruar n\u00eb Ballkan nuk \u00ebsht\u00eb i drejtuar kah Rusia apo ndonj\u00eb vend tjet\u00ebr, ka th\u00ebn\u00eb Sekretari\" \/>\n<meta property=\"og:url\" content=\"https:\/\/www.visit-ulcinj.com\/blog\/2015\/12\/02\/shba-zgjerimi-nato-s-nuk-eshte-kercenim-per-rusine-2-dhjetor-2015\/\" \/>\n<meta property=\"og:site_name\" content=\"Lajme nga Ulqini\" \/>\n<meta property=\"article:published_time\" content=\"2015-12-02T18:45:16+00:00\" \/>\n<meta property=\"article:modified_time\" content=\"2015-12-02T18:49:44+00:00\" \/>\n<meta property=\"og:image\" content=\"http:\/\/www.visit-ulcinj.com\/blog\/wp-content\/uploads\/2015\/12\/Kerry-.jpg\" \/>\n<meta name=\"twitter:label1\" content=\"Written by\" \/>\n\t<meta name=\"twitter:data1\" content=\"ulqini\" \/>\n\t<meta name=\"twitter:label2\" content=\"Est. reading time\" \/>\n\t<meta name=\"twitter:data2\" content=\"2 minutes\" \/>\n<script type=\"application\/ld+json\" class=\"yoast-schema-graph\">{\"@context\":\"https:\/\/schema.org\",\"@graph\":[{\"@type\":\"WebSite\",\"@id\":\"https:\/\/www.visit-ulcinj.com\/blog\/#website\",\"url\":\"https:\/\/www.visit-ulcinj.com\/blog\/\",\"name\":\"Lajme nga Ulqini\",\"description\":\"Lajme,Vijesti,Ulqini,Ulqin,Crna Gora,Mali i Zi\",\"potentialAction\":[{\"@type\":\"SearchAction\",\"target\":{\"@type\":\"EntryPoint\",\"urlTemplate\":\"https:\/\/www.visit-ulcinj.com\/blog\/?s={search_term_string}\"},\"query-input\":\"required name=search_term_string\"}],\"inLanguage\":\"en-US\"},{\"@type\":\"ImageObject\",\"inLanguage\":\"en-US\",\"@id\":\"https:\/\/www.visit-ulcinj.com\/blog\/2015\/12\/02\/shba-zgjerimi-nato-s-nuk-eshte-kercenim-per-rusine-2-dhjetor-2015\/#primaryimage\",\"url\":\"http:\/\/www.visit-ulcinj.com\/blog\/wp-content\/uploads\/2015\/12\/Kerry-.jpg\",\"contentUrl\":\"http:\/\/www.visit-ulcinj.com\/blog\/wp-content\/uploads\/2015\/12\/Kerry-.jpg\"},{\"@type\":\"WebPage\",\"@id\":\"https:\/\/www.visit-ulcinj.com\/blog\/2015\/12\/02\/shba-zgjerimi-nato-s-nuk-eshte-kercenim-per-rusine-2-dhjetor-2015\/#webpage\",\"url\":\"https:\/\/www.visit-ulcinj.com\/blog\/2015\/12\/02\/shba-zgjerimi-nato-s-nuk-eshte-kercenim-per-rusine-2-dhjetor-2015\/\",\"name\":\"SHBA: Zgjerimi i NATO-s nuk \u00ebsht\u00eb k\u00ebrc\u00ebnim p\u00ebr Rusin\u00eb 2 Dhjetor 2015 - Lajme nga Ulqini\",\"isPartOf\":{\"@id\":\"https:\/\/www.visit-ulcinj.com\/blog\/#website\"},\"primaryImageOfPage\":{\"@id\":\"https:\/\/www.visit-ulcinj.com\/blog\/2015\/12\/02\/shba-zgjerimi-nato-s-nuk-eshte-kercenim-per-rusine-2-dhjetor-2015\/#primaryimage\"},\"datePublished\":\"2015-12-02T18:45:16+00:00\",\"dateModified\":\"2015-12-02T18:49:44+00:00\",\"author\":{\"@id\":\"https:\/\/www.visit-ulcinj.com\/blog\/#\/schema\/person\/dcab619c614d3038751c63bc2aadc06d\"},\"description\":\"NATO \u00ebsht\u00eb nj\u00eb aleanc\u00eb mbrojt\u00ebse dhe vendimi i saj p\u00ebr t\u2019u zgjeruar n\u00eb Ballkan nuk \u00ebsht\u00eb i drejtuar kah Rusia apo ndonj\u00eb vend tjet\u00ebr, ka th\u00ebn\u00eb Sekretari\",\"breadcrumb\":{\"@id\":\"https:\/\/www.visit-ulcinj.com\/blog\/2015\/12\/02\/shba-zgjerimi-nato-s-nuk-eshte-kercenim-per-rusine-2-dhjetor-2015\/#breadcrumb\"},\"inLanguage\":\"en-US\",\"potentialAction\":[{\"@type\":\"ReadAction\",\"target\":[\"https:\/\/www.visit-ulcinj.com\/blog\/2015\/12\/02\/shba-zgjerimi-nato-s-nuk-eshte-kercenim-per-rusine-2-dhjetor-2015\/\"]}]},{\"@type\":\"BreadcrumbList\",\"@id\":\"https:\/\/www.visit-ulcinj.com\/blog\/2015\/12\/02\/shba-zgjerimi-nato-s-nuk-eshte-kercenim-per-rusine-2-dhjetor-2015\/#breadcrumb\",\"itemListElement\":[{\"@type\":\"ListItem\",\"position\":1,\"name\":\"SHBA: Zgjerimi i NATO-s nuk \u00ebsht\u00eb k\u00ebrc\u00ebnim p\u00ebr Rusin\u00eb 2 Dhjetor 2015\"}]},{\"@type\":\"Person\",\"@id\":\"https:\/\/www.visit-ulcinj.com\/blog\/#\/schema\/person\/dcab619c614d3038751c63bc2aadc06d\",\"name\":\"ulqini\",\"sameAs\":[\"http:\/\/www.visit-ulcinj.com\"],\"url\":\"https:\/\/www.visit-ulcinj.com\/blog\/author\/admin\/\"}]}<\/script>\n<!-- \/ Yoast SEO plugin. -->","yoast_head_json":{"title":"SHBA: Zgjerimi i NATO-s nuk \u00ebsht\u00eb k\u00ebrc\u00ebnim p\u00ebr Rusin\u00eb 2 Dhjetor 2015 - Lajme nga Ulqini","description":"NATO \u00ebsht\u00eb nj\u00eb aleanc\u00eb mbrojt\u00ebse dhe vendimi i saj p\u00ebr t\u2019u zgjeruar n\u00eb Ballkan nuk \u00ebsht\u00eb i drejtuar kah Rusia apo ndonj\u00eb vend tjet\u00ebr, ka th\u00ebn\u00eb Sekretari","robots":{"index":"index","follow":"follow","max-snippet":"max-snippet:-1","max-image-preview":"max-image-preview:large","max-video-preview":"max-video-preview:-1"},"canonical":"https:\/\/www.visit-ulcinj.com\/blog\/2015\/12\/02\/shba-zgjerimi-nato-s-nuk-eshte-kercenim-per-rusine-2-dhjetor-2015\/","og_locale":"en_US","og_type":"article","og_title":"SHBA: Zgjerimi i NATO-s nuk \u00ebsht\u00eb k\u00ebrc\u00ebnim p\u00ebr Rusin\u00eb 2 Dhjetor 2015 - Lajme nga Ulqini","og_description":"NATO \u00ebsht\u00eb nj\u00eb aleanc\u00eb mbrojt\u00ebse dhe vendimi i saj p\u00ebr t\u2019u zgjeruar n\u00eb Ballkan nuk \u00ebsht\u00eb i drejtuar kah Rusia apo ndonj\u00eb vend tjet\u00ebr, ka th\u00ebn\u00eb Sekretari","og_url":"https:\/\/www.visit-ulcinj.com\/blog\/2015\/12\/02\/shba-zgjerimi-nato-s-nuk-eshte-kercenim-per-rusine-2-dhjetor-2015\/","og_site_name":"Lajme nga Ulqini","article_published_time":"2015-12-02T18:45:16+00:00","article_modified_time":"2015-12-02T18:49:44+00:00","og_image":[{"url":"http:\/\/www.visit-ulcinj.com\/blog\/wp-content\/uploads\/2015\/12\/Kerry-.jpg"}],"twitter_misc":{"Written by":"ulqini","Est. reading time":"2 minutes"},"schema":{"@context":"https:\/\/schema.org","@graph":[{"@type":"WebSite","@id":"https:\/\/www.visit-ulcinj.com\/blog\/#website","url":"https:\/\/www.visit-ulcinj.com\/blog\/","name":"Lajme nga Ulqini","description":"Lajme,Vijesti,Ulqini,Ulqin,Crna Gora,Mali i Zi","potentialAction":[{"@type":"SearchAction","target":{"@type":"EntryPoint","urlTemplate":"https:\/\/www.visit-ulcinj.com\/blog\/?s={search_term_string}"},"query-input":"required name=search_term_string"}],"inLanguage":"en-US"},{"@type":"ImageObject","inLanguage":"en-US","@id":"https:\/\/www.visit-ulcinj.com\/blog\/2015\/12\/02\/shba-zgjerimi-nato-s-nuk-eshte-kercenim-per-rusine-2-dhjetor-2015\/#primaryimage","url":"http:\/\/www.visit-ulcinj.com\/blog\/wp-content\/uploads\/2015\/12\/Kerry-.jpg","contentUrl":"http:\/\/www.visit-ulcinj.com\/blog\/wp-content\/uploads\/2015\/12\/Kerry-.jpg"},{"@type":"WebPage","@id":"https:\/\/www.visit-ulcinj.com\/blog\/2015\/12\/02\/shba-zgjerimi-nato-s-nuk-eshte-kercenim-per-rusine-2-dhjetor-2015\/#webpage","url":"https:\/\/www.visit-ulcinj.com\/blog\/2015\/12\/02\/shba-zgjerimi-nato-s-nuk-eshte-kercenim-per-rusine-2-dhjetor-2015\/","name":"SHBA: Zgjerimi i NATO-s nuk \u00ebsht\u00eb k\u00ebrc\u00ebnim p\u00ebr Rusin\u00eb 2 Dhjetor 2015 - Lajme nga Ulqini","isPartOf":{"@id":"https:\/\/www.visit-ulcinj.com\/blog\/#website"},"primaryImageOfPage":{"@id":"https:\/\/www.visit-ulcinj.com\/blog\/2015\/12\/02\/shba-zgjerimi-nato-s-nuk-eshte-kercenim-per-rusine-2-dhjetor-2015\/#primaryimage"},"datePublished":"2015-12-02T18:45:16+00:00","dateModified":"2015-12-02T18:49:44+00:00","author":{"@id":"https:\/\/www.visit-ulcinj.com\/blog\/#\/schema\/person\/dcab619c614d3038751c63bc2aadc06d"},"description":"NATO \u00ebsht\u00eb nj\u00eb aleanc\u00eb mbrojt\u00ebse dhe vendimi i saj p\u00ebr t\u2019u zgjeruar n\u00eb Ballkan nuk \u00ebsht\u00eb i drejtuar kah Rusia apo ndonj\u00eb vend tjet\u00ebr, ka th\u00ebn\u00eb Sekretari","breadcrumb":{"@id":"https:\/\/www.visit-ulcinj.com\/blog\/2015\/12\/02\/shba-zgjerimi-nato-s-nuk-eshte-kercenim-per-rusine-2-dhjetor-2015\/#breadcrumb"},"inLanguage":"en-US","potentialAction":[{"@type":"ReadAction","target":["https:\/\/www.visit-ulcinj.com\/blog\/2015\/12\/02\/shba-zgjerimi-nato-s-nuk-eshte-kercenim-per-rusine-2-dhjetor-2015\/"]}]},{"@type":"BreadcrumbList","@id":"https:\/\/www.visit-ulcinj.com\/blog\/2015\/12\/02\/shba-zgjerimi-nato-s-nuk-eshte-kercenim-per-rusine-2-dhjetor-2015\/#breadcrumb","itemListElement":[{"@type":"ListItem","position":1,"name":"SHBA: Zgjerimi i NATO-s nuk \u00ebsht\u00eb k\u00ebrc\u00ebnim p\u00ebr Rusin\u00eb 2 Dhjetor 2015"}]},{"@type":"Person","@id":"https:\/\/www.visit-ulcinj.com\/blog\/#\/schema\/person\/dcab619c614d3038751c63bc2aadc06d","name":"ulqini","sameAs":["http:\/\/www.visit-ulcinj.com"],"url":"https:\/\/www.visit-ulcinj.com\/blog\/author\/admin\/"}]}},"jetpack_featured_media_url":"","jetpack_sharing_enabled":true,"jetpack_shortlink":"https:\/\/wp.me\/pe6lTn-ojA","_links":{"self":[{"href":"https:\/\/www.visit-ulcinj.com\/blog\/wp-json\/wp\/v2\/posts\/93470"}],"collection":[{"href":"https:\/\/www.visit-ulcinj.com\/blog\/wp-json\/wp\/v2\/posts"}],"about":[{"href":"https:\/\/www.visit-ulcinj.com\/blog\/wp-json\/wp\/v2\/types\/post"}],"author":[{"embeddable":true,"href":"https:\/\/www.visit-ulcinj.com\/blog\/wp-json\/wp\/v2\/users\/1"}],"replies":[{"embeddable":true,"href":"https:\/\/www.visit-ulcinj.com\/blog\/wp-json\/wp\/v2\/comments?post=93470"}],"version-history":[{"count":2,"href":"https:\/\/www.visit-ulcinj.com\/blog\/wp-json\/wp\/v2\/posts\/93470\/revisions"}],"predecessor-version":[{"id":93473,"href":"https:\/\/www.visit-ulcinj.com\/blog\/wp-json\/wp\/v2\/posts\/93470\/revisions\/93473"}],"wp:attachment":[{"href":"https:\/\/www.visit-ulcinj.com\/blog\/wp-json\/wp\/v2\/media?parent=93470"}],"wp:term":[{"taxonomy":"category","embeddable":true,"href":"https:\/\/www.visit-ulcinj.com\/blog\/wp-json\/wp\/v2\/categories?post=93470"},{"taxonomy":"post_tag","embeddable":true,"href":"https:\/\/www.visit-ulcinj.com\/blog\/wp-json\/wp\/v2\/tags?post=93470"}],"curies":[{"name":"wp","href":"https:\/\/api.w.org\/{rel}","templated":true}]}}