{"id":93477,"date":"2015-12-03T07:03:31","date_gmt":"2015-12-03T06:03:31","guid":{"rendered":"http:\/\/www.visit-ulcinj.com\/blog\/?p=93477"},"modified":"2015-12-03T07:03:31","modified_gmt":"2015-12-03T06:03:31","slug":"nika-ulqini-eshte-vend-metamorfozave-te-cuditshme-politike","status":"publish","type":"post","link":"https:\/\/www.visit-ulcinj.com\/blog\/2015\/12\/03\/nika-ulqini-eshte-vend-metamorfozave-te-cuditshme-politike\/","title":{"rendered":"Nika:  Ulqini \u00ebsht\u00eb vend i metamorfozave t\u00eb \u00e7uditshme politike"},"content":{"rendered":"<p><strong> <a href=\"http:\/\/www.visit-ulcinj.com\/blog\/wp-content\/uploads\/2015\/12\/Gjeka-Cungu.jpg\"><img loading=\"lazy\" class=\"alignleft wp-image-93478\" src=\"http:\/\/www.visit-ulcinj.com\/blog\/wp-content\/uploads\/2015\/12\/Gjeka-Cungu.jpg\" alt=\"Gjeka-Cungu\" width=\"508\" height=\"435\" srcset=\"https:\/\/www.visit-ulcinj.com\/blog\/wp-content\/uploads\/2015\/12\/Gjeka-Cungu.jpg 672w, https:\/\/www.visit-ulcinj.com\/blog\/wp-content\/uploads\/2015\/12\/Gjeka-Cungu-300x257.jpg 300w\" sizes=\"(max-width: 508px) 100vw, 508px\" \/><\/a>Muhamet Nika<\/strong><\/p>\n<p><strong>MUSHKA NUK POLLI AS K\u00cbSAJ T\u00cb H\u00cbNE..?!!<\/strong><\/p>\n<p>E kemi th\u00ebn\u00eb ne, se mushka edhe\u201d po krisi pushka N\u00cb T\u00cb H\u00cbN\u00cb&#8230;\u201dnuk pjell se nuk pjell&#8230;, po qoft\u00eb ajo edhe e h\u00ebn\u00eb e n\u00ebntorit\u00a0\u00a0 q\u00eb shkoi&#8230; ( kur kuvendi i p\u00ebrfolur pritej t\u00eb shkarkonte Gjek\u00ebn), sipas Forc\u00ebs dhe DPS-s\u00eb- loros, apo kjo e h\u00ebn\u00eb ( 30 n\u00ebntor kur ai pritej t\u00eb shkarkohej\u00a0\u00a0 p\u00ebrs\u00ebri sipas Pobjed\u00ebs).<\/p>\n<p>Si duket e gjith\u00eb kjo pun\u00eb e DPS-it, me partit\u00eb shqiptare, t\u00eb kujton at\u00eb burrin me dy gra \u201cq\u00eb as si do&#8230;, e as si da&#8230;\u201d?!<\/p>\n<p><strong><em>Po ku \u00ebsht\u00eb problemi do thoni ju&#8230;?! <\/em><\/strong><\/p>\n<p>Mendojm\u00eb q\u00eb DPS, si parti n\u00eb pushtet dhe mjaft e mpreht\u00eb dhe \u201c dinake ..\u201d, \u00ebsht\u00eb e ngopur m\u00eb me sherret dhe hilet e partive shqiptare e sidomos t\u00eb Nazifit&#8230; dhe e din q\u00eb ata , apo ai, p\u00ebrs\u00ebri mund t\u00eb taktizojn\u00eb me te po t\u00eb mbeste opozit\u00eb si dikur me Medojeviqin n\u00eb zgjedhje presidenciale.<\/p>\n<p>Dhe k\u00ebshtu , pasi t\u00eb ulej Loroja n\u00eb karrige , nja disa muaj, ai do t\u00eb rrezikohej nga nj\u00eb shumic\u00eb e re parlamentare t\u00eb shqiptar\u00ebve t\u00eb mbetur jasht\u00eb me serbo malazez\u00ebt t\u00eb cil\u00ebt do t\u2019i ofronin sh\u00ebrbime Nazifit edhe pa ia k\u00ebrkuar ky. Mbase edhe huqi i Nazifit me partit\u00eb q\u00eb do mbesin n\u00eb opozit\u00eb do t\u00eb ishte brenda dit\u00ebs kalimtar <strong>&#8230;?!! ANDAJ AI- DPS, \u00cbSHT\u00cb JET\u00cbSISHT I INTERESUAR T\u2019I B\u00cbJ\u00cb T\u00cb GJITH\u00cb BASHK\u00cb EDHE PSE JAN\u00cb SI \u201cBRINAT N\u00cb THES\u201d?!! Kuptohet p\u00ebr t\u00eb evituar rrezikun e nj\u00eb koalicioni tjet\u00ebr jo principial kund\u00ebr tij. Mu p\u00ebr k\u00ebt\u00eb edhe nuk ndodhi shkarkimi i Gjek\u00ebs&#8230;?!<\/strong><\/p>\n<p>Thjesht\u00eb DPS, e ndjen q\u00eb FORCA haptas e Bardhi , tin\u00ebz bashk\u00eb me UDSH-n\u00eb \u201c patriotike\u201ddhe me pjes\u00ebn tjet\u00ebr t\u00eb kallabullekut \u2013 Abazoviq, Elezagiq, Roloviq e Cetkoviq , do t\u00eb formonin bllok t\u00eb mjaftuesh\u00ebm me 17 gishta, pas disa koh\u00ebve kund\u00ebr pushtetit t\u00eb Loros s\u00eb DPS-it.<\/p>\n<p>Kjo q\u00eb po themi ,nuk \u00ebsht\u00eb nj\u00eb art i t\u00eb pa mundshmes , por i t\u00eb mundshmes tep\u00eb reale .<\/p>\n<p>Ulqini \u00ebsht\u00eb vend i metamorfozave t\u00eb \u00e7uditshme politike , kur jan\u00eb n\u00eb pyetje interesat personale dhe partiake. K\u00ebtu shkohet gjithkush me gjith\u00eb ke , e kjo po t\u00eb ndodhte, do t\u00eb hidhte shum\u00eb larg imazhin e DPS-s\u00eb, p\u00ebrmes nj\u00eb tradhtie p\u00ebr t\u00eb 3 her\u00eb n\u00eb prag t\u00eb zgjedhjeve parlamentare ..?!! Partit\u00eb shqiptare aktualisht jan\u00eb shnd\u00ebrruar n\u00eb nj\u00eb mjegull kosmike \u00a0e cila \u00ebsht\u00eb kaotike dhe e paparashikueshme&#8230;?!<\/p>\n<p>N\u00eb k\u00ebto situata \u201cndarja e mejdani\u201d &#8211; zgjedhjet e parakohshme me nj\u00eb shpenzim- me parlamentaret , do t\u00eb ishte m\u00eb e prekshme p\u00ebr DPS. Ajo edhe k\u00ebshtu do t\u00eb duhej t\u00eb jet\u00eb , me sa duket parti e par\u00eb n\u00eb Ulqin&#8230;?!!<\/p>\n<p>&nbsp;<\/p>\n<p><strong>Pik\u00ebpamjet e shprehura n\u00eb faqen \u201cOPINIONE\u201d nuk p\u00ebrfaq\u00ebsojn\u00eb domosdoshm\u00ebrisht politik\u00ebn redaksionale t\u00eb \u201eLajmeve nga Ulqini\u201e<\/strong><\/p>\n","protected":false},"excerpt":{"rendered":"<p>Muhamet Nika MUSHKA NUK POLLI AS K\u00cbSAJ T\u00cb H\u00cbNE..?!! E kemi th\u00ebn\u00eb ne, se mushka edhe\u201d po krisi pushka N\u00cb T\u00cb H\u00cbN\u00cb&#8230;\u201dnuk pjell se nuk pjell&#8230;, po qoft\u00eb ajo edhe e h\u00ebn\u00eb e n\u00ebntorit\u00a0\u00a0 q\u00eb shkoi&#8230; ( kur kuvendi i p\u00ebrfolur pritej t\u00eb shkarkonte Gjek\u00ebn), sipas Forc\u00ebs dhe DPS-s\u00eb- loros, apo kjo e h\u00ebn\u00eb ( [&hellip;]<\/p>\n","protected":false},"author":1,"featured_media":0,"comment_status":"closed","ping_status":"closed","sticky":false,"template":"","format":"standard","meta":{"spay_email":"","jetpack_publicize_message":"","jetpack_is_tweetstorm":false,"jetpack_publicize_feature_enabled":true},"categories":[14249],"tags":[],"jetpack_publicize_connections":[],"yoast_head":"<!-- This site is optimized with the Yoast SEO plugin v19.1 - https:\/\/yoast.com\/wordpress\/plugins\/seo\/ -->\n<title>Nika: Ulqini \u00ebsht\u00eb vend i metamorfozave t\u00eb \u00e7uditshme politike - Lajme nga Ulqini<\/title>\n<meta name=\"description\" content=\"Muhamet Nika MUSHKA NUK POLLI AS K\u00cbSAJ T\u00cb H\u00cbNE..?!! E kemi th\u00ebn\u00eb ne, se mushka edhe\u201d po krisi pushka N\u00cb T\u00cb H\u00cbN\u00cb...\u201dnuk pjell se nuk pjell..., po qoft\u00eb ajo\" \/>\n<meta name=\"robots\" content=\"index, follow, max-snippet:-1, max-image-preview:large, max-video-preview:-1\" \/>\n<link rel=\"canonical\" href=\"https:\/\/www.visit-ulcinj.com\/blog\/2015\/12\/03\/nika-ulqini-eshte-vend-metamorfozave-te-cuditshme-politike\/\" \/>\n<meta property=\"og:locale\" content=\"en_US\" \/>\n<meta property=\"og:type\" content=\"article\" \/>\n<meta property=\"og:title\" content=\"Nika: Ulqini \u00ebsht\u00eb vend i metamorfozave t\u00eb \u00e7uditshme politike - Lajme nga Ulqini\" \/>\n<meta property=\"og:description\" content=\"Muhamet Nika MUSHKA NUK POLLI AS K\u00cbSAJ T\u00cb H\u00cbNE..?!! E kemi th\u00ebn\u00eb ne, se mushka edhe\u201d po krisi pushka N\u00cb T\u00cb H\u00cbN\u00cb...\u201dnuk pjell se nuk pjell..., po qoft\u00eb ajo\" \/>\n<meta property=\"og:url\" content=\"https:\/\/www.visit-ulcinj.com\/blog\/2015\/12\/03\/nika-ulqini-eshte-vend-metamorfozave-te-cuditshme-politike\/\" \/>\n<meta property=\"og:site_name\" content=\"Lajme nga Ulqini\" \/>\n<meta property=\"article:published_time\" content=\"2015-12-03T06:03:31+00:00\" \/>\n<meta property=\"og:image\" content=\"http:\/\/www.visit-ulcinj.com\/blog\/wp-content\/uploads\/2015\/12\/Gjeka-Cungu.jpg\" \/>\n<meta name=\"twitter:label1\" content=\"Written by\" \/>\n\t<meta name=\"twitter:data1\" content=\"ulqini\" \/>\n\t<meta name=\"twitter:label2\" content=\"Est. reading time\" \/>\n\t<meta name=\"twitter:data2\" content=\"2 minutes\" \/>\n<script type=\"application\/ld+json\" class=\"yoast-schema-graph\">{\"@context\":\"https:\/\/schema.org\",\"@graph\":[{\"@type\":\"WebSite\",\"@id\":\"https:\/\/www.visit-ulcinj.com\/blog\/#website\",\"url\":\"https:\/\/www.visit-ulcinj.com\/blog\/\",\"name\":\"Lajme nga Ulqini\",\"description\":\"Lajme,Vijesti,Ulqini,Ulqin,Crna Gora,Mali i Zi\",\"potentialAction\":[{\"@type\":\"SearchAction\",\"target\":{\"@type\":\"EntryPoint\",\"urlTemplate\":\"https:\/\/www.visit-ulcinj.com\/blog\/?s={search_term_string}\"},\"query-input\":\"required name=search_term_string\"}],\"inLanguage\":\"en-US\"},{\"@type\":\"ImageObject\",\"inLanguage\":\"en-US\",\"@id\":\"https:\/\/www.visit-ulcinj.com\/blog\/2015\/12\/03\/nika-ulqini-eshte-vend-metamorfozave-te-cuditshme-politike\/#primaryimage\",\"url\":\"https:\/\/www.visit-ulcinj.com\/blog\/wp-content\/uploads\/2015\/12\/Gjeka-Cungu.jpg\",\"contentUrl\":\"https:\/\/www.visit-ulcinj.com\/blog\/wp-content\/uploads\/2015\/12\/Gjeka-Cungu.jpg\",\"width\":672,\"height\":576},{\"@type\":\"WebPage\",\"@id\":\"https:\/\/www.visit-ulcinj.com\/blog\/2015\/12\/03\/nika-ulqini-eshte-vend-metamorfozave-te-cuditshme-politike\/#webpage\",\"url\":\"https:\/\/www.visit-ulcinj.com\/blog\/2015\/12\/03\/nika-ulqini-eshte-vend-metamorfozave-te-cuditshme-politike\/\",\"name\":\"Nika: Ulqini \u00ebsht\u00eb vend i metamorfozave t\u00eb \u00e7uditshme politike - Lajme nga Ulqini\",\"isPartOf\":{\"@id\":\"https:\/\/www.visit-ulcinj.com\/blog\/#website\"},\"primaryImageOfPage\":{\"@id\":\"https:\/\/www.visit-ulcinj.com\/blog\/2015\/12\/03\/nika-ulqini-eshte-vend-metamorfozave-te-cuditshme-politike\/#primaryimage\"},\"datePublished\":\"2015-12-03T06:03:31+00:00\",\"dateModified\":\"2015-12-03T06:03:31+00:00\",\"author\":{\"@id\":\"https:\/\/www.visit-ulcinj.com\/blog\/#\/schema\/person\/dcab619c614d3038751c63bc2aadc06d\"},\"description\":\"Muhamet Nika MUSHKA NUK POLLI AS K\u00cbSAJ T\u00cb H\u00cbNE..?!! E kemi th\u00ebn\u00eb ne, se mushka edhe\u201d po krisi pushka N\u00cb T\u00cb H\u00cbN\u00cb...\u201dnuk pjell se nuk pjell..., po qoft\u00eb ajo\",\"breadcrumb\":{\"@id\":\"https:\/\/www.visit-ulcinj.com\/blog\/2015\/12\/03\/nika-ulqini-eshte-vend-metamorfozave-te-cuditshme-politike\/#breadcrumb\"},\"inLanguage\":\"en-US\",\"potentialAction\":[{\"@type\":\"ReadAction\",\"target\":[\"https:\/\/www.visit-ulcinj.com\/blog\/2015\/12\/03\/nika-ulqini-eshte-vend-metamorfozave-te-cuditshme-politike\/\"]}]},{\"@type\":\"BreadcrumbList\",\"@id\":\"https:\/\/www.visit-ulcinj.com\/blog\/2015\/12\/03\/nika-ulqini-eshte-vend-metamorfozave-te-cuditshme-politike\/#breadcrumb\",\"itemListElement\":[{\"@type\":\"ListItem\",\"position\":1,\"name\":\"Nika: Ulqini \u00ebsht\u00eb vend i metamorfozave t\u00eb \u00e7uditshme politike\"}]},{\"@type\":\"Person\",\"@id\":\"https:\/\/www.visit-ulcinj.com\/blog\/#\/schema\/person\/dcab619c614d3038751c63bc2aadc06d\",\"name\":\"ulqini\",\"sameAs\":[\"http:\/\/www.visit-ulcinj.com\"],\"url\":\"https:\/\/www.visit-ulcinj.com\/blog\/author\/admin\/\"}]}<\/script>\n<!-- \/ Yoast SEO plugin. -->","yoast_head_json":{"title":"Nika: Ulqini \u00ebsht\u00eb vend i metamorfozave t\u00eb \u00e7uditshme politike - Lajme nga Ulqini","description":"Muhamet Nika MUSHKA NUK POLLI AS K\u00cbSAJ T\u00cb H\u00cbNE..?!! E kemi th\u00ebn\u00eb ne, se mushka edhe\u201d po krisi pushka N\u00cb T\u00cb H\u00cbN\u00cb...\u201dnuk pjell se nuk pjell..., po qoft\u00eb ajo","robots":{"index":"index","follow":"follow","max-snippet":"max-snippet:-1","max-image-preview":"max-image-preview:large","max-video-preview":"max-video-preview:-1"},"canonical":"https:\/\/www.visit-ulcinj.com\/blog\/2015\/12\/03\/nika-ulqini-eshte-vend-metamorfozave-te-cuditshme-politike\/","og_locale":"en_US","og_type":"article","og_title":"Nika: Ulqini \u00ebsht\u00eb vend i metamorfozave t\u00eb \u00e7uditshme politike - Lajme nga Ulqini","og_description":"Muhamet Nika MUSHKA NUK POLLI AS K\u00cbSAJ T\u00cb H\u00cbNE..?!! E kemi th\u00ebn\u00eb ne, se mushka edhe\u201d po krisi pushka N\u00cb T\u00cb H\u00cbN\u00cb...\u201dnuk pjell se nuk pjell..., po qoft\u00eb ajo","og_url":"https:\/\/www.visit-ulcinj.com\/blog\/2015\/12\/03\/nika-ulqini-eshte-vend-metamorfozave-te-cuditshme-politike\/","og_site_name":"Lajme nga Ulqini","article_published_time":"2015-12-03T06:03:31+00:00","og_image":[{"url":"http:\/\/www.visit-ulcinj.com\/blog\/wp-content\/uploads\/2015\/12\/Gjeka-Cungu.jpg"}],"twitter_misc":{"Written by":"ulqini","Est. reading time":"2 minutes"},"schema":{"@context":"https:\/\/schema.org","@graph":[{"@type":"WebSite","@id":"https:\/\/www.visit-ulcinj.com\/blog\/#website","url":"https:\/\/www.visit-ulcinj.com\/blog\/","name":"Lajme nga Ulqini","description":"Lajme,Vijesti,Ulqini,Ulqin,Crna Gora,Mali i Zi","potentialAction":[{"@type":"SearchAction","target":{"@type":"EntryPoint","urlTemplate":"https:\/\/www.visit-ulcinj.com\/blog\/?s={search_term_string}"},"query-input":"required name=search_term_string"}],"inLanguage":"en-US"},{"@type":"ImageObject","inLanguage":"en-US","@id":"https:\/\/www.visit-ulcinj.com\/blog\/2015\/12\/03\/nika-ulqini-eshte-vend-metamorfozave-te-cuditshme-politike\/#primaryimage","url":"https:\/\/www.visit-ulcinj.com\/blog\/wp-content\/uploads\/2015\/12\/Gjeka-Cungu.jpg","contentUrl":"https:\/\/www.visit-ulcinj.com\/blog\/wp-content\/uploads\/2015\/12\/Gjeka-Cungu.jpg","width":672,"height":576},{"@type":"WebPage","@id":"https:\/\/www.visit-ulcinj.com\/blog\/2015\/12\/03\/nika-ulqini-eshte-vend-metamorfozave-te-cuditshme-politike\/#webpage","url":"https:\/\/www.visit-ulcinj.com\/blog\/2015\/12\/03\/nika-ulqini-eshte-vend-metamorfozave-te-cuditshme-politike\/","name":"Nika: Ulqini \u00ebsht\u00eb vend i metamorfozave t\u00eb \u00e7uditshme politike - Lajme nga Ulqini","isPartOf":{"@id":"https:\/\/www.visit-ulcinj.com\/blog\/#website"},"primaryImageOfPage":{"@id":"https:\/\/www.visit-ulcinj.com\/blog\/2015\/12\/03\/nika-ulqini-eshte-vend-metamorfozave-te-cuditshme-politike\/#primaryimage"},"datePublished":"2015-12-03T06:03:31+00:00","dateModified":"2015-12-03T06:03:31+00:00","author":{"@id":"https:\/\/www.visit-ulcinj.com\/blog\/#\/schema\/person\/dcab619c614d3038751c63bc2aadc06d"},"description":"Muhamet Nika MUSHKA NUK POLLI AS K\u00cbSAJ T\u00cb H\u00cbNE..?!! E kemi th\u00ebn\u00eb ne, se mushka edhe\u201d po krisi pushka N\u00cb T\u00cb H\u00cbN\u00cb...\u201dnuk pjell se nuk pjell..., po qoft\u00eb ajo","breadcrumb":{"@id":"https:\/\/www.visit-ulcinj.com\/blog\/2015\/12\/03\/nika-ulqini-eshte-vend-metamorfozave-te-cuditshme-politike\/#breadcrumb"},"inLanguage":"en-US","potentialAction":[{"@type":"ReadAction","target":["https:\/\/www.visit-ulcinj.com\/blog\/2015\/12\/03\/nika-ulqini-eshte-vend-metamorfozave-te-cuditshme-politike\/"]}]},{"@type":"BreadcrumbList","@id":"https:\/\/www.visit-ulcinj.com\/blog\/2015\/12\/03\/nika-ulqini-eshte-vend-metamorfozave-te-cuditshme-politike\/#breadcrumb","itemListElement":[{"@type":"ListItem","position":1,"name":"Nika: Ulqini \u00ebsht\u00eb vend i metamorfozave t\u00eb \u00e7uditshme politike"}]},{"@type":"Person","@id":"https:\/\/www.visit-ulcinj.com\/blog\/#\/schema\/person\/dcab619c614d3038751c63bc2aadc06d","name":"ulqini","sameAs":["http:\/\/www.visit-ulcinj.com"],"url":"https:\/\/www.visit-ulcinj.com\/blog\/author\/admin\/"}]}},"jetpack_featured_media_url":"","jetpack_sharing_enabled":true,"jetpack_shortlink":"https:\/\/wp.me\/pe6lTn-ojH","_links":{"self":[{"href":"https:\/\/www.visit-ulcinj.com\/blog\/wp-json\/wp\/v2\/posts\/93477"}],"collection":[{"href":"https:\/\/www.visit-ulcinj.com\/blog\/wp-json\/wp\/v2\/posts"}],"about":[{"href":"https:\/\/www.visit-ulcinj.com\/blog\/wp-json\/wp\/v2\/types\/post"}],"author":[{"embeddable":true,"href":"https:\/\/www.visit-ulcinj.com\/blog\/wp-json\/wp\/v2\/users\/1"}],"replies":[{"embeddable":true,"href":"https:\/\/www.visit-ulcinj.com\/blog\/wp-json\/wp\/v2\/comments?post=93477"}],"version-history":[{"count":1,"href":"https:\/\/www.visit-ulcinj.com\/blog\/wp-json\/wp\/v2\/posts\/93477\/revisions"}],"predecessor-version":[{"id":93479,"href":"https:\/\/www.visit-ulcinj.com\/blog\/wp-json\/wp\/v2\/posts\/93477\/revisions\/93479"}],"wp:attachment":[{"href":"https:\/\/www.visit-ulcinj.com\/blog\/wp-json\/wp\/v2\/media?parent=93477"}],"wp:term":[{"taxonomy":"category","embeddable":true,"href":"https:\/\/www.visit-ulcinj.com\/blog\/wp-json\/wp\/v2\/categories?post=93477"},{"taxonomy":"post_tag","embeddable":true,"href":"https:\/\/www.visit-ulcinj.com\/blog\/wp-json\/wp\/v2\/tags?post=93477"}],"curies":[{"name":"wp","href":"https:\/\/api.w.org\/{rel}","templated":true}]}}