{"id":93493,"date":"2015-12-04T22:00:44","date_gmt":"2015-12-04T21:00:44","guid":{"rendered":"http:\/\/www.visit-ulcinj.com\/blog\/?p=93493"},"modified":"2015-12-04T22:00:44","modified_gmt":"2015-12-04T21:00:44","slug":"karate-club-rei-mori-pjese-ne-turneun-mbarkombetar-ne-tiran","status":"publish","type":"post","link":"https:\/\/www.visit-ulcinj.com\/blog\/2015\/12\/04\/karate-club-rei-mori-pjese-ne-turneun-mbarkombetar-ne-tiran\/","title":{"rendered":"Karate Club ,, Rei ,, mori pjes\u00eb n\u00eb turneun mbarkomb\u00ebtar n\u00eb Tiran"},"content":{"rendered":"<p><span class=\"_3qi9\"><a href=\"http:\/\/www.visit-ulcinj.com\/blog\/wp-content\/uploads\/2015\/12\/Karate-Club-Rei-Tiran.jpg\"><img loading=\"lazy\" class=\"alignleft wp-image-93494\" src=\"http:\/\/www.visit-ulcinj.com\/blog\/wp-content\/uploads\/2015\/12\/Karate-Club-Rei-Tiran.jpg\" alt=\"Karate Club -Rei-Tiran\" width=\"508\" height=\"381\" srcset=\"https:\/\/www.visit-ulcinj.com\/blog\/wp-content\/uploads\/2015\/12\/Karate-Club-Rei-Tiran.jpg 960w, https:\/\/www.visit-ulcinj.com\/blog\/wp-content\/uploads\/2015\/12\/Karate-Club-Rei-Tiran-300x225.jpg 300w\" sizes=\"(max-width: 508px) 100vw, 508px\" \/><\/a>KK ,,Rei,, vazhdon me suksese dhe n\u00eb turneun mbarkomb\u00ebtar n\u00eb Tiran me rastin e dit\u00ebs s\u00eb Flamurit.KK,,Rei,, mori pjes\u00eb me 4 garues ku arrit\u00ebn t\u00eb korurzohen me : 1 medalje t\u00eb Art\u00eb , 2 medalje Argjendta dhe 3 medalje t\u00eb Bronzta. Trajner\u00ebt p\u00ebrg\u00ebzojn garuesit p\u00ebr rezulltatet e arritura.<\/span><\/p>\n<div class=\"_ohe lfloat\"><\/div>\n<div class=\"\">\n<div class=\"_42ef _8u\">\n<div>\n<div class=\"clearfix\">\n<div class=\"_ohe lfloat\">\n<div>\n<div class=\"_5hpc\"><strong><a id=\"js_1o\" href=\"https:\/\/www.facebook.com\/karate.clubrei\" data-hovercard=\"\/ajax\/hovercard\/hovercard.php?id=100006467874546&amp;extragetparams=%7B%7D\">Karate Club Rei Ulcinj-Ulqin Facebook<\/a><\/strong><\/div>\n<div class=\"_5hpc\"><a href=\"http:\/\/www.visit-ulcinj.com\/blog\/wp-content\/uploads\/2015\/12\/Karate-Club-Rei-Tiran-1.jpg\"><img loading=\"lazy\" class=\"alignleft wp-image-93495\" src=\"http:\/\/www.visit-ulcinj.com\/blog\/wp-content\/uploads\/2015\/12\/Karate-Club-Rei-Tiran-1.jpg\" alt=\"Karate Club -Rei-Tiran-1\" width=\"508\" height=\"439\" srcset=\"https:\/\/www.visit-ulcinj.com\/blog\/wp-content\/uploads\/2015\/12\/Karate-Club-Rei-Tiran-1.jpg 556w, https:\/\/www.visit-ulcinj.com\/blog\/wp-content\/uploads\/2015\/12\/Karate-Club-Rei-Tiran-1-300x259.jpg 300w\" sizes=\"(max-width: 508px) 100vw, 508px\" \/><\/a><\/div>\n<\/div>\n<\/div>\n<\/div>\n<\/div>\n<\/div>\n<\/div>\n","protected":false},"excerpt":{"rendered":"<p>KK ,,Rei,, vazhdon me suksese dhe n\u00eb turneun mbarkomb\u00ebtar n\u00eb Tiran me rastin e dit\u00ebs s\u00eb Flamurit.KK,,Rei,, mori pjes\u00eb me 4 garues ku arrit\u00ebn t\u00eb korurzohen me : 1 medalje t\u00eb Art\u00eb , 2 medalje Argjendta dhe 3 medalje t\u00eb Bronzta. Trajner\u00ebt p\u00ebrg\u00ebzojn garuesit p\u00ebr rezulltatet e arritura. Karate Club Rei Ulcinj-Ulqin Facebook<\/p>\n","protected":false},"author":1,"featured_media":0,"comment_status":"closed","ping_status":"closed","sticky":false,"template":"","format":"standard","meta":{"spay_email":"","jetpack_publicize_message":"","jetpack_is_tweetstorm":false,"jetpack_publicize_feature_enabled":true},"categories":[3],"tags":[],"jetpack_publicize_connections":[],"yoast_head":"<!-- This site is optimized with the Yoast SEO plugin v19.1 - https:\/\/yoast.com\/wordpress\/plugins\/seo\/ -->\n<title>Karate Club ,, Rei ,, mori pjes\u00eb n\u00eb turneun mbarkomb\u00ebtar n\u00eb Tiran - Lajme nga Ulqini<\/title>\n<meta name=\"description\" content=\"KK ,,Rei,, vazhdon me suksese dhe n\u00eb turneun mbarkomb\u00ebtar n\u00eb Tiran me rastin e dit\u00ebs s\u00eb Flamurit.KK,,Rei,, mori pjes\u00eb me 4 garues ku arrit\u00ebn t\u00eb korurzohen\" \/>\n<meta name=\"robots\" content=\"index, follow, max-snippet:-1, max-image-preview:large, max-video-preview:-1\" \/>\n<link rel=\"canonical\" href=\"https:\/\/www.visit-ulcinj.com\/blog\/2015\/12\/04\/karate-club-rei-mori-pjese-ne-turneun-mbarkombetar-ne-tiran\/\" \/>\n<meta property=\"og:locale\" content=\"en_US\" \/>\n<meta property=\"og:type\" content=\"article\" \/>\n<meta property=\"og:title\" content=\"Karate Club ,, Rei ,, mori pjes\u00eb n\u00eb turneun mbarkomb\u00ebtar n\u00eb Tiran - Lajme nga Ulqini\" \/>\n<meta property=\"og:description\" content=\"KK ,,Rei,, vazhdon me suksese dhe n\u00eb turneun mbarkomb\u00ebtar n\u00eb Tiran me rastin e dit\u00ebs s\u00eb Flamurit.KK,,Rei,, mori pjes\u00eb me 4 garues ku arrit\u00ebn t\u00eb korurzohen\" \/>\n<meta property=\"og:url\" content=\"https:\/\/www.visit-ulcinj.com\/blog\/2015\/12\/04\/karate-club-rei-mori-pjese-ne-turneun-mbarkombetar-ne-tiran\/\" \/>\n<meta property=\"og:site_name\" content=\"Lajme nga Ulqini\" \/>\n<meta property=\"article:published_time\" content=\"2015-12-04T21:00:44+00:00\" \/>\n<meta property=\"og:image\" content=\"http:\/\/www.visit-ulcinj.com\/blog\/wp-content\/uploads\/2015\/12\/Karate-Club-Rei-Tiran.jpg\" \/>\n<meta name=\"twitter:label1\" content=\"Written by\" \/>\n\t<meta name=\"twitter:data1\" content=\"ulqini\" \/>\n<script type=\"application\/ld+json\" class=\"yoast-schema-graph\">{\"@context\":\"https:\/\/schema.org\",\"@graph\":[{\"@type\":\"WebSite\",\"@id\":\"https:\/\/www.visit-ulcinj.com\/blog\/#website\",\"url\":\"https:\/\/www.visit-ulcinj.com\/blog\/\",\"name\":\"Lajme nga Ulqini\",\"description\":\"Lajme,Vijesti,Ulqini,Ulqin,Crna Gora,Mali i Zi\",\"potentialAction\":[{\"@type\":\"SearchAction\",\"target\":{\"@type\":\"EntryPoint\",\"urlTemplate\":\"https:\/\/www.visit-ulcinj.com\/blog\/?s={search_term_string}\"},\"query-input\":\"required name=search_term_string\"}],\"inLanguage\":\"en-US\"},{\"@type\":\"ImageObject\",\"inLanguage\":\"en-US\",\"@id\":\"https:\/\/www.visit-ulcinj.com\/blog\/2015\/12\/04\/karate-club-rei-mori-pjese-ne-turneun-mbarkombetar-ne-tiran\/#primaryimage\",\"url\":\"https:\/\/www.visit-ulcinj.com\/blog\/wp-content\/uploads\/2015\/12\/Karate-Club-Rei-Tiran.jpg\",\"contentUrl\":\"https:\/\/www.visit-ulcinj.com\/blog\/wp-content\/uploads\/2015\/12\/Karate-Club-Rei-Tiran.jpg\",\"width\":960,\"height\":720},{\"@type\":\"WebPage\",\"@id\":\"https:\/\/www.visit-ulcinj.com\/blog\/2015\/12\/04\/karate-club-rei-mori-pjese-ne-turneun-mbarkombetar-ne-tiran\/#webpage\",\"url\":\"https:\/\/www.visit-ulcinj.com\/blog\/2015\/12\/04\/karate-club-rei-mori-pjese-ne-turneun-mbarkombetar-ne-tiran\/\",\"name\":\"Karate Club ,, Rei ,, mori pjes\u00eb n\u00eb turneun mbarkomb\u00ebtar n\u00eb Tiran - Lajme nga Ulqini\",\"isPartOf\":{\"@id\":\"https:\/\/www.visit-ulcinj.com\/blog\/#website\"},\"primaryImageOfPage\":{\"@id\":\"https:\/\/www.visit-ulcinj.com\/blog\/2015\/12\/04\/karate-club-rei-mori-pjese-ne-turneun-mbarkombetar-ne-tiran\/#primaryimage\"},\"datePublished\":\"2015-12-04T21:00:44+00:00\",\"dateModified\":\"2015-12-04T21:00:44+00:00\",\"author\":{\"@id\":\"https:\/\/www.visit-ulcinj.com\/blog\/#\/schema\/person\/dcab619c614d3038751c63bc2aadc06d\"},\"description\":\"KK ,,Rei,, vazhdon me suksese dhe n\u00eb turneun mbarkomb\u00ebtar n\u00eb Tiran me rastin e dit\u00ebs s\u00eb Flamurit.KK,,Rei,, mori pjes\u00eb me 4 garues ku arrit\u00ebn t\u00eb korurzohen\",\"breadcrumb\":{\"@id\":\"https:\/\/www.visit-ulcinj.com\/blog\/2015\/12\/04\/karate-club-rei-mori-pjese-ne-turneun-mbarkombetar-ne-tiran\/#breadcrumb\"},\"inLanguage\":\"en-US\",\"potentialAction\":[{\"@type\":\"ReadAction\",\"target\":[\"https:\/\/www.visit-ulcinj.com\/blog\/2015\/12\/04\/karate-club-rei-mori-pjese-ne-turneun-mbarkombetar-ne-tiran\/\"]}]},{\"@type\":\"BreadcrumbList\",\"@id\":\"https:\/\/www.visit-ulcinj.com\/blog\/2015\/12\/04\/karate-club-rei-mori-pjese-ne-turneun-mbarkombetar-ne-tiran\/#breadcrumb\",\"itemListElement\":[{\"@type\":\"ListItem\",\"position\":1,\"name\":\"Karate Club ,, Rei ,, mori pjes\u00eb n\u00eb turneun mbarkomb\u00ebtar n\u00eb Tiran\"}]},{\"@type\":\"Person\",\"@id\":\"https:\/\/www.visit-ulcinj.com\/blog\/#\/schema\/person\/dcab619c614d3038751c63bc2aadc06d\",\"name\":\"ulqini\",\"sameAs\":[\"http:\/\/www.visit-ulcinj.com\"],\"url\":\"https:\/\/www.visit-ulcinj.com\/blog\/author\/admin\/\"}]}<\/script>\n<!-- \/ Yoast SEO plugin. -->","yoast_head_json":{"title":"Karate Club ,, Rei ,, mori pjes\u00eb n\u00eb turneun mbarkomb\u00ebtar n\u00eb Tiran - Lajme nga Ulqini","description":"KK ,,Rei,, vazhdon me suksese dhe n\u00eb turneun mbarkomb\u00ebtar n\u00eb Tiran me rastin e dit\u00ebs s\u00eb Flamurit.KK,,Rei,, mori pjes\u00eb me 4 garues ku arrit\u00ebn t\u00eb korurzohen","robots":{"index":"index","follow":"follow","max-snippet":"max-snippet:-1","max-image-preview":"max-image-preview:large","max-video-preview":"max-video-preview:-1"},"canonical":"https:\/\/www.visit-ulcinj.com\/blog\/2015\/12\/04\/karate-club-rei-mori-pjese-ne-turneun-mbarkombetar-ne-tiran\/","og_locale":"en_US","og_type":"article","og_title":"Karate Club ,, Rei ,, mori pjes\u00eb n\u00eb turneun mbarkomb\u00ebtar n\u00eb Tiran - Lajme nga Ulqini","og_description":"KK ,,Rei,, vazhdon me suksese dhe n\u00eb turneun mbarkomb\u00ebtar n\u00eb Tiran me rastin e dit\u00ebs s\u00eb Flamurit.KK,,Rei,, mori pjes\u00eb me 4 garues ku arrit\u00ebn t\u00eb korurzohen","og_url":"https:\/\/www.visit-ulcinj.com\/blog\/2015\/12\/04\/karate-club-rei-mori-pjese-ne-turneun-mbarkombetar-ne-tiran\/","og_site_name":"Lajme nga Ulqini","article_published_time":"2015-12-04T21:00:44+00:00","og_image":[{"url":"http:\/\/www.visit-ulcinj.com\/blog\/wp-content\/uploads\/2015\/12\/Karate-Club-Rei-Tiran.jpg"}],"twitter_misc":{"Written by":"ulqini"},"schema":{"@context":"https:\/\/schema.org","@graph":[{"@type":"WebSite","@id":"https:\/\/www.visit-ulcinj.com\/blog\/#website","url":"https:\/\/www.visit-ulcinj.com\/blog\/","name":"Lajme nga Ulqini","description":"Lajme,Vijesti,Ulqini,Ulqin,Crna Gora,Mali i Zi","potentialAction":[{"@type":"SearchAction","target":{"@type":"EntryPoint","urlTemplate":"https:\/\/www.visit-ulcinj.com\/blog\/?s={search_term_string}"},"query-input":"required name=search_term_string"}],"inLanguage":"en-US"},{"@type":"ImageObject","inLanguage":"en-US","@id":"https:\/\/www.visit-ulcinj.com\/blog\/2015\/12\/04\/karate-club-rei-mori-pjese-ne-turneun-mbarkombetar-ne-tiran\/#primaryimage","url":"https:\/\/www.visit-ulcinj.com\/blog\/wp-content\/uploads\/2015\/12\/Karate-Club-Rei-Tiran.jpg","contentUrl":"https:\/\/www.visit-ulcinj.com\/blog\/wp-content\/uploads\/2015\/12\/Karate-Club-Rei-Tiran.jpg","width":960,"height":720},{"@type":"WebPage","@id":"https:\/\/www.visit-ulcinj.com\/blog\/2015\/12\/04\/karate-club-rei-mori-pjese-ne-turneun-mbarkombetar-ne-tiran\/#webpage","url":"https:\/\/www.visit-ulcinj.com\/blog\/2015\/12\/04\/karate-club-rei-mori-pjese-ne-turneun-mbarkombetar-ne-tiran\/","name":"Karate Club ,, Rei ,, mori pjes\u00eb n\u00eb turneun mbarkomb\u00ebtar n\u00eb Tiran - Lajme nga Ulqini","isPartOf":{"@id":"https:\/\/www.visit-ulcinj.com\/blog\/#website"},"primaryImageOfPage":{"@id":"https:\/\/www.visit-ulcinj.com\/blog\/2015\/12\/04\/karate-club-rei-mori-pjese-ne-turneun-mbarkombetar-ne-tiran\/#primaryimage"},"datePublished":"2015-12-04T21:00:44+00:00","dateModified":"2015-12-04T21:00:44+00:00","author":{"@id":"https:\/\/www.visit-ulcinj.com\/blog\/#\/schema\/person\/dcab619c614d3038751c63bc2aadc06d"},"description":"KK ,,Rei,, vazhdon me suksese dhe n\u00eb turneun mbarkomb\u00ebtar n\u00eb Tiran me rastin e dit\u00ebs s\u00eb Flamurit.KK,,Rei,, mori pjes\u00eb me 4 garues ku arrit\u00ebn t\u00eb korurzohen","breadcrumb":{"@id":"https:\/\/www.visit-ulcinj.com\/blog\/2015\/12\/04\/karate-club-rei-mori-pjese-ne-turneun-mbarkombetar-ne-tiran\/#breadcrumb"},"inLanguage":"en-US","potentialAction":[{"@type":"ReadAction","target":["https:\/\/www.visit-ulcinj.com\/blog\/2015\/12\/04\/karate-club-rei-mori-pjese-ne-turneun-mbarkombetar-ne-tiran\/"]}]},{"@type":"BreadcrumbList","@id":"https:\/\/www.visit-ulcinj.com\/blog\/2015\/12\/04\/karate-club-rei-mori-pjese-ne-turneun-mbarkombetar-ne-tiran\/#breadcrumb","itemListElement":[{"@type":"ListItem","position":1,"name":"Karate Club ,, Rei ,, mori pjes\u00eb n\u00eb turneun mbarkomb\u00ebtar n\u00eb Tiran"}]},{"@type":"Person","@id":"https:\/\/www.visit-ulcinj.com\/blog\/#\/schema\/person\/dcab619c614d3038751c63bc2aadc06d","name":"ulqini","sameAs":["http:\/\/www.visit-ulcinj.com"],"url":"https:\/\/www.visit-ulcinj.com\/blog\/author\/admin\/"}]}},"jetpack_featured_media_url":"","jetpack_sharing_enabled":true,"jetpack_shortlink":"https:\/\/wp.me\/pe6lTn-ojX","_links":{"self":[{"href":"https:\/\/www.visit-ulcinj.com\/blog\/wp-json\/wp\/v2\/posts\/93493"}],"collection":[{"href":"https:\/\/www.visit-ulcinj.com\/blog\/wp-json\/wp\/v2\/posts"}],"about":[{"href":"https:\/\/www.visit-ulcinj.com\/blog\/wp-json\/wp\/v2\/types\/post"}],"author":[{"embeddable":true,"href":"https:\/\/www.visit-ulcinj.com\/blog\/wp-json\/wp\/v2\/users\/1"}],"replies":[{"embeddable":true,"href":"https:\/\/www.visit-ulcinj.com\/blog\/wp-json\/wp\/v2\/comments?post=93493"}],"version-history":[{"count":1,"href":"https:\/\/www.visit-ulcinj.com\/blog\/wp-json\/wp\/v2\/posts\/93493\/revisions"}],"predecessor-version":[{"id":93496,"href":"https:\/\/www.visit-ulcinj.com\/blog\/wp-json\/wp\/v2\/posts\/93493\/revisions\/93496"}],"wp:attachment":[{"href":"https:\/\/www.visit-ulcinj.com\/blog\/wp-json\/wp\/v2\/media?parent=93493"}],"wp:term":[{"taxonomy":"category","embeddable":true,"href":"https:\/\/www.visit-ulcinj.com\/blog\/wp-json\/wp\/v2\/categories?post=93493"},{"taxonomy":"post_tag","embeddable":true,"href":"https:\/\/www.visit-ulcinj.com\/blog\/wp-json\/wp\/v2\/tags?post=93493"}],"curies":[{"name":"wp","href":"https:\/\/api.w.org\/{rel}","templated":true}]}}