{"id":93499,"date":"2015-12-05T08:06:38","date_gmt":"2015-12-05T07:06:38","guid":{"rendered":"http:\/\/www.visit-ulcinj.com\/blog\/?p=93499"},"modified":"2015-12-05T08:06:38","modified_gmt":"2015-12-05T07:06:38","slug":"na-maloj-plazi-zuberima-vratili-imovinu-milosevicima-nece","status":"publish","type":"post","link":"https:\/\/www.visit-ulcinj.com\/blog\/2015\/12\/05\/na-maloj-plazi-zuberima-vratili-imovinu-milosevicima-nece\/","title":{"rendered":"Na maloj pla\u017ei Zuberima vratili imovinu, Milo\u0161evi\u0107ima ne\u0107e"},"content":{"rendered":"<p><span class=\"tekstcijeli\"><span class=\"kapital\"><a href=\"http:\/\/www.visit-ulcinj.com\/blog\/wp-content\/uploads\/2013\/07\/Fama-mala-plaza-Ulcinj.jpg\"><img loading=\"lazy\" class=\"alignleft wp-image-73756\" src=\"http:\/\/www.visit-ulcinj.com\/blog\/wp-content\/uploads\/2013\/07\/Fama-mala-plaza-Ulcinj.jpg\" alt=\"Fama-mala-plaza-Ulcinj\" width=\"508\" height=\"339\" srcset=\"https:\/\/www.visit-ulcinj.com\/blog\/wp-content\/uploads\/2013\/07\/Fama-mala-plaza-Ulcinj.jpg 720w, https:\/\/www.visit-ulcinj.com\/blog\/wp-content\/uploads\/2013\/07\/Fama-mala-plaza-Ulcinj-300x200.jpg 300w\" sizes=\"(max-width: 508px) 100vw, 508px\" \/><\/a>N<\/span>a za\u00adhtjev Op\u00ad\u0161ti\u00adne Ul\u00adcinj Ko\u00admi\u00adsi\u00adja za \u017eal\u00adbe u Pod\u00adgo\u00adri\u00adci u po\u00adstup\u00adku vra\u00ad\u0107a\u00adnja imo\u00advi\u00adne na lo\u00adkalitetu Ki\u00adno ba\u00ad\u0161ta po\u00adni\u00ad\u0161ti\u00adla je rje\u00ad\u0161e\u00adnje Ko\u00admi\u00adsi\u00adje za re\u00adsti\u00adtu\u00adci\u00adju iz Ba\u00adra ko\u00adjim se po\u00adro\u00addi\u00adci Mi\u00adlo\u00ad\u0161e\u00advi\u0107 na toj lo\u00adka\u00adci\u00adji vra\u00ad\u0107a oko 800 kva\u00addra\u00adta, sa\u00adop\u00ad\u0161te\u00adno je iz Se\u00adkre\u00adta\u00adri\u00adja\u00adta za za\u00ad\u0161ti\u00adtu op\u00ad\u0161tin\u00adske imo\u00advi\u00adne. Pod\u00adsje\u00adti\u00admo, ne\u00addav\u00adno je od\u00adlu\u00adkom Vr\u00adhov\u00adnog su\u00adda po\u00adtvr\u00ad\u0111e\u00adno rje\u00ad\u0161e\u00adnje Ko\u00admi\u00adsi\u00adje za re\u00adsti\u00adtu\u00adci\u00adju iz Ba\u00adra, ko\u00adjim se na\u00adsled\u00adni\u00adci\u00adma po\u00adro\u00addi\u00adce Ni\u00adko\u00adle Zu\u00adbe\u00adra vra\u00ad\u0107a imo\u00advi\u00adna od 676 kva\u00addra\u00adta na lo\u00adka\u00adli\u00adte\u00adtu ljet\u00adnje Ki\u00adno ba\u00ad\u0161te ko\u00adja se na\u00adla\u00adzi na Ma\u00adloj pla\u00ad\u017ei. Osnov za vra\u00ad\u0107a\u00adnje bio je to \u0161to je imo\u00advi\u00adna ko\u00adja je na\u00adkon 1954. go\u00addi\u00adne od\u00adu\u00adze\u00adta ni\u00adje pri\u00adve\u00adde\u00adna na\u00admje\u00adni, od\u00adno\u00adsno, ljet\u00adnja Ki\u00adno ba\u00ad\u0161ta vi\u00ad\u0161e od jed\u00adne de\u00adce\u00adni\u00adje ne ra\u00addi, ve\u0107 se iz\u00adda\u00adje u za\u00adkup lo\u00adkal\u00adnom ugo\u00adsti\u00adte\u00adlju Val\u00adde\u00adtu Lja\u00admo\u00advi\u00ad\u0107u ko\u00adji na tom mje\u00adstu jo\u0161 pri\u00adje de\u00adse\u00adtak go\u00addi\u00adna otvo\u00adrio di\u00adsko\u00adte\u00adku \u201eFa\u00adma\u201c. Se\u00adkre\u00adtar Se\u00adkre\u00adta\u00adri\u00adja\u00adta za za\u00ad\u0161ti\u00adtu imo\u00advi\u00adne Gzim Ha\u00add\u017ei\u00adbe\u00adti ka\u00adzao je da su u ta\u00adko\u00adre\u00ad\u0107i u is\u00adtoj prav\u00adnoj stva\u00adri.<br \/>\n&#8211; U ovom slu\u00ad\u010da\u00adju pri\u00adhva\u00ad\u0107e\u00adna je na\u00ad\u0161a pri\u00admjed\u00adba da se ra\u00addi o iz\u00adgra\u00ad\u0111e\u00adnom grad\u00adskom gra\u00ad\u0111e\u00advin\u00adskom ze\u00admlji\u00ad\u0161tu ko\u00adje se ko\u00adri\u00adsti za dje\u00adlat\u00adnost kul\u00adtu\u00adre, po uvje\u00adre\u00adnju Se\u00adkre\u00adta\u00adri\u00adja\u00adta za ur\u00adba\u00adni\u00adzam iz 2007. go\u00addi\u00adne. Zbog to\u00adga je po\u00adni\u00ad\u0161te\u00adno jer ni\u00adje u skla\u00addu sa Za\u00adko\u00adnom o po\u00advra\u00ad\u0107a\u00adju od\u00adu\u00adze\u00adtih imo\u00advin\u00adkih pra\u00adva. Isto to uvje\u00adre\u00adnje pri\u00adlo\u00ad\u017ei\u00adli smo i u slu\u00ad\u010da\u00adju po\u00adro\u00addi\u00adce Zu\u00adber ko\u00adji\u00adma je imo\u00advi\u00adna vra\u00ad\u0107e\u00adna pra\u00advo\u00adsna\u00ad\u017eno. Ta\u00adda ni\u00adje uva\u00ad\u017ee\u00adna na\u00ad\u0161a pri\u00admjed\u00adba. Ra\u00addi se o is\u00adtoj imo\u00advi\u00adni i mo\u00adram re\u00ad\u0107i da je vi\u00ad\u0161e ne\u00adgo \u010dud\u00adno ka\u00adko se raz\u00adli\u00ad\u010di\u00adto tu\u00adma\u00ad\u010di jed\u00adna te ista stvar &#8211; re\u00adkao je Ha\u00add\u017ei\u00adbe\u00adti.<br \/>\nNa za\u00adhtjev Osnov\u00adnog dr\u00ad\u017eav\u00adnog tu\u00ad\u017ei\u00adla\u00ad\u0161tva iz Ul\u00adci\u00adnja, ne\u00addav\u00adno je po\u00ad\u010de\u00adlo sa\u00adslu\u00ad\u0161a\u00adva\u00adnje svje\u00addo\u00adka u slu\u00ad\u010da\u00adju \u201eKi\u00adno ba\u00ad\u0161ta\u201d. Po\u00adzi\u00advi za svje\u00addo\u00ad\u010de\u00adnje u po\u00adli\u00adci\u00adji upu\u00ad\u0107e\u00adni su po\u00adje\u00addi\u00adnim od\u00adbor\u00adni\u00adci\u00adma u ul\u00adcinj\u00adskom par\u00adla\u00admen\u00adtu i ne\u00adka\u00adda\u00ad\u0161njim ru\u00adko\u00advo\u00addi\u00ado\u00adci\u00adma ul\u00adcinj\u00adskog JP Cen\u00adtar za kul\u00adtu\u00adru, dok su ra\u00adni\u00adje iz\u00adja\u00adve da\u00adli ve\u00ad\u0107i\u00adna biv\u00ad\u0161ih \u010dla\u00adno\u00adva Uprav\u00adnog od\u00adbo\u00adra te in\u00adsti\u00adtu\u00adci\u00adje. Ki\u00adno ba\u00ad\u0161ta na Pri\u00adsta\u00adnu je de\u00adce\u00adni\u00adja\u00adma bi\u00adla u vla\u00adsni\u00ad\u0161tvu Cen\u00adtra za kul\u00adtu\u00adru. Iz SNP-a je ne\u00addav\u00adno na\u00adja\u00advlje\u00adno da \u0107e ini\u00adci\u00adra\u00adti osni\u00adva\u00adnje skup\u00ad\u0161tin\u00adskog ti\u00adje\u00adla ko\u00adje bi se ba\u00advi\u00adlo is\u00adtra\u00adgom ka\u00adko je Op\u00ad\u0161ti\u00adna Ul\u00adcinj osta\u00adla bez mi\u00adli\u00adon\u00adski vri\u00adjed\u00adnog lo\u00adka\u00adli\u00adte\u00adta ne\u00adka\u00adda\u00ad\u0161nje ki\u00adno ba\u00ad\u0161te<strong>.M.K.<\/strong><\/span><\/p>\n<p><strong>Izvor: DAN<\/strong><\/p>\n","protected":false},"excerpt":{"rendered":"<p>Na za\u00adhtjev Op\u00ad\u0161ti\u00adne Ul\u00adcinj Ko\u00admi\u00adsi\u00adja za \u017eal\u00adbe u Pod\u00adgo\u00adri\u00adci u po\u00adstup\u00adku vra\u00ad\u0107a\u00adnja imo\u00advi\u00adne na lo\u00adkalitetu Ki\u00adno ba\u00ad\u0161ta po\u00adni\u00ad\u0161ti\u00adla je rje\u00ad\u0161e\u00adnje Ko\u00admi\u00adsi\u00adje za re\u00adsti\u00adtu\u00adci\u00adju iz Ba\u00adra ko\u00adjim se po\u00adro\u00addi\u00adci Mi\u00adlo\u00ad\u0161e\u00advi\u0107 na toj lo\u00adka\u00adci\u00adji vra\u00ad\u0107a oko 800 kva\u00addra\u00adta, sa\u00adop\u00ad\u0161te\u00adno je iz Se\u00adkre\u00adta\u00adri\u00adja\u00adta za za\u00ad\u0161ti\u00adtu op\u00ad\u0161tin\u00adske imo\u00advi\u00adne. Pod\u00adsje\u00adti\u00admo, ne\u00addav\u00adno je od\u00adlu\u00adkom Vr\u00adhov\u00adnog su\u00adda po\u00adtvr\u00ad\u0111e\u00adno rje\u00ad\u0161e\u00adnje Ko\u00admi\u00adsi\u00adje za re\u00adsti\u00adtu\u00adci\u00adju [&hellip;]<\/p>\n","protected":false},"author":1,"featured_media":0,"comment_status":"closed","ping_status":"closed","sticky":false,"template":"","format":"standard","meta":{"spay_email":"","jetpack_publicize_message":"","jetpack_is_tweetstorm":false,"jetpack_publicize_feature_enabled":true},"categories":[6950],"tags":[],"jetpack_publicize_connections":[],"yoast_head":"<!-- This site is optimized with the Yoast SEO plugin v19.1 - https:\/\/yoast.com\/wordpress\/plugins\/seo\/ -->\n<title>Na maloj pla\u017ei Zuberima vratili imovinu, Milo\u0161evi\u0107ima ne\u0107e - Lajme nga Ulqini<\/title>\n<meta name=\"description\" content=\"Na za\u00adhtjev Op\u00ad\u0161ti\u00adne Ul\u00adcinj Ko\u00admi\u00adsi\u00adja za \u017eal\u00adbe u Pod\u00adgo\u00adri\u00adci u po\u00adstup\u00adku vra\u00ad\u0107a\u00adnja imo\u00advi\u00adne na lo\u00adkalitetu Ki\u00adno ba\u00ad\u0161ta po\u00adni\u00ad\u0161ti\u00adla je\" \/>\n<meta name=\"robots\" content=\"index, follow, max-snippet:-1, max-image-preview:large, max-video-preview:-1\" \/>\n<link rel=\"canonical\" href=\"https:\/\/www.visit-ulcinj.com\/blog\/2015\/12\/05\/na-maloj-plazi-zuberima-vratili-imovinu-milosevicima-nece\/\" \/>\n<meta property=\"og:locale\" content=\"en_US\" \/>\n<meta property=\"og:type\" content=\"article\" \/>\n<meta property=\"og:title\" content=\"Na maloj pla\u017ei Zuberima vratili imovinu, Milo\u0161evi\u0107ima ne\u0107e - Lajme nga Ulqini\" \/>\n<meta property=\"og:description\" content=\"Na za\u00adhtjev Op\u00ad\u0161ti\u00adne Ul\u00adcinj Ko\u00admi\u00adsi\u00adja za \u017eal\u00adbe u Pod\u00adgo\u00adri\u00adci u po\u00adstup\u00adku vra\u00ad\u0107a\u00adnja imo\u00advi\u00adne na lo\u00adkalitetu Ki\u00adno ba\u00ad\u0161ta po\u00adni\u00ad\u0161ti\u00adla je\" \/>\n<meta property=\"og:url\" content=\"https:\/\/www.visit-ulcinj.com\/blog\/2015\/12\/05\/na-maloj-plazi-zuberima-vratili-imovinu-milosevicima-nece\/\" \/>\n<meta property=\"og:site_name\" content=\"Lajme nga Ulqini\" \/>\n<meta property=\"article:published_time\" content=\"2015-12-05T07:06:38+00:00\" \/>\n<meta property=\"og:image\" content=\"http:\/\/www.visit-ulcinj.com\/blog\/wp-content\/uploads\/2013\/07\/Fama-mala-plaza-Ulcinj.jpg\" \/>\n<meta name=\"twitter:label1\" content=\"Written by\" \/>\n\t<meta name=\"twitter:data1\" content=\"ulqini\" \/>\n\t<meta name=\"twitter:label2\" content=\"Est. reading time\" \/>\n\t<meta name=\"twitter:data2\" content=\"4 minutes\" \/>\n<script type=\"application\/ld+json\" class=\"yoast-schema-graph\">{\"@context\":\"https:\/\/schema.org\",\"@graph\":[{\"@type\":\"WebSite\",\"@id\":\"https:\/\/www.visit-ulcinj.com\/blog\/#website\",\"url\":\"https:\/\/www.visit-ulcinj.com\/blog\/\",\"name\":\"Lajme nga Ulqini\",\"description\":\"Lajme,Vijesti,Ulqini,Ulqin,Crna Gora,Mali i Zi\",\"potentialAction\":[{\"@type\":\"SearchAction\",\"target\":{\"@type\":\"EntryPoint\",\"urlTemplate\":\"https:\/\/www.visit-ulcinj.com\/blog\/?s={search_term_string}\"},\"query-input\":\"required name=search_term_string\"}],\"inLanguage\":\"en-US\"},{\"@type\":\"ImageObject\",\"inLanguage\":\"en-US\",\"@id\":\"https:\/\/www.visit-ulcinj.com\/blog\/2015\/12\/05\/na-maloj-plazi-zuberima-vratili-imovinu-milosevicima-nece\/#primaryimage\",\"url\":\"https:\/\/www.visit-ulcinj.com\/blog\/wp-content\/uploads\/2013\/07\/Fama-mala-plaza-Ulcinj.jpg\",\"contentUrl\":\"https:\/\/www.visit-ulcinj.com\/blog\/wp-content\/uploads\/2013\/07\/Fama-mala-plaza-Ulcinj.jpg\",\"width\":720,\"height\":480},{\"@type\":\"WebPage\",\"@id\":\"https:\/\/www.visit-ulcinj.com\/blog\/2015\/12\/05\/na-maloj-plazi-zuberima-vratili-imovinu-milosevicima-nece\/#webpage\",\"url\":\"https:\/\/www.visit-ulcinj.com\/blog\/2015\/12\/05\/na-maloj-plazi-zuberima-vratili-imovinu-milosevicima-nece\/\",\"name\":\"Na maloj pla\u017ei Zuberima vratili imovinu, Milo\u0161evi\u0107ima ne\u0107e - Lajme nga Ulqini\",\"isPartOf\":{\"@id\":\"https:\/\/www.visit-ulcinj.com\/blog\/#website\"},\"primaryImageOfPage\":{\"@id\":\"https:\/\/www.visit-ulcinj.com\/blog\/2015\/12\/05\/na-maloj-plazi-zuberima-vratili-imovinu-milosevicima-nece\/#primaryimage\"},\"datePublished\":\"2015-12-05T07:06:38+00:00\",\"dateModified\":\"2015-12-05T07:06:38+00:00\",\"author\":{\"@id\":\"https:\/\/www.visit-ulcinj.com\/blog\/#\/schema\/person\/dcab619c614d3038751c63bc2aadc06d\"},\"description\":\"Na za\u00adhtjev Op\u00ad\u0161ti\u00adne Ul\u00adcinj Ko\u00admi\u00adsi\u00adja za \u017eal\u00adbe u Pod\u00adgo\u00adri\u00adci u po\u00adstup\u00adku vra\u00ad\u0107a\u00adnja imo\u00advi\u00adne na lo\u00adkalitetu Ki\u00adno ba\u00ad\u0161ta po\u00adni\u00ad\u0161ti\u00adla je\",\"breadcrumb\":{\"@id\":\"https:\/\/www.visit-ulcinj.com\/blog\/2015\/12\/05\/na-maloj-plazi-zuberima-vratili-imovinu-milosevicima-nece\/#breadcrumb\"},\"inLanguage\":\"en-US\",\"potentialAction\":[{\"@type\":\"ReadAction\",\"target\":[\"https:\/\/www.visit-ulcinj.com\/blog\/2015\/12\/05\/na-maloj-plazi-zuberima-vratili-imovinu-milosevicima-nece\/\"]}]},{\"@type\":\"BreadcrumbList\",\"@id\":\"https:\/\/www.visit-ulcinj.com\/blog\/2015\/12\/05\/na-maloj-plazi-zuberima-vratili-imovinu-milosevicima-nece\/#breadcrumb\",\"itemListElement\":[{\"@type\":\"ListItem\",\"position\":1,\"name\":\"Na maloj pla\u017ei Zuberima vratili imovinu, Milo\u0161evi\u0107ima ne\u0107e\"}]},{\"@type\":\"Person\",\"@id\":\"https:\/\/www.visit-ulcinj.com\/blog\/#\/schema\/person\/dcab619c614d3038751c63bc2aadc06d\",\"name\":\"ulqini\",\"sameAs\":[\"http:\/\/www.visit-ulcinj.com\"],\"url\":\"https:\/\/www.visit-ulcinj.com\/blog\/author\/admin\/\"}]}<\/script>\n<!-- \/ Yoast SEO plugin. -->","yoast_head_json":{"title":"Na maloj pla\u017ei Zuberima vratili imovinu, Milo\u0161evi\u0107ima ne\u0107e - Lajme nga Ulqini","description":"Na za\u00adhtjev Op\u00ad\u0161ti\u00adne Ul\u00adcinj Ko\u00admi\u00adsi\u00adja za \u017eal\u00adbe u Pod\u00adgo\u00adri\u00adci u po\u00adstup\u00adku vra\u00ad\u0107a\u00adnja imo\u00advi\u00adne na lo\u00adkalitetu Ki\u00adno ba\u00ad\u0161ta po\u00adni\u00ad\u0161ti\u00adla je","robots":{"index":"index","follow":"follow","max-snippet":"max-snippet:-1","max-image-preview":"max-image-preview:large","max-video-preview":"max-video-preview:-1"},"canonical":"https:\/\/www.visit-ulcinj.com\/blog\/2015\/12\/05\/na-maloj-plazi-zuberima-vratili-imovinu-milosevicima-nece\/","og_locale":"en_US","og_type":"article","og_title":"Na maloj pla\u017ei Zuberima vratili imovinu, Milo\u0161evi\u0107ima ne\u0107e - Lajme nga Ulqini","og_description":"Na za\u00adhtjev Op\u00ad\u0161ti\u00adne Ul\u00adcinj Ko\u00admi\u00adsi\u00adja za \u017eal\u00adbe u Pod\u00adgo\u00adri\u00adci u po\u00adstup\u00adku vra\u00ad\u0107a\u00adnja imo\u00advi\u00adne na lo\u00adkalitetu Ki\u00adno ba\u00ad\u0161ta po\u00adni\u00ad\u0161ti\u00adla je","og_url":"https:\/\/www.visit-ulcinj.com\/blog\/2015\/12\/05\/na-maloj-plazi-zuberima-vratili-imovinu-milosevicima-nece\/","og_site_name":"Lajme nga Ulqini","article_published_time":"2015-12-05T07:06:38+00:00","og_image":[{"url":"http:\/\/www.visit-ulcinj.com\/blog\/wp-content\/uploads\/2013\/07\/Fama-mala-plaza-Ulcinj.jpg"}],"twitter_misc":{"Written by":"ulqini","Est. reading time":"4 minutes"},"schema":{"@context":"https:\/\/schema.org","@graph":[{"@type":"WebSite","@id":"https:\/\/www.visit-ulcinj.com\/blog\/#website","url":"https:\/\/www.visit-ulcinj.com\/blog\/","name":"Lajme nga Ulqini","description":"Lajme,Vijesti,Ulqini,Ulqin,Crna Gora,Mali i Zi","potentialAction":[{"@type":"SearchAction","target":{"@type":"EntryPoint","urlTemplate":"https:\/\/www.visit-ulcinj.com\/blog\/?s={search_term_string}"},"query-input":"required name=search_term_string"}],"inLanguage":"en-US"},{"@type":"ImageObject","inLanguage":"en-US","@id":"https:\/\/www.visit-ulcinj.com\/blog\/2015\/12\/05\/na-maloj-plazi-zuberima-vratili-imovinu-milosevicima-nece\/#primaryimage","url":"https:\/\/www.visit-ulcinj.com\/blog\/wp-content\/uploads\/2013\/07\/Fama-mala-plaza-Ulcinj.jpg","contentUrl":"https:\/\/www.visit-ulcinj.com\/blog\/wp-content\/uploads\/2013\/07\/Fama-mala-plaza-Ulcinj.jpg","width":720,"height":480},{"@type":"WebPage","@id":"https:\/\/www.visit-ulcinj.com\/blog\/2015\/12\/05\/na-maloj-plazi-zuberima-vratili-imovinu-milosevicima-nece\/#webpage","url":"https:\/\/www.visit-ulcinj.com\/blog\/2015\/12\/05\/na-maloj-plazi-zuberima-vratili-imovinu-milosevicima-nece\/","name":"Na maloj pla\u017ei Zuberima vratili imovinu, Milo\u0161evi\u0107ima ne\u0107e - Lajme nga Ulqini","isPartOf":{"@id":"https:\/\/www.visit-ulcinj.com\/blog\/#website"},"primaryImageOfPage":{"@id":"https:\/\/www.visit-ulcinj.com\/blog\/2015\/12\/05\/na-maloj-plazi-zuberima-vratili-imovinu-milosevicima-nece\/#primaryimage"},"datePublished":"2015-12-05T07:06:38+00:00","dateModified":"2015-12-05T07:06:38+00:00","author":{"@id":"https:\/\/www.visit-ulcinj.com\/blog\/#\/schema\/person\/dcab619c614d3038751c63bc2aadc06d"},"description":"Na za\u00adhtjev Op\u00ad\u0161ti\u00adne Ul\u00adcinj Ko\u00admi\u00adsi\u00adja za \u017eal\u00adbe u Pod\u00adgo\u00adri\u00adci u po\u00adstup\u00adku vra\u00ad\u0107a\u00adnja imo\u00advi\u00adne na lo\u00adkalitetu Ki\u00adno ba\u00ad\u0161ta po\u00adni\u00ad\u0161ti\u00adla je","breadcrumb":{"@id":"https:\/\/www.visit-ulcinj.com\/blog\/2015\/12\/05\/na-maloj-plazi-zuberima-vratili-imovinu-milosevicima-nece\/#breadcrumb"},"inLanguage":"en-US","potentialAction":[{"@type":"ReadAction","target":["https:\/\/www.visit-ulcinj.com\/blog\/2015\/12\/05\/na-maloj-plazi-zuberima-vratili-imovinu-milosevicima-nece\/"]}]},{"@type":"BreadcrumbList","@id":"https:\/\/www.visit-ulcinj.com\/blog\/2015\/12\/05\/na-maloj-plazi-zuberima-vratili-imovinu-milosevicima-nece\/#breadcrumb","itemListElement":[{"@type":"ListItem","position":1,"name":"Na maloj pla\u017ei Zuberima vratili imovinu, Milo\u0161evi\u0107ima ne\u0107e"}]},{"@type":"Person","@id":"https:\/\/www.visit-ulcinj.com\/blog\/#\/schema\/person\/dcab619c614d3038751c63bc2aadc06d","name":"ulqini","sameAs":["http:\/\/www.visit-ulcinj.com"],"url":"https:\/\/www.visit-ulcinj.com\/blog\/author\/admin\/"}]}},"jetpack_featured_media_url":"","jetpack_sharing_enabled":true,"jetpack_shortlink":"https:\/\/wp.me\/pe6lTn-ok3","_links":{"self":[{"href":"https:\/\/www.visit-ulcinj.com\/blog\/wp-json\/wp\/v2\/posts\/93499"}],"collection":[{"href":"https:\/\/www.visit-ulcinj.com\/blog\/wp-json\/wp\/v2\/posts"}],"about":[{"href":"https:\/\/www.visit-ulcinj.com\/blog\/wp-json\/wp\/v2\/types\/post"}],"author":[{"embeddable":true,"href":"https:\/\/www.visit-ulcinj.com\/blog\/wp-json\/wp\/v2\/users\/1"}],"replies":[{"embeddable":true,"href":"https:\/\/www.visit-ulcinj.com\/blog\/wp-json\/wp\/v2\/comments?post=93499"}],"version-history":[{"count":1,"href":"https:\/\/www.visit-ulcinj.com\/blog\/wp-json\/wp\/v2\/posts\/93499\/revisions"}],"predecessor-version":[{"id":93500,"href":"https:\/\/www.visit-ulcinj.com\/blog\/wp-json\/wp\/v2\/posts\/93499\/revisions\/93500"}],"wp:attachment":[{"href":"https:\/\/www.visit-ulcinj.com\/blog\/wp-json\/wp\/v2\/media?parent=93499"}],"wp:term":[{"taxonomy":"category","embeddable":true,"href":"https:\/\/www.visit-ulcinj.com\/blog\/wp-json\/wp\/v2\/categories?post=93499"},{"taxonomy":"post_tag","embeddable":true,"href":"https:\/\/www.visit-ulcinj.com\/blog\/wp-json\/wp\/v2\/tags?post=93499"}],"curies":[{"name":"wp","href":"https:\/\/api.w.org\/{rel}","templated":true}]}}