{"id":93501,"date":"2015-12-05T08:12:59","date_gmt":"2015-12-05T07:12:59","guid":{"rendered":"http:\/\/www.visit-ulcinj.com\/blog\/?p=93501"},"modified":"2015-12-05T08:12:59","modified_gmt":"2015-12-05T07:12:59","slug":"izrade-zajednicke-platforme-zahtjeve-albanaca-u-crnoj-gori","status":"publish","type":"post","link":"https:\/\/www.visit-ulcinj.com\/blog\/2015\/12\/05\/izrade-zajednicke-platforme-zahtjeve-albanaca-u-crnoj-gori\/","title":{"rendered":"Izrade zajedni\u010dke platforme zahtjeve Albanaca u Crnoj Gori"},"content":{"rendered":"<p><strong><a href=\"http:\/\/www.visit-ulcinj.com\/blog\/wp-content\/uploads\/2015\/12\/Ulqini-Platforma-shqiptaret.jpg\"><img loading=\"lazy\" class=\"alignleft wp-image-93502\" src=\"http:\/\/www.visit-ulcinj.com\/blog\/wp-content\/uploads\/2015\/12\/Ulqini-Platforma-shqiptaret.jpg\" alt=\"Ulqini-Platforma-shqiptaret\" width=\"508\" height=\"295\" srcset=\"https:\/\/www.visit-ulcinj.com\/blog\/wp-content\/uploads\/2015\/12\/Ulqini-Platforma-shqiptaret.jpg 640w, https:\/\/www.visit-ulcinj.com\/blog\/wp-content\/uploads\/2015\/12\/Ulqini-Platforma-shqiptaret-300x174.jpg 300w\" sizes=\"(max-width: 508px) 100vw, 508px\" \/><\/a>I Forca razgovara sa \u0110ekom<\/strong><\/p>\n<p class=\"lead\">Sastanku prisustvuju i Zana Sarvan i Kadri Sinani(Perspektiva), Saubih Mehmeti(DS) i Had\u017ei Sulejmani(DP)<\/p>\n<p class=\"lead\"><strong><span class=\"credits__author\"> Autor: Samir Adrovi\u0107 <\/span><\/strong><\/p>\n<p>U Ulcinju su no\u0107as nastavljeni razgovori predstavnika albanskih partija oko izrade zajedni\u010dke platforme koja bi trebalo da jasno defini\u0161e zahtjeve Albanaca u Crnoj Gori.<\/p>\n<p>U kabinetu predsjednika Op\u0161tine Fatmira \u0110eke, koji je i lider Demokratskie partije, prisutvuju i lideri Force, Demokratske unije Albanaca, Demokratskog saveza, Perspektive, Gra\u0111anske inicijative i Albanske alternative, Nazif Cungu, Mehmed Zenka, Mehmet Bardhi, Amir Holaj, Vaselj Sini\u0161taj i \u0110er\u0111 Camaj. Na ranijem sastanku, koji je odr\u017ean tako\u0111e na inicijativu \u0110ekine DP, lideri albanskih partija bili su slo\u017eni u ocjeni da se samo razgovorima mogu prevazi\u0107i trenutne me\u0111usobne razmirice i nesaglasnosti.<\/p>\n<p>Sastanku tada nijesu prisustvalii predstavnici Force, koji su u me\u0111uvremenu imali razgovore sa Zenkom i Camajem i saop\u0161tili stav da bi umjesto DP i \u0110eke, sastanke trebalo da inicira i vodi Nacionalni savjet Albanaca koji vodi poslanik Genci Nimanbegu.<\/p>\n<p>Sastanku prisustvuju i Zana Sarvan i Kadri Sinani(Perspektiva), Saubih Mehmeti(DS) i Had\u017ei Sulejmani(DP).<\/p>\n<p><strong>Izvor: Vijesti Online<\/strong><\/p>\n","protected":false},"excerpt":{"rendered":"<p>I Forca razgovara sa \u0110ekom Sastanku prisustvuju i Zana Sarvan i Kadri Sinani(Perspektiva), Saubih Mehmeti(DS) i Had\u017ei Sulejmani(DP) Autor: Samir Adrovi\u0107 U Ulcinju su no\u0107as nastavljeni razgovori predstavnika albanskih partija oko izrade zajedni\u010dke platforme koja bi trebalo da jasno defini\u0161e zahtjeve Albanaca u Crnoj Gori. U kabinetu predsjednika Op\u0161tine Fatmira \u0110eke, koji je i lider [&hellip;]<\/p>\n","protected":false},"author":1,"featured_media":0,"comment_status":"closed","ping_status":"closed","sticky":false,"template":"","format":"standard","meta":{"spay_email":"","jetpack_publicize_message":"","jetpack_is_tweetstorm":false,"jetpack_publicize_feature_enabled":true},"categories":[6950],"tags":[],"jetpack_publicize_connections":[],"yoast_head":"<!-- This site is optimized with the Yoast SEO plugin v19.1 - https:\/\/yoast.com\/wordpress\/plugins\/seo\/ -->\n<title>Izrade zajedni\u010dke platforme zahtjeve Albanaca u Crnoj Gori - Lajme nga Ulqini<\/title>\n<meta name=\"description\" content=\"I Forca razgovara sa \u0110ekom Sastanku prisustvuju i Zana Sarvan i Kadri Sinani(Perspektiva), Saubih Mehmeti(DS) i Had\u017ei Sulejmani(DP) Autor: Samir Adrovi\u0107 U\" \/>\n<meta name=\"robots\" content=\"index, follow, max-snippet:-1, max-image-preview:large, max-video-preview:-1\" \/>\n<link rel=\"canonical\" href=\"https:\/\/www.visit-ulcinj.com\/blog\/2015\/12\/05\/izrade-zajednicke-platforme-zahtjeve-albanaca-u-crnoj-gori\/\" \/>\n<meta property=\"og:locale\" content=\"en_US\" \/>\n<meta property=\"og:type\" content=\"article\" \/>\n<meta property=\"og:title\" content=\"Izrade zajedni\u010dke platforme zahtjeve Albanaca u Crnoj Gori - Lajme nga Ulqini\" \/>\n<meta property=\"og:description\" content=\"I Forca razgovara sa \u0110ekom Sastanku prisustvuju i Zana Sarvan i Kadri Sinani(Perspektiva), Saubih Mehmeti(DS) i Had\u017ei Sulejmani(DP) Autor: Samir Adrovi\u0107 U\" \/>\n<meta property=\"og:url\" content=\"https:\/\/www.visit-ulcinj.com\/blog\/2015\/12\/05\/izrade-zajednicke-platforme-zahtjeve-albanaca-u-crnoj-gori\/\" \/>\n<meta property=\"og:site_name\" content=\"Lajme nga Ulqini\" \/>\n<meta property=\"article:published_time\" content=\"2015-12-05T07:12:59+00:00\" \/>\n<meta property=\"og:image\" content=\"http:\/\/www.visit-ulcinj.com\/blog\/wp-content\/uploads\/2015\/12\/Ulqini-Platforma-shqiptaret.jpg\" \/>\n<meta name=\"twitter:label1\" content=\"Written by\" \/>\n\t<meta name=\"twitter:data1\" content=\"ulqini\" \/>\n\t<meta name=\"twitter:label2\" content=\"Est. reading time\" \/>\n\t<meta name=\"twitter:data2\" content=\"1 minute\" \/>\n<script type=\"application\/ld+json\" class=\"yoast-schema-graph\">{\"@context\":\"https:\/\/schema.org\",\"@graph\":[{\"@type\":\"WebSite\",\"@id\":\"https:\/\/www.visit-ulcinj.com\/blog\/#website\",\"url\":\"https:\/\/www.visit-ulcinj.com\/blog\/\",\"name\":\"Lajme nga Ulqini\",\"description\":\"Lajme,Vijesti,Ulqini,Ulqin,Crna Gora,Mali i Zi\",\"potentialAction\":[{\"@type\":\"SearchAction\",\"target\":{\"@type\":\"EntryPoint\",\"urlTemplate\":\"https:\/\/www.visit-ulcinj.com\/blog\/?s={search_term_string}\"},\"query-input\":\"required name=search_term_string\"}],\"inLanguage\":\"en-US\"},{\"@type\":\"ImageObject\",\"inLanguage\":\"en-US\",\"@id\":\"https:\/\/www.visit-ulcinj.com\/blog\/2015\/12\/05\/izrade-zajednicke-platforme-zahtjeve-albanaca-u-crnoj-gori\/#primaryimage\",\"url\":\"https:\/\/www.visit-ulcinj.com\/blog\/wp-content\/uploads\/2015\/12\/Ulqini-Platforma-shqiptaret.jpg\",\"contentUrl\":\"https:\/\/www.visit-ulcinj.com\/blog\/wp-content\/uploads\/2015\/12\/Ulqini-Platforma-shqiptaret.jpg\",\"width\":640,\"height\":372},{\"@type\":\"WebPage\",\"@id\":\"https:\/\/www.visit-ulcinj.com\/blog\/2015\/12\/05\/izrade-zajednicke-platforme-zahtjeve-albanaca-u-crnoj-gori\/#webpage\",\"url\":\"https:\/\/www.visit-ulcinj.com\/blog\/2015\/12\/05\/izrade-zajednicke-platforme-zahtjeve-albanaca-u-crnoj-gori\/\",\"name\":\"Izrade zajedni\u010dke platforme zahtjeve Albanaca u Crnoj Gori - Lajme nga Ulqini\",\"isPartOf\":{\"@id\":\"https:\/\/www.visit-ulcinj.com\/blog\/#website\"},\"primaryImageOfPage\":{\"@id\":\"https:\/\/www.visit-ulcinj.com\/blog\/2015\/12\/05\/izrade-zajednicke-platforme-zahtjeve-albanaca-u-crnoj-gori\/#primaryimage\"},\"datePublished\":\"2015-12-05T07:12:59+00:00\",\"dateModified\":\"2015-12-05T07:12:59+00:00\",\"author\":{\"@id\":\"https:\/\/www.visit-ulcinj.com\/blog\/#\/schema\/person\/dcab619c614d3038751c63bc2aadc06d\"},\"description\":\"I Forca razgovara sa \u0110ekom Sastanku prisustvuju i Zana Sarvan i Kadri Sinani(Perspektiva), Saubih Mehmeti(DS) i Had\u017ei Sulejmani(DP) Autor: Samir Adrovi\u0107 U\",\"breadcrumb\":{\"@id\":\"https:\/\/www.visit-ulcinj.com\/blog\/2015\/12\/05\/izrade-zajednicke-platforme-zahtjeve-albanaca-u-crnoj-gori\/#breadcrumb\"},\"inLanguage\":\"en-US\",\"potentialAction\":[{\"@type\":\"ReadAction\",\"target\":[\"https:\/\/www.visit-ulcinj.com\/blog\/2015\/12\/05\/izrade-zajednicke-platforme-zahtjeve-albanaca-u-crnoj-gori\/\"]}]},{\"@type\":\"BreadcrumbList\",\"@id\":\"https:\/\/www.visit-ulcinj.com\/blog\/2015\/12\/05\/izrade-zajednicke-platforme-zahtjeve-albanaca-u-crnoj-gori\/#breadcrumb\",\"itemListElement\":[{\"@type\":\"ListItem\",\"position\":1,\"name\":\"Izrade zajedni\u010dke platforme zahtjeve Albanaca u Crnoj Gori\"}]},{\"@type\":\"Person\",\"@id\":\"https:\/\/www.visit-ulcinj.com\/blog\/#\/schema\/person\/dcab619c614d3038751c63bc2aadc06d\",\"name\":\"ulqini\",\"sameAs\":[\"http:\/\/www.visit-ulcinj.com\"],\"url\":\"https:\/\/www.visit-ulcinj.com\/blog\/author\/admin\/\"}]}<\/script>\n<!-- \/ Yoast SEO plugin. -->","yoast_head_json":{"title":"Izrade zajedni\u010dke platforme zahtjeve Albanaca u Crnoj Gori - Lajme nga Ulqini","description":"I Forca razgovara sa \u0110ekom Sastanku prisustvuju i Zana Sarvan i Kadri Sinani(Perspektiva), Saubih Mehmeti(DS) i Had\u017ei Sulejmani(DP) Autor: Samir Adrovi\u0107 U","robots":{"index":"index","follow":"follow","max-snippet":"max-snippet:-1","max-image-preview":"max-image-preview:large","max-video-preview":"max-video-preview:-1"},"canonical":"https:\/\/www.visit-ulcinj.com\/blog\/2015\/12\/05\/izrade-zajednicke-platforme-zahtjeve-albanaca-u-crnoj-gori\/","og_locale":"en_US","og_type":"article","og_title":"Izrade zajedni\u010dke platforme zahtjeve Albanaca u Crnoj Gori - Lajme nga Ulqini","og_description":"I Forca razgovara sa \u0110ekom Sastanku prisustvuju i Zana Sarvan i Kadri Sinani(Perspektiva), Saubih Mehmeti(DS) i Had\u017ei Sulejmani(DP) Autor: Samir Adrovi\u0107 U","og_url":"https:\/\/www.visit-ulcinj.com\/blog\/2015\/12\/05\/izrade-zajednicke-platforme-zahtjeve-albanaca-u-crnoj-gori\/","og_site_name":"Lajme nga Ulqini","article_published_time":"2015-12-05T07:12:59+00:00","og_image":[{"url":"http:\/\/www.visit-ulcinj.com\/blog\/wp-content\/uploads\/2015\/12\/Ulqini-Platforma-shqiptaret.jpg"}],"twitter_misc":{"Written by":"ulqini","Est. reading time":"1 minute"},"schema":{"@context":"https:\/\/schema.org","@graph":[{"@type":"WebSite","@id":"https:\/\/www.visit-ulcinj.com\/blog\/#website","url":"https:\/\/www.visit-ulcinj.com\/blog\/","name":"Lajme nga Ulqini","description":"Lajme,Vijesti,Ulqini,Ulqin,Crna Gora,Mali i Zi","potentialAction":[{"@type":"SearchAction","target":{"@type":"EntryPoint","urlTemplate":"https:\/\/www.visit-ulcinj.com\/blog\/?s={search_term_string}"},"query-input":"required name=search_term_string"}],"inLanguage":"en-US"},{"@type":"ImageObject","inLanguage":"en-US","@id":"https:\/\/www.visit-ulcinj.com\/blog\/2015\/12\/05\/izrade-zajednicke-platforme-zahtjeve-albanaca-u-crnoj-gori\/#primaryimage","url":"https:\/\/www.visit-ulcinj.com\/blog\/wp-content\/uploads\/2015\/12\/Ulqini-Platforma-shqiptaret.jpg","contentUrl":"https:\/\/www.visit-ulcinj.com\/blog\/wp-content\/uploads\/2015\/12\/Ulqini-Platforma-shqiptaret.jpg","width":640,"height":372},{"@type":"WebPage","@id":"https:\/\/www.visit-ulcinj.com\/blog\/2015\/12\/05\/izrade-zajednicke-platforme-zahtjeve-albanaca-u-crnoj-gori\/#webpage","url":"https:\/\/www.visit-ulcinj.com\/blog\/2015\/12\/05\/izrade-zajednicke-platforme-zahtjeve-albanaca-u-crnoj-gori\/","name":"Izrade zajedni\u010dke platforme zahtjeve Albanaca u Crnoj Gori - Lajme nga Ulqini","isPartOf":{"@id":"https:\/\/www.visit-ulcinj.com\/blog\/#website"},"primaryImageOfPage":{"@id":"https:\/\/www.visit-ulcinj.com\/blog\/2015\/12\/05\/izrade-zajednicke-platforme-zahtjeve-albanaca-u-crnoj-gori\/#primaryimage"},"datePublished":"2015-12-05T07:12:59+00:00","dateModified":"2015-12-05T07:12:59+00:00","author":{"@id":"https:\/\/www.visit-ulcinj.com\/blog\/#\/schema\/person\/dcab619c614d3038751c63bc2aadc06d"},"description":"I Forca razgovara sa \u0110ekom Sastanku prisustvuju i Zana Sarvan i Kadri Sinani(Perspektiva), Saubih Mehmeti(DS) i Had\u017ei Sulejmani(DP) Autor: Samir Adrovi\u0107 U","breadcrumb":{"@id":"https:\/\/www.visit-ulcinj.com\/blog\/2015\/12\/05\/izrade-zajednicke-platforme-zahtjeve-albanaca-u-crnoj-gori\/#breadcrumb"},"inLanguage":"en-US","potentialAction":[{"@type":"ReadAction","target":["https:\/\/www.visit-ulcinj.com\/blog\/2015\/12\/05\/izrade-zajednicke-platforme-zahtjeve-albanaca-u-crnoj-gori\/"]}]},{"@type":"BreadcrumbList","@id":"https:\/\/www.visit-ulcinj.com\/blog\/2015\/12\/05\/izrade-zajednicke-platforme-zahtjeve-albanaca-u-crnoj-gori\/#breadcrumb","itemListElement":[{"@type":"ListItem","position":1,"name":"Izrade zajedni\u010dke platforme zahtjeve Albanaca u Crnoj Gori"}]},{"@type":"Person","@id":"https:\/\/www.visit-ulcinj.com\/blog\/#\/schema\/person\/dcab619c614d3038751c63bc2aadc06d","name":"ulqini","sameAs":["http:\/\/www.visit-ulcinj.com"],"url":"https:\/\/www.visit-ulcinj.com\/blog\/author\/admin\/"}]}},"jetpack_featured_media_url":"","jetpack_sharing_enabled":true,"jetpack_shortlink":"https:\/\/wp.me\/pe6lTn-ok5","_links":{"self":[{"href":"https:\/\/www.visit-ulcinj.com\/blog\/wp-json\/wp\/v2\/posts\/93501"}],"collection":[{"href":"https:\/\/www.visit-ulcinj.com\/blog\/wp-json\/wp\/v2\/posts"}],"about":[{"href":"https:\/\/www.visit-ulcinj.com\/blog\/wp-json\/wp\/v2\/types\/post"}],"author":[{"embeddable":true,"href":"https:\/\/www.visit-ulcinj.com\/blog\/wp-json\/wp\/v2\/users\/1"}],"replies":[{"embeddable":true,"href":"https:\/\/www.visit-ulcinj.com\/blog\/wp-json\/wp\/v2\/comments?post=93501"}],"version-history":[{"count":1,"href":"https:\/\/www.visit-ulcinj.com\/blog\/wp-json\/wp\/v2\/posts\/93501\/revisions"}],"predecessor-version":[{"id":93503,"href":"https:\/\/www.visit-ulcinj.com\/blog\/wp-json\/wp\/v2\/posts\/93501\/revisions\/93503"}],"wp:attachment":[{"href":"https:\/\/www.visit-ulcinj.com\/blog\/wp-json\/wp\/v2\/media?parent=93501"}],"wp:term":[{"taxonomy":"category","embeddable":true,"href":"https:\/\/www.visit-ulcinj.com\/blog\/wp-json\/wp\/v2\/categories?post=93501"},{"taxonomy":"post_tag","embeddable":true,"href":"https:\/\/www.visit-ulcinj.com\/blog\/wp-json\/wp\/v2\/tags?post=93501"}],"curies":[{"name":"wp","href":"https:\/\/api.w.org\/{rel}","templated":true}]}}