{"id":93504,"date":"2015-12-05T08:32:16","date_gmt":"2015-12-05T07:32:16","guid":{"rendered":"http:\/\/www.visit-ulcinj.com\/blog\/?p=93504"},"modified":"2015-12-07T18:11:25","modified_gmt":"2015-12-07T17:11:25","slug":"politika-ne-ulqin-pa-fund-bien-maskat-gjeka-ka-ofruar-pds-se-postin-e-kryetarit-te-komunes","status":"publish","type":"post","link":"https:\/\/www.visit-ulcinj.com\/blog\/2015\/12\/05\/politika-ne-ulqin-pa-fund-bien-maskat-gjeka-ka-ofruar-pds-se-postin-e-kryetarit-te-komunes\/","title":{"rendered":"Politika ne Ulqin pa fund: Bien maskat, Gjeka i ka ofruar PDS-s\u00eb postin e kryetarit t\u00eb Komun\u00ebs!"},"content":{"rendered":"<p><a href=\"http:\/\/www.visit-ulcinj.com\/blog\/wp-content\/uploads\/2015\/12\/Gjeka-Komuna.jpg\"><img loading=\"lazy\" class=\"alignleft wp-image-93505\" src=\"http:\/\/www.visit-ulcinj.com\/blog\/wp-content\/uploads\/2015\/12\/Gjeka-Komuna.jpg\" alt=\"Gjeka-Komuna\" width=\"508\" height=\"381\" srcset=\"https:\/\/www.visit-ulcinj.com\/blog\/wp-content\/uploads\/2015\/12\/Gjeka-Komuna.jpg 509w, https:\/\/www.visit-ulcinj.com\/blog\/wp-content\/uploads\/2015\/12\/Gjeka-Komuna-300x225.jpg 300w\" sizes=\"(max-width: 508px) 100vw, 508px\" \/><\/a>Para disa dit\u00ebve portali lajm.me doli me nj\u00eb artikull ku thuhej se kryetari aktual i Komun\u00ebs s\u00eb Ulqinit Fatmir Gjeka, i ka ofruar PDS-s\u00eb (DPS) postin e kryetarit, n\u00eb shk\u00ebmbim t\u00eb q\u00ebndrimit me \u00e7do kusht n\u00eb pushtet, raporton portali Lajm.me.<\/p>\n<p>Pas k\u00ebsaj, n\u00eb dit\u00ebt n\u00eb vijim, antar\u00ebt dhe zyrtar\u00ebt e k\u00ebsaj partie u munduan q\u00eb ta p\u00ebrg\u00ebnjeshtrojn\u00eb k\u00ebt\u00eb, duke u marrur m\u00eb tep\u00ebr me portalin tone se sa me vet\u00eb lajmin.<\/p>\n<p>Portali yn\u00eb u akuzua p\u00ebr shpifje dhe nj\u00ebanshm\u00ebri partiake.<\/p>\n<p>Tani mund t\u00eb v\u00ebrtetohet se nuk \u00ebsht\u00eb vet\u00ebm lajm.me i cili e kishte k\u00ebt\u00eb informat\u00eb.<\/p>\n<p>Sot gazeta \u201cDan\u201d ka dalur me nj\u00eb artikull t\u00eb gj\u00ebr\u00eb ku thuhet se Fatmir Gjeka i ka ofruar postin e kryetarit PDS-s\u00eb, dhe k\u00ebt\u00eb ofert\u00eb ua ka b\u00ebr\u00eb zyrtar\u00ebve t\u00eb saj n\u00eb Podgoric\u00eb.<\/p>\n<p>Mbetet q\u00eb n\u00eb dit\u00ebt n\u00eb vijim, antar\u00ebt e Partis\u00eb Demokratike t\u00eb dalin p\u00ebrs\u00ebri me deklarata n\u00eb rrjetet sociale ku do t\u00eb p\u00ebrg\u00ebnjeshtrojn\u00eb edhe shkrimet e \u201cDan\u201d, ose edhe t\u00eb ngrejn\u00eb padi n\u00eb gjykat\u00eb ndaj k\u00ebsaj gazete p\u00ebr shpifje.<\/p>\n<p>Edhe pse kjo v\u00ebshtire t\u00eb ndodh, t\u00eb pakt\u00ebn me k\u00ebt\u00eb do t\u00eb tregonin se nuk pajtohen me veprimet e kryetarit t\u00eb tyre, ose q\u00eb nuk jan\u00eb t\u00eb informuar.<\/p>\n<p>Gjithsesi, kjo tregon haptas se n\u00eb PD ose mungon kopordinimi\u00a0 i duhur p\u00ebr \u00e7\u00ebshtjet m\u00eb t\u00eb r\u00ebnd\u00ebsishme\u00a0 p\u00ebr vet\u00eb partin\u00eb, ose ato pajtohen me veprimet e kryetarit t\u00eb tyre.<\/p>\n<p>N\u00ebse kjo e fundit \u00ebsht\u00eb e v\u00ebrtet\u00eb, at\u00ebher\u00eb nuk kan\u00eb nevoj\u00eb t\u00eb p\u00ebrg\u00ebnjeshtrojn\u00eb lajme t\u00eb cilat edhe vet\u00eb i din\u00eb se jan\u00eb t\u00eb sakta.<\/p>\n<p>T\u00eb pakt\u00ebn nuk do t\u00eb mashtronin haptas elektoratin e vet.<\/p>\n","protected":false},"excerpt":{"rendered":"<p>Para disa dit\u00ebve portali lajm.me doli me nj\u00eb artikull ku thuhej se kryetari aktual i Komun\u00ebs s\u00eb Ulqinit Fatmir Gjeka, i ka ofruar PDS-s\u00eb (DPS) postin e kryetarit, n\u00eb shk\u00ebmbim t\u00eb q\u00ebndrimit me \u00e7do kusht n\u00eb pushtet, raporton portali Lajm.me. Pas k\u00ebsaj, n\u00eb dit\u00ebt n\u00eb vijim, antar\u00ebt dhe zyrtar\u00ebt e k\u00ebsaj partie u munduan q\u00eb [&hellip;]<\/p>\n","protected":false},"author":1,"featured_media":0,"comment_status":"closed","ping_status":"closed","sticky":false,"template":"","format":"standard","meta":{"spay_email":"","jetpack_publicize_message":"","jetpack_is_tweetstorm":false,"jetpack_publicize_feature_enabled":true},"categories":[1,6],"tags":[],"jetpack_publicize_connections":[],"yoast_head":"<!-- This site is optimized with the Yoast SEO plugin v19.1 - https:\/\/yoast.com\/wordpress\/plugins\/seo\/ -->\n<title>Politika ne Ulqin pa fund: Bien maskat, Gjeka i ka ofruar PDS-s\u00eb postin e kryetarit t\u00eb Komun\u00ebs! - Lajme nga Ulqini<\/title>\n<meta name=\"description\" content=\"Para disa dit\u00ebve portali lajm.me doli me nj\u00eb artikull ku thuhej se kryetari aktual i Komun\u00ebs s\u00eb Ulqinit Fatmir Gjeka, i ka ofruar PDS-s\u00eb (DPS) postin e\" \/>\n<meta name=\"robots\" content=\"index, follow, max-snippet:-1, max-image-preview:large, max-video-preview:-1\" \/>\n<link rel=\"canonical\" href=\"https:\/\/www.visit-ulcinj.com\/blog\/2015\/12\/05\/politika-ne-ulqin-pa-fund-bien-maskat-gjeka-ka-ofruar-pds-se-postin-e-kryetarit-te-komunes\/\" \/>\n<meta property=\"og:locale\" content=\"en_US\" \/>\n<meta property=\"og:type\" content=\"article\" \/>\n<meta property=\"og:title\" content=\"Politika ne Ulqin pa fund: Bien maskat, Gjeka i ka ofruar PDS-s\u00eb postin e kryetarit t\u00eb Komun\u00ebs! - Lajme nga Ulqini\" \/>\n<meta property=\"og:description\" content=\"Para disa dit\u00ebve portali lajm.me doli me nj\u00eb artikull ku thuhej se kryetari aktual i Komun\u00ebs s\u00eb Ulqinit Fatmir Gjeka, i ka ofruar PDS-s\u00eb (DPS) postin e\" \/>\n<meta property=\"og:url\" content=\"https:\/\/www.visit-ulcinj.com\/blog\/2015\/12\/05\/politika-ne-ulqin-pa-fund-bien-maskat-gjeka-ka-ofruar-pds-se-postin-e-kryetarit-te-komunes\/\" \/>\n<meta property=\"og:site_name\" content=\"Lajme nga Ulqini\" \/>\n<meta property=\"article:published_time\" content=\"2015-12-05T07:32:16+00:00\" \/>\n<meta property=\"article:modified_time\" content=\"2015-12-07T17:11:25+00:00\" \/>\n<meta property=\"og:image\" content=\"http:\/\/www.visit-ulcinj.com\/blog\/wp-content\/uploads\/2015\/12\/Gjeka-Komuna.jpg\" \/>\n<meta name=\"twitter:label1\" content=\"Written by\" \/>\n\t<meta name=\"twitter:data1\" content=\"ulqini\" \/>\n\t<meta name=\"twitter:label2\" content=\"Est. reading time\" \/>\n\t<meta name=\"twitter:data2\" content=\"2 minutes\" \/>\n<script type=\"application\/ld+json\" class=\"yoast-schema-graph\">{\"@context\":\"https:\/\/schema.org\",\"@graph\":[{\"@type\":\"WebSite\",\"@id\":\"https:\/\/www.visit-ulcinj.com\/blog\/#website\",\"url\":\"https:\/\/www.visit-ulcinj.com\/blog\/\",\"name\":\"Lajme nga Ulqini\",\"description\":\"Lajme,Vijesti,Ulqini,Ulqin,Crna Gora,Mali i Zi\",\"potentialAction\":[{\"@type\":\"SearchAction\",\"target\":{\"@type\":\"EntryPoint\",\"urlTemplate\":\"https:\/\/www.visit-ulcinj.com\/blog\/?s={search_term_string}\"},\"query-input\":\"required name=search_term_string\"}],\"inLanguage\":\"en-US\"},{\"@type\":\"ImageObject\",\"inLanguage\":\"en-US\",\"@id\":\"https:\/\/www.visit-ulcinj.com\/blog\/2015\/12\/05\/politika-ne-ulqin-pa-fund-bien-maskat-gjeka-ka-ofruar-pds-se-postin-e-kryetarit-te-komunes\/#primaryimage\",\"url\":\"https:\/\/www.visit-ulcinj.com\/blog\/wp-content\/uploads\/2015\/12\/Gjeka-Komuna.jpg\",\"contentUrl\":\"https:\/\/www.visit-ulcinj.com\/blog\/wp-content\/uploads\/2015\/12\/Gjeka-Komuna.jpg\",\"width\":509,\"height\":382},{\"@type\":\"WebPage\",\"@id\":\"https:\/\/www.visit-ulcinj.com\/blog\/2015\/12\/05\/politika-ne-ulqin-pa-fund-bien-maskat-gjeka-ka-ofruar-pds-se-postin-e-kryetarit-te-komunes\/#webpage\",\"url\":\"https:\/\/www.visit-ulcinj.com\/blog\/2015\/12\/05\/politika-ne-ulqin-pa-fund-bien-maskat-gjeka-ka-ofruar-pds-se-postin-e-kryetarit-te-komunes\/\",\"name\":\"Politika ne Ulqin pa fund: Bien maskat, Gjeka i ka ofruar PDS-s\u00eb postin e kryetarit t\u00eb Komun\u00ebs! - Lajme nga Ulqini\",\"isPartOf\":{\"@id\":\"https:\/\/www.visit-ulcinj.com\/blog\/#website\"},\"primaryImageOfPage\":{\"@id\":\"https:\/\/www.visit-ulcinj.com\/blog\/2015\/12\/05\/politika-ne-ulqin-pa-fund-bien-maskat-gjeka-ka-ofruar-pds-se-postin-e-kryetarit-te-komunes\/#primaryimage\"},\"datePublished\":\"2015-12-05T07:32:16+00:00\",\"dateModified\":\"2015-12-07T17:11:25+00:00\",\"author\":{\"@id\":\"https:\/\/www.visit-ulcinj.com\/blog\/#\/schema\/person\/dcab619c614d3038751c63bc2aadc06d\"},\"description\":\"Para disa dit\u00ebve portali lajm.me doli me nj\u00eb artikull ku thuhej se kryetari aktual i Komun\u00ebs s\u00eb Ulqinit Fatmir Gjeka, i ka ofruar PDS-s\u00eb (DPS) postin e\",\"breadcrumb\":{\"@id\":\"https:\/\/www.visit-ulcinj.com\/blog\/2015\/12\/05\/politika-ne-ulqin-pa-fund-bien-maskat-gjeka-ka-ofruar-pds-se-postin-e-kryetarit-te-komunes\/#breadcrumb\"},\"inLanguage\":\"en-US\",\"potentialAction\":[{\"@type\":\"ReadAction\",\"target\":[\"https:\/\/www.visit-ulcinj.com\/blog\/2015\/12\/05\/politika-ne-ulqin-pa-fund-bien-maskat-gjeka-ka-ofruar-pds-se-postin-e-kryetarit-te-komunes\/\"]}]},{\"@type\":\"BreadcrumbList\",\"@id\":\"https:\/\/www.visit-ulcinj.com\/blog\/2015\/12\/05\/politika-ne-ulqin-pa-fund-bien-maskat-gjeka-ka-ofruar-pds-se-postin-e-kryetarit-te-komunes\/#breadcrumb\",\"itemListElement\":[{\"@type\":\"ListItem\",\"position\":1,\"name\":\"Politika ne Ulqin pa fund: Bien maskat, Gjeka i ka ofruar PDS-s\u00eb postin e kryetarit t\u00eb Komun\u00ebs!\"}]},{\"@type\":\"Person\",\"@id\":\"https:\/\/www.visit-ulcinj.com\/blog\/#\/schema\/person\/dcab619c614d3038751c63bc2aadc06d\",\"name\":\"ulqini\",\"sameAs\":[\"http:\/\/www.visit-ulcinj.com\"],\"url\":\"https:\/\/www.visit-ulcinj.com\/blog\/author\/admin\/\"}]}<\/script>\n<!-- \/ Yoast SEO plugin. -->","yoast_head_json":{"title":"Politika ne Ulqin pa fund: Bien maskat, Gjeka i ka ofruar PDS-s\u00eb postin e kryetarit t\u00eb Komun\u00ebs! - Lajme nga Ulqini","description":"Para disa dit\u00ebve portali lajm.me doli me nj\u00eb artikull ku thuhej se kryetari aktual i Komun\u00ebs s\u00eb Ulqinit Fatmir Gjeka, i ka ofruar PDS-s\u00eb (DPS) postin e","robots":{"index":"index","follow":"follow","max-snippet":"max-snippet:-1","max-image-preview":"max-image-preview:large","max-video-preview":"max-video-preview:-1"},"canonical":"https:\/\/www.visit-ulcinj.com\/blog\/2015\/12\/05\/politika-ne-ulqin-pa-fund-bien-maskat-gjeka-ka-ofruar-pds-se-postin-e-kryetarit-te-komunes\/","og_locale":"en_US","og_type":"article","og_title":"Politika ne Ulqin pa fund: Bien maskat, Gjeka i ka ofruar PDS-s\u00eb postin e kryetarit t\u00eb Komun\u00ebs! - Lajme nga Ulqini","og_description":"Para disa dit\u00ebve portali lajm.me doli me nj\u00eb artikull ku thuhej se kryetari aktual i Komun\u00ebs s\u00eb Ulqinit Fatmir Gjeka, i ka ofruar PDS-s\u00eb (DPS) postin e","og_url":"https:\/\/www.visit-ulcinj.com\/blog\/2015\/12\/05\/politika-ne-ulqin-pa-fund-bien-maskat-gjeka-ka-ofruar-pds-se-postin-e-kryetarit-te-komunes\/","og_site_name":"Lajme nga Ulqini","article_published_time":"2015-12-05T07:32:16+00:00","article_modified_time":"2015-12-07T17:11:25+00:00","og_image":[{"url":"http:\/\/www.visit-ulcinj.com\/blog\/wp-content\/uploads\/2015\/12\/Gjeka-Komuna.jpg"}],"twitter_misc":{"Written by":"ulqini","Est. reading time":"2 minutes"},"schema":{"@context":"https:\/\/schema.org","@graph":[{"@type":"WebSite","@id":"https:\/\/www.visit-ulcinj.com\/blog\/#website","url":"https:\/\/www.visit-ulcinj.com\/blog\/","name":"Lajme nga Ulqini","description":"Lajme,Vijesti,Ulqini,Ulqin,Crna Gora,Mali i Zi","potentialAction":[{"@type":"SearchAction","target":{"@type":"EntryPoint","urlTemplate":"https:\/\/www.visit-ulcinj.com\/blog\/?s={search_term_string}"},"query-input":"required name=search_term_string"}],"inLanguage":"en-US"},{"@type":"ImageObject","inLanguage":"en-US","@id":"https:\/\/www.visit-ulcinj.com\/blog\/2015\/12\/05\/politika-ne-ulqin-pa-fund-bien-maskat-gjeka-ka-ofruar-pds-se-postin-e-kryetarit-te-komunes\/#primaryimage","url":"https:\/\/www.visit-ulcinj.com\/blog\/wp-content\/uploads\/2015\/12\/Gjeka-Komuna.jpg","contentUrl":"https:\/\/www.visit-ulcinj.com\/blog\/wp-content\/uploads\/2015\/12\/Gjeka-Komuna.jpg","width":509,"height":382},{"@type":"WebPage","@id":"https:\/\/www.visit-ulcinj.com\/blog\/2015\/12\/05\/politika-ne-ulqin-pa-fund-bien-maskat-gjeka-ka-ofruar-pds-se-postin-e-kryetarit-te-komunes\/#webpage","url":"https:\/\/www.visit-ulcinj.com\/blog\/2015\/12\/05\/politika-ne-ulqin-pa-fund-bien-maskat-gjeka-ka-ofruar-pds-se-postin-e-kryetarit-te-komunes\/","name":"Politika ne Ulqin pa fund: Bien maskat, Gjeka i ka ofruar PDS-s\u00eb postin e kryetarit t\u00eb Komun\u00ebs! - Lajme nga Ulqini","isPartOf":{"@id":"https:\/\/www.visit-ulcinj.com\/blog\/#website"},"primaryImageOfPage":{"@id":"https:\/\/www.visit-ulcinj.com\/blog\/2015\/12\/05\/politika-ne-ulqin-pa-fund-bien-maskat-gjeka-ka-ofruar-pds-se-postin-e-kryetarit-te-komunes\/#primaryimage"},"datePublished":"2015-12-05T07:32:16+00:00","dateModified":"2015-12-07T17:11:25+00:00","author":{"@id":"https:\/\/www.visit-ulcinj.com\/blog\/#\/schema\/person\/dcab619c614d3038751c63bc2aadc06d"},"description":"Para disa dit\u00ebve portali lajm.me doli me nj\u00eb artikull ku thuhej se kryetari aktual i Komun\u00ebs s\u00eb Ulqinit Fatmir Gjeka, i ka ofruar PDS-s\u00eb (DPS) postin e","breadcrumb":{"@id":"https:\/\/www.visit-ulcinj.com\/blog\/2015\/12\/05\/politika-ne-ulqin-pa-fund-bien-maskat-gjeka-ka-ofruar-pds-se-postin-e-kryetarit-te-komunes\/#breadcrumb"},"inLanguage":"en-US","potentialAction":[{"@type":"ReadAction","target":["https:\/\/www.visit-ulcinj.com\/blog\/2015\/12\/05\/politika-ne-ulqin-pa-fund-bien-maskat-gjeka-ka-ofruar-pds-se-postin-e-kryetarit-te-komunes\/"]}]},{"@type":"BreadcrumbList","@id":"https:\/\/www.visit-ulcinj.com\/blog\/2015\/12\/05\/politika-ne-ulqin-pa-fund-bien-maskat-gjeka-ka-ofruar-pds-se-postin-e-kryetarit-te-komunes\/#breadcrumb","itemListElement":[{"@type":"ListItem","position":1,"name":"Politika ne Ulqin pa fund: Bien maskat, Gjeka i ka ofruar PDS-s\u00eb postin e kryetarit t\u00eb Komun\u00ebs!"}]},{"@type":"Person","@id":"https:\/\/www.visit-ulcinj.com\/blog\/#\/schema\/person\/dcab619c614d3038751c63bc2aadc06d","name":"ulqini","sameAs":["http:\/\/www.visit-ulcinj.com"],"url":"https:\/\/www.visit-ulcinj.com\/blog\/author\/admin\/"}]}},"jetpack_featured_media_url":"","jetpack_sharing_enabled":true,"jetpack_shortlink":"https:\/\/wp.me\/pe6lTn-ok8","_links":{"self":[{"href":"https:\/\/www.visit-ulcinj.com\/blog\/wp-json\/wp\/v2\/posts\/93504"}],"collection":[{"href":"https:\/\/www.visit-ulcinj.com\/blog\/wp-json\/wp\/v2\/posts"}],"about":[{"href":"https:\/\/www.visit-ulcinj.com\/blog\/wp-json\/wp\/v2\/types\/post"}],"author":[{"embeddable":true,"href":"https:\/\/www.visit-ulcinj.com\/blog\/wp-json\/wp\/v2\/users\/1"}],"replies":[{"embeddable":true,"href":"https:\/\/www.visit-ulcinj.com\/blog\/wp-json\/wp\/v2\/comments?post=93504"}],"version-history":[{"count":1,"href":"https:\/\/www.visit-ulcinj.com\/blog\/wp-json\/wp\/v2\/posts\/93504\/revisions"}],"predecessor-version":[{"id":93506,"href":"https:\/\/www.visit-ulcinj.com\/blog\/wp-json\/wp\/v2\/posts\/93504\/revisions\/93506"}],"wp:attachment":[{"href":"https:\/\/www.visit-ulcinj.com\/blog\/wp-json\/wp\/v2\/media?parent=93504"}],"wp:term":[{"taxonomy":"category","embeddable":true,"href":"https:\/\/www.visit-ulcinj.com\/blog\/wp-json\/wp\/v2\/categories?post=93504"},{"taxonomy":"post_tag","embeddable":true,"href":"https:\/\/www.visit-ulcinj.com\/blog\/wp-json\/wp\/v2\/tags?post=93504"}],"curies":[{"name":"wp","href":"https:\/\/api.w.org\/{rel}","templated":true}]}}