{"id":93507,"date":"2015-12-05T08:40:26","date_gmt":"2015-12-05T07:40:26","guid":{"rendered":"http:\/\/www.visit-ulcinj.com\/blog\/?p=93507"},"modified":"2015-12-05T08:40:52","modified_gmt":"2015-12-05T07:40:52","slug":"mbahet-takimi-i-partive-politike-shqiptare-per-platformen-e-perbashket-zgjedhore","status":"publish","type":"post","link":"https:\/\/www.visit-ulcinj.com\/blog\/2015\/12\/05\/mbahet-takimi-i-partive-politike-shqiptare-per-platformen-e-perbashket-zgjedhore\/","title":{"rendered":"Mbahet takimi i partive politike shqiptare, p\u00ebr platformen e perbashket zgjedhore"},"content":{"rendered":"<p><a href=\"http:\/\/www.visit-ulcinj.com\/blog\/wp-content\/uploads\/2015\/12\/Ulqini-Platforma-shqiptaret.jpg\"><img loading=\"lazy\" class=\"alignleft wp-image-93502\" src=\"http:\/\/www.visit-ulcinj.com\/blog\/wp-content\/uploads\/2015\/12\/Ulqini-Platforma-shqiptaret.jpg\" alt=\"Ulqini-Platforma-shqiptaret\" width=\"508\" height=\"295\" srcset=\"https:\/\/www.visit-ulcinj.com\/blog\/wp-content\/uploads\/2015\/12\/Ulqini-Platforma-shqiptaret.jpg 640w, https:\/\/www.visit-ulcinj.com\/blog\/wp-content\/uploads\/2015\/12\/Ulqini-Platforma-shqiptaret-300x174.jpg 300w\" sizes=\"(max-width: 508px) 100vw, 508px\" \/><\/a>T\u00eb premten n\u00eb Ulqin \u00ebsht\u00eb mbajtur takimi i dyt\u00eb i lider\u00ebve t\u00eb grupimeve politike shqiptare, ku tem\u00eb e bisedimesh ishte nevoja p\u00ebr p\u00ebrpilimin e platform\u00ebs s\u00eb p\u00ebrbashk\u00ebt, raporton portali Ul.info.<\/p>\n<p>Me ftes\u00eb t\u00eb liderit t\u00eb Partis\u00eb demokratike Fatmir Gjeka, n\u00eb tubim ishin t\u00eb pranish\u00ebm lider\u00ebt e Forc\u00ebs s\u00eb re demokratike Nazif Cungu, Unionit demokratik t\u00eb Shqiptar\u00ebve Mehmet Zenka, Lidhjes demokratike n\u00eb Mal t\u00eb Zi Mehmet Bardhi, Iniciativ\u00ebs qytetare Vasel Sinishtaj, Alternativ\u00ebs shqiptare Gjergj Camaj dhe L\u00ebvizjes qytetare \u201cPerspektiva\u201d Zana Sarvan.<\/p>\n<p>Pika p\u00ebr t\u00eb cil\u00ebn \u00ebsht\u00eb arritur konsensusi i t\u00eb gjith\u00eb pjes\u00ebmarr\u00ebsve t\u00eb takimit \u00ebsht\u00eb inicimi i p\u00ebrbashk\u00ebt i ndryshimit t\u00eb ligjit zgjedhor, gjegj\u00ebsisht pjes\u00ebs s\u00eb tij e cila ka t\u00eb b\u00ebj me list\u00ebn zgjedhore t\u00eb pakicave nacionale.<\/p>\n<p>\u00cbsht\u00eb dakorduar q\u00eb takimi i radh\u00ebs t\u00eb mbahet p\u00ebr shtat\u00eb dit\u00eb, kur do t\u00eb formohet grupi punues p\u00ebr p\u00ebrpilimin \u00a0platform\u00ebs t\u00eb cil\u00ebn do ta p\u00ebrb\u00ebjn\u00eb nga nj\u00eb p\u00ebrfaq\u00ebsues nga \u00e7do grupim politik.<\/p>\n","protected":false},"excerpt":{"rendered":"<p>T\u00eb premten n\u00eb Ulqin \u00ebsht\u00eb mbajtur takimi i dyt\u00eb i lider\u00ebve t\u00eb grupimeve politike shqiptare, ku tem\u00eb e bisedimesh ishte nevoja p\u00ebr p\u00ebrpilimin e platform\u00ebs s\u00eb p\u00ebrbashk\u00ebt, raporton portali Ul.info. Me ftes\u00eb t\u00eb liderit t\u00eb Partis\u00eb demokratike Fatmir Gjeka, n\u00eb tubim ishin t\u00eb pranish\u00ebm lider\u00ebt e Forc\u00ebs s\u00eb re demokratike Nazif Cungu, Unionit demokratik t\u00eb [&hellip;]<\/p>\n","protected":false},"author":1,"featured_media":0,"comment_status":"closed","ping_status":"closed","sticky":false,"template":"","format":"standard","meta":{"spay_email":"","jetpack_publicize_message":"","jetpack_is_tweetstorm":false,"jetpack_publicize_feature_enabled":true},"categories":[6],"tags":[],"jetpack_publicize_connections":[],"yoast_head":"<!-- This site is optimized with the Yoast SEO plugin v19.1 - https:\/\/yoast.com\/wordpress\/plugins\/seo\/ -->\n<title>Mbahet takimi i partive politike shqiptare, p\u00ebr platformen e perbashket zgjedhore - Lajme nga Ulqini<\/title>\n<meta name=\"description\" content=\"T\u00eb premten n\u00eb Ulqin \u00ebsht\u00eb mbajtur takimi i dyt\u00eb i lider\u00ebve t\u00eb grupimeve politike shqiptare, ku tem\u00eb e bisedimesh ishte nevoja p\u00ebr p\u00ebrpilimin e platform\u00ebs\" \/>\n<meta name=\"robots\" content=\"index, follow, max-snippet:-1, max-image-preview:large, max-video-preview:-1\" \/>\n<link rel=\"canonical\" href=\"https:\/\/www.visit-ulcinj.com\/blog\/2015\/12\/05\/mbahet-takimi-i-partive-politike-shqiptare-per-platformen-e-perbashket-zgjedhore\/\" \/>\n<meta property=\"og:locale\" content=\"en_US\" \/>\n<meta property=\"og:type\" content=\"article\" \/>\n<meta property=\"og:title\" content=\"Mbahet takimi i partive politike shqiptare, p\u00ebr platformen e perbashket zgjedhore - Lajme nga Ulqini\" \/>\n<meta property=\"og:description\" content=\"T\u00eb premten n\u00eb Ulqin \u00ebsht\u00eb mbajtur takimi i dyt\u00eb i lider\u00ebve t\u00eb grupimeve politike shqiptare, ku tem\u00eb e bisedimesh ishte nevoja p\u00ebr p\u00ebrpilimin e platform\u00ebs\" \/>\n<meta property=\"og:url\" content=\"https:\/\/www.visit-ulcinj.com\/blog\/2015\/12\/05\/mbahet-takimi-i-partive-politike-shqiptare-per-platformen-e-perbashket-zgjedhore\/\" \/>\n<meta property=\"og:site_name\" content=\"Lajme nga Ulqini\" \/>\n<meta property=\"article:published_time\" content=\"2015-12-05T07:40:26+00:00\" \/>\n<meta property=\"article:modified_time\" content=\"2015-12-05T07:40:52+00:00\" \/>\n<meta property=\"og:image\" content=\"http:\/\/www.visit-ulcinj.com\/blog\/wp-content\/uploads\/2015\/12\/Ulqini-Platforma-shqiptaret.jpg\" \/>\n<meta name=\"twitter:label1\" content=\"Written by\" \/>\n\t<meta name=\"twitter:data1\" content=\"ulqini\" \/>\n\t<meta name=\"twitter:label2\" content=\"Est. reading time\" \/>\n\t<meta name=\"twitter:data2\" content=\"1 minute\" \/>\n<script type=\"application\/ld+json\" class=\"yoast-schema-graph\">{\"@context\":\"https:\/\/schema.org\",\"@graph\":[{\"@type\":\"WebSite\",\"@id\":\"https:\/\/www.visit-ulcinj.com\/blog\/#website\",\"url\":\"https:\/\/www.visit-ulcinj.com\/blog\/\",\"name\":\"Lajme nga Ulqini\",\"description\":\"Lajme,Vijesti,Ulqini,Ulqin,Crna Gora,Mali i Zi\",\"potentialAction\":[{\"@type\":\"SearchAction\",\"target\":{\"@type\":\"EntryPoint\",\"urlTemplate\":\"https:\/\/www.visit-ulcinj.com\/blog\/?s={search_term_string}\"},\"query-input\":\"required name=search_term_string\"}],\"inLanguage\":\"en-US\"},{\"@type\":\"ImageObject\",\"inLanguage\":\"en-US\",\"@id\":\"https:\/\/www.visit-ulcinj.com\/blog\/2015\/12\/05\/mbahet-takimi-i-partive-politike-shqiptare-per-platformen-e-perbashket-zgjedhore\/#primaryimage\",\"url\":\"https:\/\/www.visit-ulcinj.com\/blog\/wp-content\/uploads\/2015\/12\/Ulqini-Platforma-shqiptaret.jpg\",\"contentUrl\":\"https:\/\/www.visit-ulcinj.com\/blog\/wp-content\/uploads\/2015\/12\/Ulqini-Platforma-shqiptaret.jpg\",\"width\":640,\"height\":372},{\"@type\":\"WebPage\",\"@id\":\"https:\/\/www.visit-ulcinj.com\/blog\/2015\/12\/05\/mbahet-takimi-i-partive-politike-shqiptare-per-platformen-e-perbashket-zgjedhore\/#webpage\",\"url\":\"https:\/\/www.visit-ulcinj.com\/blog\/2015\/12\/05\/mbahet-takimi-i-partive-politike-shqiptare-per-platformen-e-perbashket-zgjedhore\/\",\"name\":\"Mbahet takimi i partive politike shqiptare, p\u00ebr platformen e perbashket zgjedhore - Lajme nga Ulqini\",\"isPartOf\":{\"@id\":\"https:\/\/www.visit-ulcinj.com\/blog\/#website\"},\"primaryImageOfPage\":{\"@id\":\"https:\/\/www.visit-ulcinj.com\/blog\/2015\/12\/05\/mbahet-takimi-i-partive-politike-shqiptare-per-platformen-e-perbashket-zgjedhore\/#primaryimage\"},\"datePublished\":\"2015-12-05T07:40:26+00:00\",\"dateModified\":\"2015-12-05T07:40:52+00:00\",\"author\":{\"@id\":\"https:\/\/www.visit-ulcinj.com\/blog\/#\/schema\/person\/dcab619c614d3038751c63bc2aadc06d\"},\"description\":\"T\u00eb premten n\u00eb Ulqin \u00ebsht\u00eb mbajtur takimi i dyt\u00eb i lider\u00ebve t\u00eb grupimeve politike shqiptare, ku tem\u00eb e bisedimesh ishte nevoja p\u00ebr p\u00ebrpilimin e platform\u00ebs\",\"breadcrumb\":{\"@id\":\"https:\/\/www.visit-ulcinj.com\/blog\/2015\/12\/05\/mbahet-takimi-i-partive-politike-shqiptare-per-platformen-e-perbashket-zgjedhore\/#breadcrumb\"},\"inLanguage\":\"en-US\",\"potentialAction\":[{\"@type\":\"ReadAction\",\"target\":[\"https:\/\/www.visit-ulcinj.com\/blog\/2015\/12\/05\/mbahet-takimi-i-partive-politike-shqiptare-per-platformen-e-perbashket-zgjedhore\/\"]}]},{\"@type\":\"BreadcrumbList\",\"@id\":\"https:\/\/www.visit-ulcinj.com\/blog\/2015\/12\/05\/mbahet-takimi-i-partive-politike-shqiptare-per-platformen-e-perbashket-zgjedhore\/#breadcrumb\",\"itemListElement\":[{\"@type\":\"ListItem\",\"position\":1,\"name\":\"Mbahet takimi i partive politike shqiptare, p\u00ebr platformen e perbashket zgjedhore\"}]},{\"@type\":\"Person\",\"@id\":\"https:\/\/www.visit-ulcinj.com\/blog\/#\/schema\/person\/dcab619c614d3038751c63bc2aadc06d\",\"name\":\"ulqini\",\"sameAs\":[\"http:\/\/www.visit-ulcinj.com\"],\"url\":\"https:\/\/www.visit-ulcinj.com\/blog\/author\/admin\/\"}]}<\/script>\n<!-- \/ Yoast SEO plugin. -->","yoast_head_json":{"title":"Mbahet takimi i partive politike shqiptare, p\u00ebr platformen e perbashket zgjedhore - Lajme nga Ulqini","description":"T\u00eb premten n\u00eb Ulqin \u00ebsht\u00eb mbajtur takimi i dyt\u00eb i lider\u00ebve t\u00eb grupimeve politike shqiptare, ku tem\u00eb e bisedimesh ishte nevoja p\u00ebr p\u00ebrpilimin e platform\u00ebs","robots":{"index":"index","follow":"follow","max-snippet":"max-snippet:-1","max-image-preview":"max-image-preview:large","max-video-preview":"max-video-preview:-1"},"canonical":"https:\/\/www.visit-ulcinj.com\/blog\/2015\/12\/05\/mbahet-takimi-i-partive-politike-shqiptare-per-platformen-e-perbashket-zgjedhore\/","og_locale":"en_US","og_type":"article","og_title":"Mbahet takimi i partive politike shqiptare, p\u00ebr platformen e perbashket zgjedhore - Lajme nga Ulqini","og_description":"T\u00eb premten n\u00eb Ulqin \u00ebsht\u00eb mbajtur takimi i dyt\u00eb i lider\u00ebve t\u00eb grupimeve politike shqiptare, ku tem\u00eb e bisedimesh ishte nevoja p\u00ebr p\u00ebrpilimin e platform\u00ebs","og_url":"https:\/\/www.visit-ulcinj.com\/blog\/2015\/12\/05\/mbahet-takimi-i-partive-politike-shqiptare-per-platformen-e-perbashket-zgjedhore\/","og_site_name":"Lajme nga Ulqini","article_published_time":"2015-12-05T07:40:26+00:00","article_modified_time":"2015-12-05T07:40:52+00:00","og_image":[{"url":"http:\/\/www.visit-ulcinj.com\/blog\/wp-content\/uploads\/2015\/12\/Ulqini-Platforma-shqiptaret.jpg"}],"twitter_misc":{"Written by":"ulqini","Est. reading time":"1 minute"},"schema":{"@context":"https:\/\/schema.org","@graph":[{"@type":"WebSite","@id":"https:\/\/www.visit-ulcinj.com\/blog\/#website","url":"https:\/\/www.visit-ulcinj.com\/blog\/","name":"Lajme nga Ulqini","description":"Lajme,Vijesti,Ulqini,Ulqin,Crna Gora,Mali i Zi","potentialAction":[{"@type":"SearchAction","target":{"@type":"EntryPoint","urlTemplate":"https:\/\/www.visit-ulcinj.com\/blog\/?s={search_term_string}"},"query-input":"required name=search_term_string"}],"inLanguage":"en-US"},{"@type":"ImageObject","inLanguage":"en-US","@id":"https:\/\/www.visit-ulcinj.com\/blog\/2015\/12\/05\/mbahet-takimi-i-partive-politike-shqiptare-per-platformen-e-perbashket-zgjedhore\/#primaryimage","url":"https:\/\/www.visit-ulcinj.com\/blog\/wp-content\/uploads\/2015\/12\/Ulqini-Platforma-shqiptaret.jpg","contentUrl":"https:\/\/www.visit-ulcinj.com\/blog\/wp-content\/uploads\/2015\/12\/Ulqini-Platforma-shqiptaret.jpg","width":640,"height":372},{"@type":"WebPage","@id":"https:\/\/www.visit-ulcinj.com\/blog\/2015\/12\/05\/mbahet-takimi-i-partive-politike-shqiptare-per-platformen-e-perbashket-zgjedhore\/#webpage","url":"https:\/\/www.visit-ulcinj.com\/blog\/2015\/12\/05\/mbahet-takimi-i-partive-politike-shqiptare-per-platformen-e-perbashket-zgjedhore\/","name":"Mbahet takimi i partive politike shqiptare, p\u00ebr platformen e perbashket zgjedhore - Lajme nga Ulqini","isPartOf":{"@id":"https:\/\/www.visit-ulcinj.com\/blog\/#website"},"primaryImageOfPage":{"@id":"https:\/\/www.visit-ulcinj.com\/blog\/2015\/12\/05\/mbahet-takimi-i-partive-politike-shqiptare-per-platformen-e-perbashket-zgjedhore\/#primaryimage"},"datePublished":"2015-12-05T07:40:26+00:00","dateModified":"2015-12-05T07:40:52+00:00","author":{"@id":"https:\/\/www.visit-ulcinj.com\/blog\/#\/schema\/person\/dcab619c614d3038751c63bc2aadc06d"},"description":"T\u00eb premten n\u00eb Ulqin \u00ebsht\u00eb mbajtur takimi i dyt\u00eb i lider\u00ebve t\u00eb grupimeve politike shqiptare, ku tem\u00eb e bisedimesh ishte nevoja p\u00ebr p\u00ebrpilimin e platform\u00ebs","breadcrumb":{"@id":"https:\/\/www.visit-ulcinj.com\/blog\/2015\/12\/05\/mbahet-takimi-i-partive-politike-shqiptare-per-platformen-e-perbashket-zgjedhore\/#breadcrumb"},"inLanguage":"en-US","potentialAction":[{"@type":"ReadAction","target":["https:\/\/www.visit-ulcinj.com\/blog\/2015\/12\/05\/mbahet-takimi-i-partive-politike-shqiptare-per-platformen-e-perbashket-zgjedhore\/"]}]},{"@type":"BreadcrumbList","@id":"https:\/\/www.visit-ulcinj.com\/blog\/2015\/12\/05\/mbahet-takimi-i-partive-politike-shqiptare-per-platformen-e-perbashket-zgjedhore\/#breadcrumb","itemListElement":[{"@type":"ListItem","position":1,"name":"Mbahet takimi i partive politike shqiptare, p\u00ebr platformen e perbashket zgjedhore"}]},{"@type":"Person","@id":"https:\/\/www.visit-ulcinj.com\/blog\/#\/schema\/person\/dcab619c614d3038751c63bc2aadc06d","name":"ulqini","sameAs":["http:\/\/www.visit-ulcinj.com"],"url":"https:\/\/www.visit-ulcinj.com\/blog\/author\/admin\/"}]}},"jetpack_featured_media_url":"","jetpack_sharing_enabled":true,"jetpack_shortlink":"https:\/\/wp.me\/pe6lTn-okb","_links":{"self":[{"href":"https:\/\/www.visit-ulcinj.com\/blog\/wp-json\/wp\/v2\/posts\/93507"}],"collection":[{"href":"https:\/\/www.visit-ulcinj.com\/blog\/wp-json\/wp\/v2\/posts"}],"about":[{"href":"https:\/\/www.visit-ulcinj.com\/blog\/wp-json\/wp\/v2\/types\/post"}],"author":[{"embeddable":true,"href":"https:\/\/www.visit-ulcinj.com\/blog\/wp-json\/wp\/v2\/users\/1"}],"replies":[{"embeddable":true,"href":"https:\/\/www.visit-ulcinj.com\/blog\/wp-json\/wp\/v2\/comments?post=93507"}],"version-history":[{"count":2,"href":"https:\/\/www.visit-ulcinj.com\/blog\/wp-json\/wp\/v2\/posts\/93507\/revisions"}],"predecessor-version":[{"id":93509,"href":"https:\/\/www.visit-ulcinj.com\/blog\/wp-json\/wp\/v2\/posts\/93507\/revisions\/93509"}],"wp:attachment":[{"href":"https:\/\/www.visit-ulcinj.com\/blog\/wp-json\/wp\/v2\/media?parent=93507"}],"wp:term":[{"taxonomy":"category","embeddable":true,"href":"https:\/\/www.visit-ulcinj.com\/blog\/wp-json\/wp\/v2\/categories?post=93507"},{"taxonomy":"post_tag","embeddable":true,"href":"https:\/\/www.visit-ulcinj.com\/blog\/wp-json\/wp\/v2\/tags?post=93507"}],"curies":[{"name":"wp","href":"https:\/\/api.w.org\/{rel}","templated":true}]}}