{"id":93515,"date":"2015-12-07T17:49:45","date_gmt":"2015-12-07T16:49:45","guid":{"rendered":"http:\/\/www.visit-ulcinj.com\/blog\/?p=93515"},"modified":"2015-12-07T17:49:45","modified_gmt":"2015-12-07T16:49:45","slug":"konvencija-sdp-ulcinj-sada-garant-uspjeha-u-buducnosti","status":"publish","type":"post","link":"https:\/\/www.visit-ulcinj.com\/blog\/2015\/12\/07\/konvencija-sdp-ulcinj-sada-garant-uspjeha-u-buducnosti\/","title":{"rendered":"Konvencija SDP Ulcinj do sada garant uspjeha u budu\u0107nosti"},"content":{"rendered":"<p><a href=\"http:\/\/www.visit-ulcinj.com\/blog\/wp-content\/uploads\/2015\/12\/SDP-ULCINJ.jpg\"><img loading=\"lazy\" class=\"alignleft wp-image-93516\" src=\"http:\/\/www.visit-ulcinj.com\/blog\/wp-content\/uploads\/2015\/12\/SDP-ULCINJ.jpg\" alt=\"SDP-ULCINJ\" width=\"508\" height=\"338\" srcset=\"https:\/\/www.visit-ulcinj.com\/blog\/wp-content\/uploads\/2015\/12\/SDP-ULCINJ.jpg 960w, https:\/\/www.visit-ulcinj.com\/blog\/wp-content\/uploads\/2015\/12\/SDP-ULCINJ-300x199.jpg 300w\" sizes=\"(max-width: 508px) 100vw, 508px\" \/><\/a>U Ulcinj ove subote je odr\u017eana Osma redovna izborna Konvecnija Op\u0161tinskog odbora Socijaldemokratske partije u Ulcinju. Prepuna sala Skup\u0161tine Op\u0161tine je ugostila preko 200 delagata, \u010dlanova SDP i gostiju Konvencije.\u00a0 Konvenciju su na pozdravili gosti iz politi\u010dkih partija koje djeluju u Ulcinju na \u010delu sa Fatmirom \u0110ekom, predsednikom DP i Op\u0161tine Ulcinj a obratili su se i Nazif Cungu predsjednik Force, Amir Holaj predsjenik GP \u201cPerspektiva\u201d, Muhamed Zenka predsjednik DUA, Mehmet Bardhi predsjednik DS u CG, kao i predsjednici OO DPS Ljoro Nreki\u0107 i SNP Andrija \u0106etkovi\u0107 koji su biranim rije\u010dima pozdravili delegate i rukovodstvo SDP i po\u017eeljeli sre\u0107an rad.<\/p>\n<p><a href=\"http:\/\/www.visit-ulcinj.com\/blog\/wp-content\/uploads\/2015\/12\/SDP-ULCINJ-1.jpg\"><img loading=\"lazy\" class=\"alignleft wp-image-93517\" src=\"http:\/\/www.visit-ulcinj.com\/blog\/wp-content\/uploads\/2015\/12\/SDP-ULCINJ-1.jpg\" alt=\"SDP-ULCINJ-1\" width=\"508\" height=\"338\" srcset=\"https:\/\/www.visit-ulcinj.com\/blog\/wp-content\/uploads\/2015\/12\/SDP-ULCINJ-1.jpg 960w, https:\/\/www.visit-ulcinj.com\/blog\/wp-content\/uploads\/2015\/12\/SDP-ULCINJ-1-300x199.jpg 300w\" sizes=\"(max-width: 508px) 100vw, 508px\" \/><\/a><\/p>\n<p>Predsjednik SDP Ranko Krivokapi\u0107 je istakao da je Ulcinj uvijek bio grad znanja i nauke i da su kroz istoriju i sigurna luka za sve koji su u njemu stvarali od Servantesa do Sabataje Cevija, a da je danas poslije pozivnice za NATO, Crna Gora u\u0161la u luku bezbjednosti i mira. Krivokapi\u0107 je obra\u0107aju\u0107i se delegatima Konvencije SDP-a u Ulcinju, izme\u0111u ostaloga, kazao da sada treba upotrijebiti svo znanje kako bi Crna Gora po\u010dela br\u017ee da se razvija.\u00a0\u201cNaravno, bez pravne i kvalitetne dr\u017eave ne mo\u017ee biti pravde. Niko nije napravio dr\u017eavu, ako nije bilo pravde i nikad nijedna nije trajala ako je tu pravdu izgubila. Nema i ne smije biti nikoga iznad zakona i jedino \u010dega treba da se bojimo jeste pravda. Sve ostalo treba da bude sloboda, osje\u0107aj slobode, sigurnosti, jednakosti i stvaranja. I tu smo svi isti. Treba da djelima poka\u017eemo ko je koliko spreman da sada stane na biljeg reda i zakona. Bez toga ne mo\u017ee biti razvoja u dr\u017eavi i tome nas u\u010de evroatlantske integracije\u201d \u2013 rekao je Krivokapi\u0107.<\/p>\n<p>Vr\u0161ilac du\u017enosti predsjendika OO SDP Ulcinj, Skender Elezagi\u0107 je naglasio da je ovo najbrojnija konvencija koju je SDP do sada organizovala u Ulcinju, i siguran pokazatelj uve\u0107ane snage i zna\u010daja za na\u0161u partiju. On je naglasio da sada novoizabrano rukovodstvo treba da radi marljivo na izgradnji uslova da se svi u Ulcinju posvete razvoju grada i interesima njegovih gra\u0111ana, a da \u0107e SDP i dalje nastavi da okuplja sve progresivne i gra\u0111anske snage Ulcinja.<\/p>\n<p>U radnom dijelu su delegati izabrali 21 \u010dlana Op\u0161tinskog odbora koji \u0107e, uz \u010dlanove po funkciji, predsjednik\/ca Foruma mladih i Foruma \u017eena, 7 predsjednika Mjesnih odbora, 2 odbornika i Sekretara OO \u010diniti novi saziv sa ukupno 33 \u010dlana.<\/p>\n<p>&nbsp;<\/p>\n<p><strong>Medijski pul SDP<\/strong><\/p>\n","protected":false},"excerpt":{"rendered":"<p>U Ulcinj ove subote je odr\u017eana Osma redovna izborna Konvecnija Op\u0161tinskog odbora Socijaldemokratske partije u Ulcinju. Prepuna sala Skup\u0161tine Op\u0161tine je ugostila preko 200 delagata, \u010dlanova SDP i gostiju Konvencije.\u00a0 Konvenciju su na pozdravili gosti iz politi\u010dkih partija koje djeluju u Ulcinju na \u010delu sa Fatmirom \u0110ekom, predsednikom DP i Op\u0161tine Ulcinj a obratili su [&hellip;]<\/p>\n","protected":false},"author":1,"featured_media":0,"comment_status":"closed","ping_status":"closed","sticky":false,"template":"","format":"standard","meta":{"spay_email":"","jetpack_publicize_message":"","jetpack_is_tweetstorm":false,"jetpack_publicize_feature_enabled":true},"categories":[8337],"tags":[],"jetpack_publicize_connections":[],"yoast_head":"<!-- This site is optimized with the Yoast SEO plugin v19.1 - https:\/\/yoast.com\/wordpress\/plugins\/seo\/ -->\n<title>Konvencija SDP Ulcinj do sada garant uspjeha u budu\u0107nosti - Lajme nga Ulqini<\/title>\n<meta name=\"description\" content=\"U Ulcinj ove subote je odr\u017eana Osma redovna izborna Konvecnija Op\u0161tinskog odbora Socijaldemokratske partije u Ulcinju. Prepuna sala Skup\u0161tine Op\u0161tine je\" \/>\n<meta name=\"robots\" content=\"index, follow, max-snippet:-1, max-image-preview:large, max-video-preview:-1\" \/>\n<link rel=\"canonical\" href=\"https:\/\/www.visit-ulcinj.com\/blog\/2015\/12\/07\/konvencija-sdp-ulcinj-sada-garant-uspjeha-u-buducnosti\/\" \/>\n<meta property=\"og:locale\" content=\"en_US\" \/>\n<meta property=\"og:type\" content=\"article\" \/>\n<meta property=\"og:title\" content=\"Konvencija SDP Ulcinj do sada garant uspjeha u budu\u0107nosti - Lajme nga Ulqini\" \/>\n<meta property=\"og:description\" content=\"U Ulcinj ove subote je odr\u017eana Osma redovna izborna Konvecnija Op\u0161tinskog odbora Socijaldemokratske partije u Ulcinju. Prepuna sala Skup\u0161tine Op\u0161tine je\" \/>\n<meta property=\"og:url\" content=\"https:\/\/www.visit-ulcinj.com\/blog\/2015\/12\/07\/konvencija-sdp-ulcinj-sada-garant-uspjeha-u-buducnosti\/\" \/>\n<meta property=\"og:site_name\" content=\"Lajme nga Ulqini\" \/>\n<meta property=\"article:published_time\" content=\"2015-12-07T16:49:45+00:00\" \/>\n<meta property=\"og:image\" content=\"http:\/\/www.visit-ulcinj.com\/blog\/wp-content\/uploads\/2015\/12\/SDP-ULCINJ.jpg\" \/>\n<meta name=\"twitter:label1\" content=\"Written by\" \/>\n\t<meta name=\"twitter:data1\" content=\"ulqini\" \/>\n\t<meta name=\"twitter:label2\" content=\"Est. reading time\" \/>\n\t<meta name=\"twitter:data2\" content=\"2 minutes\" \/>\n<script type=\"application\/ld+json\" class=\"yoast-schema-graph\">{\"@context\":\"https:\/\/schema.org\",\"@graph\":[{\"@type\":\"WebSite\",\"@id\":\"https:\/\/www.visit-ulcinj.com\/blog\/#website\",\"url\":\"https:\/\/www.visit-ulcinj.com\/blog\/\",\"name\":\"Lajme nga Ulqini\",\"description\":\"Lajme,Vijesti,Ulqini,Ulqin,Crna Gora,Mali i Zi\",\"potentialAction\":[{\"@type\":\"SearchAction\",\"target\":{\"@type\":\"EntryPoint\",\"urlTemplate\":\"https:\/\/www.visit-ulcinj.com\/blog\/?s={search_term_string}\"},\"query-input\":\"required name=search_term_string\"}],\"inLanguage\":\"en-US\"},{\"@type\":\"ImageObject\",\"inLanguage\":\"en-US\",\"@id\":\"https:\/\/www.visit-ulcinj.com\/blog\/2015\/12\/07\/konvencija-sdp-ulcinj-sada-garant-uspjeha-u-buducnosti\/#primaryimage\",\"url\":\"https:\/\/www.visit-ulcinj.com\/blog\/wp-content\/uploads\/2015\/12\/SDP-ULCINJ.jpg\",\"contentUrl\":\"https:\/\/www.visit-ulcinj.com\/blog\/wp-content\/uploads\/2015\/12\/SDP-ULCINJ.jpg\",\"width\":960,\"height\":638},{\"@type\":\"WebPage\",\"@id\":\"https:\/\/www.visit-ulcinj.com\/blog\/2015\/12\/07\/konvencija-sdp-ulcinj-sada-garant-uspjeha-u-buducnosti\/#webpage\",\"url\":\"https:\/\/www.visit-ulcinj.com\/blog\/2015\/12\/07\/konvencija-sdp-ulcinj-sada-garant-uspjeha-u-buducnosti\/\",\"name\":\"Konvencija SDP Ulcinj do sada garant uspjeha u budu\u0107nosti - Lajme nga Ulqini\",\"isPartOf\":{\"@id\":\"https:\/\/www.visit-ulcinj.com\/blog\/#website\"},\"primaryImageOfPage\":{\"@id\":\"https:\/\/www.visit-ulcinj.com\/blog\/2015\/12\/07\/konvencija-sdp-ulcinj-sada-garant-uspjeha-u-buducnosti\/#primaryimage\"},\"datePublished\":\"2015-12-07T16:49:45+00:00\",\"dateModified\":\"2015-12-07T16:49:45+00:00\",\"author\":{\"@id\":\"https:\/\/www.visit-ulcinj.com\/blog\/#\/schema\/person\/dcab619c614d3038751c63bc2aadc06d\"},\"description\":\"U Ulcinj ove subote je odr\u017eana Osma redovna izborna Konvecnija Op\u0161tinskog odbora Socijaldemokratske partije u Ulcinju. Prepuna sala Skup\u0161tine Op\u0161tine je\",\"breadcrumb\":{\"@id\":\"https:\/\/www.visit-ulcinj.com\/blog\/2015\/12\/07\/konvencija-sdp-ulcinj-sada-garant-uspjeha-u-buducnosti\/#breadcrumb\"},\"inLanguage\":\"en-US\",\"potentialAction\":[{\"@type\":\"ReadAction\",\"target\":[\"https:\/\/www.visit-ulcinj.com\/blog\/2015\/12\/07\/konvencija-sdp-ulcinj-sada-garant-uspjeha-u-buducnosti\/\"]}]},{\"@type\":\"BreadcrumbList\",\"@id\":\"https:\/\/www.visit-ulcinj.com\/blog\/2015\/12\/07\/konvencija-sdp-ulcinj-sada-garant-uspjeha-u-buducnosti\/#breadcrumb\",\"itemListElement\":[{\"@type\":\"ListItem\",\"position\":1,\"name\":\"Konvencija SDP Ulcinj do sada garant uspjeha u budu\u0107nosti\"}]},{\"@type\":\"Person\",\"@id\":\"https:\/\/www.visit-ulcinj.com\/blog\/#\/schema\/person\/dcab619c614d3038751c63bc2aadc06d\",\"name\":\"ulqini\",\"sameAs\":[\"http:\/\/www.visit-ulcinj.com\"],\"url\":\"https:\/\/www.visit-ulcinj.com\/blog\/author\/admin\/\"}]}<\/script>\n<!-- \/ Yoast SEO plugin. -->","yoast_head_json":{"title":"Konvencija SDP Ulcinj do sada garant uspjeha u budu\u0107nosti - Lajme nga Ulqini","description":"U Ulcinj ove subote je odr\u017eana Osma redovna izborna Konvecnija Op\u0161tinskog odbora Socijaldemokratske partije u Ulcinju. Prepuna sala Skup\u0161tine Op\u0161tine je","robots":{"index":"index","follow":"follow","max-snippet":"max-snippet:-1","max-image-preview":"max-image-preview:large","max-video-preview":"max-video-preview:-1"},"canonical":"https:\/\/www.visit-ulcinj.com\/blog\/2015\/12\/07\/konvencija-sdp-ulcinj-sada-garant-uspjeha-u-buducnosti\/","og_locale":"en_US","og_type":"article","og_title":"Konvencija SDP Ulcinj do sada garant uspjeha u budu\u0107nosti - Lajme nga Ulqini","og_description":"U Ulcinj ove subote je odr\u017eana Osma redovna izborna Konvecnija Op\u0161tinskog odbora Socijaldemokratske partije u Ulcinju. Prepuna sala Skup\u0161tine Op\u0161tine je","og_url":"https:\/\/www.visit-ulcinj.com\/blog\/2015\/12\/07\/konvencija-sdp-ulcinj-sada-garant-uspjeha-u-buducnosti\/","og_site_name":"Lajme nga Ulqini","article_published_time":"2015-12-07T16:49:45+00:00","og_image":[{"url":"http:\/\/www.visit-ulcinj.com\/blog\/wp-content\/uploads\/2015\/12\/SDP-ULCINJ.jpg"}],"twitter_misc":{"Written by":"ulqini","Est. reading time":"2 minutes"},"schema":{"@context":"https:\/\/schema.org","@graph":[{"@type":"WebSite","@id":"https:\/\/www.visit-ulcinj.com\/blog\/#website","url":"https:\/\/www.visit-ulcinj.com\/blog\/","name":"Lajme nga Ulqini","description":"Lajme,Vijesti,Ulqini,Ulqin,Crna Gora,Mali i Zi","potentialAction":[{"@type":"SearchAction","target":{"@type":"EntryPoint","urlTemplate":"https:\/\/www.visit-ulcinj.com\/blog\/?s={search_term_string}"},"query-input":"required name=search_term_string"}],"inLanguage":"en-US"},{"@type":"ImageObject","inLanguage":"en-US","@id":"https:\/\/www.visit-ulcinj.com\/blog\/2015\/12\/07\/konvencija-sdp-ulcinj-sada-garant-uspjeha-u-buducnosti\/#primaryimage","url":"https:\/\/www.visit-ulcinj.com\/blog\/wp-content\/uploads\/2015\/12\/SDP-ULCINJ.jpg","contentUrl":"https:\/\/www.visit-ulcinj.com\/blog\/wp-content\/uploads\/2015\/12\/SDP-ULCINJ.jpg","width":960,"height":638},{"@type":"WebPage","@id":"https:\/\/www.visit-ulcinj.com\/blog\/2015\/12\/07\/konvencija-sdp-ulcinj-sada-garant-uspjeha-u-buducnosti\/#webpage","url":"https:\/\/www.visit-ulcinj.com\/blog\/2015\/12\/07\/konvencija-sdp-ulcinj-sada-garant-uspjeha-u-buducnosti\/","name":"Konvencija SDP Ulcinj do sada garant uspjeha u budu\u0107nosti - Lajme nga Ulqini","isPartOf":{"@id":"https:\/\/www.visit-ulcinj.com\/blog\/#website"},"primaryImageOfPage":{"@id":"https:\/\/www.visit-ulcinj.com\/blog\/2015\/12\/07\/konvencija-sdp-ulcinj-sada-garant-uspjeha-u-buducnosti\/#primaryimage"},"datePublished":"2015-12-07T16:49:45+00:00","dateModified":"2015-12-07T16:49:45+00:00","author":{"@id":"https:\/\/www.visit-ulcinj.com\/blog\/#\/schema\/person\/dcab619c614d3038751c63bc2aadc06d"},"description":"U Ulcinj ove subote je odr\u017eana Osma redovna izborna Konvecnija Op\u0161tinskog odbora Socijaldemokratske partije u Ulcinju. Prepuna sala Skup\u0161tine Op\u0161tine je","breadcrumb":{"@id":"https:\/\/www.visit-ulcinj.com\/blog\/2015\/12\/07\/konvencija-sdp-ulcinj-sada-garant-uspjeha-u-buducnosti\/#breadcrumb"},"inLanguage":"en-US","potentialAction":[{"@type":"ReadAction","target":["https:\/\/www.visit-ulcinj.com\/blog\/2015\/12\/07\/konvencija-sdp-ulcinj-sada-garant-uspjeha-u-buducnosti\/"]}]},{"@type":"BreadcrumbList","@id":"https:\/\/www.visit-ulcinj.com\/blog\/2015\/12\/07\/konvencija-sdp-ulcinj-sada-garant-uspjeha-u-buducnosti\/#breadcrumb","itemListElement":[{"@type":"ListItem","position":1,"name":"Konvencija SDP Ulcinj do sada garant uspjeha u budu\u0107nosti"}]},{"@type":"Person","@id":"https:\/\/www.visit-ulcinj.com\/blog\/#\/schema\/person\/dcab619c614d3038751c63bc2aadc06d","name":"ulqini","sameAs":["http:\/\/www.visit-ulcinj.com"],"url":"https:\/\/www.visit-ulcinj.com\/blog\/author\/admin\/"}]}},"jetpack_featured_media_url":"","jetpack_sharing_enabled":true,"jetpack_shortlink":"https:\/\/wp.me\/pe6lTn-okj","_links":{"self":[{"href":"https:\/\/www.visit-ulcinj.com\/blog\/wp-json\/wp\/v2\/posts\/93515"}],"collection":[{"href":"https:\/\/www.visit-ulcinj.com\/blog\/wp-json\/wp\/v2\/posts"}],"about":[{"href":"https:\/\/www.visit-ulcinj.com\/blog\/wp-json\/wp\/v2\/types\/post"}],"author":[{"embeddable":true,"href":"https:\/\/www.visit-ulcinj.com\/blog\/wp-json\/wp\/v2\/users\/1"}],"replies":[{"embeddable":true,"href":"https:\/\/www.visit-ulcinj.com\/blog\/wp-json\/wp\/v2\/comments?post=93515"}],"version-history":[{"count":1,"href":"https:\/\/www.visit-ulcinj.com\/blog\/wp-json\/wp\/v2\/posts\/93515\/revisions"}],"predecessor-version":[{"id":93518,"href":"https:\/\/www.visit-ulcinj.com\/blog\/wp-json\/wp\/v2\/posts\/93515\/revisions\/93518"}],"wp:attachment":[{"href":"https:\/\/www.visit-ulcinj.com\/blog\/wp-json\/wp\/v2\/media?parent=93515"}],"wp:term":[{"taxonomy":"category","embeddable":true,"href":"https:\/\/www.visit-ulcinj.com\/blog\/wp-json\/wp\/v2\/categories?post=93515"},{"taxonomy":"post_tag","embeddable":true,"href":"https:\/\/www.visit-ulcinj.com\/blog\/wp-json\/wp\/v2\/tags?post=93515"}],"curies":[{"name":"wp","href":"https:\/\/api.w.org\/{rel}","templated":true}]}}