{"id":93520,"date":"2015-12-07T18:09:49","date_gmt":"2015-12-07T17:09:49","guid":{"rendered":"http:\/\/www.visit-ulcinj.com\/blog\/?p=93520"},"modified":"2015-12-08T09:02:48","modified_gmt":"2015-12-08T08:02:48","slug":"kreu-kishes-katolike-shqiptare-rrok-mirdita-ndahet-nga-jeta","status":"publish","type":"post","link":"https:\/\/www.visit-ulcinj.com\/blog\/2015\/12\/07\/kreu-kishes-katolike-shqiptare-rrok-mirdita-ndahet-nga-jeta\/","title":{"rendered":"Kreu i kish\u00ebs katolike shqiptare Rrok Mirdita, ndahet nga jeta"},"content":{"rendered":"<p><strong><a href=\"http:\/\/www.visit-ulcinj.com\/blog\/wp-content\/uploads\/2015\/12\/Rrok-Mirdita.jpg\"><img loading=\"lazy\" class=\"alignleft wp-image-93521\" src=\"http:\/\/www.visit-ulcinj.com\/blog\/wp-content\/uploads\/2015\/12\/Rrok-Mirdita.jpg\" alt=\"Rrok Mirdita\" width=\"508\" height=\"286\" srcset=\"https:\/\/www.visit-ulcinj.com\/blog\/wp-content\/uploads\/2015\/12\/Rrok-Mirdita.jpg 640w, https:\/\/www.visit-ulcinj.com\/blog\/wp-content\/uploads\/2015\/12\/Rrok-Mirdita-300x169.jpg 300w\" sizes=\"(max-width: 508px) 100vw, 508px\" \/><\/a><\/strong>Rrok Mirdita ka lindur n\u00eb K\u00ebllezen t\u00eb Ulqinit (Mal i Zi), m\u00eb 28 shtator 1939. Shkoll\u00ebn fillore dhe t\u00eb mesme e ka ndjekur n\u00eb vendlindje. Ka kryer Liceun Klasik dhe studimet filozofike dhe teologjike n\u00eb Zagreb, me rezultate t\u00eb shk\u00eblqyera.<\/p>\n<p>U shugurua meshtar m\u00eb 4 korrik 1965 nga Arqipeshkvi i Tivarit, Aleksander Tokic. Deri n\u00eb 1973 ka zhvilluar veprimtarin\u00eb e vet baritore nd\u00ebr famullit\u00eb shqiptare t\u00eb dioqez\u00ebs s\u00eb Tivarit (Mal i Zi). N\u00eb k\u00ebt\u00eb vit d\u00ebrgohet nga Arqipeshkvi i Tij N\u00eb Ne\u00eb York p\u00ebr t\u2019u ardhur n\u00eb ndihm\u00eb emigrant\u00ebve shqiptar\u00eb n\u00eb nevojat baritore pran\u00eb qendr\u00ebs \u201cZoja e K\u00ebshillit t\u00eb Mir\u00eb\u201d n\u00eb Bronks (Bronx).<\/p>\n<p>N\u00eb p\u00ebrkim me Arqipeshkvin e Tivarit Eminenca e Tij Card. Terence Cook, Arqieshkvi i New York, me nj\u00eb dekret t\u00eb 19 qershorit 1981 e inkardinon n\u00eb dioqez\u00ebn e tij duke e ngarkuar me veprimtarin\u00eb baritore pran\u00eb qendr\u00ebs \u201cZoja e K\u00ebshillit t\u00eb Mir\u00eb\u201d.<\/p>\n<p>N\u00eb 1985 Eminenca e Tij Kradinal O\u2019Connor Arqipeshk\u00ebv i Ne\u00eb York-ut e em\u00ebron administrator t\u00eb qendrave Katolike Shqiatare \u201cZoja e K\u00ebshillit t\u00eb Mir\u00eb\u201d dhe \u201cSh\u00ebn Pali\u201d.<\/p>\n<p>N\u00eb 28 shtator 1989 em\u00ebrohet nga i nj\u00ebjti arqipeshk\u00ebv, famullitar i famullis\u00eb s\u00eb re \u201cZoja e Shkodr\u00ebs\u201d, e themeluar nga vet\u00eb Mons. Rrok Mirdita.<\/p>\n<p>Gjat\u00eb viteve n\u00eb New York do t\u00eb merret me p\u00ebrkushtim t\u00eb ve\u00e7ant\u00eb me \u00e7\u00ebshtjen e t\u00eb larguarve nga Shqip\u00ebria, me t\u00eb cil\u00ebt bashk\u00ebndan dram\u00ebn e dhimbjes e fatkeq\u00ebsin\u00eb e t\u00eb af\u00ebrmve t\u00eb mbetur n\u00eb atdhe, t\u00eb cil\u00ebt i trajtojn\u00eb si tradh\u00ebtar\u00eb.<\/p>\n<p>N\u00eb 1991 viziton Shqip\u00ebrin\u00eb, q\u00eb e kishte njohur p\u00ebrmes emigran\u00ebve shqiptar\u00eb t\u00eb ShBA-ve dhe solidarizohet me plag\u00ebt e k\u00ebtij vendi t\u00eb martirizuar.<\/p>\n<p>N\u00eb 1992 Papa Gjon Pali i II e em\u00ebron Arqipeshk\u00ebv i Durr\u00ebs \u2013 Tiran\u00eb. Pas k\u00ebtij em\u00ebrimi largohet p\u00ebr tu vendosur n\u00eb Shqip\u00ebri duke u p\u00ebrkushtuar p\u00ebr ngritjen shpirt\u00ebrore dhe promovimin njer\u00ebzor t\u00eb popullit besuar kujdesit t\u00eb tij baritor.<\/p>\n<p>M\u00eb 24 prill 1993shugurohet Ipeshk\u00ebv nga Papa Gjon pali i II, gjat\u00eb udh\u00ebtimit t\u00eb tij apostolik n\u00eb Shqip\u00ebri, n\u00eb Katedralen e Shkodr\u00ebs, s\u00eb bashku me tre klerik\u00eb t\u00eb tjer\u00eb t\u00eb mbijetuar nga regjimi komunist. T\u00eb nj\u00ebjt\u00ebn dit\u00eb b\u00ebn hyrjen zyrtare n\u00eb dioqez\u00eb s\u00eb bashku me Atin e Shenjt\u00eb.<\/p>\n<p>N\u00eb vitet 1994-2000 \u00ebsht\u00eb president i Caritasit Shqiptar dhe angazhohet fuqish\u00ebn n\u00eb leht\u00ebsimin e vuajtjeve t\u00eb shkatuara nga lufta e Kosov\u00ebs. M\u00eb 29 mars 1999 i b\u00ebn thirrje institucioneve t\u00eb ndryshme Katolike t\u00eb Europ\u00ebs p\u00ebr t\u2019iu ardhur n\u00eb ndihm\u00eb popullsis\u00eb n\u00eb nevoj\u00eb t\u00eb skajshme, thirrje s\u00eb cil\u00ebs i p\u00ebrgjigjen me efktshm\u00ebri shum\u00eb prej tyre.<\/p>\n<p>N\u00eb vitin 1996 zgjidhet Kryetar i Konferenc\u00ebs Ipeshkvnore t\u00eb Shqip\u00ebris\u00eb dhe kryetar i par\u00eb i Shoq\u00ebris\u00eb Biblike Nd\u00ebrkonfensionale n\u00eb Shqip\u00ebri, shoq\u00ebri e sapo themeluar.<\/p>\n<p>N\u00eb vitin 2000 Sovrani i Malt\u00ebs i jep titullin Kapelan i Kryqit t\u00eb Lart\u00eb ad honorem duke e v\u00ebn\u00eb n\u00eb kategorin\u00eb e m\u00ebsuesit t\u00eb madh.<\/p>\n<p>N\u00eb vitin 2002 p\u00ebrfundon nd\u00ebrtimin e Kish\u00ebs Katedrale t\u00eb Sh\u00ebn Palit N\u00eb Tiran\u00eb, duke i dhuruar bashk\u00ebsis\u00eb katolike nj\u00eb pik\u00eb referimi p\u00ebr rritjen shpirt\u00ebrore, gj\u00eb q\u00eb do t\u00eb lej\u00eb shenj\u00eb n\u00eb zhvillimin shoq\u00ebror e shpirt\u00ebror t\u00eb vendit.<\/p>\n<p>N\u00eb janar t\u00eb vitit 2005 Papa Gjon Pali i II e lart\u00ebson n\u00eb rangun e Arqipeshkvit Metropolit dhe m\u00eb 29 qershor t\u00eb t\u00eb nj\u00ebjtit vit merr nga Papa Benedikti i XVI n\u00eb Bazilikat\u00ebn e Sh\u00ebn Pjetrit Platinium e Metropolit.<\/p>\n<p>Kryetari i Bashkis\u00eb s\u00eb Tiran\u00ebs i jep titullin Qytetar Ndrei, duke vler\u00ebsuar ndihmes\u00ebn e jashtakonshme t\u00eb Arqipeshkvit p\u00ebr zhvillimin e harmonis\u00eb fetare, rilindjen e besimit n\u00eb t\u00eb gjith\u00eb vendin dhe maturin\u00eb me t\u00eb cil\u00ebn ka ndihmuar n\u00eb kap\u00ebrcimin e v\u00ebshtir\u00ebsive politike. Po t\u00eb nj\u00ebjtin titull i jep edhe Kryetari i Bashkis\u00eb Rr\u00ebshen p\u00ebr ndihmes\u00ebn e shk\u00eblqyer n\u00eb nd\u00ebrtimin e strukturave kishtare.<\/p>\n<p>P\u00ebr m\u00eb se 13 vite Arqipeshkvi \u00ebsht\u00eb angazhuar q\u00eb Kisha Katolike m\u00eb Shqip\u00ebri n\u00eb k\u00ebt\u00eb dioqez\u00eb t\u00eb r\u00ebnd\u00ebsishme, t\u2019i vij\u00eb n\u00eb ndihm\u00eb t\u00eb gjith\u00eb kategorive t\u00eb popullsis\u00eb.<\/p>\n<p>P\u00ebr k\u00ebt\u00eb arsye i ka nxitur misionar\u00ebt q\u00eb t\u00eb angazhohen n\u00eb fush\u00ebn e arsimit, at\u00eb sh\u00ebndet\u00ebsore, n\u00eb mbrojtjen e f\u00ebmij\u00ebve, n\u00eb mb\u00ebshtetjen e familjeve n\u00eb v\u00ebshtir\u00ebsi dhe n\u00eb strehimin e t\u00eb braktisurve p\u00ebrmes hapjes s\u00eb shkollave fillore (fillore, e t\u00eb mesme), azileve, qendrave sociale, shkollave profesionale, q\u00ebndrave sh\u00ebndet\u00ebsore, dhe atyre p\u00ebr f\u00ebmij\u00ebt e braktisur, si dhe nj\u00eb qend\u00ebr p\u00ebr rekuperimin e t\u00eb rinjve t\u00eb prekur nga droga, dhe e gjith\u00eb kjo pa b\u00ebr\u00eb diskriminime fetare e shoq\u00ebrore.<\/p>\n<p>&nbsp;<\/p>\n<p>N\u00eb vitin 2006 Presidenti i Republik\u00ebs s\u00eb Shqip\u00ebris\u00eb Z. Alfred Moisiu i ka akorduar \u201cUrdh\u00ebrin N\u00ebn\u00eb T\u00ebreza\u201d me motivacionin: \u201cp\u00ebr kontributin e dh\u00ebn\u00eb n\u00eb nd\u00ebrtimin e institucioneve t\u00eb Kish\u00ebs Katolike n\u00eb Shqip\u00ebri; p\u00ebr v\u00ebmedjen e ve\u00e7ant\u00eb t\u00eb dialogut nd\u00ebrfetar; p\u00ebr nagazhimin n\u00eb themelimin einstitucioneve t\u00eb ndihm\u00ebs sociale dhe ndihmes\u00ebs s\u00eb njer\u00ebzve n\u00eb kushte t\u00eb pafavorshme\u201d.<\/p>\n<p>N\u00eb maj 2006 asambleja e zakonshme e Konferenc\u00ebs Ipeshkvnore t\u00eb Shqip\u00ebris\u00eb e zgjedh rishtas Kryetar t\u00eb saj.<\/p>\n<p>Ne vitin 2010 presidenti i Republikes Z. Bamir Topi i akordon urdherin Gjergj Kastrioti Skenderbeu, me 13 maj 2013 Akademia Ndekombetare Bonifaci 8 i akordon titullin Akademik Nderi.<\/p>\n<p>MAPO<\/p>\n","protected":false},"excerpt":{"rendered":"<p>Rrok Mirdita ka lindur n\u00eb K\u00ebllezen t\u00eb Ulqinit (Mal i Zi), m\u00eb 28 shtator 1939. Shkoll\u00ebn fillore dhe t\u00eb mesme e ka ndjekur n\u00eb vendlindje. Ka kryer Liceun Klasik dhe studimet filozofike dhe teologjike n\u00eb Zagreb, me rezultate t\u00eb shk\u00eblqyera. U shugurua meshtar m\u00eb 4 korrik 1965 nga Arqipeshkvi i Tivarit, Aleksander Tokic. Deri n\u00eb [&hellip;]<\/p>\n","protected":false},"author":1,"featured_media":0,"comment_status":"closed","ping_status":"closed","sticky":false,"template":"","format":"standard","meta":{"spay_email":"","jetpack_publicize_message":"","jetpack_is_tweetstorm":false,"jetpack_publicize_feature_enabled":true},"categories":[1,6950],"tags":[],"jetpack_publicize_connections":[],"yoast_head":"<!-- This site is optimized with the Yoast SEO plugin v19.1 - https:\/\/yoast.com\/wordpress\/plugins\/seo\/ -->\n<title>Kreu i kish\u00ebs katolike shqiptare Rrok Mirdita, ndahet nga jeta - Lajme nga Ulqini<\/title>\n<meta name=\"description\" content=\"Rrok Mirdita ka lindur n\u00eb K\u00ebllezen t\u00eb Ulqinit (Mal i Zi), m\u00eb 28 shtator 1939. Shkoll\u00ebn fillore dhe t\u00eb mesme e ka ndjekur n\u00eb vendlindje. Ka kryer Liceun\" \/>\n<meta name=\"robots\" content=\"index, follow, max-snippet:-1, max-image-preview:large, max-video-preview:-1\" \/>\n<link rel=\"canonical\" href=\"https:\/\/www.visit-ulcinj.com\/blog\/2015\/12\/07\/kreu-kishes-katolike-shqiptare-rrok-mirdita-ndahet-nga-jeta\/\" \/>\n<meta property=\"og:locale\" content=\"en_US\" \/>\n<meta property=\"og:type\" content=\"article\" \/>\n<meta property=\"og:title\" content=\"Kreu i kish\u00ebs katolike shqiptare Rrok Mirdita, ndahet nga jeta - Lajme nga Ulqini\" \/>\n<meta property=\"og:description\" content=\"Rrok Mirdita ka lindur n\u00eb K\u00ebllezen t\u00eb Ulqinit (Mal i Zi), m\u00eb 28 shtator 1939. Shkoll\u00ebn fillore dhe t\u00eb mesme e ka ndjekur n\u00eb vendlindje. Ka kryer Liceun\" \/>\n<meta property=\"og:url\" content=\"https:\/\/www.visit-ulcinj.com\/blog\/2015\/12\/07\/kreu-kishes-katolike-shqiptare-rrok-mirdita-ndahet-nga-jeta\/\" \/>\n<meta property=\"og:site_name\" content=\"Lajme nga Ulqini\" \/>\n<meta property=\"article:published_time\" content=\"2015-12-07T17:09:49+00:00\" \/>\n<meta property=\"article:modified_time\" content=\"2015-12-08T08:02:48+00:00\" \/>\n<meta property=\"og:image\" content=\"http:\/\/www.visit-ulcinj.com\/blog\/wp-content\/uploads\/2015\/12\/Rrok-Mirdita.jpg\" \/>\n<meta name=\"twitter:label1\" content=\"Written by\" \/>\n\t<meta name=\"twitter:data1\" content=\"ulqini\" \/>\n\t<meta name=\"twitter:label2\" content=\"Est. reading time\" \/>\n\t<meta name=\"twitter:data2\" content=\"5 minutes\" \/>\n<script type=\"application\/ld+json\" class=\"yoast-schema-graph\">{\"@context\":\"https:\/\/schema.org\",\"@graph\":[{\"@type\":\"WebSite\",\"@id\":\"https:\/\/www.visit-ulcinj.com\/blog\/#website\",\"url\":\"https:\/\/www.visit-ulcinj.com\/blog\/\",\"name\":\"Lajme nga Ulqini\",\"description\":\"Lajme,Vijesti,Ulqini,Ulqin,Crna Gora,Mali i Zi\",\"potentialAction\":[{\"@type\":\"SearchAction\",\"target\":{\"@type\":\"EntryPoint\",\"urlTemplate\":\"https:\/\/www.visit-ulcinj.com\/blog\/?s={search_term_string}\"},\"query-input\":\"required name=search_term_string\"}],\"inLanguage\":\"en-US\"},{\"@type\":\"ImageObject\",\"inLanguage\":\"en-US\",\"@id\":\"https:\/\/www.visit-ulcinj.com\/blog\/2015\/12\/07\/kreu-kishes-katolike-shqiptare-rrok-mirdita-ndahet-nga-jeta\/#primaryimage\",\"url\":\"https:\/\/www.visit-ulcinj.com\/blog\/wp-content\/uploads\/2015\/12\/Rrok-Mirdita.jpg\",\"contentUrl\":\"https:\/\/www.visit-ulcinj.com\/blog\/wp-content\/uploads\/2015\/12\/Rrok-Mirdita.jpg\",\"width\":640,\"height\":360},{\"@type\":\"WebPage\",\"@id\":\"https:\/\/www.visit-ulcinj.com\/blog\/2015\/12\/07\/kreu-kishes-katolike-shqiptare-rrok-mirdita-ndahet-nga-jeta\/#webpage\",\"url\":\"https:\/\/www.visit-ulcinj.com\/blog\/2015\/12\/07\/kreu-kishes-katolike-shqiptare-rrok-mirdita-ndahet-nga-jeta\/\",\"name\":\"Kreu i kish\u00ebs katolike shqiptare Rrok Mirdita, ndahet nga jeta - Lajme nga Ulqini\",\"isPartOf\":{\"@id\":\"https:\/\/www.visit-ulcinj.com\/blog\/#website\"},\"primaryImageOfPage\":{\"@id\":\"https:\/\/www.visit-ulcinj.com\/blog\/2015\/12\/07\/kreu-kishes-katolike-shqiptare-rrok-mirdita-ndahet-nga-jeta\/#primaryimage\"},\"datePublished\":\"2015-12-07T17:09:49+00:00\",\"dateModified\":\"2015-12-08T08:02:48+00:00\",\"author\":{\"@id\":\"https:\/\/www.visit-ulcinj.com\/blog\/#\/schema\/person\/dcab619c614d3038751c63bc2aadc06d\"},\"description\":\"Rrok Mirdita ka lindur n\u00eb K\u00ebllezen t\u00eb Ulqinit (Mal i Zi), m\u00eb 28 shtator 1939. Shkoll\u00ebn fillore dhe t\u00eb mesme e ka ndjekur n\u00eb vendlindje. Ka kryer Liceun\",\"breadcrumb\":{\"@id\":\"https:\/\/www.visit-ulcinj.com\/blog\/2015\/12\/07\/kreu-kishes-katolike-shqiptare-rrok-mirdita-ndahet-nga-jeta\/#breadcrumb\"},\"inLanguage\":\"en-US\",\"potentialAction\":[{\"@type\":\"ReadAction\",\"target\":[\"https:\/\/www.visit-ulcinj.com\/blog\/2015\/12\/07\/kreu-kishes-katolike-shqiptare-rrok-mirdita-ndahet-nga-jeta\/\"]}]},{\"@type\":\"BreadcrumbList\",\"@id\":\"https:\/\/www.visit-ulcinj.com\/blog\/2015\/12\/07\/kreu-kishes-katolike-shqiptare-rrok-mirdita-ndahet-nga-jeta\/#breadcrumb\",\"itemListElement\":[{\"@type\":\"ListItem\",\"position\":1,\"name\":\"Kreu i kish\u00ebs katolike shqiptare Rrok Mirdita, ndahet nga jeta\"}]},{\"@type\":\"Person\",\"@id\":\"https:\/\/www.visit-ulcinj.com\/blog\/#\/schema\/person\/dcab619c614d3038751c63bc2aadc06d\",\"name\":\"ulqini\",\"sameAs\":[\"http:\/\/www.visit-ulcinj.com\"],\"url\":\"https:\/\/www.visit-ulcinj.com\/blog\/author\/admin\/\"}]}<\/script>\n<!-- \/ Yoast SEO plugin. -->","yoast_head_json":{"title":"Kreu i kish\u00ebs katolike shqiptare Rrok Mirdita, ndahet nga jeta - Lajme nga Ulqini","description":"Rrok Mirdita ka lindur n\u00eb K\u00ebllezen t\u00eb Ulqinit (Mal i Zi), m\u00eb 28 shtator 1939. Shkoll\u00ebn fillore dhe t\u00eb mesme e ka ndjekur n\u00eb vendlindje. Ka kryer Liceun","robots":{"index":"index","follow":"follow","max-snippet":"max-snippet:-1","max-image-preview":"max-image-preview:large","max-video-preview":"max-video-preview:-1"},"canonical":"https:\/\/www.visit-ulcinj.com\/blog\/2015\/12\/07\/kreu-kishes-katolike-shqiptare-rrok-mirdita-ndahet-nga-jeta\/","og_locale":"en_US","og_type":"article","og_title":"Kreu i kish\u00ebs katolike shqiptare Rrok Mirdita, ndahet nga jeta - Lajme nga Ulqini","og_description":"Rrok Mirdita ka lindur n\u00eb K\u00ebllezen t\u00eb Ulqinit (Mal i Zi), m\u00eb 28 shtator 1939. Shkoll\u00ebn fillore dhe t\u00eb mesme e ka ndjekur n\u00eb vendlindje. Ka kryer Liceun","og_url":"https:\/\/www.visit-ulcinj.com\/blog\/2015\/12\/07\/kreu-kishes-katolike-shqiptare-rrok-mirdita-ndahet-nga-jeta\/","og_site_name":"Lajme nga Ulqini","article_published_time":"2015-12-07T17:09:49+00:00","article_modified_time":"2015-12-08T08:02:48+00:00","og_image":[{"url":"http:\/\/www.visit-ulcinj.com\/blog\/wp-content\/uploads\/2015\/12\/Rrok-Mirdita.jpg"}],"twitter_misc":{"Written by":"ulqini","Est. reading time":"5 minutes"},"schema":{"@context":"https:\/\/schema.org","@graph":[{"@type":"WebSite","@id":"https:\/\/www.visit-ulcinj.com\/blog\/#website","url":"https:\/\/www.visit-ulcinj.com\/blog\/","name":"Lajme nga Ulqini","description":"Lajme,Vijesti,Ulqini,Ulqin,Crna Gora,Mali i Zi","potentialAction":[{"@type":"SearchAction","target":{"@type":"EntryPoint","urlTemplate":"https:\/\/www.visit-ulcinj.com\/blog\/?s={search_term_string}"},"query-input":"required name=search_term_string"}],"inLanguage":"en-US"},{"@type":"ImageObject","inLanguage":"en-US","@id":"https:\/\/www.visit-ulcinj.com\/blog\/2015\/12\/07\/kreu-kishes-katolike-shqiptare-rrok-mirdita-ndahet-nga-jeta\/#primaryimage","url":"https:\/\/www.visit-ulcinj.com\/blog\/wp-content\/uploads\/2015\/12\/Rrok-Mirdita.jpg","contentUrl":"https:\/\/www.visit-ulcinj.com\/blog\/wp-content\/uploads\/2015\/12\/Rrok-Mirdita.jpg","width":640,"height":360},{"@type":"WebPage","@id":"https:\/\/www.visit-ulcinj.com\/blog\/2015\/12\/07\/kreu-kishes-katolike-shqiptare-rrok-mirdita-ndahet-nga-jeta\/#webpage","url":"https:\/\/www.visit-ulcinj.com\/blog\/2015\/12\/07\/kreu-kishes-katolike-shqiptare-rrok-mirdita-ndahet-nga-jeta\/","name":"Kreu i kish\u00ebs katolike shqiptare Rrok Mirdita, ndahet nga jeta - Lajme nga Ulqini","isPartOf":{"@id":"https:\/\/www.visit-ulcinj.com\/blog\/#website"},"primaryImageOfPage":{"@id":"https:\/\/www.visit-ulcinj.com\/blog\/2015\/12\/07\/kreu-kishes-katolike-shqiptare-rrok-mirdita-ndahet-nga-jeta\/#primaryimage"},"datePublished":"2015-12-07T17:09:49+00:00","dateModified":"2015-12-08T08:02:48+00:00","author":{"@id":"https:\/\/www.visit-ulcinj.com\/blog\/#\/schema\/person\/dcab619c614d3038751c63bc2aadc06d"},"description":"Rrok Mirdita ka lindur n\u00eb K\u00ebllezen t\u00eb Ulqinit (Mal i Zi), m\u00eb 28 shtator 1939. Shkoll\u00ebn fillore dhe t\u00eb mesme e ka ndjekur n\u00eb vendlindje. Ka kryer Liceun","breadcrumb":{"@id":"https:\/\/www.visit-ulcinj.com\/blog\/2015\/12\/07\/kreu-kishes-katolike-shqiptare-rrok-mirdita-ndahet-nga-jeta\/#breadcrumb"},"inLanguage":"en-US","potentialAction":[{"@type":"ReadAction","target":["https:\/\/www.visit-ulcinj.com\/blog\/2015\/12\/07\/kreu-kishes-katolike-shqiptare-rrok-mirdita-ndahet-nga-jeta\/"]}]},{"@type":"BreadcrumbList","@id":"https:\/\/www.visit-ulcinj.com\/blog\/2015\/12\/07\/kreu-kishes-katolike-shqiptare-rrok-mirdita-ndahet-nga-jeta\/#breadcrumb","itemListElement":[{"@type":"ListItem","position":1,"name":"Kreu i kish\u00ebs katolike shqiptare Rrok Mirdita, ndahet nga jeta"}]},{"@type":"Person","@id":"https:\/\/www.visit-ulcinj.com\/blog\/#\/schema\/person\/dcab619c614d3038751c63bc2aadc06d","name":"ulqini","sameAs":["http:\/\/www.visit-ulcinj.com"],"url":"https:\/\/www.visit-ulcinj.com\/blog\/author\/admin\/"}]}},"jetpack_featured_media_url":"","jetpack_sharing_enabled":true,"jetpack_shortlink":"https:\/\/wp.me\/pe6lTn-oko","_links":{"self":[{"href":"https:\/\/www.visit-ulcinj.com\/blog\/wp-json\/wp\/v2\/posts\/93520"}],"collection":[{"href":"https:\/\/www.visit-ulcinj.com\/blog\/wp-json\/wp\/v2\/posts"}],"about":[{"href":"https:\/\/www.visit-ulcinj.com\/blog\/wp-json\/wp\/v2\/types\/post"}],"author":[{"embeddable":true,"href":"https:\/\/www.visit-ulcinj.com\/blog\/wp-json\/wp\/v2\/users\/1"}],"replies":[{"embeddable":true,"href":"https:\/\/www.visit-ulcinj.com\/blog\/wp-json\/wp\/v2\/comments?post=93520"}],"version-history":[{"count":1,"href":"https:\/\/www.visit-ulcinj.com\/blog\/wp-json\/wp\/v2\/posts\/93520\/revisions"}],"predecessor-version":[{"id":93522,"href":"https:\/\/www.visit-ulcinj.com\/blog\/wp-json\/wp\/v2\/posts\/93520\/revisions\/93522"}],"wp:attachment":[{"href":"https:\/\/www.visit-ulcinj.com\/blog\/wp-json\/wp\/v2\/media?parent=93520"}],"wp:term":[{"taxonomy":"category","embeddable":true,"href":"https:\/\/www.visit-ulcinj.com\/blog\/wp-json\/wp\/v2\/categories?post=93520"},{"taxonomy":"post_tag","embeddable":true,"href":"https:\/\/www.visit-ulcinj.com\/blog\/wp-json\/wp\/v2\/tags?post=93520"}],"curies":[{"name":"wp","href":"https:\/\/api.w.org\/{rel}","templated":true}]}}