{"id":93523,"date":"2015-12-07T18:20:14","date_gmt":"2015-12-07T17:20:14","guid":{"rendered":"http:\/\/www.visit-ulcinj.com\/blog\/?p=93523"},"modified":"2015-12-07T18:20:14","modified_gmt":"2015-12-07T17:20:14","slug":"mali-zi-synon-ti-bashkohet-kfor-ne-kosove","status":"publish","type":"post","link":"https:\/\/www.visit-ulcinj.com\/blog\/2015\/12\/07\/mali-zi-synon-ti-bashkohet-kfor-ne-kosove\/","title":{"rendered":"Mali i Zi synon t\u2019i bashkohet KFOR-it n\u00eb Kosov\u00eb"},"content":{"rendered":"<div id=\"stcpDiv\"><strong>Podgorica k\u00ebrkon miratim p\u00ebr bashk\u00ebngjitje me misionin paqeruajt\u00ebs t\u00eb NATO-s n\u00eb Kosov\u00eb, KFOR-i edhe p\u00ebrkund\u00ebr kund\u00ebrshtimeve t\u00eb opozit\u00ebs q\u00eb i p\u00ebrkasin etnis\u00eb serbe, thon\u00eb zyrtar\u00ebt shtet\u00ebror\u00eb.<\/strong><\/div>\n<div><a href=\"http:\/\/www.visit-ulcinj.com\/blog\/wp-content\/uploads\/2015\/12\/NATO-MONTENEGRO.jpg\"><img loading=\"lazy\" class=\"alignleft wp-image-93524\" src=\"http:\/\/www.visit-ulcinj.com\/blog\/wp-content\/uploads\/2015\/12\/NATO-MONTENEGRO.jpg\" alt=\"NATO-MONTENEGRO\" width=\"508\" height=\"254\" \/><\/a><\/div>\n<div>\n<div id=\"stcpDiv\">\n<p>Mali i Zi \u00ebsht\u00eb n\u00eb pritje t\u00eb miratimit t\u00eb NATO-s p\u00ebr bashk\u00ebngjitje me trupat e KFOR-it n\u00eb Kosov\u00eb, pasi ky shtet ka shprehur d\u00ebshir\u00ebn p\u00ebr bashk\u00ebngjitje, m\u00ebson BIRN-i, transmeton lajmi.net<\/p>\n<p>Disa burime nga Ministria e Mbrojtjes e Malit t\u00eb Zi dhe Ministria e Pun\u00ebve t\u00eb Jashtme kan\u00eb konfirmuar se qeveria ka paraqitur k\u00ebrkes\u00ebn e saj te NATO-ja p\u00ebr t\u00eb d\u00ebrguar ushtar\u00eb n\u00eb Kosov\u00eb, p\u00ebrpara se Podgorica t\u00eb ket\u00eb marr\u00eb ftes\u00ebn p\u00ebr t\u2019u bashkuar me aleanc\u00ebn jav\u00ebn e kaluar.<\/p>\n<p>\u201cVendimi i aleanc\u00ebs per\u00ebndimore ushtarake pritet t\u00eb jepet shum\u00eb shpejt\u201d,i ka th\u00ebn\u00eb BIRN-it nj\u00eb Zyrtar i Lart\u00eb nga ministria e jashtme.<\/p>\n<p>Mali i Zi planifikon d\u00ebrgoj\u00eb disa ushtar\u00eb, ka konfirmuar ministria e mbrojtjes, n\u00eb akordim me kapacitetin e saj nga 2 mij\u00eb ushtar\u00eb t\u00eb armatosur r\u00ebnd\u00eb.<\/p>\n<p>Edhe pse Mali i Zi ka marr\u00eb pjes\u00eb n\u00eb disa misione nd\u00ebrkomb\u00ebtare, duke p\u00ebrfshir\u00eb k\u00ebtu edhe misionin e prir\u00eb nga NATO-ja t\u00eb \u00a0Operacioneve t\u00eb Forcave Asistuese Nd\u00ebrkomb\u00ebtare p\u00ebr Siguri n\u00eb Afganistan, ata nuk kan\u00eb d\u00ebrguar asnj\u00ebher\u00eb nj\u00ebsite ushtarake n\u00eb Kosov\u00eb p\u00ebr shkak t\u00eb situat\u00ebs s\u00eb komplikuar politike.<\/p>\n<p>Nj\u00eb pjes\u00eb e madhe e malazez\u00ebve, rreth nj\u00eb e treta e popullsis\u00eb, deklarohen si serb dhe akoma kund\u00ebrshtojn\u00eb pavar\u00ebsin\u00eb e Kosov\u00ebs, e cila ishte njohur nga Podgorica n\u00eb vitin 2008.<\/p>\n<p>Serb\u00ebt n\u00eb Malin e Zi thon\u00eb se Kosova \u00ebsht\u00eb provinc\u00eb e Serbis\u00eb. Kosova dhe Mali i Zi kan\u00eb stabilizuar marr\u00ebdh\u00ebniet diplomatike n\u00eb vitin 2010 por Podgorica ende ka vet\u00ebm nj\u00eb person t\u00eb ngarkuar n\u00eb Prishtin\u00eb dhe jo ambasador, shkruan Balkaninsight, transmeton lajmi.net<\/p>\n<p>NATO-ja ka misionin e saj p\u00ebr paqe-ruajtje n\u00eb Kosov\u00eb q\u00eb nga vitin 1999, duke mb\u00ebshtetur p\u00ebrpjekjet e gj\u00ebra nd\u00ebrkomb\u00ebtare p\u00ebr nd\u00ebrtimin e paqes the stabilitetit n\u00eb rajon.<\/p>\n<p>KFOR-i ishte vendosur pas kampanj\u00ebs 78 ditore bombarduese ndaj ish-liderit serb Sllobodan Millosheviq dhe regjimit t\u00eb tij, e cila \u00ebsht\u00eb b\u00ebr\u00eb me q\u00ebllim p\u00ebr ndalimin e dhun\u00ebs n\u00eb Kosov\u00eb.<\/p>\n<p>Objektivet origjinale t\u00eb KFOR-it kan\u00eb qen\u00eb q\u00eb t\u00eb pengoj\u00eb rip\u00ebrtrirjen e armiq\u00ebsis\u00eb, stabilizoj\u00eb nj\u00eb mjedis t\u00eb sigurt dhe t\u00eb realizoj\u00eb sigurin\u00eb publike dhe rendin, t\u00eb \u00e7armatos\u00eb U\u00c7K-n\u00eb, t\u00eb mb\u00ebshtes\u00eb organizatat humanitare nd\u00ebrkomb\u00ebtare dhe t\u00eb koordinohet me prezenc\u00ebn e shoq\u00ebris\u00eb civile nd\u00ebrkomb\u00ebtare.<\/p>\n<p>Deri tash, Kroacia \u00ebsht\u00eb vendi i vet\u00ebm nga ish-Jugosllavia e cila ka kontribuar me ushtar\u00eb p\u00ebr KFOR-in. Zagrebi kishte d\u00ebrguar ushtar\u00ebt e par\u00eb n\u00eb vitin 2009.\/lajmi.net<\/p>\n<\/div>\n<\/div>\n","protected":false},"excerpt":{"rendered":"<p>Podgorica k\u00ebrkon miratim p\u00ebr bashk\u00ebngjitje me misionin paqeruajt\u00ebs t\u00eb NATO-s n\u00eb Kosov\u00eb, KFOR-i edhe p\u00ebrkund\u00ebr kund\u00ebrshtimeve t\u00eb opozit\u00ebs q\u00eb i p\u00ebrkasin etnis\u00eb serbe, thon\u00eb zyrtar\u00ebt shtet\u00ebror\u00eb. Mali i Zi \u00ebsht\u00eb n\u00eb pritje t\u00eb miratimit t\u00eb NATO-s p\u00ebr bashk\u00ebngjitje me trupat e KFOR-it n\u00eb Kosov\u00eb, pasi ky shtet ka shprehur d\u00ebshir\u00ebn p\u00ebr bashk\u00ebngjitje, m\u00ebson BIRN-i, transmeton [&hellip;]<\/p>\n","protected":false},"author":1,"featured_media":0,"comment_status":"closed","ping_status":"closed","sticky":false,"template":"","format":"standard","meta":{"spay_email":"","jetpack_publicize_message":"","jetpack_is_tweetstorm":false,"jetpack_publicize_feature_enabled":true},"categories":[14],"tags":[],"jetpack_publicize_connections":[],"yoast_head":"<!-- This site is optimized with the Yoast SEO plugin v19.1 - https:\/\/yoast.com\/wordpress\/plugins\/seo\/ -->\n<title>Mali i Zi synon t\u2019i bashkohet KFOR-it n\u00eb Kosov\u00eb - Lajme nga Ulqini<\/title>\n<meta name=\"description\" content=\"Podgorica k\u00ebrkon miratim p\u00ebr bashk\u00ebngjitje me misionin paqeruajt\u00ebs t\u00eb NATO-s n\u00eb Kosov\u00eb, KFOR-i edhe p\u00ebrkund\u00ebr kund\u00ebrshtimeve t\u00eb opozit\u00ebs q\u00eb i p\u00ebrkasin\" \/>\n<meta name=\"robots\" content=\"index, follow, max-snippet:-1, max-image-preview:large, max-video-preview:-1\" \/>\n<link rel=\"canonical\" href=\"https:\/\/www.visit-ulcinj.com\/blog\/2015\/12\/07\/mali-zi-synon-ti-bashkohet-kfor-ne-kosove\/\" \/>\n<meta property=\"og:locale\" content=\"en_US\" \/>\n<meta property=\"og:type\" content=\"article\" \/>\n<meta property=\"og:title\" content=\"Mali i Zi synon t\u2019i bashkohet KFOR-it n\u00eb Kosov\u00eb - Lajme nga Ulqini\" \/>\n<meta property=\"og:description\" content=\"Podgorica k\u00ebrkon miratim p\u00ebr bashk\u00ebngjitje me misionin paqeruajt\u00ebs t\u00eb NATO-s n\u00eb Kosov\u00eb, KFOR-i edhe p\u00ebrkund\u00ebr kund\u00ebrshtimeve t\u00eb opozit\u00ebs q\u00eb i p\u00ebrkasin\" \/>\n<meta property=\"og:url\" content=\"https:\/\/www.visit-ulcinj.com\/blog\/2015\/12\/07\/mali-zi-synon-ti-bashkohet-kfor-ne-kosove\/\" \/>\n<meta property=\"og:site_name\" content=\"Lajme nga Ulqini\" \/>\n<meta property=\"article:published_time\" content=\"2015-12-07T17:20:14+00:00\" \/>\n<meta property=\"og:image\" content=\"http:\/\/www.visit-ulcinj.com\/blog\/wp-content\/uploads\/2015\/12\/NATO-MONTENEGRO.jpg\" \/>\n<meta name=\"twitter:label1\" content=\"Written by\" \/>\n\t<meta name=\"twitter:data1\" content=\"ulqini\" \/>\n\t<meta name=\"twitter:label2\" content=\"Est. reading time\" \/>\n\t<meta name=\"twitter:data2\" content=\"2 minutes\" \/>\n<script type=\"application\/ld+json\" class=\"yoast-schema-graph\">{\"@context\":\"https:\/\/schema.org\",\"@graph\":[{\"@type\":\"WebSite\",\"@id\":\"https:\/\/www.visit-ulcinj.com\/blog\/#website\",\"url\":\"https:\/\/www.visit-ulcinj.com\/blog\/\",\"name\":\"Lajme nga Ulqini\",\"description\":\"Lajme,Vijesti,Ulqini,Ulqin,Crna Gora,Mali i Zi\",\"potentialAction\":[{\"@type\":\"SearchAction\",\"target\":{\"@type\":\"EntryPoint\",\"urlTemplate\":\"https:\/\/www.visit-ulcinj.com\/blog\/?s={search_term_string}\"},\"query-input\":\"required name=search_term_string\"}],\"inLanguage\":\"en-US\"},{\"@type\":\"ImageObject\",\"inLanguage\":\"en-US\",\"@id\":\"https:\/\/www.visit-ulcinj.com\/blog\/2015\/12\/07\/mali-zi-synon-ti-bashkohet-kfor-ne-kosove\/#primaryimage\",\"url\":\"http:\/\/www.visit-ulcinj.com\/blog\/wp-content\/uploads\/2015\/12\/NATO-MONTENEGRO.jpg\",\"contentUrl\":\"http:\/\/www.visit-ulcinj.com\/blog\/wp-content\/uploads\/2015\/12\/NATO-MONTENEGRO.jpg\"},{\"@type\":\"WebPage\",\"@id\":\"https:\/\/www.visit-ulcinj.com\/blog\/2015\/12\/07\/mali-zi-synon-ti-bashkohet-kfor-ne-kosove\/#webpage\",\"url\":\"https:\/\/www.visit-ulcinj.com\/blog\/2015\/12\/07\/mali-zi-synon-ti-bashkohet-kfor-ne-kosove\/\",\"name\":\"Mali i Zi synon t\u2019i bashkohet KFOR-it n\u00eb Kosov\u00eb - Lajme nga Ulqini\",\"isPartOf\":{\"@id\":\"https:\/\/www.visit-ulcinj.com\/blog\/#website\"},\"primaryImageOfPage\":{\"@id\":\"https:\/\/www.visit-ulcinj.com\/blog\/2015\/12\/07\/mali-zi-synon-ti-bashkohet-kfor-ne-kosove\/#primaryimage\"},\"datePublished\":\"2015-12-07T17:20:14+00:00\",\"dateModified\":\"2015-12-07T17:20:14+00:00\",\"author\":{\"@id\":\"https:\/\/www.visit-ulcinj.com\/blog\/#\/schema\/person\/dcab619c614d3038751c63bc2aadc06d\"},\"description\":\"Podgorica k\u00ebrkon miratim p\u00ebr bashk\u00ebngjitje me misionin paqeruajt\u00ebs t\u00eb NATO-s n\u00eb Kosov\u00eb, KFOR-i edhe p\u00ebrkund\u00ebr kund\u00ebrshtimeve t\u00eb opozit\u00ebs q\u00eb i p\u00ebrkasin\",\"breadcrumb\":{\"@id\":\"https:\/\/www.visit-ulcinj.com\/blog\/2015\/12\/07\/mali-zi-synon-ti-bashkohet-kfor-ne-kosove\/#breadcrumb\"},\"inLanguage\":\"en-US\",\"potentialAction\":[{\"@type\":\"ReadAction\",\"target\":[\"https:\/\/www.visit-ulcinj.com\/blog\/2015\/12\/07\/mali-zi-synon-ti-bashkohet-kfor-ne-kosove\/\"]}]},{\"@type\":\"BreadcrumbList\",\"@id\":\"https:\/\/www.visit-ulcinj.com\/blog\/2015\/12\/07\/mali-zi-synon-ti-bashkohet-kfor-ne-kosove\/#breadcrumb\",\"itemListElement\":[{\"@type\":\"ListItem\",\"position\":1,\"name\":\"Mali i Zi synon t\u2019i bashkohet KFOR-it n\u00eb Kosov\u00eb\"}]},{\"@type\":\"Person\",\"@id\":\"https:\/\/www.visit-ulcinj.com\/blog\/#\/schema\/person\/dcab619c614d3038751c63bc2aadc06d\",\"name\":\"ulqini\",\"sameAs\":[\"http:\/\/www.visit-ulcinj.com\"],\"url\":\"https:\/\/www.visit-ulcinj.com\/blog\/author\/admin\/\"}]}<\/script>\n<!-- \/ Yoast SEO plugin. -->","yoast_head_json":{"title":"Mali i Zi synon t\u2019i bashkohet KFOR-it n\u00eb Kosov\u00eb - Lajme nga Ulqini","description":"Podgorica k\u00ebrkon miratim p\u00ebr bashk\u00ebngjitje me misionin paqeruajt\u00ebs t\u00eb NATO-s n\u00eb Kosov\u00eb, KFOR-i edhe p\u00ebrkund\u00ebr kund\u00ebrshtimeve t\u00eb opozit\u00ebs q\u00eb i p\u00ebrkasin","robots":{"index":"index","follow":"follow","max-snippet":"max-snippet:-1","max-image-preview":"max-image-preview:large","max-video-preview":"max-video-preview:-1"},"canonical":"https:\/\/www.visit-ulcinj.com\/blog\/2015\/12\/07\/mali-zi-synon-ti-bashkohet-kfor-ne-kosove\/","og_locale":"en_US","og_type":"article","og_title":"Mali i Zi synon t\u2019i bashkohet KFOR-it n\u00eb Kosov\u00eb - Lajme nga Ulqini","og_description":"Podgorica k\u00ebrkon miratim p\u00ebr bashk\u00ebngjitje me misionin paqeruajt\u00ebs t\u00eb NATO-s n\u00eb Kosov\u00eb, KFOR-i edhe p\u00ebrkund\u00ebr kund\u00ebrshtimeve t\u00eb opozit\u00ebs q\u00eb i p\u00ebrkasin","og_url":"https:\/\/www.visit-ulcinj.com\/blog\/2015\/12\/07\/mali-zi-synon-ti-bashkohet-kfor-ne-kosove\/","og_site_name":"Lajme nga Ulqini","article_published_time":"2015-12-07T17:20:14+00:00","og_image":[{"url":"http:\/\/www.visit-ulcinj.com\/blog\/wp-content\/uploads\/2015\/12\/NATO-MONTENEGRO.jpg"}],"twitter_misc":{"Written by":"ulqini","Est. reading time":"2 minutes"},"schema":{"@context":"https:\/\/schema.org","@graph":[{"@type":"WebSite","@id":"https:\/\/www.visit-ulcinj.com\/blog\/#website","url":"https:\/\/www.visit-ulcinj.com\/blog\/","name":"Lajme nga Ulqini","description":"Lajme,Vijesti,Ulqini,Ulqin,Crna Gora,Mali i Zi","potentialAction":[{"@type":"SearchAction","target":{"@type":"EntryPoint","urlTemplate":"https:\/\/www.visit-ulcinj.com\/blog\/?s={search_term_string}"},"query-input":"required name=search_term_string"}],"inLanguage":"en-US"},{"@type":"ImageObject","inLanguage":"en-US","@id":"https:\/\/www.visit-ulcinj.com\/blog\/2015\/12\/07\/mali-zi-synon-ti-bashkohet-kfor-ne-kosove\/#primaryimage","url":"http:\/\/www.visit-ulcinj.com\/blog\/wp-content\/uploads\/2015\/12\/NATO-MONTENEGRO.jpg","contentUrl":"http:\/\/www.visit-ulcinj.com\/blog\/wp-content\/uploads\/2015\/12\/NATO-MONTENEGRO.jpg"},{"@type":"WebPage","@id":"https:\/\/www.visit-ulcinj.com\/blog\/2015\/12\/07\/mali-zi-synon-ti-bashkohet-kfor-ne-kosove\/#webpage","url":"https:\/\/www.visit-ulcinj.com\/blog\/2015\/12\/07\/mali-zi-synon-ti-bashkohet-kfor-ne-kosove\/","name":"Mali i Zi synon t\u2019i bashkohet KFOR-it n\u00eb Kosov\u00eb - Lajme nga Ulqini","isPartOf":{"@id":"https:\/\/www.visit-ulcinj.com\/blog\/#website"},"primaryImageOfPage":{"@id":"https:\/\/www.visit-ulcinj.com\/blog\/2015\/12\/07\/mali-zi-synon-ti-bashkohet-kfor-ne-kosove\/#primaryimage"},"datePublished":"2015-12-07T17:20:14+00:00","dateModified":"2015-12-07T17:20:14+00:00","author":{"@id":"https:\/\/www.visit-ulcinj.com\/blog\/#\/schema\/person\/dcab619c614d3038751c63bc2aadc06d"},"description":"Podgorica k\u00ebrkon miratim p\u00ebr bashk\u00ebngjitje me misionin paqeruajt\u00ebs t\u00eb NATO-s n\u00eb Kosov\u00eb, KFOR-i edhe p\u00ebrkund\u00ebr kund\u00ebrshtimeve t\u00eb opozit\u00ebs q\u00eb i p\u00ebrkasin","breadcrumb":{"@id":"https:\/\/www.visit-ulcinj.com\/blog\/2015\/12\/07\/mali-zi-synon-ti-bashkohet-kfor-ne-kosove\/#breadcrumb"},"inLanguage":"en-US","potentialAction":[{"@type":"ReadAction","target":["https:\/\/www.visit-ulcinj.com\/blog\/2015\/12\/07\/mali-zi-synon-ti-bashkohet-kfor-ne-kosove\/"]}]},{"@type":"BreadcrumbList","@id":"https:\/\/www.visit-ulcinj.com\/blog\/2015\/12\/07\/mali-zi-synon-ti-bashkohet-kfor-ne-kosove\/#breadcrumb","itemListElement":[{"@type":"ListItem","position":1,"name":"Mali i Zi synon t\u2019i bashkohet KFOR-it n\u00eb Kosov\u00eb"}]},{"@type":"Person","@id":"https:\/\/www.visit-ulcinj.com\/blog\/#\/schema\/person\/dcab619c614d3038751c63bc2aadc06d","name":"ulqini","sameAs":["http:\/\/www.visit-ulcinj.com"],"url":"https:\/\/www.visit-ulcinj.com\/blog\/author\/admin\/"}]}},"jetpack_featured_media_url":"","jetpack_sharing_enabled":true,"jetpack_shortlink":"https:\/\/wp.me\/pe6lTn-okr","_links":{"self":[{"href":"https:\/\/www.visit-ulcinj.com\/blog\/wp-json\/wp\/v2\/posts\/93523"}],"collection":[{"href":"https:\/\/www.visit-ulcinj.com\/blog\/wp-json\/wp\/v2\/posts"}],"about":[{"href":"https:\/\/www.visit-ulcinj.com\/blog\/wp-json\/wp\/v2\/types\/post"}],"author":[{"embeddable":true,"href":"https:\/\/www.visit-ulcinj.com\/blog\/wp-json\/wp\/v2\/users\/1"}],"replies":[{"embeddable":true,"href":"https:\/\/www.visit-ulcinj.com\/blog\/wp-json\/wp\/v2\/comments?post=93523"}],"version-history":[{"count":1,"href":"https:\/\/www.visit-ulcinj.com\/blog\/wp-json\/wp\/v2\/posts\/93523\/revisions"}],"predecessor-version":[{"id":93525,"href":"https:\/\/www.visit-ulcinj.com\/blog\/wp-json\/wp\/v2\/posts\/93523\/revisions\/93525"}],"wp:attachment":[{"href":"https:\/\/www.visit-ulcinj.com\/blog\/wp-json\/wp\/v2\/media?parent=93523"}],"wp:term":[{"taxonomy":"category","embeddable":true,"href":"https:\/\/www.visit-ulcinj.com\/blog\/wp-json\/wp\/v2\/categories?post=93523"},{"taxonomy":"post_tag","embeddable":true,"href":"https:\/\/www.visit-ulcinj.com\/blog\/wp-json\/wp\/v2\/tags?post=93523"}],"curies":[{"name":"wp","href":"https:\/\/api.w.org\/{rel}","templated":true}]}}