{"id":93526,"date":"2015-12-08T09:00:29","date_gmt":"2015-12-08T08:00:29","guid":{"rendered":"http:\/\/www.visit-ulcinj.com\/blog\/?p=93526"},"modified":"2015-12-08T18:06:22","modified_gmt":"2015-12-08T17:06:22","slug":"hajro-ulqinaku-libri-per-tivarrin","status":"publish","type":"post","link":"https:\/\/www.visit-ulcinj.com\/blog\/2015\/12\/08\/hajro-ulqinaku-libri-per-tivarrin\/","title":{"rendered":"Hajro Ulqinaku \u201cLibri p\u00ebr Tivarrin\u201d"},"content":{"rendered":"<p><strong><a href=\"http:\/\/www.visit-ulcinj.com\/blog\/wp-content\/uploads\/2015\/12\/Hajro-Ulqinaku-Libri-per-Tivarin.jpg\"><img loading=\"lazy\" class=\"alignleft wp-image-93527\" src=\"http:\/\/www.visit-ulcinj.com\/blog\/wp-content\/uploads\/2015\/12\/Hajro-Ulqinaku-Libri-per-Tivarin.jpg\" alt=\"Hajro-Ulqinaku-Libri-per-Tivarin\" width=\"508\" height=\"380\" srcset=\"https:\/\/www.visit-ulcinj.com\/blog\/wp-content\/uploads\/2015\/12\/Hajro-Ulqinaku-Libri-per-Tivarin.jpg 999w, https:\/\/www.visit-ulcinj.com\/blog\/wp-content\/uploads\/2015\/12\/Hajro-Ulqinaku-Libri-per-Tivarin-300x224.jpg 300w\" sizes=\"(max-width: 508px) 100vw, 508px\" \/><\/a>Botohet \u201cLibri p\u00ebr Tivarrin\u201d n\u00eb 70-vjetorin e Masakr\u00ebs s\u00eb Tivarit <\/strong><\/p>\n<p>N\u00eb 70-vjetorin e Masakr\u00ebs s\u00eb Tivarit, q\u00eb njihet si masakra m\u00eb e madhe e kryer ndaj shqiptar\u00ebve dhe varri m\u00eb i madh masiv i shqiptar\u00ebve, Shoqata e Artist\u00ebve dhe Intelektual\u00ebve \u201cArt Club\u201d ka botuar \u201cLibri-n p\u00ebr Tivarrin\u201d, t\u00eb p\u00ebrgatitur nga shkrimtari Hajro Ulqinaku. Ky lib\u00ebr, i cili \u00ebsht\u00eb publikuar k\u00ebto dit\u00eb, p\u00ebrb\u00ebn nj\u00eb homazh p\u00ebr viktimat dhe t\u00eb mbijetuarit e Masakr\u00ebs s\u00eb Tivarit n\u00eb k\u00ebt\u00eb p\u00ebrvjetor.<\/p>\n<p>\u201cLibri p\u00ebr Tivarrin\u201d p\u00ebrb\u00ebhet nga 232 faqe dhe n\u00eb t\u00eb p\u00ebrfshihen k\u00ebng\u00eb popullore, balada, poezi, poema, tregime, monodrama, d\u00ebshmi t\u00eb d\u00ebshmitar\u00ebve, let\u00ebr e hapur, studime etj. t\u00eb autor\u00ebve nga t\u00eb gjitha trevat shqiptare kushtuar Masakr\u00ebs s\u00eb Tivarit. Si\u00e7 shprehet Ulqinaku, ky \u00ebsht\u00eb \u201cnj\u00eb lib\u00ebr i vog\u00ebl p\u00ebr at\u00eb krim t\u00eb madh, q\u00eb s\u2019harrohet, q\u00eb na akuzon <em>pse s\u2019e ngrit\u00ebm s\u00eb paku nj\u00eb lapidar<\/em> n\u00eb Tivar\u201d.<\/p>\n<p>N\u00eb recensionin e tij, prof. Dr. Sadri Fetiu shkruan se \u201cp\u00ebrgatitja e k\u00ebtij libri nga Hajro Ulqinaku dhe botimi i tij me rastin e 70-vjetorit t\u00eb Masakr\u00ebs s\u00eb Tivarit \u00ebsht\u00eb ndihmes\u00eb e ve\u00e7ant\u00eb p\u00ebr njohjen e fatit t\u00eb popullit shqiptar t\u00eb mbetur n\u00ebn sundimin jugosllav, p\u00ebr zbulimin e p\u00ebrmasave t\u00eb nj\u00eb krimi t\u00eb pashembullt, q\u00eb ka ndodhur n\u00eb Tivar\u201d. Sipas Fetiut, ky \u201c\u00ebsht\u00eb lib\u00ebr \u2013 d\u00ebshmi p\u00ebr Tragjedin\u00eb e Tivarit, nj\u00eb p\u00ebrvoj\u00eb letrare artistike dhe historike, q\u00eb do t\u2019i sh\u00ebrbej\u00eb lexuesit q\u00eb t\u00eb mos harrohet kurr\u00eb e kaluara, t\u00eb mos harrohet historia, p\u00ebr t\u00eb cil\u00ebn romak\u00ebt e ditur kan\u00eb th\u00ebn\u00eb se \u00ebsht\u00eb m\u00ebsuese e jet\u00ebs\u201d.<\/p>\n<p>Redaktor i librit \u00ebsht\u00eb Hajredin Kova\u00e7i, recensent prof. Dr. Sadri Fetiu, lektor Ismet Kallaba, nd\u00ebrsa redaktor teknik Qazim Muja.<\/p>\n<p>Libri \u00ebsht\u00eb shtypur n\u00eb Entin Botues \u201cGjergj Fishta\u201d &#8211; Lezh\u00eb, nd\u00ebrsa botimin e tij e kan\u00eb mb\u00ebshtetur Shoqata Shqiptaro-Amerikane \u201cAna e Malit\u201d \u2013 Nju Jork dhe Komuna e Ulqinit.<\/p>\n<p>N\u00eb kuad\u00ebr t\u00eb veprimtaris\u00eb s\u00eb tij botuese \u201cArt Club\u201d, botuesi m\u00eb i madh nd\u00ebr shqiptar\u00ebt n\u00eb Malin e Zi, ka botuar deri tani mbi 100 libra, kryesisht t\u00eb autor\u00ebve shqiptar\u00eb n\u00eb Malin e Zi.<\/p>\n<p>&nbsp;<\/p>\n<p>&nbsp;<\/p>\n<p>&nbsp;<\/p>\n<p><em>\u00a0<\/em><\/p>\n<p><em>Ulqin, m\u00eb 08. 12. 2015<\/em> \u00a0\u00a0\u00a0\u00a0\u00a0\u00a0\u00a0\u00a0\u00a0\u00a0\u00a0\u00a0\u00a0\u00a0\u00a0\u00a0\u00a0\u00a0\u00a0\u00a0\u00a0\u00a0\u00a0\u00a0\u00a0\u00a0\u00a0\u00a0\u00a0\u00a0\u00a0\u00a0\u00a0\u00a0\u00a0\u00a0\u00a0\u00a0\u00a0\u00a0\u00a0\u00a0\u00a0\u00a0\u00a0\u00a0\u00a0\u00a0\u00a0\u00a0\u00a0\u00a0\u00a0\u00a0\u00a0\u00a0\u00a0\u00a0\u00a0\u00a0\u00a0\u00a0\u00a0\u00a0\u00a0\u00a0 \u00a0\u00a0\u00a0\u00a0\u00a0<strong>SHAI \u201cArt Club\u201d <\/strong><\/p>\n","protected":false},"excerpt":{"rendered":"<p>Botohet \u201cLibri p\u00ebr Tivarrin\u201d n\u00eb 70-vjetorin e Masakr\u00ebs s\u00eb Tivarit N\u00eb 70-vjetorin e Masakr\u00ebs s\u00eb Tivarit, q\u00eb njihet si masakra m\u00eb e madhe e kryer ndaj shqiptar\u00ebve dhe varri m\u00eb i madh masiv i shqiptar\u00ebve, Shoqata e Artist\u00ebve dhe Intelektual\u00ebve \u201cArt Club\u201d ka botuar \u201cLibri-n p\u00ebr Tivarrin\u201d, t\u00eb p\u00ebrgatitur nga shkrimtari Hajro Ulqinaku. Ky lib\u00ebr, [&hellip;]<\/p>\n","protected":false},"author":1,"featured_media":0,"comment_status":"closed","ping_status":"closed","sticky":false,"template":"","format":"standard","meta":{"spay_email":"","jetpack_publicize_message":"","jetpack_is_tweetstorm":false,"jetpack_publicize_feature_enabled":true},"categories":[4,1],"tags":[],"jetpack_publicize_connections":[],"yoast_head":"<!-- This site is optimized with the Yoast SEO plugin v19.1 - https:\/\/yoast.com\/wordpress\/plugins\/seo\/ -->\n<title>Hajro Ulqinaku \u201cLibri p\u00ebr Tivarrin\u201d - Lajme nga Ulqini<\/title>\n<meta name=\"description\" content=\"Botohet \u201cLibri p\u00ebr Tivarrin\u201d n\u00eb 70-vjetorin e Masakr\u00ebs s\u00eb Tivarit N\u00eb 70-vjetorin e Masakr\u00ebs s\u00eb Tivarit, q\u00eb njihet si masakra m\u00eb e madhe e kryer ndaj\" \/>\n<meta name=\"robots\" content=\"index, follow, max-snippet:-1, max-image-preview:large, max-video-preview:-1\" \/>\n<link rel=\"canonical\" href=\"https:\/\/www.visit-ulcinj.com\/blog\/2015\/12\/08\/hajro-ulqinaku-libri-per-tivarrin\/\" \/>\n<meta property=\"og:locale\" content=\"en_US\" \/>\n<meta property=\"og:type\" content=\"article\" \/>\n<meta property=\"og:title\" content=\"Hajro Ulqinaku \u201cLibri p\u00ebr Tivarrin\u201d - Lajme nga Ulqini\" \/>\n<meta property=\"og:description\" content=\"Botohet \u201cLibri p\u00ebr Tivarrin\u201d n\u00eb 70-vjetorin e Masakr\u00ebs s\u00eb Tivarit N\u00eb 70-vjetorin e Masakr\u00ebs s\u00eb Tivarit, q\u00eb njihet si masakra m\u00eb e madhe e kryer ndaj\" \/>\n<meta property=\"og:url\" content=\"https:\/\/www.visit-ulcinj.com\/blog\/2015\/12\/08\/hajro-ulqinaku-libri-per-tivarrin\/\" \/>\n<meta property=\"og:site_name\" content=\"Lajme nga Ulqini\" \/>\n<meta property=\"article:published_time\" content=\"2015-12-08T08:00:29+00:00\" \/>\n<meta property=\"article:modified_time\" content=\"2015-12-08T17:06:22+00:00\" \/>\n<meta property=\"og:image\" content=\"http:\/\/www.visit-ulcinj.com\/blog\/wp-content\/uploads\/2015\/12\/Hajro-Ulqinaku-Libri-per-Tivarin.jpg\" \/>\n<meta name=\"twitter:label1\" content=\"Written by\" \/>\n\t<meta name=\"twitter:data1\" content=\"ulqini\" \/>\n\t<meta name=\"twitter:label2\" content=\"Est. reading time\" \/>\n\t<meta name=\"twitter:data2\" content=\"2 minutes\" \/>\n<script type=\"application\/ld+json\" class=\"yoast-schema-graph\">{\"@context\":\"https:\/\/schema.org\",\"@graph\":[{\"@type\":\"WebSite\",\"@id\":\"https:\/\/www.visit-ulcinj.com\/blog\/#website\",\"url\":\"https:\/\/www.visit-ulcinj.com\/blog\/\",\"name\":\"Lajme nga Ulqini\",\"description\":\"Lajme,Vijesti,Ulqini,Ulqin,Crna Gora,Mali i Zi\",\"potentialAction\":[{\"@type\":\"SearchAction\",\"target\":{\"@type\":\"EntryPoint\",\"urlTemplate\":\"https:\/\/www.visit-ulcinj.com\/blog\/?s={search_term_string}\"},\"query-input\":\"required name=search_term_string\"}],\"inLanguage\":\"en-US\"},{\"@type\":\"ImageObject\",\"inLanguage\":\"en-US\",\"@id\":\"https:\/\/www.visit-ulcinj.com\/blog\/2015\/12\/08\/hajro-ulqinaku-libri-per-tivarrin\/#primaryimage\",\"url\":\"https:\/\/www.visit-ulcinj.com\/blog\/wp-content\/uploads\/2015\/12\/Hajro-Ulqinaku-Libri-per-Tivarin.jpg\",\"contentUrl\":\"https:\/\/www.visit-ulcinj.com\/blog\/wp-content\/uploads\/2015\/12\/Hajro-Ulqinaku-Libri-per-Tivarin.jpg\",\"width\":999,\"height\":747},{\"@type\":\"WebPage\",\"@id\":\"https:\/\/www.visit-ulcinj.com\/blog\/2015\/12\/08\/hajro-ulqinaku-libri-per-tivarrin\/#webpage\",\"url\":\"https:\/\/www.visit-ulcinj.com\/blog\/2015\/12\/08\/hajro-ulqinaku-libri-per-tivarrin\/\",\"name\":\"Hajro Ulqinaku \u201cLibri p\u00ebr Tivarrin\u201d - Lajme nga Ulqini\",\"isPartOf\":{\"@id\":\"https:\/\/www.visit-ulcinj.com\/blog\/#website\"},\"primaryImageOfPage\":{\"@id\":\"https:\/\/www.visit-ulcinj.com\/blog\/2015\/12\/08\/hajro-ulqinaku-libri-per-tivarrin\/#primaryimage\"},\"datePublished\":\"2015-12-08T08:00:29+00:00\",\"dateModified\":\"2015-12-08T17:06:22+00:00\",\"author\":{\"@id\":\"https:\/\/www.visit-ulcinj.com\/blog\/#\/schema\/person\/dcab619c614d3038751c63bc2aadc06d\"},\"description\":\"Botohet \u201cLibri p\u00ebr Tivarrin\u201d n\u00eb 70-vjetorin e Masakr\u00ebs s\u00eb Tivarit N\u00eb 70-vjetorin e Masakr\u00ebs s\u00eb Tivarit, q\u00eb njihet si masakra m\u00eb e madhe e kryer ndaj\",\"breadcrumb\":{\"@id\":\"https:\/\/www.visit-ulcinj.com\/blog\/2015\/12\/08\/hajro-ulqinaku-libri-per-tivarrin\/#breadcrumb\"},\"inLanguage\":\"en-US\",\"potentialAction\":[{\"@type\":\"ReadAction\",\"target\":[\"https:\/\/www.visit-ulcinj.com\/blog\/2015\/12\/08\/hajro-ulqinaku-libri-per-tivarrin\/\"]}]},{\"@type\":\"BreadcrumbList\",\"@id\":\"https:\/\/www.visit-ulcinj.com\/blog\/2015\/12\/08\/hajro-ulqinaku-libri-per-tivarrin\/#breadcrumb\",\"itemListElement\":[{\"@type\":\"ListItem\",\"position\":1,\"name\":\"Hajro Ulqinaku \u201cLibri p\u00ebr Tivarrin\u201d\"}]},{\"@type\":\"Person\",\"@id\":\"https:\/\/www.visit-ulcinj.com\/blog\/#\/schema\/person\/dcab619c614d3038751c63bc2aadc06d\",\"name\":\"ulqini\",\"sameAs\":[\"http:\/\/www.visit-ulcinj.com\"],\"url\":\"https:\/\/www.visit-ulcinj.com\/blog\/author\/admin\/\"}]}<\/script>\n<!-- \/ Yoast SEO plugin. -->","yoast_head_json":{"title":"Hajro Ulqinaku \u201cLibri p\u00ebr Tivarrin\u201d - Lajme nga Ulqini","description":"Botohet \u201cLibri p\u00ebr Tivarrin\u201d n\u00eb 70-vjetorin e Masakr\u00ebs s\u00eb Tivarit N\u00eb 70-vjetorin e Masakr\u00ebs s\u00eb Tivarit, q\u00eb njihet si masakra m\u00eb e madhe e kryer ndaj","robots":{"index":"index","follow":"follow","max-snippet":"max-snippet:-1","max-image-preview":"max-image-preview:large","max-video-preview":"max-video-preview:-1"},"canonical":"https:\/\/www.visit-ulcinj.com\/blog\/2015\/12\/08\/hajro-ulqinaku-libri-per-tivarrin\/","og_locale":"en_US","og_type":"article","og_title":"Hajro Ulqinaku \u201cLibri p\u00ebr Tivarrin\u201d - Lajme nga Ulqini","og_description":"Botohet \u201cLibri p\u00ebr Tivarrin\u201d n\u00eb 70-vjetorin e Masakr\u00ebs s\u00eb Tivarit N\u00eb 70-vjetorin e Masakr\u00ebs s\u00eb Tivarit, q\u00eb njihet si masakra m\u00eb e madhe e kryer ndaj","og_url":"https:\/\/www.visit-ulcinj.com\/blog\/2015\/12\/08\/hajro-ulqinaku-libri-per-tivarrin\/","og_site_name":"Lajme nga Ulqini","article_published_time":"2015-12-08T08:00:29+00:00","article_modified_time":"2015-12-08T17:06:22+00:00","og_image":[{"url":"http:\/\/www.visit-ulcinj.com\/blog\/wp-content\/uploads\/2015\/12\/Hajro-Ulqinaku-Libri-per-Tivarin.jpg"}],"twitter_misc":{"Written by":"ulqini","Est. reading time":"2 minutes"},"schema":{"@context":"https:\/\/schema.org","@graph":[{"@type":"WebSite","@id":"https:\/\/www.visit-ulcinj.com\/blog\/#website","url":"https:\/\/www.visit-ulcinj.com\/blog\/","name":"Lajme nga Ulqini","description":"Lajme,Vijesti,Ulqini,Ulqin,Crna Gora,Mali i Zi","potentialAction":[{"@type":"SearchAction","target":{"@type":"EntryPoint","urlTemplate":"https:\/\/www.visit-ulcinj.com\/blog\/?s={search_term_string}"},"query-input":"required name=search_term_string"}],"inLanguage":"en-US"},{"@type":"ImageObject","inLanguage":"en-US","@id":"https:\/\/www.visit-ulcinj.com\/blog\/2015\/12\/08\/hajro-ulqinaku-libri-per-tivarrin\/#primaryimage","url":"https:\/\/www.visit-ulcinj.com\/blog\/wp-content\/uploads\/2015\/12\/Hajro-Ulqinaku-Libri-per-Tivarin.jpg","contentUrl":"https:\/\/www.visit-ulcinj.com\/blog\/wp-content\/uploads\/2015\/12\/Hajro-Ulqinaku-Libri-per-Tivarin.jpg","width":999,"height":747},{"@type":"WebPage","@id":"https:\/\/www.visit-ulcinj.com\/blog\/2015\/12\/08\/hajro-ulqinaku-libri-per-tivarrin\/#webpage","url":"https:\/\/www.visit-ulcinj.com\/blog\/2015\/12\/08\/hajro-ulqinaku-libri-per-tivarrin\/","name":"Hajro Ulqinaku \u201cLibri p\u00ebr Tivarrin\u201d - Lajme nga Ulqini","isPartOf":{"@id":"https:\/\/www.visit-ulcinj.com\/blog\/#website"},"primaryImageOfPage":{"@id":"https:\/\/www.visit-ulcinj.com\/blog\/2015\/12\/08\/hajro-ulqinaku-libri-per-tivarrin\/#primaryimage"},"datePublished":"2015-12-08T08:00:29+00:00","dateModified":"2015-12-08T17:06:22+00:00","author":{"@id":"https:\/\/www.visit-ulcinj.com\/blog\/#\/schema\/person\/dcab619c614d3038751c63bc2aadc06d"},"description":"Botohet \u201cLibri p\u00ebr Tivarrin\u201d n\u00eb 70-vjetorin e Masakr\u00ebs s\u00eb Tivarit N\u00eb 70-vjetorin e Masakr\u00ebs s\u00eb Tivarit, q\u00eb njihet si masakra m\u00eb e madhe e kryer ndaj","breadcrumb":{"@id":"https:\/\/www.visit-ulcinj.com\/blog\/2015\/12\/08\/hajro-ulqinaku-libri-per-tivarrin\/#breadcrumb"},"inLanguage":"en-US","potentialAction":[{"@type":"ReadAction","target":["https:\/\/www.visit-ulcinj.com\/blog\/2015\/12\/08\/hajro-ulqinaku-libri-per-tivarrin\/"]}]},{"@type":"BreadcrumbList","@id":"https:\/\/www.visit-ulcinj.com\/blog\/2015\/12\/08\/hajro-ulqinaku-libri-per-tivarrin\/#breadcrumb","itemListElement":[{"@type":"ListItem","position":1,"name":"Hajro Ulqinaku \u201cLibri p\u00ebr Tivarrin\u201d"}]},{"@type":"Person","@id":"https:\/\/www.visit-ulcinj.com\/blog\/#\/schema\/person\/dcab619c614d3038751c63bc2aadc06d","name":"ulqini","sameAs":["http:\/\/www.visit-ulcinj.com"],"url":"https:\/\/www.visit-ulcinj.com\/blog\/author\/admin\/"}]}},"jetpack_featured_media_url":"","jetpack_sharing_enabled":true,"jetpack_shortlink":"https:\/\/wp.me\/pe6lTn-oku","_links":{"self":[{"href":"https:\/\/www.visit-ulcinj.com\/blog\/wp-json\/wp\/v2\/posts\/93526"}],"collection":[{"href":"https:\/\/www.visit-ulcinj.com\/blog\/wp-json\/wp\/v2\/posts"}],"about":[{"href":"https:\/\/www.visit-ulcinj.com\/blog\/wp-json\/wp\/v2\/types\/post"}],"author":[{"embeddable":true,"href":"https:\/\/www.visit-ulcinj.com\/blog\/wp-json\/wp\/v2\/users\/1"}],"replies":[{"embeddable":true,"href":"https:\/\/www.visit-ulcinj.com\/blog\/wp-json\/wp\/v2\/comments?post=93526"}],"version-history":[{"count":1,"href":"https:\/\/www.visit-ulcinj.com\/blog\/wp-json\/wp\/v2\/posts\/93526\/revisions"}],"predecessor-version":[{"id":93528,"href":"https:\/\/www.visit-ulcinj.com\/blog\/wp-json\/wp\/v2\/posts\/93526\/revisions\/93528"}],"wp:attachment":[{"href":"https:\/\/www.visit-ulcinj.com\/blog\/wp-json\/wp\/v2\/media?parent=93526"}],"wp:term":[{"taxonomy":"category","embeddable":true,"href":"https:\/\/www.visit-ulcinj.com\/blog\/wp-json\/wp\/v2\/categories?post=93526"},{"taxonomy":"post_tag","embeddable":true,"href":"https:\/\/www.visit-ulcinj.com\/blog\/wp-json\/wp\/v2\/tags?post=93526"}],"curies":[{"name":"wp","href":"https:\/\/api.w.org\/{rel}","templated":true}]}}