{"id":93529,"date":"2015-12-08T18:03:42","date_gmt":"2015-12-08T17:03:42","guid":{"rendered":"http:\/\/www.visit-ulcinj.com\/blog\/?p=93529"},"modified":"2015-12-09T07:52:03","modified_gmt":"2015-12-09T06:52:03","slug":"konsultimet-mbi-negociatat-e-pds-dhe-forces","status":"publish","type":"post","link":"https:\/\/www.visit-ulcinj.com\/blog\/2015\/12\/08\/konsultimet-mbi-negociatat-e-pds-dhe-forces\/","title":{"rendered":"Konsultimet mbi negociatat e PDS-it dhe Forc\u00ebs"},"content":{"rendered":"<p><a href=\"http:\/\/www.visit-ulcinj.com\/blog\/wp-content\/uploads\/2013\/08\/Cungu-Gvozdenovic.jpg\"><img loading=\"lazy\" class=\"alignleft wp-image-74236\" src=\"http:\/\/www.visit-ulcinj.com\/blog\/wp-content\/uploads\/2013\/08\/Cungu-Gvozdenovic.jpg\" alt=\"Cungu-Gvozdenovic\" width=\"508\" height=\"337\" srcset=\"https:\/\/www.visit-ulcinj.com\/blog\/wp-content\/uploads\/2013\/08\/Cungu-Gvozdenovic.jpg 768w, https:\/\/www.visit-ulcinj.com\/blog\/wp-content\/uploads\/2013\/08\/Cungu-Gvozdenovic-300x198.jpg 300w\" sizes=\"(max-width: 508px) 100vw, 508px\" \/><\/a>Rundi i par\u00eb i bisedimeve p\u00ebr formimin e pushtetit t\u00eb ri lokal n\u00eb Ulqin fillon sot. Si\u00e7 m\u00ebson portali Ul-info, n\u00eb Podgoric\u00eb do t\u00eb takohen p\u00ebrfaq\u00ebsuesit e PDS-s\u00eb, t\u00eb cil\u00ebn e udh\u00ebheq\u00eb z\u00ebvend\u00ebs kryetari Dushko Markoviq, dhe drejtuesit e Forc\u00ebs s\u00eb Re Demokratike t\u00eb Nazif Cungut. Dit\u00ebt e ardhshme me p\u00ebrfaq\u00ebsuesit e PDS-s\u00eb n\u00eb t\u00eb cil\u00ebn jan\u00eb edhe Branimir Gvozdenoviq dhe Loro Nrekiq do t\u00eb flasin edhe funksionar\u00ebt e Partis\u00eb demokratike t\u00eb Fatmir Gjekes. P\u00ebrndryshe, Kryetari i k\u00ebshilli komunal t\u00eb PDS t\u00eb Ulqinit, Loro Nrekiq\u00a0 ka zbuluar edhe detajet e bisedimeve q\u00eb jan\u00eb duke vijuar k\u00ebto dit\u00eb n\u00eb sken\u00ebn politike t\u00eb Ulqinit n\u00eb kuad\u00ebr t\u00eb prekompozimit t\u00eb qeverisjes lokale.<\/p>\n<p>Ai tregon haptas se gjat\u00eb bisedimeve me partit\u00eb politike shqiptare n\u00eb adres\u00eb t\u00eb PDS t\u00eb Ulqinit kan\u00eb mb\u00ebrritur edhe ofertat e rreth prekompozimi t\u00eb qeverisjes lokale. N\u00eb nd\u00ebrkohe mediat njoftojn\u00eb edhe p\u00ebr takime t\u00eb partive shqiptare p\u00ebr p\u00ebrpilimin e nj\u00eb platforme t\u00eb p\u00ebrbashk\u00ebt ku me sa m\u00ebsohet pjes\u00eb e k\u00ebtij takimi kan\u00eb qene edhe Gjeka e Cungu si p\u00ebrfaq\u00ebsues t\u00eb partive t\u00eb tyre t\u00eb cil\u00ebt n\u00eb nd\u00ebrkoh\u00eb jan\u00eb edhe n\u00eb bisedime m\u00eb PDS p\u00ebr at\u00eb se si do t\u00eb jet\u00eb qeverisja e nes\u00ebrme n\u00eb Ulqin.<\/p>\n","protected":false},"excerpt":{"rendered":"<p>Rundi i par\u00eb i bisedimeve p\u00ebr formimin e pushtetit t\u00eb ri lokal n\u00eb Ulqin fillon sot. Si\u00e7 m\u00ebson portali Ul-info, n\u00eb Podgoric\u00eb do t\u00eb takohen p\u00ebrfaq\u00ebsuesit e PDS-s\u00eb, t\u00eb cil\u00ebn e udh\u00ebheq\u00eb z\u00ebvend\u00ebs kryetari Dushko Markoviq, dhe drejtuesit e Forc\u00ebs s\u00eb Re Demokratike t\u00eb Nazif Cungut. Dit\u00ebt e ardhshme me p\u00ebrfaq\u00ebsuesit e PDS-s\u00eb n\u00eb t\u00eb [&hellip;]<\/p>\n","protected":false},"author":1,"featured_media":0,"comment_status":"closed","ping_status":"closed","sticky":false,"template":"","format":"standard","meta":{"spay_email":"","jetpack_publicize_message":"","jetpack_is_tweetstorm":false,"jetpack_publicize_feature_enabled":true},"categories":[1,6],"tags":[],"jetpack_publicize_connections":[],"yoast_head":"<!-- This site is optimized with the Yoast SEO plugin v19.1 - https:\/\/yoast.com\/wordpress\/plugins\/seo\/ -->\n<title>Konsultimet mbi negociatat e PDS-it dhe Forc\u00ebs - Lajme nga Ulqini<\/title>\n<meta name=\"description\" content=\"Rundi i par\u00eb i bisedimeve p\u00ebr formimin e pushtetit t\u00eb ri lokal n\u00eb Ulqin fillon sot. Si\u00e7 m\u00ebson portali Ul-info, n\u00eb Podgoric\u00eb do t\u00eb takohen p\u00ebrfaq\u00ebsuesit e\" \/>\n<meta name=\"robots\" content=\"index, follow, max-snippet:-1, max-image-preview:large, max-video-preview:-1\" \/>\n<link rel=\"canonical\" href=\"https:\/\/www.visit-ulcinj.com\/blog\/2015\/12\/08\/konsultimet-mbi-negociatat-e-pds-dhe-forces\/\" \/>\n<meta property=\"og:locale\" content=\"en_US\" \/>\n<meta property=\"og:type\" content=\"article\" \/>\n<meta property=\"og:title\" content=\"Konsultimet mbi negociatat e PDS-it dhe Forc\u00ebs - Lajme nga Ulqini\" \/>\n<meta property=\"og:description\" content=\"Rundi i par\u00eb i bisedimeve p\u00ebr formimin e pushtetit t\u00eb ri lokal n\u00eb Ulqin fillon sot. Si\u00e7 m\u00ebson portali Ul-info, n\u00eb Podgoric\u00eb do t\u00eb takohen p\u00ebrfaq\u00ebsuesit e\" \/>\n<meta property=\"og:url\" content=\"https:\/\/www.visit-ulcinj.com\/blog\/2015\/12\/08\/konsultimet-mbi-negociatat-e-pds-dhe-forces\/\" \/>\n<meta property=\"og:site_name\" content=\"Lajme nga Ulqini\" \/>\n<meta property=\"article:published_time\" content=\"2015-12-08T17:03:42+00:00\" \/>\n<meta property=\"article:modified_time\" content=\"2015-12-09T06:52:03+00:00\" \/>\n<meta property=\"og:image\" content=\"http:\/\/www.visit-ulcinj.com\/blog\/wp-content\/uploads\/2013\/08\/Cungu-Gvozdenovic.jpg\" \/>\n<meta name=\"twitter:label1\" content=\"Written by\" \/>\n\t<meta name=\"twitter:data1\" content=\"ulqini\" \/>\n\t<meta name=\"twitter:label2\" content=\"Est. reading time\" \/>\n\t<meta name=\"twitter:data2\" content=\"1 minute\" \/>\n<script type=\"application\/ld+json\" class=\"yoast-schema-graph\">{\"@context\":\"https:\/\/schema.org\",\"@graph\":[{\"@type\":\"WebSite\",\"@id\":\"https:\/\/www.visit-ulcinj.com\/blog\/#website\",\"url\":\"https:\/\/www.visit-ulcinj.com\/blog\/\",\"name\":\"Lajme nga Ulqini\",\"description\":\"Lajme,Vijesti,Ulqini,Ulqin,Crna Gora,Mali i Zi\",\"potentialAction\":[{\"@type\":\"SearchAction\",\"target\":{\"@type\":\"EntryPoint\",\"urlTemplate\":\"https:\/\/www.visit-ulcinj.com\/blog\/?s={search_term_string}\"},\"query-input\":\"required name=search_term_string\"}],\"inLanguage\":\"en-US\"},{\"@type\":\"ImageObject\",\"inLanguage\":\"en-US\",\"@id\":\"https:\/\/www.visit-ulcinj.com\/blog\/2015\/12\/08\/konsultimet-mbi-negociatat-e-pds-dhe-forces\/#primaryimage\",\"url\":\"https:\/\/www.visit-ulcinj.com\/blog\/wp-content\/uploads\/2013\/08\/Cungu-Gvozdenovic.jpg\",\"contentUrl\":\"https:\/\/www.visit-ulcinj.com\/blog\/wp-content\/uploads\/2013\/08\/Cungu-Gvozdenovic.jpg\",\"width\":768,\"height\":509},{\"@type\":\"WebPage\",\"@id\":\"https:\/\/www.visit-ulcinj.com\/blog\/2015\/12\/08\/konsultimet-mbi-negociatat-e-pds-dhe-forces\/#webpage\",\"url\":\"https:\/\/www.visit-ulcinj.com\/blog\/2015\/12\/08\/konsultimet-mbi-negociatat-e-pds-dhe-forces\/\",\"name\":\"Konsultimet mbi negociatat e PDS-it dhe Forc\u00ebs - Lajme nga Ulqini\",\"isPartOf\":{\"@id\":\"https:\/\/www.visit-ulcinj.com\/blog\/#website\"},\"primaryImageOfPage\":{\"@id\":\"https:\/\/www.visit-ulcinj.com\/blog\/2015\/12\/08\/konsultimet-mbi-negociatat-e-pds-dhe-forces\/#primaryimage\"},\"datePublished\":\"2015-12-08T17:03:42+00:00\",\"dateModified\":\"2015-12-09T06:52:03+00:00\",\"author\":{\"@id\":\"https:\/\/www.visit-ulcinj.com\/blog\/#\/schema\/person\/dcab619c614d3038751c63bc2aadc06d\"},\"description\":\"Rundi i par\u00eb i bisedimeve p\u00ebr formimin e pushtetit t\u00eb ri lokal n\u00eb Ulqin fillon sot. Si\u00e7 m\u00ebson portali Ul-info, n\u00eb Podgoric\u00eb do t\u00eb takohen p\u00ebrfaq\u00ebsuesit e\",\"breadcrumb\":{\"@id\":\"https:\/\/www.visit-ulcinj.com\/blog\/2015\/12\/08\/konsultimet-mbi-negociatat-e-pds-dhe-forces\/#breadcrumb\"},\"inLanguage\":\"en-US\",\"potentialAction\":[{\"@type\":\"ReadAction\",\"target\":[\"https:\/\/www.visit-ulcinj.com\/blog\/2015\/12\/08\/konsultimet-mbi-negociatat-e-pds-dhe-forces\/\"]}]},{\"@type\":\"BreadcrumbList\",\"@id\":\"https:\/\/www.visit-ulcinj.com\/blog\/2015\/12\/08\/konsultimet-mbi-negociatat-e-pds-dhe-forces\/#breadcrumb\",\"itemListElement\":[{\"@type\":\"ListItem\",\"position\":1,\"name\":\"Konsultimet mbi negociatat e PDS-it dhe Forc\u00ebs\"}]},{\"@type\":\"Person\",\"@id\":\"https:\/\/www.visit-ulcinj.com\/blog\/#\/schema\/person\/dcab619c614d3038751c63bc2aadc06d\",\"name\":\"ulqini\",\"sameAs\":[\"http:\/\/www.visit-ulcinj.com\"],\"url\":\"https:\/\/www.visit-ulcinj.com\/blog\/author\/admin\/\"}]}<\/script>\n<!-- \/ Yoast SEO plugin. -->","yoast_head_json":{"title":"Konsultimet mbi negociatat e PDS-it dhe Forc\u00ebs - Lajme nga Ulqini","description":"Rundi i par\u00eb i bisedimeve p\u00ebr formimin e pushtetit t\u00eb ri lokal n\u00eb Ulqin fillon sot. Si\u00e7 m\u00ebson portali Ul-info, n\u00eb Podgoric\u00eb do t\u00eb takohen p\u00ebrfaq\u00ebsuesit e","robots":{"index":"index","follow":"follow","max-snippet":"max-snippet:-1","max-image-preview":"max-image-preview:large","max-video-preview":"max-video-preview:-1"},"canonical":"https:\/\/www.visit-ulcinj.com\/blog\/2015\/12\/08\/konsultimet-mbi-negociatat-e-pds-dhe-forces\/","og_locale":"en_US","og_type":"article","og_title":"Konsultimet mbi negociatat e PDS-it dhe Forc\u00ebs - Lajme nga Ulqini","og_description":"Rundi i par\u00eb i bisedimeve p\u00ebr formimin e pushtetit t\u00eb ri lokal n\u00eb Ulqin fillon sot. Si\u00e7 m\u00ebson portali Ul-info, n\u00eb Podgoric\u00eb do t\u00eb takohen p\u00ebrfaq\u00ebsuesit e","og_url":"https:\/\/www.visit-ulcinj.com\/blog\/2015\/12\/08\/konsultimet-mbi-negociatat-e-pds-dhe-forces\/","og_site_name":"Lajme nga Ulqini","article_published_time":"2015-12-08T17:03:42+00:00","article_modified_time":"2015-12-09T06:52:03+00:00","og_image":[{"url":"http:\/\/www.visit-ulcinj.com\/blog\/wp-content\/uploads\/2013\/08\/Cungu-Gvozdenovic.jpg"}],"twitter_misc":{"Written by":"ulqini","Est. reading time":"1 minute"},"schema":{"@context":"https:\/\/schema.org","@graph":[{"@type":"WebSite","@id":"https:\/\/www.visit-ulcinj.com\/blog\/#website","url":"https:\/\/www.visit-ulcinj.com\/blog\/","name":"Lajme nga Ulqini","description":"Lajme,Vijesti,Ulqini,Ulqin,Crna Gora,Mali i Zi","potentialAction":[{"@type":"SearchAction","target":{"@type":"EntryPoint","urlTemplate":"https:\/\/www.visit-ulcinj.com\/blog\/?s={search_term_string}"},"query-input":"required name=search_term_string"}],"inLanguage":"en-US"},{"@type":"ImageObject","inLanguage":"en-US","@id":"https:\/\/www.visit-ulcinj.com\/blog\/2015\/12\/08\/konsultimet-mbi-negociatat-e-pds-dhe-forces\/#primaryimage","url":"https:\/\/www.visit-ulcinj.com\/blog\/wp-content\/uploads\/2013\/08\/Cungu-Gvozdenovic.jpg","contentUrl":"https:\/\/www.visit-ulcinj.com\/blog\/wp-content\/uploads\/2013\/08\/Cungu-Gvozdenovic.jpg","width":768,"height":509},{"@type":"WebPage","@id":"https:\/\/www.visit-ulcinj.com\/blog\/2015\/12\/08\/konsultimet-mbi-negociatat-e-pds-dhe-forces\/#webpage","url":"https:\/\/www.visit-ulcinj.com\/blog\/2015\/12\/08\/konsultimet-mbi-negociatat-e-pds-dhe-forces\/","name":"Konsultimet mbi negociatat e PDS-it dhe Forc\u00ebs - Lajme nga Ulqini","isPartOf":{"@id":"https:\/\/www.visit-ulcinj.com\/blog\/#website"},"primaryImageOfPage":{"@id":"https:\/\/www.visit-ulcinj.com\/blog\/2015\/12\/08\/konsultimet-mbi-negociatat-e-pds-dhe-forces\/#primaryimage"},"datePublished":"2015-12-08T17:03:42+00:00","dateModified":"2015-12-09T06:52:03+00:00","author":{"@id":"https:\/\/www.visit-ulcinj.com\/blog\/#\/schema\/person\/dcab619c614d3038751c63bc2aadc06d"},"description":"Rundi i par\u00eb i bisedimeve p\u00ebr formimin e pushtetit t\u00eb ri lokal n\u00eb Ulqin fillon sot. Si\u00e7 m\u00ebson portali Ul-info, n\u00eb Podgoric\u00eb do t\u00eb takohen p\u00ebrfaq\u00ebsuesit e","breadcrumb":{"@id":"https:\/\/www.visit-ulcinj.com\/blog\/2015\/12\/08\/konsultimet-mbi-negociatat-e-pds-dhe-forces\/#breadcrumb"},"inLanguage":"en-US","potentialAction":[{"@type":"ReadAction","target":["https:\/\/www.visit-ulcinj.com\/blog\/2015\/12\/08\/konsultimet-mbi-negociatat-e-pds-dhe-forces\/"]}]},{"@type":"BreadcrumbList","@id":"https:\/\/www.visit-ulcinj.com\/blog\/2015\/12\/08\/konsultimet-mbi-negociatat-e-pds-dhe-forces\/#breadcrumb","itemListElement":[{"@type":"ListItem","position":1,"name":"Konsultimet mbi negociatat e PDS-it dhe Forc\u00ebs"}]},{"@type":"Person","@id":"https:\/\/www.visit-ulcinj.com\/blog\/#\/schema\/person\/dcab619c614d3038751c63bc2aadc06d","name":"ulqini","sameAs":["http:\/\/www.visit-ulcinj.com"],"url":"https:\/\/www.visit-ulcinj.com\/blog\/author\/admin\/"}]}},"jetpack_featured_media_url":"","jetpack_sharing_enabled":true,"jetpack_shortlink":"https:\/\/wp.me\/pe6lTn-okx","_links":{"self":[{"href":"https:\/\/www.visit-ulcinj.com\/blog\/wp-json\/wp\/v2\/posts\/93529"}],"collection":[{"href":"https:\/\/www.visit-ulcinj.com\/blog\/wp-json\/wp\/v2\/posts"}],"about":[{"href":"https:\/\/www.visit-ulcinj.com\/blog\/wp-json\/wp\/v2\/types\/post"}],"author":[{"embeddable":true,"href":"https:\/\/www.visit-ulcinj.com\/blog\/wp-json\/wp\/v2\/users\/1"}],"replies":[{"embeddable":true,"href":"https:\/\/www.visit-ulcinj.com\/blog\/wp-json\/wp\/v2\/comments?post=93529"}],"version-history":[{"count":1,"href":"https:\/\/www.visit-ulcinj.com\/blog\/wp-json\/wp\/v2\/posts\/93529\/revisions"}],"predecessor-version":[{"id":93530,"href":"https:\/\/www.visit-ulcinj.com\/blog\/wp-json\/wp\/v2\/posts\/93529\/revisions\/93530"}],"wp:attachment":[{"href":"https:\/\/www.visit-ulcinj.com\/blog\/wp-json\/wp\/v2\/media?parent=93529"}],"wp:term":[{"taxonomy":"category","embeddable":true,"href":"https:\/\/www.visit-ulcinj.com\/blog\/wp-json\/wp\/v2\/categories?post=93529"},{"taxonomy":"post_tag","embeddable":true,"href":"https:\/\/www.visit-ulcinj.com\/blog\/wp-json\/wp\/v2\/tags?post=93529"}],"curies":[{"name":"wp","href":"https:\/\/api.w.org\/{rel}","templated":true}]}}