{"id":93531,"date":"2015-12-08T18:14:10","date_gmt":"2015-12-08T17:14:10","guid":{"rendered":"http:\/\/www.visit-ulcinj.com\/blog\/?p=93531"},"modified":"2015-12-08T18:14:10","modified_gmt":"2015-12-08T17:14:10","slug":"dps-moze-da-bira-koalicione-partnere-u-ulcinj","status":"publish","type":"post","link":"https:\/\/www.visit-ulcinj.com\/blog\/2015\/12\/08\/dps-moze-da-bira-koalicione-partnere-u-ulcinj\/","title":{"rendered":"DPS mo\u017ee da bira koalicione partnere u Ulcinj"},"content":{"rendered":"<p><a href=\"http:\/\/www.visit-ulcinj.com\/blog\/wp-content\/uploads\/2015\/12\/SDP-ULCINJ-1.jpg\"><img loading=\"lazy\" class=\"alignleft wp-image-93517\" src=\"http:\/\/www.visit-ulcinj.com\/blog\/wp-content\/uploads\/2015\/12\/SDP-ULCINJ-1.jpg\" alt=\"SDP-ULCINJ-1\" width=\"508\" height=\"338\" srcset=\"https:\/\/www.visit-ulcinj.com\/blog\/wp-content\/uploads\/2015\/12\/SDP-ULCINJ-1.jpg 960w, https:\/\/www.visit-ulcinj.com\/blog\/wp-content\/uploads\/2015\/12\/SDP-ULCINJ-1-300x199.jpg 300w\" sizes=\"(max-width: 508px) 100vw, 508px\" \/><\/a>Prva runda pregovora o formiranju nove lokalne vlasti u Ulcinju po\u010dela je ju\u010de. Sastanku koji je odr\u017ean u Podgorici prisustvovali su tim Demokrtaske partije socijalista DPS, koji \u010dine zamjenik predsjednika Du\u0161ko Markovi\u0107, koordinator za op\u0161tinu Ulcinj Branislav Gvozdenovi\u0107 i predsjednik OO DPS u Ulcinju Ljoro Nreki\u0107, i \u010delnici Force Nazif Cungu i Genci Nimanbegu.<\/p>\n<div class=\"body-text\">\n<p>Novi sastanak na kojem \u0107e razgovarati sa predsjednikom op\u0161tine Fatmirom \u0110ekom bi\u0107e odr\u017ean u srijedu, pi\u0161u Dnevne novine.<\/p>\n<p>\u201eNa ju\u010dera\u0161njem sastanku razgovarano je o politi\u010dkoj situaciji u op\u0161tini i aktivnostima za prevazila\u017eenje problema sa kojima se op\u0161tina suo\u010dava\u201c, kazao je Dnevnim novinama predsjednik Force Nazif Cungu.<\/p>\n<p>Prema njegovim rije\u010dima na sastanku koji je odr\u017ean izme\u0111u predstavnika DPS-a i Force zajedni\u010dki je zaklju\u010deno da se odluke moraju zasnivati na interesima gra\u0111ana Ulcinja, koji ima neiskori\u0161\u0107ene razvojne mogu\u0107nosti.<\/p>\n<p>\u201eTako\u0111e je zaklju\u010deno da lokalna samouprava mora biti sastavljena od profesionalnih kadrova kako bi se pove\u0107ao administrativni kapacitet i rezultati koje ova op\u0161tina posti\u017ee&#8221;, kazao je Cungu.<\/p>\n<p>Predsjednik OO DPS Ljoro Nreki\u0107 rekao je da je jo\u0161 rano govoriti o ishodu sastanka jer se pregovori i dalje nastavljaju. On je potvrdio da postoje dvije ponude za mjesto predsjednika op\u0161tine i predsjednika Skup\u0161tine.<\/p>\n<p>&#8220;Ostali su jo\u0161 razgovori sa drugom stranom. Rezultat pregovora zavisi\u0107e od predsjedni\u0161tva partije, ono odlu\u010duje, a onda te odluke verifikuju op\u0161tinski i izvr\u0161ni odbor partije&#8221;, kazao je Nreki\u0107.<\/p>\n<p>On je potvrdio da je Cunguu ponu\u0111ena \u0161ira koalicija, u kojoj bi se na\u0161ao i DPS i dosada\u0161nji predsjednik op\u0161tine Fatmir \u0110eka. Njemu ipak nije ponu\u0111eno konkretno mjesto u koaliciji, iako je isprva pretendovao na mjesto predsjednika op\u0161tine.<\/p>\n<p>Forca, koalicija Za budu\u0107nost Ulcinja i Dritan Abazovi\u0107 formirali su lokalnu vlast u Ulcinju po\u010detkom februara 2014. godine.<\/p>\n<p>DPS je pojedina\u010dno najja\u010da partija u Ulcinju i u lokalnom parlamentu participira sa devet odbornika, Forca ima osam, a koalicija Fatmira \u0110eke sedam odbornika. DUA ima tri odbornika, SDP i URA po dva, a DF i SNP po jednog odbornika. Lokalni parlament broji 33 odbornika.<\/p>\n<p><strong>Izvor: CDM<\/strong><\/p>\n<\/div>\n","protected":false},"excerpt":{"rendered":"<p>Prva runda pregovora o formiranju nove lokalne vlasti u Ulcinju po\u010dela je ju\u010de. Sastanku koji je odr\u017ean u Podgorici prisustvovali su tim Demokrtaske partije socijalista DPS, koji \u010dine zamjenik predsjednika Du\u0161ko Markovi\u0107, koordinator za op\u0161tinu Ulcinj Branislav Gvozdenovi\u0107 i predsjednik OO DPS u Ulcinju Ljoro Nreki\u0107, i \u010delnici Force Nazif Cungu i Genci Nimanbegu. Novi [&hellip;]<\/p>\n","protected":false},"author":1,"featured_media":0,"comment_status":"closed","ping_status":"closed","sticky":false,"template":"","format":"standard","meta":{"spay_email":"","jetpack_publicize_message":"","jetpack_is_tweetstorm":false,"jetpack_publicize_feature_enabled":true},"categories":[8337],"tags":[],"jetpack_publicize_connections":[],"yoast_head":"<!-- This site is optimized with the Yoast SEO plugin v19.1 - https:\/\/yoast.com\/wordpress\/plugins\/seo\/ -->\n<title>DPS mo\u017ee da bira koalicione partnere u Ulcinj - Lajme nga Ulqini<\/title>\n<meta name=\"description\" content=\"Prva runda pregovora o formiranju nove lokalne vlasti u Ulcinju po\u010dela je ju\u010de. Sastanku koji je odr\u017ean u Podgorici prisustvovali su tim Demokrtaske\" \/>\n<meta name=\"robots\" content=\"index, follow, max-snippet:-1, max-image-preview:large, max-video-preview:-1\" \/>\n<link rel=\"canonical\" href=\"https:\/\/www.visit-ulcinj.com\/blog\/2015\/12\/08\/dps-moze-da-bira-koalicione-partnere-u-ulcinj\/\" \/>\n<meta property=\"og:locale\" content=\"en_US\" \/>\n<meta property=\"og:type\" content=\"article\" \/>\n<meta property=\"og:title\" content=\"DPS mo\u017ee da bira koalicione partnere u Ulcinj - Lajme nga Ulqini\" \/>\n<meta property=\"og:description\" content=\"Prva runda pregovora o formiranju nove lokalne vlasti u Ulcinju po\u010dela je ju\u010de. Sastanku koji je odr\u017ean u Podgorici prisustvovali su tim Demokrtaske\" \/>\n<meta property=\"og:url\" content=\"https:\/\/www.visit-ulcinj.com\/blog\/2015\/12\/08\/dps-moze-da-bira-koalicione-partnere-u-ulcinj\/\" \/>\n<meta property=\"og:site_name\" content=\"Lajme nga Ulqini\" \/>\n<meta property=\"article:published_time\" content=\"2015-12-08T17:14:10+00:00\" \/>\n<meta property=\"og:image\" content=\"http:\/\/www.visit-ulcinj.com\/blog\/wp-content\/uploads\/2015\/12\/SDP-ULCINJ-1.jpg\" \/>\n<meta name=\"twitter:label1\" content=\"Written by\" \/>\n\t<meta name=\"twitter:data1\" content=\"ulqini\" \/>\n\t<meta name=\"twitter:label2\" content=\"Est. reading time\" \/>\n\t<meta name=\"twitter:data2\" content=\"2 minutes\" \/>\n<script type=\"application\/ld+json\" class=\"yoast-schema-graph\">{\"@context\":\"https:\/\/schema.org\",\"@graph\":[{\"@type\":\"WebSite\",\"@id\":\"https:\/\/www.visit-ulcinj.com\/blog\/#website\",\"url\":\"https:\/\/www.visit-ulcinj.com\/blog\/\",\"name\":\"Lajme nga Ulqini\",\"description\":\"Lajme,Vijesti,Ulqini,Ulqin,Crna Gora,Mali i Zi\",\"potentialAction\":[{\"@type\":\"SearchAction\",\"target\":{\"@type\":\"EntryPoint\",\"urlTemplate\":\"https:\/\/www.visit-ulcinj.com\/blog\/?s={search_term_string}\"},\"query-input\":\"required name=search_term_string\"}],\"inLanguage\":\"en-US\"},{\"@type\":\"ImageObject\",\"inLanguage\":\"en-US\",\"@id\":\"https:\/\/www.visit-ulcinj.com\/blog\/2015\/12\/08\/dps-moze-da-bira-koalicione-partnere-u-ulcinj\/#primaryimage\",\"url\":\"https:\/\/www.visit-ulcinj.com\/blog\/wp-content\/uploads\/2015\/12\/SDP-ULCINJ-1.jpg\",\"contentUrl\":\"https:\/\/www.visit-ulcinj.com\/blog\/wp-content\/uploads\/2015\/12\/SDP-ULCINJ-1.jpg\",\"width\":960,\"height\":638},{\"@type\":\"WebPage\",\"@id\":\"https:\/\/www.visit-ulcinj.com\/blog\/2015\/12\/08\/dps-moze-da-bira-koalicione-partnere-u-ulcinj\/#webpage\",\"url\":\"https:\/\/www.visit-ulcinj.com\/blog\/2015\/12\/08\/dps-moze-da-bira-koalicione-partnere-u-ulcinj\/\",\"name\":\"DPS mo\u017ee da bira koalicione partnere u Ulcinj - Lajme nga Ulqini\",\"isPartOf\":{\"@id\":\"https:\/\/www.visit-ulcinj.com\/blog\/#website\"},\"primaryImageOfPage\":{\"@id\":\"https:\/\/www.visit-ulcinj.com\/blog\/2015\/12\/08\/dps-moze-da-bira-koalicione-partnere-u-ulcinj\/#primaryimage\"},\"datePublished\":\"2015-12-08T17:14:10+00:00\",\"dateModified\":\"2015-12-08T17:14:10+00:00\",\"author\":{\"@id\":\"https:\/\/www.visit-ulcinj.com\/blog\/#\/schema\/person\/dcab619c614d3038751c63bc2aadc06d\"},\"description\":\"Prva runda pregovora o formiranju nove lokalne vlasti u Ulcinju po\u010dela je ju\u010de. Sastanku koji je odr\u017ean u Podgorici prisustvovali su tim Demokrtaske\",\"breadcrumb\":{\"@id\":\"https:\/\/www.visit-ulcinj.com\/blog\/2015\/12\/08\/dps-moze-da-bira-koalicione-partnere-u-ulcinj\/#breadcrumb\"},\"inLanguage\":\"en-US\",\"potentialAction\":[{\"@type\":\"ReadAction\",\"target\":[\"https:\/\/www.visit-ulcinj.com\/blog\/2015\/12\/08\/dps-moze-da-bira-koalicione-partnere-u-ulcinj\/\"]}]},{\"@type\":\"BreadcrumbList\",\"@id\":\"https:\/\/www.visit-ulcinj.com\/blog\/2015\/12\/08\/dps-moze-da-bira-koalicione-partnere-u-ulcinj\/#breadcrumb\",\"itemListElement\":[{\"@type\":\"ListItem\",\"position\":1,\"name\":\"DPS mo\u017ee da bira koalicione partnere u Ulcinj\"}]},{\"@type\":\"Person\",\"@id\":\"https:\/\/www.visit-ulcinj.com\/blog\/#\/schema\/person\/dcab619c614d3038751c63bc2aadc06d\",\"name\":\"ulqini\",\"sameAs\":[\"http:\/\/www.visit-ulcinj.com\"],\"url\":\"https:\/\/www.visit-ulcinj.com\/blog\/author\/admin\/\"}]}<\/script>\n<!-- \/ Yoast SEO plugin. -->","yoast_head_json":{"title":"DPS mo\u017ee da bira koalicione partnere u Ulcinj - Lajme nga Ulqini","description":"Prva runda pregovora o formiranju nove lokalne vlasti u Ulcinju po\u010dela je ju\u010de. Sastanku koji je odr\u017ean u Podgorici prisustvovali su tim Demokrtaske","robots":{"index":"index","follow":"follow","max-snippet":"max-snippet:-1","max-image-preview":"max-image-preview:large","max-video-preview":"max-video-preview:-1"},"canonical":"https:\/\/www.visit-ulcinj.com\/blog\/2015\/12\/08\/dps-moze-da-bira-koalicione-partnere-u-ulcinj\/","og_locale":"en_US","og_type":"article","og_title":"DPS mo\u017ee da bira koalicione partnere u Ulcinj - Lajme nga Ulqini","og_description":"Prva runda pregovora o formiranju nove lokalne vlasti u Ulcinju po\u010dela je ju\u010de. Sastanku koji je odr\u017ean u Podgorici prisustvovali su tim Demokrtaske","og_url":"https:\/\/www.visit-ulcinj.com\/blog\/2015\/12\/08\/dps-moze-da-bira-koalicione-partnere-u-ulcinj\/","og_site_name":"Lajme nga Ulqini","article_published_time":"2015-12-08T17:14:10+00:00","og_image":[{"url":"http:\/\/www.visit-ulcinj.com\/blog\/wp-content\/uploads\/2015\/12\/SDP-ULCINJ-1.jpg"}],"twitter_misc":{"Written by":"ulqini","Est. reading time":"2 minutes"},"schema":{"@context":"https:\/\/schema.org","@graph":[{"@type":"WebSite","@id":"https:\/\/www.visit-ulcinj.com\/blog\/#website","url":"https:\/\/www.visit-ulcinj.com\/blog\/","name":"Lajme nga Ulqini","description":"Lajme,Vijesti,Ulqini,Ulqin,Crna Gora,Mali i Zi","potentialAction":[{"@type":"SearchAction","target":{"@type":"EntryPoint","urlTemplate":"https:\/\/www.visit-ulcinj.com\/blog\/?s={search_term_string}"},"query-input":"required name=search_term_string"}],"inLanguage":"en-US"},{"@type":"ImageObject","inLanguage":"en-US","@id":"https:\/\/www.visit-ulcinj.com\/blog\/2015\/12\/08\/dps-moze-da-bira-koalicione-partnere-u-ulcinj\/#primaryimage","url":"https:\/\/www.visit-ulcinj.com\/blog\/wp-content\/uploads\/2015\/12\/SDP-ULCINJ-1.jpg","contentUrl":"https:\/\/www.visit-ulcinj.com\/blog\/wp-content\/uploads\/2015\/12\/SDP-ULCINJ-1.jpg","width":960,"height":638},{"@type":"WebPage","@id":"https:\/\/www.visit-ulcinj.com\/blog\/2015\/12\/08\/dps-moze-da-bira-koalicione-partnere-u-ulcinj\/#webpage","url":"https:\/\/www.visit-ulcinj.com\/blog\/2015\/12\/08\/dps-moze-da-bira-koalicione-partnere-u-ulcinj\/","name":"DPS mo\u017ee da bira koalicione partnere u Ulcinj - Lajme nga Ulqini","isPartOf":{"@id":"https:\/\/www.visit-ulcinj.com\/blog\/#website"},"primaryImageOfPage":{"@id":"https:\/\/www.visit-ulcinj.com\/blog\/2015\/12\/08\/dps-moze-da-bira-koalicione-partnere-u-ulcinj\/#primaryimage"},"datePublished":"2015-12-08T17:14:10+00:00","dateModified":"2015-12-08T17:14:10+00:00","author":{"@id":"https:\/\/www.visit-ulcinj.com\/blog\/#\/schema\/person\/dcab619c614d3038751c63bc2aadc06d"},"description":"Prva runda pregovora o formiranju nove lokalne vlasti u Ulcinju po\u010dela je ju\u010de. Sastanku koji je odr\u017ean u Podgorici prisustvovali su tim Demokrtaske","breadcrumb":{"@id":"https:\/\/www.visit-ulcinj.com\/blog\/2015\/12\/08\/dps-moze-da-bira-koalicione-partnere-u-ulcinj\/#breadcrumb"},"inLanguage":"en-US","potentialAction":[{"@type":"ReadAction","target":["https:\/\/www.visit-ulcinj.com\/blog\/2015\/12\/08\/dps-moze-da-bira-koalicione-partnere-u-ulcinj\/"]}]},{"@type":"BreadcrumbList","@id":"https:\/\/www.visit-ulcinj.com\/blog\/2015\/12\/08\/dps-moze-da-bira-koalicione-partnere-u-ulcinj\/#breadcrumb","itemListElement":[{"@type":"ListItem","position":1,"name":"DPS mo\u017ee da bira koalicione partnere u Ulcinj"}]},{"@type":"Person","@id":"https:\/\/www.visit-ulcinj.com\/blog\/#\/schema\/person\/dcab619c614d3038751c63bc2aadc06d","name":"ulqini","sameAs":["http:\/\/www.visit-ulcinj.com"],"url":"https:\/\/www.visit-ulcinj.com\/blog\/author\/admin\/"}]}},"jetpack_featured_media_url":"","jetpack_sharing_enabled":true,"jetpack_shortlink":"https:\/\/wp.me\/pe6lTn-okz","_links":{"self":[{"href":"https:\/\/www.visit-ulcinj.com\/blog\/wp-json\/wp\/v2\/posts\/93531"}],"collection":[{"href":"https:\/\/www.visit-ulcinj.com\/blog\/wp-json\/wp\/v2\/posts"}],"about":[{"href":"https:\/\/www.visit-ulcinj.com\/blog\/wp-json\/wp\/v2\/types\/post"}],"author":[{"embeddable":true,"href":"https:\/\/www.visit-ulcinj.com\/blog\/wp-json\/wp\/v2\/users\/1"}],"replies":[{"embeddable":true,"href":"https:\/\/www.visit-ulcinj.com\/blog\/wp-json\/wp\/v2\/comments?post=93531"}],"version-history":[{"count":1,"href":"https:\/\/www.visit-ulcinj.com\/blog\/wp-json\/wp\/v2\/posts\/93531\/revisions"}],"predecessor-version":[{"id":93532,"href":"https:\/\/www.visit-ulcinj.com\/blog\/wp-json\/wp\/v2\/posts\/93531\/revisions\/93532"}],"wp:attachment":[{"href":"https:\/\/www.visit-ulcinj.com\/blog\/wp-json\/wp\/v2\/media?parent=93531"}],"wp:term":[{"taxonomy":"category","embeddable":true,"href":"https:\/\/www.visit-ulcinj.com\/blog\/wp-json\/wp\/v2\/categories?post=93531"},{"taxonomy":"post_tag","embeddable":true,"href":"https:\/\/www.visit-ulcinj.com\/blog\/wp-json\/wp\/v2\/tags?post=93531"}],"curies":[{"name":"wp","href":"https:\/\/api.w.org\/{rel}","templated":true}]}}