{"id":9354,"date":"2009-01-19T21:23:11","date_gmt":"2009-01-19T20:23:11","guid":{"rendered":"http:\/\/www.visit-ulcinj.com\/blog\/?p=9354"},"modified":"2009-01-20T13:00:50","modified_gmt":"2009-01-20T12:00:50","slug":"ulqin-buxheti-si-dhurate-e-fundvitit","status":"publish","type":"post","link":"https:\/\/www.visit-ulcinj.com\/blog\/2009\/01\/19\/ulqin-buxheti-si-dhurate-e-fundvitit\/","title":{"rendered":"Ulqin: Buxheti si dhurat\u00eb e fundvitit"},"content":{"rendered":"<p><strong><a rel=\"attachment wp-att-7653\" href=\"http:\/\/www.visit-ulcinj.com\/blog\/2008\/12\/25\/rasprava-o-budzetu-ulcinja-za-2009\/buxheti-i-ulqinit-2009\/\"><img loading=\"lazy\" class=\"alignleft size-full wp-image-7653\" title=\"buxheti-i-ulqinit-2009\" src=\"http:\/\/www.visit-ulcinj.com\/blog\/wp-content\/uploads\/2008\/12\/buxheti-i-ulqinit-2009.jpg\" alt=\"buxheti-i-ulqinit-2009\" width=\"400\" height=\"137\" srcset=\"https:\/\/www.visit-ulcinj.com\/blog\/wp-content\/uploads\/2008\/12\/buxheti-i-ulqinit-2009.jpg 400w, https:\/\/www.visit-ulcinj.com\/blog\/wp-content\/uploads\/2008\/12\/buxheti-i-ulqinit-2009-300x102.jpg 300w\" sizes=\"(max-width: 400px) 100vw, 400px\" \/><\/a>Kuvendi i komun\u00ebs s\u00eb ulqinit dhe debati i pap\u00ebrgjegjsh\u00ebm<\/strong><\/p>\n<p>\u00cbsht\u00eb p\u00ebr t\u00eb ardhur keq q\u00eb k\u00ebtu ka nj\u00eb num\u00ebr &#8220;aktor\u00ebsh&#8221; t\u00eb cil\u00ebt b\u00ebhen imitues duke humbur d\u00ebshir\u00ebn p\u00ebr t\u00eb k\u00ebmbyer fjal\u00eb t\u00eb mira e t\u00eb pastra. Ndaj t\u00eb vjen keq kur i shikon k\u00ebta &#8220;aktor\u00eb&#8221; si t\u00eb paaft\u00eb p\u00ebr t\u00eb gjetur fjal\u00eb mir\u00ebkuptimi, nga ku do t\u00eb mjaftonte nj\u00eb buz\u00ebqeshje e sjellshme. Ka arsye serioze p\u00ebr t\u00eb besuar se bile n\u00eb k\u00ebt\u00eb fundvit nuk \u00ebsht\u00eb dashur t\u00eb komunikohet me nj\u00eb fjalor q\u00eb nuk e rrit nivelin e seriozitetit.<\/p>\n<p>N\u00eb prag t\u00eb Vitit t\u00eb Ri, Kuvendi i Komun\u00ebs s\u00eb Ulqinit miratoi buxhetin p\u00ebr vitin 2009, i cili n\u00eb thelbin e tij parasheh t\u00ebr\u00eb infrastruktur\u00ebn zhvillimore t\u00eb qytetit. Nj\u00eb buxhet t\u00eb gdhendur fuqish\u00ebm me parametra q\u00eb duhet t\u00eb zbatohet gjat\u00eb vitit q\u00eb sapo filluam. Pavar\u00ebsisht kritikave t\u00eb b\u00ebra rreth tij si dhe amendamenteve t\u00eb paraqitura nga nj\u00eb pjes\u00eb e opozit\u00ebs, p\u00ebrfitues jan\u00eb qytetar\u00ebt. Ata i kan\u00eb hallet e veta dhe kjo i l\u00eb ata t\u00eb shpresojn\u00eb p\u00ebr nj\u00eb t\u00eb ardhme m\u00eb t\u00eb mir\u00eb p\u00ebrkund\u00ebr kriz\u00ebs globale. Nj\u00eb debat kaq jetik p\u00ebr qytetar\u00ebt e saj, e q\u00eb u miratua me shumic\u00eb votash, ishte urimi m\u00eb i mir\u00eb q\u00eb u \u00ebsht\u00eb b\u00ebr\u00eb qytetar\u00ebve n\u00eb prag t\u00eb nd\u00ebrrimit t\u00eb motmoteve.<\/p>\n<p>Projektbuxheti i inicuar nga kryetari i Komun\u00ebs, G\u00ebzim Hajdinaga, ka pasur arsye t\u00eb diskutohet me q\u00ebllimin e mir\u00eb p\u00ebr t\u00eb arritur efektin pozitiv karshi taksapaguesve. \u00c7far\u00eb d\u00ebmesh mund t\u00eb sjell\u00eb nj\u00eb debat aq i r\u00ebnd\u00ebsish\u00ebm si p\u00ebr funksionimin normal t\u00eb pushtetit lokal ashtu edhe p\u00ebr vet\u00eb qytetar\u00ebt, nga ku do t\u00eb ishte qesharake n\u00ebse pretendohet se ai i sjell\u00eb komun\u00ebs ndonj\u00eb tronditje? P\u00ebrse at\u00ebher\u00eb kjo frik\u00eb nga niveli i buxhetit t\u00eb parapar\u00eb?! Sa her\u00eb jan\u00eb hartuar buxhete q\u00eb nuk jan\u00eb realizuar?! Po edhe ky n\u00ebse nuk realizohet, \u00e7ka ka t\u00eb ngjar\u00eb, a thua do t\u00eb b\u00ebhet hataja?<\/p>\n<p>Brenda debateve t\u00eb zhvilluara p\u00ebr buxhetin e Komun\u00ebs s\u00eb Ulqinit pati edhe debate politike, ku &#8220;aktor\u00ebt&#8221; nuk lan\u00eb shenj\u00eb t\u00eb mir\u00eb duke u b\u00ebr\u00eb k\u00ebshtu moll\u00eb sherri p\u00ebr \u00e7\u00ebshtje q\u00eb nuk kan\u00eb r\u00ebnd\u00ebsi p\u00ebr opinionin, me \u00e7ka t\u00eb sjellin neveri p\u00ebr fjalorin e p\u00ebrdorur. Aft\u00ebsia e qeverisjes vendore p\u00ebr t\u00eb krijuar nj\u00eb atmosfer\u00eb demokratike \u00ebsht\u00eb e pakuptueshme kur sheh se si zihen dhe \u00e7far\u00eb fjalori p\u00ebrdorin t\u00eb zgjedhurit e popullit.<\/p>\n<p>Nga kjo ka nj\u00eb tendenc\u00eb p\u00ebr nj\u00eb gjuh\u00eb tjet\u00ebr e cila rebelohet p\u00ebr t\u00eb mb\u00ebrritur n\u00eb nj\u00eb cak jo shum\u00eb t\u00eb qart\u00eb. \u00cbsht\u00eb p\u00ebr t\u00eb ardhur keq q\u00eb k\u00ebtu ka nj\u00eb num\u00ebr &#8220;aktor\u00ebsh&#8221; t\u00eb cil\u00ebt b\u00ebhen imitues duke humbur d\u00ebshir\u00ebn p\u00ebr t\u00eb k\u00ebmbyer fjal\u00eb t\u00eb mira e t\u00eb pastra. Ndaj t\u00eb vjen keq kur i shikon k\u00ebta &#8220;aktor\u00eb&#8221; si t\u00eb paaft\u00eb p\u00ebr t\u00eb gjetur fjal\u00eb mir\u00ebkuptimi, nga ku do t\u00eb mjaftonte nj\u00eb buz\u00ebqeshje e sjellshme. Ka arsye serioze p\u00ebr t\u00eb besuar se bile n\u00eb k\u00ebt\u00eb fundvit nuk \u00ebsht\u00eb dashur t\u00eb komunikohet me nj\u00eb fjalor q\u00eb nuk e rrit nivelin e seriozitetit. Kur k\u00ebtu hidhet ndonj\u00eb mendim i ri nuk mungon zem\u00ebrimi nga ku dikush d\u00ebshiron t\u00eb luaj\u00eb rolin e profetit p\u00ebr t`i th\u00ebn\u00eb tjetrit &#8220;mbylle goj\u00ebn&#8221;. Kjo nuk shkon pasi liria e shprehjes \u00ebsht\u00eb ajo q\u00eb t\u00eb b\u00ebn t\u00eb kuptosh se d\u00ebmton vet\u00ebm veten.<\/p>\n<p>Duke vazhduar me mendje t\u00eb mbyllura, disa nga k\u00ebta do ta kuptojn\u00eb se shprehja e mendimit ndryshe varet nga m\u00ebnyra se si pritet ai mendim. Ata q\u00eb i kan\u00eb v\u00ebn\u00eb &#8220;aktor\u00ebt&#8221; n\u00eb krye t\u00eb Kuvendit duhet ta kuptojn\u00eb se duke u marr\u00eb me fraza boshe, me retorik\u00eb q\u00eb nuk p\u00ebrkon me realitetin, do t\u00eb sjellin &#8220;skandal&#8221; dhe pastaj pasojn\u00eb sharjet nga ku e mira dhe e keqja jan\u00eb an\u00ebt e s\u00eb nj\u00ebjt\u00ebs medalje.<\/p>\n<p>Pavar\u00ebsisht rrjedhave t\u00eb bezdishme t\u00eb seancave t\u00eb Kuvendit gjat\u00eb vitit t\u00eb kaluar, tashm\u00eb nj\u00eb gj\u00eb duket e qart\u00eb &#8211; ajo se n\u00eb krye t\u00eb k\u00ebtij kuvendi \u00ebsht\u00eb instaluar personi nga i cili, sipas pozit\u00ebs, pritej t\u00eb b\u00ebnte ndryshime thelb\u00ebsore, por q\u00eb n\u00eb fakt k\u00ebtu u arrit nj\u00eb ndryshim sistemor e n\u00eb asnj\u00eb m\u00ebnyr\u00eb ndryshim shoq\u00ebror. Pra, k\u00ebtu nuk kemi t\u00eb b\u00ebjm\u00eb me nj\u00eb pushtet m\u00eb demokratik e m\u00eb efikas se ato t\u00eb m\u00ebparshmit. P\u00ebrkundrazi, filozofia e tyre politike vazhdon t\u00eb ushqehet mbi parime jodemokratike dhe kjo shumic\u00eb parlamentare \u00ebsht\u00eb larg t\u00eb qenit nj\u00eb alternativ\u00eb e re politike.<\/p>\n<p>Fjal\u00ebt e pap\u00ebrgjegjshme, t\u00eb d\u00ebgjuara n\u00eb foltoren e Kuvendit, sa vijn\u00eb e po shumohen nga k\u00ebta &#8220;aktor\u00eb&#8221; q\u00eb shfaqen para kamerave duke e quajtur veten persona t\u00eb r\u00ebnd\u00ebsish\u00ebm politik\u00eb. Ata mund t\u00eb thon\u00eb gjith\u00e7ka, mund t\u00eb kalojn\u00eb nga nj\u00eb krah n\u00eb tjetrin duke menduar se k\u00ebshtu do t\u00eb na ndri\u00e7ojn\u00eb udh\u00ebn dhe gjykimet tona n\u00ebp\u00ebrmjet sall\u00ebs s\u00eb Kuvendit. Kush me mustaqe e kush me muskuj shihen nga ekrani televiziv se si nuk mbajn\u00eb p\u00ebrgjegj\u00ebsi p\u00ebr t\u00eb kaluar\u00ebn e tyre, s\u00eb paku para opinionit duke u prezantuar sikur t\u00eb mos ket\u00eb ndodhur gj\u00eb n\u00eb k\u00ebt\u00eb komun\u00eb ku kryetari i tanish\u00ebm G\u00ebzim Hajdinaga e ka t\u00eb v\u00ebshtir\u00eb p\u00ebr t\u00eb ndrequr gabimet e m\u00ebparshme edhe p\u00ebr faj t\u00eb tyre ngase ishin n\u00eb ato vite partizan\u00eb t\u00eb nj\u00eb krahu tjet\u00ebr. Duke u b\u00ebr\u00eb zaptues t\u00eb mikrofonit e me batuta fetare t\u00eb pakripta, shkojn\u00eb aq larg sa prezantohen edhe si profet\u00eb duke mos mbajtur p\u00ebrgjegj\u00ebsi morale p\u00ebr akuzat e padrejta q\u00eb l\u00ebshojn\u00eb ndaj koleg\u00ebve t\u00eb tyre, gjoja n\u00eb em\u00ebr t\u00eb parimeve fetare. K\u00ebtu fjala publike e ka humbur tashm\u00eb sensin me defekte nd\u00ebrsjell\u00ebse q\u00eb po p\u00ebrjeton opinioni nga seanca n\u00eb seanc\u00eb.<\/p>\n<p>Q\u00ebllimi i tyre \u00ebsht\u00eb q\u00eb t\u00eb p\u00ebrdorin \u00e7do mund\u00ebsi p\u00ebr t\u00eb mos e l\u00ebn\u00eb qytetarin t\u00eb g\u00ebzohet e t\u00eb shpresoj\u00eb p\u00ebr m\u00eb mire, duke u mb\u00ebshtetur n\u00eb arritjet e deritashme. Nuk ka arsye tjet\u00ebr. Humbja e kujtes\u00ebs sh\u00ebrben p\u00ebr historin\u00eb e shkurt\u00ebr t\u00eb xhuxhave, nga ku nj\u00eb q\u00ebndrim i till\u00eb nuk \u00ebsht\u00eb i drejt\u00eb sepse t\u00eb shpie te p\u00ebrgjegj\u00ebsia p\u00ebr t\u00eb vazhduar me gabime e krahasime pa sens. Realisht pasojat negative e shtojn\u00eb efektin edhe te qytetar\u00ebt p\u00ebrball\u00eb opinioneve q\u00eb l\u00ebshojn\u00eb duke servirur &#8220;sapun p\u00ebr djath\u00eb&#8221;.<\/p>\n<p>Politikan\u00ebt sjellin mesazhe fetare nga vendi ku b\u00ebhet politika dhe kjo i detyron ata q\u00eb bile nj\u00ebher\u00eb t\u00eb b\u00ebhen t\u00eb thjesht\u00eb e t\u00eb marrin pjes\u00eb n\u00eb festa fetare nga ku do t\u00eb sjellin mesazhe urimi pik\u00ebrisht n\u00eb k\u00ebto festa t\u00eb sh\u00ebnuara. T\u00eb nj\u00ebjtit, ndryshe sillen me vetveten, ndryshe me opinionin, ndaj konsensusi i arritur p\u00ebr buxhetin e vitit 2009 t\u00eb shtyn t\u00eb besosh se me mir\u00ebkuptim e pa batuta fetare mund t\u00eb arrihet ajo p\u00ebr \u00e7ka u ka besuar populli.<br \/>\n<strong>Shaban Peraj<br \/>\nKoha Javore<\/strong><\/p>\n<p><!--YouTube Error: bad URL entered--><strong><br \/>\n<\/strong><\/p>\n","protected":false},"excerpt":{"rendered":"<p>Kuvendi i komun\u00ebs s\u00eb ulqinit dhe debati i pap\u00ebrgjegjsh\u00ebm \u00cbsht\u00eb p\u00ebr t\u00eb ardhur keq q\u00eb k\u00ebtu ka nj\u00eb num\u00ebr &#8220;aktor\u00ebsh&#8221; t\u00eb cil\u00ebt b\u00ebhen imitues duke humbur d\u00ebshir\u00ebn p\u00ebr t\u00eb k\u00ebmbyer fjal\u00eb t\u00eb mira e t\u00eb pastra. Ndaj t\u00eb vjen keq kur i shikon k\u00ebta &#8220;aktor\u00eb&#8221; si t\u00eb paaft\u00eb p\u00ebr t\u00eb gjetur fjal\u00eb mir\u00ebkuptimi, nga ku [&hellip;]<\/p>\n","protected":false},"author":1,"featured_media":0,"comment_status":"open","ping_status":"closed","sticky":false,"template":"","format":"standard","meta":{"spay_email":"","jetpack_publicize_message":"","jetpack_is_tweetstorm":false,"jetpack_publicize_feature_enabled":true},"categories":[12],"tags":[875,5920,5918,5919],"jetpack_publicize_connections":[],"yoast_head":"<!-- This site is optimized with the Yoast SEO plugin v19.1 - https:\/\/yoast.com\/wordpress\/plugins\/seo\/ -->\n<title>Ulqin: Buxheti si dhurat\u00eb e fundvitit - Lajme nga Ulqini<\/title>\n<meta name=\"description\" content=\"Kuvendi i komun\u00ebs s\u00eb ulqinit dhe debati i pap\u00ebrgjegjsh\u00ebm \u00cbsht\u00eb p\u00ebr t\u00eb ardhur keq q\u00eb k\u00ebtu ka nj\u00eb num\u00ebr &quot;aktor\u00ebsh&quot; t\u00eb cil\u00ebt b\u00ebhen imitues duke humbur\" \/>\n<meta name=\"robots\" content=\"index, follow, max-snippet:-1, max-image-preview:large, max-video-preview:-1\" \/>\n<link rel=\"canonical\" href=\"https:\/\/www.visit-ulcinj.com\/blog\/2009\/01\/19\/ulqin-buxheti-si-dhurate-e-fundvitit\/\" \/>\n<meta property=\"og:locale\" content=\"en_US\" \/>\n<meta property=\"og:type\" content=\"article\" \/>\n<meta property=\"og:title\" content=\"Ulqin: Buxheti si dhurat\u00eb e fundvitit - Lajme nga Ulqini\" \/>\n<meta property=\"og:description\" content=\"Kuvendi i komun\u00ebs s\u00eb ulqinit dhe debati i pap\u00ebrgjegjsh\u00ebm \u00cbsht\u00eb p\u00ebr t\u00eb ardhur keq q\u00eb k\u00ebtu ka nj\u00eb num\u00ebr &quot;aktor\u00ebsh&quot; t\u00eb cil\u00ebt b\u00ebhen imitues duke humbur\" \/>\n<meta property=\"og:url\" content=\"https:\/\/www.visit-ulcinj.com\/blog\/2009\/01\/19\/ulqin-buxheti-si-dhurate-e-fundvitit\/\" \/>\n<meta property=\"og:site_name\" content=\"Lajme nga Ulqini\" \/>\n<meta property=\"article:published_time\" content=\"2009-01-19T20:23:11+00:00\" \/>\n<meta property=\"article:modified_time\" content=\"2009-01-20T12:00:50+00:00\" \/>\n<meta property=\"og:image\" content=\"http:\/\/www.visit-ulcinj.com\/blog\/wp-content\/uploads\/2008\/12\/buxheti-i-ulqinit-2009.jpg\" \/>\n<meta name=\"twitter:label1\" content=\"Written by\" \/>\n\t<meta name=\"twitter:data1\" content=\"ulqini\" \/>\n\t<meta name=\"twitter:label2\" content=\"Est. reading time\" \/>\n\t<meta name=\"twitter:data2\" content=\"6 minutes\" \/>\n<script type=\"application\/ld+json\" class=\"yoast-schema-graph\">{\"@context\":\"https:\/\/schema.org\",\"@graph\":[{\"@type\":\"WebSite\",\"@id\":\"https:\/\/www.visit-ulcinj.com\/blog\/#website\",\"url\":\"https:\/\/www.visit-ulcinj.com\/blog\/\",\"name\":\"Lajme nga Ulqini\",\"description\":\"Lajme,Vijesti,Ulqini,Ulqin,Crna Gora,Mali i Zi\",\"potentialAction\":[{\"@type\":\"SearchAction\",\"target\":{\"@type\":\"EntryPoint\",\"urlTemplate\":\"https:\/\/www.visit-ulcinj.com\/blog\/?s={search_term_string}\"},\"query-input\":\"required name=search_term_string\"}],\"inLanguage\":\"en-US\"},{\"@type\":\"ImageObject\",\"inLanguage\":\"en-US\",\"@id\":\"https:\/\/www.visit-ulcinj.com\/blog\/2009\/01\/19\/ulqin-buxheti-si-dhurate-e-fundvitit\/#primaryimage\",\"url\":\"https:\/\/www.visit-ulcinj.com\/blog\/wp-content\/uploads\/2008\/12\/buxheti-i-ulqinit-2009.jpg\",\"contentUrl\":\"https:\/\/www.visit-ulcinj.com\/blog\/wp-content\/uploads\/2008\/12\/buxheti-i-ulqinit-2009.jpg\",\"width\":\"400\",\"height\":\"137\"},{\"@type\":\"WebPage\",\"@id\":\"https:\/\/www.visit-ulcinj.com\/blog\/2009\/01\/19\/ulqin-buxheti-si-dhurate-e-fundvitit\/#webpage\",\"url\":\"https:\/\/www.visit-ulcinj.com\/blog\/2009\/01\/19\/ulqin-buxheti-si-dhurate-e-fundvitit\/\",\"name\":\"Ulqin: Buxheti si dhurat\u00eb e fundvitit - Lajme nga Ulqini\",\"isPartOf\":{\"@id\":\"https:\/\/www.visit-ulcinj.com\/blog\/#website\"},\"primaryImageOfPage\":{\"@id\":\"https:\/\/www.visit-ulcinj.com\/blog\/2009\/01\/19\/ulqin-buxheti-si-dhurate-e-fundvitit\/#primaryimage\"},\"datePublished\":\"2009-01-19T20:23:11+00:00\",\"dateModified\":\"2009-01-20T12:00:50+00:00\",\"author\":{\"@id\":\"https:\/\/www.visit-ulcinj.com\/blog\/#\/schema\/person\/dcab619c614d3038751c63bc2aadc06d\"},\"description\":\"Kuvendi i komun\u00ebs s\u00eb ulqinit dhe debati i pap\u00ebrgjegjsh\u00ebm \u00cbsht\u00eb p\u00ebr t\u00eb ardhur keq q\u00eb k\u00ebtu ka nj\u00eb num\u00ebr \\\"aktor\u00ebsh\\\" t\u00eb cil\u00ebt b\u00ebhen imitues duke humbur\",\"breadcrumb\":{\"@id\":\"https:\/\/www.visit-ulcinj.com\/blog\/2009\/01\/19\/ulqin-buxheti-si-dhurate-e-fundvitit\/#breadcrumb\"},\"inLanguage\":\"en-US\",\"potentialAction\":[{\"@type\":\"ReadAction\",\"target\":[\"https:\/\/www.visit-ulcinj.com\/blog\/2009\/01\/19\/ulqin-buxheti-si-dhurate-e-fundvitit\/\"]}]},{\"@type\":\"BreadcrumbList\",\"@id\":\"https:\/\/www.visit-ulcinj.com\/blog\/2009\/01\/19\/ulqin-buxheti-si-dhurate-e-fundvitit\/#breadcrumb\",\"itemListElement\":[{\"@type\":\"ListItem\",\"position\":1,\"name\":\"Ulqin: Buxheti si dhurat\u00eb e fundvitit\"}]},{\"@type\":\"Person\",\"@id\":\"https:\/\/www.visit-ulcinj.com\/blog\/#\/schema\/person\/dcab619c614d3038751c63bc2aadc06d\",\"name\":\"ulqini\",\"sameAs\":[\"http:\/\/www.visit-ulcinj.com\"],\"url\":\"https:\/\/www.visit-ulcinj.com\/blog\/author\/admin\/\"}]}<\/script>\n<!-- \/ Yoast SEO plugin. -->","yoast_head_json":{"title":"Ulqin: Buxheti si dhurat\u00eb e fundvitit - Lajme nga Ulqini","description":"Kuvendi i komun\u00ebs s\u00eb ulqinit dhe debati i pap\u00ebrgjegjsh\u00ebm \u00cbsht\u00eb p\u00ebr t\u00eb ardhur keq q\u00eb k\u00ebtu ka nj\u00eb num\u00ebr \"aktor\u00ebsh\" t\u00eb cil\u00ebt b\u00ebhen imitues duke humbur","robots":{"index":"index","follow":"follow","max-snippet":"max-snippet:-1","max-image-preview":"max-image-preview:large","max-video-preview":"max-video-preview:-1"},"canonical":"https:\/\/www.visit-ulcinj.com\/blog\/2009\/01\/19\/ulqin-buxheti-si-dhurate-e-fundvitit\/","og_locale":"en_US","og_type":"article","og_title":"Ulqin: Buxheti si dhurat\u00eb e fundvitit - Lajme nga Ulqini","og_description":"Kuvendi i komun\u00ebs s\u00eb ulqinit dhe debati i pap\u00ebrgjegjsh\u00ebm \u00cbsht\u00eb p\u00ebr t\u00eb ardhur keq q\u00eb k\u00ebtu ka nj\u00eb num\u00ebr \"aktor\u00ebsh\" t\u00eb cil\u00ebt b\u00ebhen imitues duke humbur","og_url":"https:\/\/www.visit-ulcinj.com\/blog\/2009\/01\/19\/ulqin-buxheti-si-dhurate-e-fundvitit\/","og_site_name":"Lajme nga Ulqini","article_published_time":"2009-01-19T20:23:11+00:00","article_modified_time":"2009-01-20T12:00:50+00:00","og_image":[{"url":"http:\/\/www.visit-ulcinj.com\/blog\/wp-content\/uploads\/2008\/12\/buxheti-i-ulqinit-2009.jpg"}],"twitter_misc":{"Written by":"ulqini","Est. reading time":"6 minutes"},"schema":{"@context":"https:\/\/schema.org","@graph":[{"@type":"WebSite","@id":"https:\/\/www.visit-ulcinj.com\/blog\/#website","url":"https:\/\/www.visit-ulcinj.com\/blog\/","name":"Lajme nga Ulqini","description":"Lajme,Vijesti,Ulqini,Ulqin,Crna Gora,Mali i Zi","potentialAction":[{"@type":"SearchAction","target":{"@type":"EntryPoint","urlTemplate":"https:\/\/www.visit-ulcinj.com\/blog\/?s={search_term_string}"},"query-input":"required name=search_term_string"}],"inLanguage":"en-US"},{"@type":"ImageObject","inLanguage":"en-US","@id":"https:\/\/www.visit-ulcinj.com\/blog\/2009\/01\/19\/ulqin-buxheti-si-dhurate-e-fundvitit\/#primaryimage","url":"https:\/\/www.visit-ulcinj.com\/blog\/wp-content\/uploads\/2008\/12\/buxheti-i-ulqinit-2009.jpg","contentUrl":"https:\/\/www.visit-ulcinj.com\/blog\/wp-content\/uploads\/2008\/12\/buxheti-i-ulqinit-2009.jpg","width":"400","height":"137"},{"@type":"WebPage","@id":"https:\/\/www.visit-ulcinj.com\/blog\/2009\/01\/19\/ulqin-buxheti-si-dhurate-e-fundvitit\/#webpage","url":"https:\/\/www.visit-ulcinj.com\/blog\/2009\/01\/19\/ulqin-buxheti-si-dhurate-e-fundvitit\/","name":"Ulqin: Buxheti si dhurat\u00eb e fundvitit - Lajme nga Ulqini","isPartOf":{"@id":"https:\/\/www.visit-ulcinj.com\/blog\/#website"},"primaryImageOfPage":{"@id":"https:\/\/www.visit-ulcinj.com\/blog\/2009\/01\/19\/ulqin-buxheti-si-dhurate-e-fundvitit\/#primaryimage"},"datePublished":"2009-01-19T20:23:11+00:00","dateModified":"2009-01-20T12:00:50+00:00","author":{"@id":"https:\/\/www.visit-ulcinj.com\/blog\/#\/schema\/person\/dcab619c614d3038751c63bc2aadc06d"},"description":"Kuvendi i komun\u00ebs s\u00eb ulqinit dhe debati i pap\u00ebrgjegjsh\u00ebm \u00cbsht\u00eb p\u00ebr t\u00eb ardhur keq q\u00eb k\u00ebtu ka nj\u00eb num\u00ebr \"aktor\u00ebsh\" t\u00eb cil\u00ebt b\u00ebhen imitues duke humbur","breadcrumb":{"@id":"https:\/\/www.visit-ulcinj.com\/blog\/2009\/01\/19\/ulqin-buxheti-si-dhurate-e-fundvitit\/#breadcrumb"},"inLanguage":"en-US","potentialAction":[{"@type":"ReadAction","target":["https:\/\/www.visit-ulcinj.com\/blog\/2009\/01\/19\/ulqin-buxheti-si-dhurate-e-fundvitit\/"]}]},{"@type":"BreadcrumbList","@id":"https:\/\/www.visit-ulcinj.com\/blog\/2009\/01\/19\/ulqin-buxheti-si-dhurate-e-fundvitit\/#breadcrumb","itemListElement":[{"@type":"ListItem","position":1,"name":"Ulqin: Buxheti si dhurat\u00eb e fundvitit"}]},{"@type":"Person","@id":"https:\/\/www.visit-ulcinj.com\/blog\/#\/schema\/person\/dcab619c614d3038751c63bc2aadc06d","name":"ulqini","sameAs":["http:\/\/www.visit-ulcinj.com"],"url":"https:\/\/www.visit-ulcinj.com\/blog\/author\/admin\/"}]}},"jetpack_featured_media_url":"","jetpack_sharing_enabled":true,"jetpack_shortlink":"https:\/\/wp.me\/pe6lTn-2qS","_links":{"self":[{"href":"https:\/\/www.visit-ulcinj.com\/blog\/wp-json\/wp\/v2\/posts\/9354"}],"collection":[{"href":"https:\/\/www.visit-ulcinj.com\/blog\/wp-json\/wp\/v2\/posts"}],"about":[{"href":"https:\/\/www.visit-ulcinj.com\/blog\/wp-json\/wp\/v2\/types\/post"}],"author":[{"embeddable":true,"href":"https:\/\/www.visit-ulcinj.com\/blog\/wp-json\/wp\/v2\/users\/1"}],"replies":[{"embeddable":true,"href":"https:\/\/www.visit-ulcinj.com\/blog\/wp-json\/wp\/v2\/comments?post=9354"}],"version-history":[{"count":0,"href":"https:\/\/www.visit-ulcinj.com\/blog\/wp-json\/wp\/v2\/posts\/9354\/revisions"}],"wp:attachment":[{"href":"https:\/\/www.visit-ulcinj.com\/blog\/wp-json\/wp\/v2\/media?parent=9354"}],"wp:term":[{"taxonomy":"category","embeddable":true,"href":"https:\/\/www.visit-ulcinj.com\/blog\/wp-json\/wp\/v2\/categories?post=9354"},{"taxonomy":"post_tag","embeddable":true,"href":"https:\/\/www.visit-ulcinj.com\/blog\/wp-json\/wp\/v2\/tags?post=9354"}],"curies":[{"name":"wp","href":"https:\/\/api.w.org\/{rel}","templated":true}]}}