{"id":93544,"date":"2015-12-09T18:29:14","date_gmt":"2015-12-09T17:29:14","guid":{"rendered":"http:\/\/www.visit-ulcinj.com\/blog\/?p=93544"},"modified":"2015-12-10T12:17:07","modified_gmt":"2015-12-10T11:17:07","slug":"misteri-i-prokurorit-per-kino-bashtane-prokurori-edhe-muhamet-nika","status":"publish","type":"post","link":"https:\/\/www.visit-ulcinj.com\/blog\/2015\/12\/09\/misteri-i-prokurorit-per-kino-bashtane-prokurori-edhe-muhamet-nika\/","title":{"rendered":"Misteri i prokurorit p\u00ebr &#8220;Kino Bashta&#8221;n\u00eb prokurori edhe Muhamet Nika"},"content":{"rendered":"<p class=\"iw\"><strong><span class=\"gD\"><a href=\"http:\/\/www.visit-ulcinj.com\/blog\/wp-content\/uploads\/2015\/12\/Kino-bashta-kino-basta-ulqin-ulcinj.jpg\"><img loading=\"lazy\" class=\"alignleft wp-image-93545\" src=\"http:\/\/www.visit-ulcinj.com\/blog\/wp-content\/uploads\/2015\/12\/Kino-bashta-kino-basta-ulqin-ulcinj.jpg\" alt=\"Kino-bashta-kino-basta-ulqin-ulcinj\" width=\"508\" height=\"323\" srcset=\"https:\/\/www.visit-ulcinj.com\/blog\/wp-content\/uploads\/2015\/12\/Kino-bashta-kino-basta-ulqin-ulcinj.jpg 960w, https:\/\/www.visit-ulcinj.com\/blog\/wp-content\/uploads\/2015\/12\/Kino-bashta-kino-basta-ulqin-ulcinj-300x191.jpg 300w\" sizes=\"(max-width: 508px) 100vw, 508px\" \/><\/a>Shkruan: Muhamet Nika<\/span><\/strong><\/p>\n<p><strong><em> N\u00cb PROKURORI EDHE MUHAMET NIKA?!<\/em><\/strong><\/p>\n<p>Sipas disa \u201e lajmeve karate..\u201c, m\u00ebsohet se prokurori shtet\u00ebror dhe gjykata ka nisur procedur\u00eb p\u00ebr humbjen e pron\u00ebsis\u00eb n\u00eb ran\u00eb t\u00eb Sht\u00ebpis\u00eb s\u00eb Kultur\u00ebs e cila iu kthye ish \u2013pronar\u00ebve edhe pse ishte e urbanizuar..?!<\/p>\n<p>Cekim se lajmi si i till\u00eb \u00ebsht\u00eb pjes\u00ebrisht i sakt , nga se prokurori a nuk e nisi hetimin vet\u00eb \u2013me d\u00ebshir\u00ebn e saj, por q\u00eb padin\u00eb p\u00ebr k\u00ebt\u00eb e ngrit\u00ebn k\u00ebshilltar\u00ebt e KK Ulqin : Andrija Cetkoviq, Mehmet Zenka , Dritan Abazi dhe Milan Roloviq e q\u00eb \u00ebsht\u00eb nj\u00eb ndryshim tep\u00ebr i madh n\u00eb esenc\u00eb me at\u00eb q\u00eb plasohet n\u00eb lajm.<\/p>\n<p>Ky \u00ebsht\u00eb rasti i par\u00eb q\u00eb k\u00ebshiltar\u00ebt t\u00eb padisin ekzekutivin direkt t\u00eb prokurori , pa e hapur \u00e7\u00ebshtjen n\u00eb parlament p\u00ebrmes kontrollit hetmor gj\u00eb q\u00eb u mund\u00ebsohet si p\u00ebrfaq\u00ebsues t\u00eb popullit me ligj dhe statut. E n\u00ebse supozojm\u00eb q\u00eb me k\u00ebt\u00eb nuk do t\u00eb ishin t\u00eb k\u00ebnaqur , at\u00eb her\u00eb \u00e7\u00ebshtjen sipas procedur\u00ebs k\u00ebshilltar\u00ebt e cekur, mund ta kalonin nga shtylla e par\u00eb e pushtetit (KUVENDI) te shtylla e dyt\u00eb (PROKURORIA &#8230;.)?<\/p>\n<p>Sipas pik\u00ebpamjes kjo metod\u00eb e hetimeve, krijon hap\u00ebsir\u00eb p\u00ebr t\u00eb aluduar q\u00eb hetimet mund t\u00eb jen\u00eb t\u00eb dirigjuara e p\u00ebr interesa t\u00eb pal\u00ebve t\u00eb ndryshme q\u00eb mund t\u00eb jen\u00eb t\u00eb implikuar n\u00eb k\u00ebt\u00eb krim.<\/p>\n<p><strong><em>Edhe vet\u00eb mu desh t\u00eb jap deklarat\u00eb n\u00eb polici p\u00ebr t\u00eb tret\u00ebn her\u00eb, por k\u00ebsaj radhe si qytetar?!!<\/em><\/strong><\/p>\n<p>Th\u00ebn\u00eb me disa fjal\u00eb n\u00eb policin\u00eb e Tivarit- sektori p\u00ebr krim t\u00eb oganizuar pohova se kjo \u00ebsht\u00eb hera e tret\u00eb q\u00eb po deponoj d\u00ebshmi n\u00eb prokurori p\u00ebr rastin e KINEMAS\u00cb nga viti 2005, duke shtuar edhe nj\u00eb her\u00eb , se dokumentacionin \u00a0e dh\u00ebnies s\u00eb kinobasht\u00ebs e kam dor\u00ebzuar n\u00eb prokurorit\u00eb e dy niveleve mbi baz\u00ebn e kall\u00ebzimeve t\u00eb b\u00ebra ndaj meje . ..?!<\/p>\n<p>Se qendroj pas atyre d\u00ebshmive t\u00eb dh\u00ebna dhe se nuk d\u00ebshiroj t\u00eb shtoj m\u00eb gjat\u00eb rreth tyre, duke deponuar k\u00ebshtu , vet\u00ebm do argumente shtes\u00eb n\u00eb lidhje me q\u00ebndrimin e ekzekutivit t\u00eb koh\u00ebs dhe k\u00ebshillit drejtues t\u00eb qendres q\u00eb ajo t\u00eb mos i jepej personit n\u00eb fjal\u00eb .<\/p>\n<p>Dhe se gjat\u00eb fllimit t\u00eb sezonit 2008 , u nd\u00ebrpre edhe m\u00ebnyra e dh\u00ebnies s\u00eb saj ish qiramarr\u00ebsit p\u00ebrmes kontrat\u00ebs ditore p\u00ebr organizime kulturore- koncerti.<\/p>\n<p>Q\u00eb me k\u00ebrkes\u00ebn e sht\u00ebpis\u00eb s\u00eb kultur\u00ebs objektit iu muar edhe leja e pun\u00ebs nga komuna dhe gjat\u00eb vitit 2008 nuk punoi fare kurse si u mbulua me letra pas k\u00ebtij viti \u00ebsht\u00eb \u00e7\u00ebshtje tjet\u00ebr p\u00ebr tl cil\u00ebn nuk kam njohuri?!!<\/p>\n<p>Nd\u00ebrsa gjat\u00eb vitit 2009 Kuvendi i Ulqinit t\u00eb cilin vet\u00eb e kryesoja , ndau 80mij\u00eb euro p\u00ebr v\u00ebnien e saj n\u00eb funksion ?!<\/p>\n<p>Q\u00eb ate e dhash me vendim t\u00eb k\u00ebshillit drejtues dhe t\u00eb ligjshme e \u00a0n\u00eb koh\u00eb t\u00eb caktuar q\u00eb p\u00ebrfundonte me sezon\u00ebn e vitit 2007 dhe \u00a0me pamund\u00ebsi t\u00eb shtyerjes s\u00eb kontart\u00ebs p\u00ebr t\u00eb nj\u00ebjtin person &#8230;.?!!!<\/p>\n<p>Jasht\u00eb k\u00ebsaj , p\u00ebr opinion po cek ,se duke u thirr\u00eb n\u00eb ligjin p\u00ebr informim , k\u00ebrkova nga sht\u00ebpia e kultur\u00ebs t\u00eb m\u00eb jepej akti themelor i gjykat\u00ebs , rreth k\u00ebthimit t\u00eb pasuris\u00eb m\u00eb skicat e parcelave kadastrale q\u00eb kthehen( por q\u00eb nuk mu ofruan&#8230;)?! Pastaj ankesa (fjala e fundit)e mbrojtjes n\u00eb k\u00ebt\u00eb \u00e7\u00ebshtje n\u00eb kuptimin n\u00ebse ishin shfryt\u00ebzuar t\u00eb gjitha mund\u00ebsit\u00eb ligjore e kushtetuese por q\u00eb nuk m\u00eb k\u00ebnaq\u00ebn..?!!<\/p>\n<p>E tashti pasi presedani i \u00e7\u00ebshtjes ngjau nga k\u00ebshilltar\u00ebt duke k\u00ebrkuar ndihm\u00eb n\u00eb polici e duke anashkaluar kuvendin, at\u00ebher shpresoj q\u00eb nuk do t\u00eb na shihet p\u00ebr t\u00eb madhe n\u00ebs\u00ebr, kur p\u00ebr parregullsit\u00eb e buxhetit t\u00eb KK Ulqin t\u00eb vitit 2005 , t\u00eb lajm\u00ebroj personalisht prokurori n ?!<\/p>\n<p>Sipas raportit- kontrollit t\u00eb shtetit -revizionit b\u00ebhej fjal\u00eb p\u00ebr shkelje t\u00eb r\u00ebnda ligjore nga pushtetar\u00ebt lokal\u00eb t\u00eb k\u00ebsaj kohe e q\u00eb flasin p\u00ebr mund\u00ebsi t\u00eb krimit t\u00eb organizuar. Kjo nisiativ\u00eb p\u00ebr koh\u00ebn at\u00ebher\u00eb u ngrit nga PPD duke i shkruar direkt let\u00ebr vet\u00eb kryetarit t\u00eb shtetit p\u00ebr k\u00ebto parregullsi mbi baz\u00ebn e k\u00ebsaj letre pasoi raporti i prokurorirt&#8230;?!!!<\/p>\n<p>Merret vesh se \u00e7\u00ebshtja u la e hapur nga kuvendi i vitit 2007, e praktikat e keqperdorimeve vazhduan . ..?!Andaj sipas neve , pasi organet ishin v\u00ebn\u00eb n\u00eb dijeni t\u00eb gjendjes , ndoq\u00ebn problemin duke marr\u00eb shum\u00eb procese n\u00ebn hetim gjat\u00eb periudh\u00ebs q\u00eb pasoi p\u00ebr funksionimin e pushtetit lokak. Personalisht i p\u00ebrsh\u00ebndes t\u00eb gjitha nisiativat q\u00eb kan\u00eb t\u00eb b\u00ebjn\u00eb me kontrollin e pushtetit nga vet parlamenti , nga do q\u00eb t\u00eb vijn\u00eb..?!!<\/p>\n<p>Defektet e k\u00ebsaj kohe me sa duket jan\u00eb tep\u00ebr t\u00eb m\u00ebdha , e m\u00eb t\u00eb cilat ballafaqohen gjykatat- K\u00ebtyre dit\u00ebve n\u00eb m\u00ebnyr\u00eb t\u00eb t\u00ebrthort\u00eb m\u00ebsuam q\u00eb nj\u00eb pale i ish dh\u00ebn\u00eb gjoja truall nd\u00ebrtimor n\u00eb Pinjesh nga komuna , por pasi dyshohej n\u00eb num\u00ebr t\u00eb protokollit t\u00eb dokumentit- rezultoi q\u00eb me at\u00eb num\u00ebr dokumenti dilte t\u00eb ishte i evidentuar nj\u00eb pushim vjetor..?!!<\/p>\n<p><a href=\"http:\/\/www.visit-ulcinj.com\/blog\/wp-content\/uploads\/2015\/12\/Kino-bashta-kino-basta-ulqin-ulcinj-AFERA.jpg\"><img loading=\"lazy\" class=\"alignleft wp-image-93546\" src=\"http:\/\/www.visit-ulcinj.com\/blog\/wp-content\/uploads\/2015\/12\/Kino-bashta-kino-basta-ulqin-ulcinj-AFERA.jpg\" alt=\"Kino-bashta-kino-basta-ulqin-ulcinj-AFERA\" width=\"508\" height=\"701\" srcset=\"https:\/\/www.visit-ulcinj.com\/blog\/wp-content\/uploads\/2015\/12\/Kino-bashta-kino-basta-ulqin-ulcinj-AFERA.jpg 627w, https:\/\/www.visit-ulcinj.com\/blog\/wp-content\/uploads\/2015\/12\/Kino-bashta-kino-basta-ulqin-ulcinj-AFERA-217x300.jpg 217w\" sizes=\"(max-width: 508px) 100vw, 508px\" \/><\/a><\/p>\n<p><a href=\"http:\/\/www.visit-ulcinj.com\/blog\/wp-content\/uploads\/2015\/12\/Kino-bashta-kino-basta-ulqin-ulcinj-AFERA-1.jpg\"><img loading=\"lazy\" class=\"alignleft wp-image-93547\" src=\"http:\/\/www.visit-ulcinj.com\/blog\/wp-content\/uploads\/2015\/12\/Kino-bashta-kino-basta-ulqin-ulcinj-AFERA-1.jpg\" alt=\"Kino-bashta-kino-basta-ulqin-ulcinj-AFERA-1\" width=\"508\" height=\"318\" srcset=\"https:\/\/www.visit-ulcinj.com\/blog\/wp-content\/uploads\/2015\/12\/Kino-bashta-kino-basta-ulqin-ulcinj-AFERA-1.jpg 627w, https:\/\/www.visit-ulcinj.com\/blog\/wp-content\/uploads\/2015\/12\/Kino-bashta-kino-basta-ulqin-ulcinj-AFERA-1-300x188.jpg 300w\" sizes=\"(max-width: 508px) 100vw, 508px\" \/><\/a><\/p>\n<p><strong>Pik\u00ebpamjet e shprehura n\u00eb faqen \u201cOPINIONE\u201d nuk p\u00ebrfaq\u00ebsojn\u00eb domosdoshm\u00ebrisht politik\u00ebn redaksionale t\u00eb \u201eLajmeve nga Ulqini\u201e<\/strong><\/p>\n","protected":false},"excerpt":{"rendered":"<p>Shkruan: Muhamet Nika N\u00cb PROKURORI EDHE MUHAMET NIKA?! Sipas disa \u201e lajmeve karate..\u201c, m\u00ebsohet se prokurori shtet\u00ebror dhe gjykata ka nisur procedur\u00eb p\u00ebr humbjen e pron\u00ebsis\u00eb n\u00eb ran\u00eb t\u00eb Sht\u00ebpis\u00eb s\u00eb Kultur\u00ebs e cila iu kthye ish \u2013pronar\u00ebve edhe pse ishte e urbanizuar..?! Cekim se lajmi si i till\u00eb \u00ebsht\u00eb pjes\u00ebrisht i sakt , nga [&hellip;]<\/p>\n","protected":false},"author":1,"featured_media":0,"comment_status":"closed","ping_status":"closed","sticky":false,"template":"","format":"standard","meta":{"spay_email":"","jetpack_publicize_message":"","jetpack_is_tweetstorm":false,"jetpack_publicize_feature_enabled":true},"categories":[14249],"tags":[],"jetpack_publicize_connections":[],"yoast_head":"<!-- This site is optimized with the Yoast SEO plugin v19.1 - https:\/\/yoast.com\/wordpress\/plugins\/seo\/ -->\n<title>Misteri i prokurorit p\u00ebr &quot;Kino Bashta&quot;n\u00eb prokurori edhe Muhamet Nika - Lajme nga Ulqini<\/title>\n<meta name=\"description\" content=\"Shkruan: Muhamet Nika N\u00cb PROKURORI EDHE MUHAMET NIKA?! Sipas disa \u201e lajmeve karate..\u201c, m\u00ebsohet se prokurori shtet\u00ebror dhe gjykata ka nisur procedur\u00eb p\u00ebr\" \/>\n<meta name=\"robots\" content=\"index, follow, max-snippet:-1, max-image-preview:large, max-video-preview:-1\" \/>\n<link rel=\"canonical\" href=\"https:\/\/www.visit-ulcinj.com\/blog\/2015\/12\/09\/misteri-i-prokurorit-per-kino-bashtane-prokurori-edhe-muhamet-nika\/\" \/>\n<meta property=\"og:locale\" content=\"en_US\" \/>\n<meta property=\"og:type\" content=\"article\" \/>\n<meta property=\"og:title\" content=\"Misteri i prokurorit p\u00ebr &quot;Kino Bashta&quot;n\u00eb prokurori edhe Muhamet Nika - Lajme nga Ulqini\" \/>\n<meta property=\"og:description\" content=\"Shkruan: Muhamet Nika N\u00cb PROKURORI EDHE MUHAMET NIKA?! Sipas disa \u201e lajmeve karate..\u201c, m\u00ebsohet se prokurori shtet\u00ebror dhe gjykata ka nisur procedur\u00eb p\u00ebr\" \/>\n<meta property=\"og:url\" content=\"https:\/\/www.visit-ulcinj.com\/blog\/2015\/12\/09\/misteri-i-prokurorit-per-kino-bashtane-prokurori-edhe-muhamet-nika\/\" \/>\n<meta property=\"og:site_name\" content=\"Lajme nga Ulqini\" \/>\n<meta property=\"article:published_time\" content=\"2015-12-09T17:29:14+00:00\" \/>\n<meta property=\"article:modified_time\" content=\"2015-12-10T11:17:07+00:00\" \/>\n<meta property=\"og:image\" content=\"http:\/\/www.visit-ulcinj.com\/blog\/wp-content\/uploads\/2015\/12\/Kino-bashta-kino-basta-ulqin-ulcinj.jpg\" \/>\n<meta name=\"twitter:label1\" content=\"Written by\" \/>\n\t<meta name=\"twitter:data1\" content=\"ulqini\" \/>\n\t<meta name=\"twitter:label2\" content=\"Est. reading time\" \/>\n\t<meta name=\"twitter:data2\" content=\"5 minutes\" \/>\n<script type=\"application\/ld+json\" class=\"yoast-schema-graph\">{\"@context\":\"https:\/\/schema.org\",\"@graph\":[{\"@type\":\"WebSite\",\"@id\":\"https:\/\/www.visit-ulcinj.com\/blog\/#website\",\"url\":\"https:\/\/www.visit-ulcinj.com\/blog\/\",\"name\":\"Lajme nga Ulqini\",\"description\":\"Lajme,Vijesti,Ulqini,Ulqin,Crna Gora,Mali i Zi\",\"potentialAction\":[{\"@type\":\"SearchAction\",\"target\":{\"@type\":\"EntryPoint\",\"urlTemplate\":\"https:\/\/www.visit-ulcinj.com\/blog\/?s={search_term_string}\"},\"query-input\":\"required name=search_term_string\"}],\"inLanguage\":\"en-US\"},{\"@type\":\"ImageObject\",\"inLanguage\":\"en-US\",\"@id\":\"https:\/\/www.visit-ulcinj.com\/blog\/2015\/12\/09\/misteri-i-prokurorit-per-kino-bashtane-prokurori-edhe-muhamet-nika\/#primaryimage\",\"url\":\"https:\/\/www.visit-ulcinj.com\/blog\/wp-content\/uploads\/2015\/12\/Kino-bashta-kino-basta-ulqin-ulcinj.jpg\",\"contentUrl\":\"https:\/\/www.visit-ulcinj.com\/blog\/wp-content\/uploads\/2015\/12\/Kino-bashta-kino-basta-ulqin-ulcinj.jpg\",\"width\":960,\"height\":610},{\"@type\":\"WebPage\",\"@id\":\"https:\/\/www.visit-ulcinj.com\/blog\/2015\/12\/09\/misteri-i-prokurorit-per-kino-bashtane-prokurori-edhe-muhamet-nika\/#webpage\",\"url\":\"https:\/\/www.visit-ulcinj.com\/blog\/2015\/12\/09\/misteri-i-prokurorit-per-kino-bashtane-prokurori-edhe-muhamet-nika\/\",\"name\":\"Misteri i prokurorit p\u00ebr \\\"Kino Bashta\\\"n\u00eb prokurori edhe Muhamet Nika - Lajme nga Ulqini\",\"isPartOf\":{\"@id\":\"https:\/\/www.visit-ulcinj.com\/blog\/#website\"},\"primaryImageOfPage\":{\"@id\":\"https:\/\/www.visit-ulcinj.com\/blog\/2015\/12\/09\/misteri-i-prokurorit-per-kino-bashtane-prokurori-edhe-muhamet-nika\/#primaryimage\"},\"datePublished\":\"2015-12-09T17:29:14+00:00\",\"dateModified\":\"2015-12-10T11:17:07+00:00\",\"author\":{\"@id\":\"https:\/\/www.visit-ulcinj.com\/blog\/#\/schema\/person\/dcab619c614d3038751c63bc2aadc06d\"},\"description\":\"Shkruan: Muhamet Nika N\u00cb PROKURORI EDHE MUHAMET NIKA?! Sipas disa \u201e lajmeve karate..\u201c, m\u00ebsohet se prokurori shtet\u00ebror dhe gjykata ka nisur procedur\u00eb p\u00ebr\",\"breadcrumb\":{\"@id\":\"https:\/\/www.visit-ulcinj.com\/blog\/2015\/12\/09\/misteri-i-prokurorit-per-kino-bashtane-prokurori-edhe-muhamet-nika\/#breadcrumb\"},\"inLanguage\":\"en-US\",\"potentialAction\":[{\"@type\":\"ReadAction\",\"target\":[\"https:\/\/www.visit-ulcinj.com\/blog\/2015\/12\/09\/misteri-i-prokurorit-per-kino-bashtane-prokurori-edhe-muhamet-nika\/\"]}]},{\"@type\":\"BreadcrumbList\",\"@id\":\"https:\/\/www.visit-ulcinj.com\/blog\/2015\/12\/09\/misteri-i-prokurorit-per-kino-bashtane-prokurori-edhe-muhamet-nika\/#breadcrumb\",\"itemListElement\":[{\"@type\":\"ListItem\",\"position\":1,\"name\":\"Misteri i prokurorit p\u00ebr &#8220;Kino Bashta&#8221;n\u00eb prokurori edhe Muhamet Nika\"}]},{\"@type\":\"Person\",\"@id\":\"https:\/\/www.visit-ulcinj.com\/blog\/#\/schema\/person\/dcab619c614d3038751c63bc2aadc06d\",\"name\":\"ulqini\",\"sameAs\":[\"http:\/\/www.visit-ulcinj.com\"],\"url\":\"https:\/\/www.visit-ulcinj.com\/blog\/author\/admin\/\"}]}<\/script>\n<!-- \/ Yoast SEO plugin. -->","yoast_head_json":{"title":"Misteri i prokurorit p\u00ebr \"Kino Bashta\"n\u00eb prokurori edhe Muhamet Nika - Lajme nga Ulqini","description":"Shkruan: Muhamet Nika N\u00cb PROKURORI EDHE MUHAMET NIKA?! Sipas disa \u201e lajmeve karate..\u201c, m\u00ebsohet se prokurori shtet\u00ebror dhe gjykata ka nisur procedur\u00eb p\u00ebr","robots":{"index":"index","follow":"follow","max-snippet":"max-snippet:-1","max-image-preview":"max-image-preview:large","max-video-preview":"max-video-preview:-1"},"canonical":"https:\/\/www.visit-ulcinj.com\/blog\/2015\/12\/09\/misteri-i-prokurorit-per-kino-bashtane-prokurori-edhe-muhamet-nika\/","og_locale":"en_US","og_type":"article","og_title":"Misteri i prokurorit p\u00ebr \"Kino Bashta\"n\u00eb prokurori edhe Muhamet Nika - Lajme nga Ulqini","og_description":"Shkruan: Muhamet Nika N\u00cb PROKURORI EDHE MUHAMET NIKA?! Sipas disa \u201e lajmeve karate..\u201c, m\u00ebsohet se prokurori shtet\u00ebror dhe gjykata ka nisur procedur\u00eb p\u00ebr","og_url":"https:\/\/www.visit-ulcinj.com\/blog\/2015\/12\/09\/misteri-i-prokurorit-per-kino-bashtane-prokurori-edhe-muhamet-nika\/","og_site_name":"Lajme nga Ulqini","article_published_time":"2015-12-09T17:29:14+00:00","article_modified_time":"2015-12-10T11:17:07+00:00","og_image":[{"url":"http:\/\/www.visit-ulcinj.com\/blog\/wp-content\/uploads\/2015\/12\/Kino-bashta-kino-basta-ulqin-ulcinj.jpg"}],"twitter_misc":{"Written by":"ulqini","Est. reading time":"5 minutes"},"schema":{"@context":"https:\/\/schema.org","@graph":[{"@type":"WebSite","@id":"https:\/\/www.visit-ulcinj.com\/blog\/#website","url":"https:\/\/www.visit-ulcinj.com\/blog\/","name":"Lajme nga Ulqini","description":"Lajme,Vijesti,Ulqini,Ulqin,Crna Gora,Mali i Zi","potentialAction":[{"@type":"SearchAction","target":{"@type":"EntryPoint","urlTemplate":"https:\/\/www.visit-ulcinj.com\/blog\/?s={search_term_string}"},"query-input":"required name=search_term_string"}],"inLanguage":"en-US"},{"@type":"ImageObject","inLanguage":"en-US","@id":"https:\/\/www.visit-ulcinj.com\/blog\/2015\/12\/09\/misteri-i-prokurorit-per-kino-bashtane-prokurori-edhe-muhamet-nika\/#primaryimage","url":"https:\/\/www.visit-ulcinj.com\/blog\/wp-content\/uploads\/2015\/12\/Kino-bashta-kino-basta-ulqin-ulcinj.jpg","contentUrl":"https:\/\/www.visit-ulcinj.com\/blog\/wp-content\/uploads\/2015\/12\/Kino-bashta-kino-basta-ulqin-ulcinj.jpg","width":960,"height":610},{"@type":"WebPage","@id":"https:\/\/www.visit-ulcinj.com\/blog\/2015\/12\/09\/misteri-i-prokurorit-per-kino-bashtane-prokurori-edhe-muhamet-nika\/#webpage","url":"https:\/\/www.visit-ulcinj.com\/blog\/2015\/12\/09\/misteri-i-prokurorit-per-kino-bashtane-prokurori-edhe-muhamet-nika\/","name":"Misteri i prokurorit p\u00ebr \"Kino Bashta\"n\u00eb prokurori edhe Muhamet Nika - Lajme nga Ulqini","isPartOf":{"@id":"https:\/\/www.visit-ulcinj.com\/blog\/#website"},"primaryImageOfPage":{"@id":"https:\/\/www.visit-ulcinj.com\/blog\/2015\/12\/09\/misteri-i-prokurorit-per-kino-bashtane-prokurori-edhe-muhamet-nika\/#primaryimage"},"datePublished":"2015-12-09T17:29:14+00:00","dateModified":"2015-12-10T11:17:07+00:00","author":{"@id":"https:\/\/www.visit-ulcinj.com\/blog\/#\/schema\/person\/dcab619c614d3038751c63bc2aadc06d"},"description":"Shkruan: Muhamet Nika N\u00cb PROKURORI EDHE MUHAMET NIKA?! Sipas disa \u201e lajmeve karate..\u201c, m\u00ebsohet se prokurori shtet\u00ebror dhe gjykata ka nisur procedur\u00eb p\u00ebr","breadcrumb":{"@id":"https:\/\/www.visit-ulcinj.com\/blog\/2015\/12\/09\/misteri-i-prokurorit-per-kino-bashtane-prokurori-edhe-muhamet-nika\/#breadcrumb"},"inLanguage":"en-US","potentialAction":[{"@type":"ReadAction","target":["https:\/\/www.visit-ulcinj.com\/blog\/2015\/12\/09\/misteri-i-prokurorit-per-kino-bashtane-prokurori-edhe-muhamet-nika\/"]}]},{"@type":"BreadcrumbList","@id":"https:\/\/www.visit-ulcinj.com\/blog\/2015\/12\/09\/misteri-i-prokurorit-per-kino-bashtane-prokurori-edhe-muhamet-nika\/#breadcrumb","itemListElement":[{"@type":"ListItem","position":1,"name":"Misteri i prokurorit p\u00ebr &#8220;Kino Bashta&#8221;n\u00eb prokurori edhe Muhamet Nika"}]},{"@type":"Person","@id":"https:\/\/www.visit-ulcinj.com\/blog\/#\/schema\/person\/dcab619c614d3038751c63bc2aadc06d","name":"ulqini","sameAs":["http:\/\/www.visit-ulcinj.com"],"url":"https:\/\/www.visit-ulcinj.com\/blog\/author\/admin\/"}]}},"jetpack_featured_media_url":"","jetpack_sharing_enabled":true,"jetpack_shortlink":"https:\/\/wp.me\/pe6lTn-okM","_links":{"self":[{"href":"https:\/\/www.visit-ulcinj.com\/blog\/wp-json\/wp\/v2\/posts\/93544"}],"collection":[{"href":"https:\/\/www.visit-ulcinj.com\/blog\/wp-json\/wp\/v2\/posts"}],"about":[{"href":"https:\/\/www.visit-ulcinj.com\/blog\/wp-json\/wp\/v2\/types\/post"}],"author":[{"embeddable":true,"href":"https:\/\/www.visit-ulcinj.com\/blog\/wp-json\/wp\/v2\/users\/1"}],"replies":[{"embeddable":true,"href":"https:\/\/www.visit-ulcinj.com\/blog\/wp-json\/wp\/v2\/comments?post=93544"}],"version-history":[{"count":2,"href":"https:\/\/www.visit-ulcinj.com\/blog\/wp-json\/wp\/v2\/posts\/93544\/revisions"}],"predecessor-version":[{"id":93588,"href":"https:\/\/www.visit-ulcinj.com\/blog\/wp-json\/wp\/v2\/posts\/93544\/revisions\/93588"}],"wp:attachment":[{"href":"https:\/\/www.visit-ulcinj.com\/blog\/wp-json\/wp\/v2\/media?parent=93544"}],"wp:term":[{"taxonomy":"category","embeddable":true,"href":"https:\/\/www.visit-ulcinj.com\/blog\/wp-json\/wp\/v2\/categories?post=93544"},{"taxonomy":"post_tag","embeddable":true,"href":"https:\/\/www.visit-ulcinj.com\/blog\/wp-json\/wp\/v2\/tags?post=93544"}],"curies":[{"name":"wp","href":"https:\/\/api.w.org\/{rel}","templated":true}]}}