{"id":93555,"date":"2015-12-09T19:06:13","date_gmt":"2015-12-09T18:06:13","guid":{"rendered":"http:\/\/www.visit-ulcinj.com\/blog\/?p=93555"},"modified":"2015-12-09T19:06:13","modified_gmt":"2015-12-09T18:06:13","slug":"ambasadorka-sad-margaret-en-uehara-posjetila-ulcinjsku-solanu","status":"publish","type":"post","link":"https:\/\/www.visit-ulcinj.com\/blog\/2015\/12\/09\/ambasadorka-sad-margaret-en-uehara-posjetila-ulcinjsku-solanu\/","title":{"rendered":"Ambasadorka SAD-a Margaret En Uehara posjetila Ulcinjsku Solanu"},"content":{"rendered":"<p><a href=\"http:\/\/www.visit-ulcinj.com\/blog\/wp-content\/uploads\/2015\/12\/Margaret-En-Uehara-Ulcinj-.jpg\"><img loading=\"lazy\" class=\"alignleft wp-image-93556\" src=\"http:\/\/www.visit-ulcinj.com\/blog\/wp-content\/uploads\/2015\/12\/Margaret-En-Uehara-Ulcinj-.jpg\" alt=\"Margaret En Uehara-Ulcinj-\" width=\"508\" height=\"286\" srcset=\"https:\/\/www.visit-ulcinj.com\/blog\/wp-content\/uploads\/2015\/12\/Margaret-En-Uehara-Ulcinj-.jpg 640w, https:\/\/www.visit-ulcinj.com\/blog\/wp-content\/uploads\/2015\/12\/Margaret-En-Uehara-Ulcinj--300x169.jpg 300w\" sizes=\"(max-width: 508px) 100vw, 508px\" \/><\/a>Ambasadorka Sjedinjenih Ameri\u010dkih Dr\u017eava SAD Margaret En Uehara i poslanici u Skup\u0161tini Genci Nimanbegu i Dritan Abazovi\u0107 danas su posjetili Ulcinjsku Solanu u cilju informisanja o aktivnostima Javnog preduze\u0107a za nacionalne parkove Crne Gore na za\u0161titi i unapre\u0111enju biodiverziteta tog podru\u010dja.<\/p>\n<div class=\"body-text\">\n<p>Uehara je iskazala zadovoljstvo posjetom Ulcinjskoj solani, impresionirana prirodnim vrijednostima koje je bila u mogu\u0107nosti da vidi.<\/p>\n<p>Tako\u0111e je obi\u0161la i djelokrug solane, muzej, ma\u0161ineriju, pogon proizvodnje i solanske bazene.<\/p>\n<p>&#8220;Tim povodom, direktor Javnog preduze\u0107a za nacionalne parkove Crne Gore Zoran Mrdak informisao je o najzna\u010dajnijim aktivnostima JPNPCG koje su realizovane od potpisivanja jednogodi\u0161njeg Ugovora o zakupu cjelokupne imovine AD &#8220;Bajo Sekuli\u0107\u201c u ste\u010daju do danas&#8221;, saop\u0161teno je iz Nacionalnih parkova.<\/p>\n<p>Naime, JPNPCG i AD Solana &#8220;\u201eBajo Sekuli\u0107\u201c u ste\u010daju, 24. avgusta su zaklju\u010dili Ugovor o jednogodi\u0161njem zakupu cjelokupne imovine Solane.<\/p>\n<p>Nakon potpisivanja Ugovora, JPNPCG je preduzelo sve potrebne mjere i radnje u cilju unapre\u0111enja za\u0161tite biodiverziteta kao \u0161to su aktivnosti na za\u0161titi prirode i fizi\u010dkoj za\u0161titi prostora Ulcinjske solane.<\/p>\n<p><a href=\"http:\/\/www.visit-ulcinj.com\/blog\/wp-content\/uploads\/2015\/12\/Margaret-En-Uehara-Ulcinj-1.jpg\"><img loading=\"lazy\" class=\"alignleft wp-image-93557\" src=\"http:\/\/www.visit-ulcinj.com\/blog\/wp-content\/uploads\/2015\/12\/Margaret-En-Uehara-Ulcinj-1.jpg\" alt=\"Margaret En Uehara-Ulcinj-1\" width=\"508\" height=\"426\" srcset=\"https:\/\/www.visit-ulcinj.com\/blog\/wp-content\/uploads\/2015\/12\/Margaret-En-Uehara-Ulcinj-1.jpg 572w, https:\/\/www.visit-ulcinj.com\/blog\/wp-content\/uploads\/2015\/12\/Margaret-En-Uehara-Ulcinj-1-300x252.jpg 300w\" sizes=\"(max-width: 508px) 100vw, 508px\" \/><\/a><\/p>\n<p>Mrdak je rekao da je neophodan multidisciplinaran pristup za\u0161titi, valorizaciji i promociji prirodnih resursa Ulcinjske solane, koordinisan i kontinuiran rad svih klju\u010dnih institucija i organizacija koje se bave za\u0161titom prirode, redovno i blagovremeno obavje\u0161tavanje Delegacije EU, kontinuirana i \u010dvrsta saradnja sa lokalnom upravom, turisti\u010dkom organizacijom i lokalnim zajednicama, kao i zna\u010dajna finansijska sredstva i ekspertska podr\u0161ka u pojedinim oblastima za realizaciju brojnih aktivnosti na Solani.<\/p>\n<p>Nimanbegu i Abazovi\u0107 su kazali da su zadovoljni aktivnostima JPNPCG koje je po\u010delo sa rekonstrukcijom Solane, stopiralo krivolov i pokrenulo niz aktivnosti u cilju za\u0161tite ovog jedinstvenog prostora.<\/p>\n<p>Poslanici su tako\u0111e istakli da je pokretanje proizvodnje soli od esencijalnog zna\u010daja za Solanu i Op\u0161tinu Ulcinj, kao i da je klju\u010dno pitanje kona\u010dno definisanje statusa vlasni\u0161tva zemlji\u0161ta Ulcinjske solane.<\/p>\n<p><strong>Izvor: CDM<\/strong><\/p>\n<\/div>\n","protected":false},"excerpt":{"rendered":"<p>Ambasadorka Sjedinjenih Ameri\u010dkih Dr\u017eava SAD Margaret En Uehara i poslanici u Skup\u0161tini Genci Nimanbegu i Dritan Abazovi\u0107 danas su posjetili Ulcinjsku Solanu u cilju informisanja o aktivnostima Javnog preduze\u0107a za nacionalne parkove Crne Gore na za\u0161titi i unapre\u0111enju biodiverziteta tog podru\u010dja. Uehara je iskazala zadovoljstvo posjetom Ulcinjskoj solani, impresionirana prirodnim vrijednostima koje je bila u [&hellip;]<\/p>\n","protected":false},"author":1,"featured_media":0,"comment_status":"closed","ping_status":"closed","sticky":false,"template":"","format":"standard","meta":{"spay_email":"","jetpack_publicize_message":"","jetpack_is_tweetstorm":false,"jetpack_publicize_feature_enabled":true},"categories":[6950],"tags":[],"jetpack_publicize_connections":[],"yoast_head":"<!-- This site is optimized with the Yoast SEO plugin v19.1 - https:\/\/yoast.com\/wordpress\/plugins\/seo\/ -->\n<title>Ambasadorka SAD-a Margaret En Uehara posjetila Ulcinjsku Solanu - Lajme nga Ulqini<\/title>\n<meta name=\"description\" content=\"Ambasadorka Sjedinjenih Ameri\u010dkih Dr\u017eava SAD Margaret En Uehara i poslanici u Skup\u0161tini Genci Nimanbegu i Dritan Abazovi\u0107 danas su posjetili Ulcinjsku\" \/>\n<meta name=\"robots\" content=\"index, follow, max-snippet:-1, max-image-preview:large, max-video-preview:-1\" \/>\n<link rel=\"canonical\" href=\"https:\/\/www.visit-ulcinj.com\/blog\/2015\/12\/09\/ambasadorka-sad-margaret-en-uehara-posjetila-ulcinjsku-solanu\/\" \/>\n<meta property=\"og:locale\" content=\"en_US\" \/>\n<meta property=\"og:type\" content=\"article\" \/>\n<meta property=\"og:title\" content=\"Ambasadorka SAD-a Margaret En Uehara posjetila Ulcinjsku Solanu - Lajme nga Ulqini\" \/>\n<meta property=\"og:description\" content=\"Ambasadorka Sjedinjenih Ameri\u010dkih Dr\u017eava SAD Margaret En Uehara i poslanici u Skup\u0161tini Genci Nimanbegu i Dritan Abazovi\u0107 danas su posjetili Ulcinjsku\" \/>\n<meta property=\"og:url\" content=\"https:\/\/www.visit-ulcinj.com\/blog\/2015\/12\/09\/ambasadorka-sad-margaret-en-uehara-posjetila-ulcinjsku-solanu\/\" \/>\n<meta property=\"og:site_name\" content=\"Lajme nga Ulqini\" \/>\n<meta property=\"article:published_time\" content=\"2015-12-09T18:06:13+00:00\" \/>\n<meta property=\"og:image\" content=\"http:\/\/www.visit-ulcinj.com\/blog\/wp-content\/uploads\/2015\/12\/Margaret-En-Uehara-Ulcinj-.jpg\" \/>\n<meta name=\"twitter:label1\" content=\"Written by\" \/>\n\t<meta name=\"twitter:data1\" content=\"ulqini\" \/>\n\t<meta name=\"twitter:label2\" content=\"Est. reading time\" \/>\n\t<meta name=\"twitter:data2\" content=\"2 minutes\" \/>\n<script type=\"application\/ld+json\" class=\"yoast-schema-graph\">{\"@context\":\"https:\/\/schema.org\",\"@graph\":[{\"@type\":\"WebSite\",\"@id\":\"https:\/\/www.visit-ulcinj.com\/blog\/#website\",\"url\":\"https:\/\/www.visit-ulcinj.com\/blog\/\",\"name\":\"Lajme nga Ulqini\",\"description\":\"Lajme,Vijesti,Ulqini,Ulqin,Crna Gora,Mali i Zi\",\"potentialAction\":[{\"@type\":\"SearchAction\",\"target\":{\"@type\":\"EntryPoint\",\"urlTemplate\":\"https:\/\/www.visit-ulcinj.com\/blog\/?s={search_term_string}\"},\"query-input\":\"required name=search_term_string\"}],\"inLanguage\":\"en-US\"},{\"@type\":\"ImageObject\",\"inLanguage\":\"en-US\",\"@id\":\"https:\/\/www.visit-ulcinj.com\/blog\/2015\/12\/09\/ambasadorka-sad-margaret-en-uehara-posjetila-ulcinjsku-solanu\/#primaryimage\",\"url\":\"https:\/\/www.visit-ulcinj.com\/blog\/wp-content\/uploads\/2015\/12\/Margaret-En-Uehara-Ulcinj-.jpg\",\"contentUrl\":\"https:\/\/www.visit-ulcinj.com\/blog\/wp-content\/uploads\/2015\/12\/Margaret-En-Uehara-Ulcinj-.jpg\",\"width\":640,\"height\":360},{\"@type\":\"WebPage\",\"@id\":\"https:\/\/www.visit-ulcinj.com\/blog\/2015\/12\/09\/ambasadorka-sad-margaret-en-uehara-posjetila-ulcinjsku-solanu\/#webpage\",\"url\":\"https:\/\/www.visit-ulcinj.com\/blog\/2015\/12\/09\/ambasadorka-sad-margaret-en-uehara-posjetila-ulcinjsku-solanu\/\",\"name\":\"Ambasadorka SAD-a Margaret En Uehara posjetila Ulcinjsku Solanu - Lajme nga Ulqini\",\"isPartOf\":{\"@id\":\"https:\/\/www.visit-ulcinj.com\/blog\/#website\"},\"primaryImageOfPage\":{\"@id\":\"https:\/\/www.visit-ulcinj.com\/blog\/2015\/12\/09\/ambasadorka-sad-margaret-en-uehara-posjetila-ulcinjsku-solanu\/#primaryimage\"},\"datePublished\":\"2015-12-09T18:06:13+00:00\",\"dateModified\":\"2015-12-09T18:06:13+00:00\",\"author\":{\"@id\":\"https:\/\/www.visit-ulcinj.com\/blog\/#\/schema\/person\/dcab619c614d3038751c63bc2aadc06d\"},\"description\":\"Ambasadorka Sjedinjenih Ameri\u010dkih Dr\u017eava SAD Margaret En Uehara i poslanici u Skup\u0161tini Genci Nimanbegu i Dritan Abazovi\u0107 danas su posjetili Ulcinjsku\",\"breadcrumb\":{\"@id\":\"https:\/\/www.visit-ulcinj.com\/blog\/2015\/12\/09\/ambasadorka-sad-margaret-en-uehara-posjetila-ulcinjsku-solanu\/#breadcrumb\"},\"inLanguage\":\"en-US\",\"potentialAction\":[{\"@type\":\"ReadAction\",\"target\":[\"https:\/\/www.visit-ulcinj.com\/blog\/2015\/12\/09\/ambasadorka-sad-margaret-en-uehara-posjetila-ulcinjsku-solanu\/\"]}]},{\"@type\":\"BreadcrumbList\",\"@id\":\"https:\/\/www.visit-ulcinj.com\/blog\/2015\/12\/09\/ambasadorka-sad-margaret-en-uehara-posjetila-ulcinjsku-solanu\/#breadcrumb\",\"itemListElement\":[{\"@type\":\"ListItem\",\"position\":1,\"name\":\"Ambasadorka SAD-a Margaret En Uehara posjetila Ulcinjsku Solanu\"}]},{\"@type\":\"Person\",\"@id\":\"https:\/\/www.visit-ulcinj.com\/blog\/#\/schema\/person\/dcab619c614d3038751c63bc2aadc06d\",\"name\":\"ulqini\",\"sameAs\":[\"http:\/\/www.visit-ulcinj.com\"],\"url\":\"https:\/\/www.visit-ulcinj.com\/blog\/author\/admin\/\"}]}<\/script>\n<!-- \/ Yoast SEO plugin. -->","yoast_head_json":{"title":"Ambasadorka SAD-a Margaret En Uehara posjetila Ulcinjsku Solanu - Lajme nga Ulqini","description":"Ambasadorka Sjedinjenih Ameri\u010dkih Dr\u017eava SAD Margaret En Uehara i poslanici u Skup\u0161tini Genci Nimanbegu i Dritan Abazovi\u0107 danas su posjetili Ulcinjsku","robots":{"index":"index","follow":"follow","max-snippet":"max-snippet:-1","max-image-preview":"max-image-preview:large","max-video-preview":"max-video-preview:-1"},"canonical":"https:\/\/www.visit-ulcinj.com\/blog\/2015\/12\/09\/ambasadorka-sad-margaret-en-uehara-posjetila-ulcinjsku-solanu\/","og_locale":"en_US","og_type":"article","og_title":"Ambasadorka SAD-a Margaret En Uehara posjetila Ulcinjsku Solanu - Lajme nga Ulqini","og_description":"Ambasadorka Sjedinjenih Ameri\u010dkih Dr\u017eava SAD Margaret En Uehara i poslanici u Skup\u0161tini Genci Nimanbegu i Dritan Abazovi\u0107 danas su posjetili Ulcinjsku","og_url":"https:\/\/www.visit-ulcinj.com\/blog\/2015\/12\/09\/ambasadorka-sad-margaret-en-uehara-posjetila-ulcinjsku-solanu\/","og_site_name":"Lajme nga Ulqini","article_published_time":"2015-12-09T18:06:13+00:00","og_image":[{"url":"http:\/\/www.visit-ulcinj.com\/blog\/wp-content\/uploads\/2015\/12\/Margaret-En-Uehara-Ulcinj-.jpg"}],"twitter_misc":{"Written by":"ulqini","Est. reading time":"2 minutes"},"schema":{"@context":"https:\/\/schema.org","@graph":[{"@type":"WebSite","@id":"https:\/\/www.visit-ulcinj.com\/blog\/#website","url":"https:\/\/www.visit-ulcinj.com\/blog\/","name":"Lajme nga Ulqini","description":"Lajme,Vijesti,Ulqini,Ulqin,Crna Gora,Mali i Zi","potentialAction":[{"@type":"SearchAction","target":{"@type":"EntryPoint","urlTemplate":"https:\/\/www.visit-ulcinj.com\/blog\/?s={search_term_string}"},"query-input":"required name=search_term_string"}],"inLanguage":"en-US"},{"@type":"ImageObject","inLanguage":"en-US","@id":"https:\/\/www.visit-ulcinj.com\/blog\/2015\/12\/09\/ambasadorka-sad-margaret-en-uehara-posjetila-ulcinjsku-solanu\/#primaryimage","url":"https:\/\/www.visit-ulcinj.com\/blog\/wp-content\/uploads\/2015\/12\/Margaret-En-Uehara-Ulcinj-.jpg","contentUrl":"https:\/\/www.visit-ulcinj.com\/blog\/wp-content\/uploads\/2015\/12\/Margaret-En-Uehara-Ulcinj-.jpg","width":640,"height":360},{"@type":"WebPage","@id":"https:\/\/www.visit-ulcinj.com\/blog\/2015\/12\/09\/ambasadorka-sad-margaret-en-uehara-posjetila-ulcinjsku-solanu\/#webpage","url":"https:\/\/www.visit-ulcinj.com\/blog\/2015\/12\/09\/ambasadorka-sad-margaret-en-uehara-posjetila-ulcinjsku-solanu\/","name":"Ambasadorka SAD-a Margaret En Uehara posjetila Ulcinjsku Solanu - Lajme nga Ulqini","isPartOf":{"@id":"https:\/\/www.visit-ulcinj.com\/blog\/#website"},"primaryImageOfPage":{"@id":"https:\/\/www.visit-ulcinj.com\/blog\/2015\/12\/09\/ambasadorka-sad-margaret-en-uehara-posjetila-ulcinjsku-solanu\/#primaryimage"},"datePublished":"2015-12-09T18:06:13+00:00","dateModified":"2015-12-09T18:06:13+00:00","author":{"@id":"https:\/\/www.visit-ulcinj.com\/blog\/#\/schema\/person\/dcab619c614d3038751c63bc2aadc06d"},"description":"Ambasadorka Sjedinjenih Ameri\u010dkih Dr\u017eava SAD Margaret En Uehara i poslanici u Skup\u0161tini Genci Nimanbegu i Dritan Abazovi\u0107 danas su posjetili Ulcinjsku","breadcrumb":{"@id":"https:\/\/www.visit-ulcinj.com\/blog\/2015\/12\/09\/ambasadorka-sad-margaret-en-uehara-posjetila-ulcinjsku-solanu\/#breadcrumb"},"inLanguage":"en-US","potentialAction":[{"@type":"ReadAction","target":["https:\/\/www.visit-ulcinj.com\/blog\/2015\/12\/09\/ambasadorka-sad-margaret-en-uehara-posjetila-ulcinjsku-solanu\/"]}]},{"@type":"BreadcrumbList","@id":"https:\/\/www.visit-ulcinj.com\/blog\/2015\/12\/09\/ambasadorka-sad-margaret-en-uehara-posjetila-ulcinjsku-solanu\/#breadcrumb","itemListElement":[{"@type":"ListItem","position":1,"name":"Ambasadorka SAD-a Margaret En Uehara posjetila Ulcinjsku Solanu"}]},{"@type":"Person","@id":"https:\/\/www.visit-ulcinj.com\/blog\/#\/schema\/person\/dcab619c614d3038751c63bc2aadc06d","name":"ulqini","sameAs":["http:\/\/www.visit-ulcinj.com"],"url":"https:\/\/www.visit-ulcinj.com\/blog\/author\/admin\/"}]}},"jetpack_featured_media_url":"","jetpack_sharing_enabled":true,"jetpack_shortlink":"https:\/\/wp.me\/pe6lTn-okX","_links":{"self":[{"href":"https:\/\/www.visit-ulcinj.com\/blog\/wp-json\/wp\/v2\/posts\/93555"}],"collection":[{"href":"https:\/\/www.visit-ulcinj.com\/blog\/wp-json\/wp\/v2\/posts"}],"about":[{"href":"https:\/\/www.visit-ulcinj.com\/blog\/wp-json\/wp\/v2\/types\/post"}],"author":[{"embeddable":true,"href":"https:\/\/www.visit-ulcinj.com\/blog\/wp-json\/wp\/v2\/users\/1"}],"replies":[{"embeddable":true,"href":"https:\/\/www.visit-ulcinj.com\/blog\/wp-json\/wp\/v2\/comments?post=93555"}],"version-history":[{"count":1,"href":"https:\/\/www.visit-ulcinj.com\/blog\/wp-json\/wp\/v2\/posts\/93555\/revisions"}],"predecessor-version":[{"id":93558,"href":"https:\/\/www.visit-ulcinj.com\/blog\/wp-json\/wp\/v2\/posts\/93555\/revisions\/93558"}],"wp:attachment":[{"href":"https:\/\/www.visit-ulcinj.com\/blog\/wp-json\/wp\/v2\/media?parent=93555"}],"wp:term":[{"taxonomy":"category","embeddable":true,"href":"https:\/\/www.visit-ulcinj.com\/blog\/wp-json\/wp\/v2\/categories?post=93555"},{"taxonomy":"post_tag","embeddable":true,"href":"https:\/\/www.visit-ulcinj.com\/blog\/wp-json\/wp\/v2\/tags?post=93555"}],"curies":[{"name":"wp","href":"https:\/\/api.w.org\/{rel}","templated":true}]}}