{"id":93576,"date":"2015-12-09T20:04:45","date_gmt":"2015-12-09T19:04:45","guid":{"rendered":"http:\/\/www.visit-ulcinj.com\/blog\/?p=93576"},"modified":"2015-12-09T20:04:45","modified_gmt":"2015-12-09T19:04:45","slug":"partia-demokratike-vijon-negociatat-pds","status":"publish","type":"post","link":"https:\/\/www.visit-ulcinj.com\/blog\/2015\/12\/09\/partia-demokratike-vijon-negociatat-pds\/","title":{"rendered":"Partia Demokratike vijon negociatat me PDS-in"},"content":{"rendered":"<p><a href=\"http:\/\/www.visit-ulcinj.com\/blog\/wp-content\/uploads\/2013\/05\/MILLO-GJUKANOVIC-FATMIR-GJEKA.jpg\"><img loading=\"lazy\" class=\"alignleft wp-image-71158\" src=\"http:\/\/www.visit-ulcinj.com\/blog\/wp-content\/uploads\/2013\/05\/MILLO-GJUKANOVIC-FATMIR-GJEKA.jpg\" alt=\"MILLO GJUKANOVIC - FATMIR GJEKA\" width=\"508\" height=\"381\" srcset=\"https:\/\/www.visit-ulcinj.com\/blog\/wp-content\/uploads\/2013\/05\/MILLO-GJUKANOVIC-FATMIR-GJEKA.jpg 800w, https:\/\/www.visit-ulcinj.com\/blog\/wp-content\/uploads\/2013\/05\/MILLO-GJUKANOVIC-FATMIR-GJEKA-300x225.jpg 300w\" sizes=\"(max-width: 508px) 100vw, 508px\" \/><\/a>Bisedat rreth rikompozimit t\u00eb pushtetit lokal n\u00eb Ulqin jan\u00eb zhvilluar sot n\u00eb Podgoric\u00eb n\u00eb mes t\u00eb skuadrave t\u00eb Partis\u00eb demokratike t\u00eb socialist\u00ebve n\u00eb krye me z\u00ebvend\u00ebs kryetarin Dushko Markoviq, dhe p\u00ebrfaq\u00ebsuesve t\u00eb koalicionit \u201cBashk\u00eb p\u00ebr t\u00eb ardhmen e Ulqinit\u201d, t\u00eb cilin e drejtoi lideri i Partis\u00eb demokratike Fatmir Gjeka, raporton portali Ul.info.<\/p>\n<p>Portali Ul-info m\u00ebson se pjes\u00ebmarr\u00ebsit e negociatave nga t\u00eb dy an\u00ebt jan\u00eb t\u00eb k\u00ebnaqur me qasjen e shprehur p\u00ebr tejkalimin e k\u00ebsaj situate n\u00eb Ulqin.<\/p>\n<p>P\u00ebr negociatat e sotme, si dhe p\u00ebr ato q\u00eb jan\u00eb zhvilluar t\u00eb h\u00ebn\u00ebn me drejtuesit e Forc\u00ebs, m\u00eb 14 dhjetor do t\u00eb njoftohen an\u00ebtar\u00ebt e Kryesis\u00eb s\u00eb PDS-s\u00eb.<\/p>\n<p>Pritet q\u00eb me k\u00ebt\u00eb rast do t\u00eb sillet vendimi p\u00ebr at\u00eb se si partia e kryeministrit Millo Gjukanoviq e sheh zgjidhjen e kriz\u00ebs politike n\u00eb Ulqin.<\/p>\n","protected":false},"excerpt":{"rendered":"<p>Bisedat rreth rikompozimit t\u00eb pushtetit lokal n\u00eb Ulqin jan\u00eb zhvilluar sot n\u00eb Podgoric\u00eb n\u00eb mes t\u00eb skuadrave t\u00eb Partis\u00eb demokratike t\u00eb socialist\u00ebve n\u00eb krye me z\u00ebvend\u00ebs kryetarin Dushko Markoviq, dhe p\u00ebrfaq\u00ebsuesve t\u00eb koalicionit \u201cBashk\u00eb p\u00ebr t\u00eb ardhmen e Ulqinit\u201d, t\u00eb cilin e drejtoi lideri i Partis\u00eb demokratike Fatmir Gjeka, raporton portali Ul.info. Portali Ul-info m\u00ebson [&hellip;]<\/p>\n","protected":false},"author":1,"featured_media":0,"comment_status":"closed","ping_status":"closed","sticky":false,"template":"","format":"standard","meta":{"spay_email":"","jetpack_publicize_message":"","jetpack_is_tweetstorm":false,"jetpack_publicize_feature_enabled":true},"categories":[1],"tags":[],"jetpack_publicize_connections":[],"yoast_head":"<!-- This site is optimized with the Yoast SEO plugin v19.1 - https:\/\/yoast.com\/wordpress\/plugins\/seo\/ -->\n<title>Partia Demokratike vijon negociatat me PDS-in - Lajme nga Ulqini<\/title>\n<meta name=\"description\" content=\"Bisedat rreth rikompozimit t\u00eb pushtetit lokal n\u00eb Ulqin jan\u00eb zhvilluar sot n\u00eb Podgoric\u00eb n\u00eb mes t\u00eb skuadrave t\u00eb Partis\u00eb demokratike t\u00eb socialist\u00ebve n\u00eb krye\" \/>\n<meta name=\"robots\" content=\"index, follow, max-snippet:-1, max-image-preview:large, max-video-preview:-1\" \/>\n<link rel=\"canonical\" href=\"https:\/\/www.visit-ulcinj.com\/blog\/2015\/12\/09\/partia-demokratike-vijon-negociatat-pds\/\" \/>\n<meta property=\"og:locale\" content=\"en_US\" \/>\n<meta property=\"og:type\" content=\"article\" \/>\n<meta property=\"og:title\" content=\"Partia Demokratike vijon negociatat me PDS-in - Lajme nga Ulqini\" \/>\n<meta property=\"og:description\" content=\"Bisedat rreth rikompozimit t\u00eb pushtetit lokal n\u00eb Ulqin jan\u00eb zhvilluar sot n\u00eb Podgoric\u00eb n\u00eb mes t\u00eb skuadrave t\u00eb Partis\u00eb demokratike t\u00eb socialist\u00ebve n\u00eb krye\" \/>\n<meta property=\"og:url\" content=\"https:\/\/www.visit-ulcinj.com\/blog\/2015\/12\/09\/partia-demokratike-vijon-negociatat-pds\/\" \/>\n<meta property=\"og:site_name\" content=\"Lajme nga Ulqini\" \/>\n<meta property=\"article:published_time\" content=\"2015-12-09T19:04:45+00:00\" \/>\n<meta property=\"og:image\" content=\"http:\/\/www.visit-ulcinj.com\/blog\/wp-content\/uploads\/2013\/05\/MILLO-GJUKANOVIC-FATMIR-GJEKA.jpg\" \/>\n<meta name=\"twitter:label1\" content=\"Written by\" \/>\n\t<meta name=\"twitter:data1\" content=\"ulqini\" \/>\n\t<meta name=\"twitter:label2\" content=\"Est. reading time\" \/>\n\t<meta name=\"twitter:data2\" content=\"1 minute\" \/>\n<script type=\"application\/ld+json\" class=\"yoast-schema-graph\">{\"@context\":\"https:\/\/schema.org\",\"@graph\":[{\"@type\":\"WebSite\",\"@id\":\"https:\/\/www.visit-ulcinj.com\/blog\/#website\",\"url\":\"https:\/\/www.visit-ulcinj.com\/blog\/\",\"name\":\"Lajme nga Ulqini\",\"description\":\"Lajme,Vijesti,Ulqini,Ulqin,Crna Gora,Mali i Zi\",\"potentialAction\":[{\"@type\":\"SearchAction\",\"target\":{\"@type\":\"EntryPoint\",\"urlTemplate\":\"https:\/\/www.visit-ulcinj.com\/blog\/?s={search_term_string}\"},\"query-input\":\"required name=search_term_string\"}],\"inLanguage\":\"en-US\"},{\"@type\":\"ImageObject\",\"inLanguage\":\"en-US\",\"@id\":\"https:\/\/www.visit-ulcinj.com\/blog\/2015\/12\/09\/partia-demokratike-vijon-negociatat-pds\/#primaryimage\",\"url\":\"https:\/\/www.visit-ulcinj.com\/blog\/wp-content\/uploads\/2013\/05\/MILLO-GJUKANOVIC-FATMIR-GJEKA.jpg\",\"contentUrl\":\"https:\/\/www.visit-ulcinj.com\/blog\/wp-content\/uploads\/2013\/05\/MILLO-GJUKANOVIC-FATMIR-GJEKA.jpg\",\"width\":800,\"height\":600},{\"@type\":\"WebPage\",\"@id\":\"https:\/\/www.visit-ulcinj.com\/blog\/2015\/12\/09\/partia-demokratike-vijon-negociatat-pds\/#webpage\",\"url\":\"https:\/\/www.visit-ulcinj.com\/blog\/2015\/12\/09\/partia-demokratike-vijon-negociatat-pds\/\",\"name\":\"Partia Demokratike vijon negociatat me PDS-in - Lajme nga Ulqini\",\"isPartOf\":{\"@id\":\"https:\/\/www.visit-ulcinj.com\/blog\/#website\"},\"primaryImageOfPage\":{\"@id\":\"https:\/\/www.visit-ulcinj.com\/blog\/2015\/12\/09\/partia-demokratike-vijon-negociatat-pds\/#primaryimage\"},\"datePublished\":\"2015-12-09T19:04:45+00:00\",\"dateModified\":\"2015-12-09T19:04:45+00:00\",\"author\":{\"@id\":\"https:\/\/www.visit-ulcinj.com\/blog\/#\/schema\/person\/dcab619c614d3038751c63bc2aadc06d\"},\"description\":\"Bisedat rreth rikompozimit t\u00eb pushtetit lokal n\u00eb Ulqin jan\u00eb zhvilluar sot n\u00eb Podgoric\u00eb n\u00eb mes t\u00eb skuadrave t\u00eb Partis\u00eb demokratike t\u00eb socialist\u00ebve n\u00eb krye\",\"breadcrumb\":{\"@id\":\"https:\/\/www.visit-ulcinj.com\/blog\/2015\/12\/09\/partia-demokratike-vijon-negociatat-pds\/#breadcrumb\"},\"inLanguage\":\"en-US\",\"potentialAction\":[{\"@type\":\"ReadAction\",\"target\":[\"https:\/\/www.visit-ulcinj.com\/blog\/2015\/12\/09\/partia-demokratike-vijon-negociatat-pds\/\"]}]},{\"@type\":\"BreadcrumbList\",\"@id\":\"https:\/\/www.visit-ulcinj.com\/blog\/2015\/12\/09\/partia-demokratike-vijon-negociatat-pds\/#breadcrumb\",\"itemListElement\":[{\"@type\":\"ListItem\",\"position\":1,\"name\":\"Partia Demokratike vijon negociatat me PDS-in\"}]},{\"@type\":\"Person\",\"@id\":\"https:\/\/www.visit-ulcinj.com\/blog\/#\/schema\/person\/dcab619c614d3038751c63bc2aadc06d\",\"name\":\"ulqini\",\"sameAs\":[\"http:\/\/www.visit-ulcinj.com\"],\"url\":\"https:\/\/www.visit-ulcinj.com\/blog\/author\/admin\/\"}]}<\/script>\n<!-- \/ Yoast SEO plugin. -->","yoast_head_json":{"title":"Partia Demokratike vijon negociatat me PDS-in - Lajme nga Ulqini","description":"Bisedat rreth rikompozimit t\u00eb pushtetit lokal n\u00eb Ulqin jan\u00eb zhvilluar sot n\u00eb Podgoric\u00eb n\u00eb mes t\u00eb skuadrave t\u00eb Partis\u00eb demokratike t\u00eb socialist\u00ebve n\u00eb krye","robots":{"index":"index","follow":"follow","max-snippet":"max-snippet:-1","max-image-preview":"max-image-preview:large","max-video-preview":"max-video-preview:-1"},"canonical":"https:\/\/www.visit-ulcinj.com\/blog\/2015\/12\/09\/partia-demokratike-vijon-negociatat-pds\/","og_locale":"en_US","og_type":"article","og_title":"Partia Demokratike vijon negociatat me PDS-in - Lajme nga Ulqini","og_description":"Bisedat rreth rikompozimit t\u00eb pushtetit lokal n\u00eb Ulqin jan\u00eb zhvilluar sot n\u00eb Podgoric\u00eb n\u00eb mes t\u00eb skuadrave t\u00eb Partis\u00eb demokratike t\u00eb socialist\u00ebve n\u00eb krye","og_url":"https:\/\/www.visit-ulcinj.com\/blog\/2015\/12\/09\/partia-demokratike-vijon-negociatat-pds\/","og_site_name":"Lajme nga Ulqini","article_published_time":"2015-12-09T19:04:45+00:00","og_image":[{"url":"http:\/\/www.visit-ulcinj.com\/blog\/wp-content\/uploads\/2013\/05\/MILLO-GJUKANOVIC-FATMIR-GJEKA.jpg"}],"twitter_misc":{"Written by":"ulqini","Est. reading time":"1 minute"},"schema":{"@context":"https:\/\/schema.org","@graph":[{"@type":"WebSite","@id":"https:\/\/www.visit-ulcinj.com\/blog\/#website","url":"https:\/\/www.visit-ulcinj.com\/blog\/","name":"Lajme nga Ulqini","description":"Lajme,Vijesti,Ulqini,Ulqin,Crna Gora,Mali i Zi","potentialAction":[{"@type":"SearchAction","target":{"@type":"EntryPoint","urlTemplate":"https:\/\/www.visit-ulcinj.com\/blog\/?s={search_term_string}"},"query-input":"required name=search_term_string"}],"inLanguage":"en-US"},{"@type":"ImageObject","inLanguage":"en-US","@id":"https:\/\/www.visit-ulcinj.com\/blog\/2015\/12\/09\/partia-demokratike-vijon-negociatat-pds\/#primaryimage","url":"https:\/\/www.visit-ulcinj.com\/blog\/wp-content\/uploads\/2013\/05\/MILLO-GJUKANOVIC-FATMIR-GJEKA.jpg","contentUrl":"https:\/\/www.visit-ulcinj.com\/blog\/wp-content\/uploads\/2013\/05\/MILLO-GJUKANOVIC-FATMIR-GJEKA.jpg","width":800,"height":600},{"@type":"WebPage","@id":"https:\/\/www.visit-ulcinj.com\/blog\/2015\/12\/09\/partia-demokratike-vijon-negociatat-pds\/#webpage","url":"https:\/\/www.visit-ulcinj.com\/blog\/2015\/12\/09\/partia-demokratike-vijon-negociatat-pds\/","name":"Partia Demokratike vijon negociatat me PDS-in - Lajme nga Ulqini","isPartOf":{"@id":"https:\/\/www.visit-ulcinj.com\/blog\/#website"},"primaryImageOfPage":{"@id":"https:\/\/www.visit-ulcinj.com\/blog\/2015\/12\/09\/partia-demokratike-vijon-negociatat-pds\/#primaryimage"},"datePublished":"2015-12-09T19:04:45+00:00","dateModified":"2015-12-09T19:04:45+00:00","author":{"@id":"https:\/\/www.visit-ulcinj.com\/blog\/#\/schema\/person\/dcab619c614d3038751c63bc2aadc06d"},"description":"Bisedat rreth rikompozimit t\u00eb pushtetit lokal n\u00eb Ulqin jan\u00eb zhvilluar sot n\u00eb Podgoric\u00eb n\u00eb mes t\u00eb skuadrave t\u00eb Partis\u00eb demokratike t\u00eb socialist\u00ebve n\u00eb krye","breadcrumb":{"@id":"https:\/\/www.visit-ulcinj.com\/blog\/2015\/12\/09\/partia-demokratike-vijon-negociatat-pds\/#breadcrumb"},"inLanguage":"en-US","potentialAction":[{"@type":"ReadAction","target":["https:\/\/www.visit-ulcinj.com\/blog\/2015\/12\/09\/partia-demokratike-vijon-negociatat-pds\/"]}]},{"@type":"BreadcrumbList","@id":"https:\/\/www.visit-ulcinj.com\/blog\/2015\/12\/09\/partia-demokratike-vijon-negociatat-pds\/#breadcrumb","itemListElement":[{"@type":"ListItem","position":1,"name":"Partia Demokratike vijon negociatat me PDS-in"}]},{"@type":"Person","@id":"https:\/\/www.visit-ulcinj.com\/blog\/#\/schema\/person\/dcab619c614d3038751c63bc2aadc06d","name":"ulqini","sameAs":["http:\/\/www.visit-ulcinj.com"],"url":"https:\/\/www.visit-ulcinj.com\/blog\/author\/admin\/"}]}},"jetpack_featured_media_url":"","jetpack_sharing_enabled":true,"jetpack_shortlink":"https:\/\/wp.me\/pe6lTn-oli","_links":{"self":[{"href":"https:\/\/www.visit-ulcinj.com\/blog\/wp-json\/wp\/v2\/posts\/93576"}],"collection":[{"href":"https:\/\/www.visit-ulcinj.com\/blog\/wp-json\/wp\/v2\/posts"}],"about":[{"href":"https:\/\/www.visit-ulcinj.com\/blog\/wp-json\/wp\/v2\/types\/post"}],"author":[{"embeddable":true,"href":"https:\/\/www.visit-ulcinj.com\/blog\/wp-json\/wp\/v2\/users\/1"}],"replies":[{"embeddable":true,"href":"https:\/\/www.visit-ulcinj.com\/blog\/wp-json\/wp\/v2\/comments?post=93576"}],"version-history":[{"count":1,"href":"https:\/\/www.visit-ulcinj.com\/blog\/wp-json\/wp\/v2\/posts\/93576\/revisions"}],"predecessor-version":[{"id":93577,"href":"https:\/\/www.visit-ulcinj.com\/blog\/wp-json\/wp\/v2\/posts\/93576\/revisions\/93577"}],"wp:attachment":[{"href":"https:\/\/www.visit-ulcinj.com\/blog\/wp-json\/wp\/v2\/media?parent=93576"}],"wp:term":[{"taxonomy":"category","embeddable":true,"href":"https:\/\/www.visit-ulcinj.com\/blog\/wp-json\/wp\/v2\/categories?post=93576"},{"taxonomy":"post_tag","embeddable":true,"href":"https:\/\/www.visit-ulcinj.com\/blog\/wp-json\/wp\/v2\/tags?post=93576"}],"curies":[{"name":"wp","href":"https:\/\/api.w.org\/{rel}","templated":true}]}}