{"id":93578,"date":"2015-12-09T20:10:56","date_gmt":"2015-12-09T19:10:56","guid":{"rendered":"http:\/\/www.visit-ulcinj.com\/blog\/?p=93578"},"modified":"2015-12-09T20:11:11","modified_gmt":"2015-12-09T19:11:11","slug":"ambasadorja-e-shba-uyehara-viziton-ulqinin-foto","status":"publish","type":"post","link":"https:\/\/www.visit-ulcinj.com\/blog\/2015\/12\/09\/ambasadorja-e-shba-uyehara-viziton-ulqinin-foto\/","title":{"rendered":"Ambasadorja e SHBA Uyehara viziton Ulqinin + Foto"},"content":{"rendered":"<p><strong><a href=\"http:\/\/www.visit-ulcinj.com\/blog\/wp-content\/uploads\/2015\/12\/Ambassador-U.S.-Embassy-Podgorica-Uyehara-visits-Ulcinj-3.jpg\"><img loading=\"lazy\" class=\"alignleft wp-image-93562\" src=\"http:\/\/www.visit-ulcinj.com\/blog\/wp-content\/uploads\/2015\/12\/Ambassador-U.S.-Embassy-Podgorica-Uyehara-visits-Ulcinj-3.jpg\" alt=\"Ambassador U.S. Embassy Podgorica Uyehara visits Ulcinj-3\" width=\"508\" height=\"369\" srcset=\"https:\/\/www.visit-ulcinj.com\/blog\/wp-content\/uploads\/2015\/12\/Ambassador-U.S.-Embassy-Podgorica-Uyehara-visits-Ulcinj-3.jpg 640w, https:\/\/www.visit-ulcinj.com\/blog\/wp-content\/uploads\/2015\/12\/Ambassador-U.S.-Embassy-Podgorica-Uyehara-visits-Ulcinj-3-300x218.jpg 300w\" sizes=\"(max-width: 508px) 100vw, 508px\" \/><\/a>Ambasadorja e SHBA n\u00eb Mal t\u00eb Zi, Margaret Ann Uyehara zhvilloi t\u00eb mart\u00ebn nj\u00eb vizit\u00eb n\u00eb Ulqin.<\/strong><\/p>\n<p>Ajo vizitoi Kriporen e Ulqinit dhe Ullishten e Valdanosit, t\u00eb cilat shihen si dy nga burimet m\u00eb t\u00eb njohura t\u00eb k\u00ebtij qyteti, p\u00ebr t\u00eb vazhduar me vizit\u00ebn n\u00eb Xhamin\u00eb e Kryth\u00ebs pastaj n\u00eb Qytetin e Vjet\u00ebr t\u00eb Shasit dhe n\u00eb zyr\u00ebn e p\u00ebrbashk\u00ebt t\u00eb Biznes Klubit Ana e Malit me Diaspor\u00ebn shqiptare n\u00eb SHBA.<\/p>\n<p>Kryetari i Komun\u00ebs s\u00eb Ulqinit, Fatmir Gjeka, e njohu ambasadoren me aktivitetet e pushtetit vendor por edhe me at\u00eb q\u00eb ai e quajti \u201ckriz\u00eb t\u00eb k\u00ebtij pushteti\u201d si pasoj\u00eb e mosmarr\u00ebveshjeve n\u00eb koalicionin qeveris\u00ebs t\u00eb forcave politike shqiptare.<\/p>\n<p>N\u00eb zyr\u00ebn e p\u00ebrbashk\u00ebt me Diaspor\u00ebn shqiptare, kryetari i Biznes Klubit, Kabil Kurti e njohu ambasadorenme format e bashk\u00ebpunimit dhe t\u00eb organizimit.<\/p>\n<p>Ambasadorja Uyehara foli p\u00ebr mund\u00ebsit\u00eb m\u00eb t\u00eb m\u00ebdha t\u00eb bashk\u00ebpunimit dhe t\u00eb investimeve nga diaspora dhe b\u00ebri thirrje p\u00ebr leht\u00ebsimin e procedurave p\u00ebr investitor\u00ebt e mundsh\u00ebm.<\/p>\n<p><strong>Ali Salaj<\/strong><\/p>\n<p><strong>VAO<\/strong><\/p>\n\n\t\t<style type=\"text\/css\">\n\t\t\t#gallery-1 {\n\t\t\t\tmargin: auto;\n\t\t\t}\n\t\t\t#gallery-1 .gallery-item {\n\t\t\t\tfloat: left;\n\t\t\t\tmargin-top: 10px;\n\t\t\t\ttext-align: center;\n\t\t\t\twidth: 33%;\n\t\t\t}\n\t\t\t#gallery-1 img {\n\t\t\t\tborder: 2px solid #cfcfcf;\n\t\t\t}\n\t\t\t#gallery-1 .gallery-caption {\n\t\t\t\tmargin-left: 0;\n\t\t\t}\n\t\t\t\/* see gallery_shortcode() in wp-includes\/media.php *\/\n\t\t<\/style>\n\t\t<div id='gallery-1' class='gallery galleryid-93578 gallery-columns-3 gallery-size-thumbnail'><dl class='gallery-item'>\n\t\t\t<dt class='gallery-icon landscape'>\n\t\t\t\t<a href='https:\/\/www.visit-ulcinj.com\/blog\/2015\/12\/09\/ambasadorka-sad-margaret-en-uehara-posjetila-ulcinjsku-solanu\/margaret-en-uehara-ulcinj\/'><img width=\"150\" height=\"150\" src=\"https:\/\/www.visit-ulcinj.com\/blog\/wp-content\/uploads\/2015\/12\/Margaret-En-Uehara-Ulcinj--150x150.jpg\" class=\"attachment-thumbnail size-thumbnail\" alt=\"\" loading=\"lazy\" \/><\/a>\n\t\t\t<\/dt><\/dl><dl class='gallery-item'>\n\t\t\t<dt class='gallery-icon landscape'>\n\t\t\t\t<a href='https:\/\/www.visit-ulcinj.com\/blog\/2015\/12\/09\/ambasadorka-sad-margaret-en-uehara-posjetila-ulcinjsku-solanu\/margaret-en-uehara-ulcinj-1\/'><img width=\"150\" height=\"150\" src=\"https:\/\/www.visit-ulcinj.com\/blog\/wp-content\/uploads\/2015\/12\/Margaret-En-Uehara-Ulcinj-1-150x150.jpg\" class=\"attachment-thumbnail size-thumbnail\" alt=\"\" loading=\"lazy\" \/><\/a>\n\t\t\t<\/dt><\/dl><dl class='gallery-item'>\n\t\t\t<dt class='gallery-icon landscape'>\n\t\t\t\t<a href='https:\/\/www.visit-ulcinj.com\/blog\/2015\/12\/09\/u-s-ambassador-uyehara-visits-ulcinj-photo\/ambassador-u-s-embassy-podgorica-uyehara-visits-ulcinj-2\/'><img width=\"150\" height=\"150\" src=\"https:\/\/www.visit-ulcinj.com\/blog\/wp-content\/uploads\/2015\/12\/Ambassador-U.S.-Embassy-Podgorica-Uyehara-visits-Ulcinj-2-150x150.jpg\" class=\"attachment-thumbnail size-thumbnail\" alt=\"\" loading=\"lazy\" \/><\/a>\n\t\t\t<\/dt><\/dl><br style=\"clear: both\" \/><dl class='gallery-item'>\n\t\t\t<dt class='gallery-icon landscape'>\n\t\t\t\t<a href='https:\/\/www.visit-ulcinj.com\/blog\/2015\/12\/09\/u-s-ambassador-uyehara-visits-ulcinj-photo\/ambassador-u-s-embassy-podgorica-uyehara-visits-ulcinj-4\/'><img width=\"150\" height=\"150\" src=\"https:\/\/www.visit-ulcinj.com\/blog\/wp-content\/uploads\/2015\/12\/Ambassador-U.S.-Embassy-Podgorica-Uyehara-visits-Ulcinj-4-150x150.jpg\" class=\"attachment-thumbnail size-thumbnail\" alt=\"\" loading=\"lazy\" \/><\/a>\n\t\t\t<\/dt><\/dl><dl class='gallery-item'>\n\t\t\t<dt class='gallery-icon landscape'>\n\t\t\t\t<a href='https:\/\/www.visit-ulcinj.com\/blog\/2015\/12\/09\/u-s-ambassador-uyehara-visits-ulcinj-photo\/ambassador-u-s-embassy-podgorica-uyehara-visits-ulcinj-5\/'><img width=\"150\" height=\"150\" src=\"https:\/\/www.visit-ulcinj.com\/blog\/wp-content\/uploads\/2015\/12\/Ambassador-U.S.-Embassy-Podgorica-Uyehara-visits-Ulcinj-5-150x150.jpg\" class=\"attachment-thumbnail size-thumbnail\" alt=\"\" loading=\"lazy\" \/><\/a>\n\t\t\t<\/dt><\/dl><dl class='gallery-item'>\n\t\t\t<dt class='gallery-icon landscape'>\n\t\t\t\t<a href='https:\/\/www.visit-ulcinj.com\/blog\/2015\/12\/09\/u-s-ambassador-uyehara-visits-ulcinj-photo\/ambassador-u-s-embassy-podgorica-uyehara-visits-ulcinj-6\/'><img width=\"150\" height=\"150\" src=\"https:\/\/www.visit-ulcinj.com\/blog\/wp-content\/uploads\/2015\/12\/Ambassador-U.S.-Embassy-Podgorica-Uyehara-visits-Ulcinj-6-150x150.jpg\" class=\"attachment-thumbnail size-thumbnail\" alt=\"\" loading=\"lazy\" \/><\/a>\n\t\t\t<\/dt><\/dl><br style=\"clear: both\" \/><dl class='gallery-item'>\n\t\t\t<dt class='gallery-icon landscape'>\n\t\t\t\t<a href='https:\/\/www.visit-ulcinj.com\/blog\/2015\/12\/09\/u-s-ambassador-uyehara-visits-ulcinj-photo\/ambassador-u-s-embassy-podgorica-uyehara-visits-ulcinj-7\/'><img width=\"150\" height=\"150\" src=\"https:\/\/www.visit-ulcinj.com\/blog\/wp-content\/uploads\/2015\/12\/Ambassador-U.S.-Embassy-Podgorica-Uyehara-visits-Ulcinj-7-150x150.jpg\" class=\"attachment-thumbnail size-thumbnail\" alt=\"\" loading=\"lazy\" \/><\/a>\n\t\t\t<\/dt><\/dl><dl class='gallery-item'>\n\t\t\t<dt class='gallery-icon landscape'>\n\t\t\t\t<a href='https:\/\/www.visit-ulcinj.com\/blog\/2015\/12\/09\/u-s-ambassador-uyehara-visits-ulcinj-photo\/ambassador-u-s-embassy-podgorica-uyehara-visits-ulcinj-8\/'><img width=\"150\" height=\"150\" src=\"https:\/\/www.visit-ulcinj.com\/blog\/wp-content\/uploads\/2015\/12\/Ambassador-U.S.-Embassy-Podgorica-Uyehara-visits-Ulcinj-8-150x150.jpg\" class=\"attachment-thumbnail size-thumbnail\" alt=\"\" loading=\"lazy\" \/><\/a>\n\t\t\t<\/dt><\/dl><dl class='gallery-item'>\n\t\t\t<dt class='gallery-icon portrait'>\n\t\t\t\t<a href='https:\/\/www.visit-ulcinj.com\/blog\/2015\/12\/09\/u-s-ambassador-uyehara-visits-ulcinj-photo\/ambassador-u-s-embassy-podgorica-uyehara-visits-ulcinj-9\/'><img width=\"150\" height=\"150\" src=\"https:\/\/www.visit-ulcinj.com\/blog\/wp-content\/uploads\/2015\/12\/Ambassador-U.S.-Embassy-Podgorica-Uyehara-visits-Ulcinj-9-150x150.jpg\" class=\"attachment-thumbnail size-thumbnail\" alt=\"\" loading=\"lazy\" \/><\/a>\n\t\t\t<\/dt><\/dl><br style=\"clear: both\" \/><dl class='gallery-item'>\n\t\t\t<dt class='gallery-icon landscape'>\n\t\t\t\t<a href='https:\/\/www.visit-ulcinj.com\/blog\/2015\/12\/09\/u-s-ambassador-uyehara-visits-ulcinj-photo\/ambassador-u-s-embassy-podgorica-uyehara-visits-ulcinj-10\/'><img width=\"150\" height=\"150\" src=\"https:\/\/www.visit-ulcinj.com\/blog\/wp-content\/uploads\/2015\/12\/Ambassador-U.S.-Embassy-Podgorica-Uyehara-visits-Ulcinj-10-150x150.jpg\" class=\"attachment-thumbnail size-thumbnail\" alt=\"\" loading=\"lazy\" \/><\/a>\n\t\t\t<\/dt><\/dl><dl class='gallery-item'>\n\t\t\t<dt class='gallery-icon landscape'>\n\t\t\t\t<a href='https:\/\/www.visit-ulcinj.com\/blog\/2015\/12\/09\/u-s-ambassador-uyehara-visits-ulcinj-photo\/ambassador-u-s-embassy-podgorica-uyehara-visits-ulcinj-11\/'><img width=\"150\" height=\"150\" src=\"https:\/\/www.visit-ulcinj.com\/blog\/wp-content\/uploads\/2015\/12\/Ambassador-U.S.-Embassy-Podgorica-Uyehara-visits-Ulcinj-11-150x150.jpg\" class=\"attachment-thumbnail size-thumbnail\" alt=\"\" loading=\"lazy\" \/><\/a>\n\t\t\t<\/dt><\/dl>\n\t\t\t<br style='clear: both' \/>\n\t\t<\/div>\n\n","protected":false},"excerpt":{"rendered":"<p>Ambasadorja e SHBA n\u00eb Mal t\u00eb Zi, Margaret Ann Uyehara zhvilloi t\u00eb mart\u00ebn nj\u00eb vizit\u00eb n\u00eb Ulqin. Ajo vizitoi Kriporen e Ulqinit dhe Ullishten e Valdanosit, t\u00eb cilat shihen si dy nga burimet m\u00eb t\u00eb njohura t\u00eb k\u00ebtij qyteti, p\u00ebr t\u00eb vazhduar me vizit\u00ebn n\u00eb Xhamin\u00eb e Kryth\u00ebs pastaj n\u00eb Qytetin e Vjet\u00ebr t\u00eb Shasit [&hellip;]<\/p>\n","protected":false},"author":1,"featured_media":0,"comment_status":"closed","ping_status":"closed","sticky":false,"template":"","format":"standard","meta":{"spay_email":"","jetpack_publicize_message":"","jetpack_is_tweetstorm":false,"jetpack_publicize_feature_enabled":true},"categories":[1],"tags":[],"jetpack_publicize_connections":[],"yoast_head":"<!-- This site is optimized with the Yoast SEO plugin v19.1 - https:\/\/yoast.com\/wordpress\/plugins\/seo\/ -->\n<title>Ambasadorja e SHBA Uyehara viziton Ulqinin + Foto - Lajme nga Ulqini<\/title>\n<meta name=\"description\" content=\"Ambasadorja e SHBA n\u00eb Mal t\u00eb Zi, Margaret Ann Uyehara zhvilloi t\u00eb mart\u00ebn nj\u00eb vizit\u00eb n\u00eb Ulqin. Ajo vizitoi Kriporen e Ulqinit dhe Ullishten e Valdanosit,\" \/>\n<meta name=\"robots\" content=\"index, follow, max-snippet:-1, max-image-preview:large, max-video-preview:-1\" \/>\n<link rel=\"canonical\" href=\"https:\/\/www.visit-ulcinj.com\/blog\/2015\/12\/09\/ambasadorja-e-shba-uyehara-viziton-ulqinin-foto\/\" \/>\n<meta property=\"og:locale\" content=\"en_US\" \/>\n<meta property=\"og:type\" content=\"article\" \/>\n<meta property=\"og:title\" content=\"Ambasadorja e SHBA Uyehara viziton Ulqinin + Foto - Lajme nga Ulqini\" \/>\n<meta property=\"og:description\" content=\"Ambasadorja e SHBA n\u00eb Mal t\u00eb Zi, Margaret Ann Uyehara zhvilloi t\u00eb mart\u00ebn nj\u00eb vizit\u00eb n\u00eb Ulqin. Ajo vizitoi Kriporen e Ulqinit dhe Ullishten e Valdanosit,\" \/>\n<meta property=\"og:url\" content=\"https:\/\/www.visit-ulcinj.com\/blog\/2015\/12\/09\/ambasadorja-e-shba-uyehara-viziton-ulqinin-foto\/\" \/>\n<meta property=\"og:site_name\" content=\"Lajme nga Ulqini\" \/>\n<meta property=\"article:published_time\" content=\"2015-12-09T19:10:56+00:00\" \/>\n<meta property=\"article:modified_time\" content=\"2015-12-09T19:11:11+00:00\" \/>\n<meta property=\"og:image\" content=\"https:\/\/www.visit-ulcinj.com\/blog\/wp-content\/uploads\/2015\/12\/Margaret-En-Uehara-Ulcinj--150x150.jpg\" \/>\n<meta name=\"twitter:label1\" content=\"Written by\" \/>\n\t<meta name=\"twitter:data1\" content=\"ulqini\" \/>\n\t<meta name=\"twitter:label2\" content=\"Est. reading time\" \/>\n\t<meta name=\"twitter:data2\" content=\"1 minute\" \/>\n<script type=\"application\/ld+json\" class=\"yoast-schema-graph\">{\"@context\":\"https:\/\/schema.org\",\"@graph\":[{\"@type\":\"WebSite\",\"@id\":\"https:\/\/www.visit-ulcinj.com\/blog\/#website\",\"url\":\"https:\/\/www.visit-ulcinj.com\/blog\/\",\"name\":\"Lajme nga Ulqini\",\"description\":\"Lajme,Vijesti,Ulqini,Ulqin,Crna Gora,Mali i Zi\",\"potentialAction\":[{\"@type\":\"SearchAction\",\"target\":{\"@type\":\"EntryPoint\",\"urlTemplate\":\"https:\/\/www.visit-ulcinj.com\/blog\/?s={search_term_string}\"},\"query-input\":\"required name=search_term_string\"}],\"inLanguage\":\"en-US\"},{\"@type\":\"ImageObject\",\"inLanguage\":\"en-US\",\"@id\":\"https:\/\/www.visit-ulcinj.com\/blog\/2015\/12\/09\/ambasadorja-e-shba-uyehara-viziton-ulqinin-foto\/#primaryimage\",\"url\":\"https:\/\/www.visit-ulcinj.com\/blog\/wp-content\/uploads\/2015\/12\/Ambassador-U.S.-Embassy-Podgorica-Uyehara-visits-Ulcinj-3.jpg\",\"contentUrl\":\"https:\/\/www.visit-ulcinj.com\/blog\/wp-content\/uploads\/2015\/12\/Ambassador-U.S.-Embassy-Podgorica-Uyehara-visits-Ulcinj-3.jpg\",\"width\":640,\"height\":465},{\"@type\":\"WebPage\",\"@id\":\"https:\/\/www.visit-ulcinj.com\/blog\/2015\/12\/09\/ambasadorja-e-shba-uyehara-viziton-ulqinin-foto\/#webpage\",\"url\":\"https:\/\/www.visit-ulcinj.com\/blog\/2015\/12\/09\/ambasadorja-e-shba-uyehara-viziton-ulqinin-foto\/\",\"name\":\"Ambasadorja e SHBA Uyehara viziton Ulqinin + Foto - Lajme nga Ulqini\",\"isPartOf\":{\"@id\":\"https:\/\/www.visit-ulcinj.com\/blog\/#website\"},\"primaryImageOfPage\":{\"@id\":\"https:\/\/www.visit-ulcinj.com\/blog\/2015\/12\/09\/ambasadorja-e-shba-uyehara-viziton-ulqinin-foto\/#primaryimage\"},\"datePublished\":\"2015-12-09T19:10:56+00:00\",\"dateModified\":\"2015-12-09T19:11:11+00:00\",\"author\":{\"@id\":\"https:\/\/www.visit-ulcinj.com\/blog\/#\/schema\/person\/dcab619c614d3038751c63bc2aadc06d\"},\"description\":\"Ambasadorja e SHBA n\u00eb Mal t\u00eb Zi, Margaret Ann Uyehara zhvilloi t\u00eb mart\u00ebn nj\u00eb vizit\u00eb n\u00eb Ulqin. Ajo vizitoi Kriporen e Ulqinit dhe Ullishten e Valdanosit,\",\"breadcrumb\":{\"@id\":\"https:\/\/www.visit-ulcinj.com\/blog\/2015\/12\/09\/ambasadorja-e-shba-uyehara-viziton-ulqinin-foto\/#breadcrumb\"},\"inLanguage\":\"en-US\",\"potentialAction\":[{\"@type\":\"ReadAction\",\"target\":[\"https:\/\/www.visit-ulcinj.com\/blog\/2015\/12\/09\/ambasadorja-e-shba-uyehara-viziton-ulqinin-foto\/\"]}]},{\"@type\":\"BreadcrumbList\",\"@id\":\"https:\/\/www.visit-ulcinj.com\/blog\/2015\/12\/09\/ambasadorja-e-shba-uyehara-viziton-ulqinin-foto\/#breadcrumb\",\"itemListElement\":[{\"@type\":\"ListItem\",\"position\":1,\"name\":\"Ambasadorja e SHBA Uyehara viziton Ulqinin + Foto\"}]},{\"@type\":\"Person\",\"@id\":\"https:\/\/www.visit-ulcinj.com\/blog\/#\/schema\/person\/dcab619c614d3038751c63bc2aadc06d\",\"name\":\"ulqini\",\"sameAs\":[\"http:\/\/www.visit-ulcinj.com\"],\"url\":\"https:\/\/www.visit-ulcinj.com\/blog\/author\/admin\/\"}]}<\/script>\n<!-- \/ Yoast SEO plugin. -->","yoast_head_json":{"title":"Ambasadorja e SHBA Uyehara viziton Ulqinin + Foto - Lajme nga Ulqini","description":"Ambasadorja e SHBA n\u00eb Mal t\u00eb Zi, Margaret Ann Uyehara zhvilloi t\u00eb mart\u00ebn nj\u00eb vizit\u00eb n\u00eb Ulqin. Ajo vizitoi Kriporen e Ulqinit dhe Ullishten e Valdanosit,","robots":{"index":"index","follow":"follow","max-snippet":"max-snippet:-1","max-image-preview":"max-image-preview:large","max-video-preview":"max-video-preview:-1"},"canonical":"https:\/\/www.visit-ulcinj.com\/blog\/2015\/12\/09\/ambasadorja-e-shba-uyehara-viziton-ulqinin-foto\/","og_locale":"en_US","og_type":"article","og_title":"Ambasadorja e SHBA Uyehara viziton Ulqinin + Foto - Lajme nga Ulqini","og_description":"Ambasadorja e SHBA n\u00eb Mal t\u00eb Zi, Margaret Ann Uyehara zhvilloi t\u00eb mart\u00ebn nj\u00eb vizit\u00eb n\u00eb Ulqin. Ajo vizitoi Kriporen e Ulqinit dhe Ullishten e Valdanosit,","og_url":"https:\/\/www.visit-ulcinj.com\/blog\/2015\/12\/09\/ambasadorja-e-shba-uyehara-viziton-ulqinin-foto\/","og_site_name":"Lajme nga Ulqini","article_published_time":"2015-12-09T19:10:56+00:00","article_modified_time":"2015-12-09T19:11:11+00:00","og_image":[{"url":"https:\/\/www.visit-ulcinj.com\/blog\/wp-content\/uploads\/2015\/12\/Margaret-En-Uehara-Ulcinj--150x150.jpg"}],"twitter_misc":{"Written by":"ulqini","Est. reading time":"1 minute"},"schema":{"@context":"https:\/\/schema.org","@graph":[{"@type":"WebSite","@id":"https:\/\/www.visit-ulcinj.com\/blog\/#website","url":"https:\/\/www.visit-ulcinj.com\/blog\/","name":"Lajme nga Ulqini","description":"Lajme,Vijesti,Ulqini,Ulqin,Crna Gora,Mali i Zi","potentialAction":[{"@type":"SearchAction","target":{"@type":"EntryPoint","urlTemplate":"https:\/\/www.visit-ulcinj.com\/blog\/?s={search_term_string}"},"query-input":"required name=search_term_string"}],"inLanguage":"en-US"},{"@type":"ImageObject","inLanguage":"en-US","@id":"https:\/\/www.visit-ulcinj.com\/blog\/2015\/12\/09\/ambasadorja-e-shba-uyehara-viziton-ulqinin-foto\/#primaryimage","url":"https:\/\/www.visit-ulcinj.com\/blog\/wp-content\/uploads\/2015\/12\/Ambassador-U.S.-Embassy-Podgorica-Uyehara-visits-Ulcinj-3.jpg","contentUrl":"https:\/\/www.visit-ulcinj.com\/blog\/wp-content\/uploads\/2015\/12\/Ambassador-U.S.-Embassy-Podgorica-Uyehara-visits-Ulcinj-3.jpg","width":640,"height":465},{"@type":"WebPage","@id":"https:\/\/www.visit-ulcinj.com\/blog\/2015\/12\/09\/ambasadorja-e-shba-uyehara-viziton-ulqinin-foto\/#webpage","url":"https:\/\/www.visit-ulcinj.com\/blog\/2015\/12\/09\/ambasadorja-e-shba-uyehara-viziton-ulqinin-foto\/","name":"Ambasadorja e SHBA Uyehara viziton Ulqinin + Foto - Lajme nga Ulqini","isPartOf":{"@id":"https:\/\/www.visit-ulcinj.com\/blog\/#website"},"primaryImageOfPage":{"@id":"https:\/\/www.visit-ulcinj.com\/blog\/2015\/12\/09\/ambasadorja-e-shba-uyehara-viziton-ulqinin-foto\/#primaryimage"},"datePublished":"2015-12-09T19:10:56+00:00","dateModified":"2015-12-09T19:11:11+00:00","author":{"@id":"https:\/\/www.visit-ulcinj.com\/blog\/#\/schema\/person\/dcab619c614d3038751c63bc2aadc06d"},"description":"Ambasadorja e SHBA n\u00eb Mal t\u00eb Zi, Margaret Ann Uyehara zhvilloi t\u00eb mart\u00ebn nj\u00eb vizit\u00eb n\u00eb Ulqin. Ajo vizitoi Kriporen e Ulqinit dhe Ullishten e Valdanosit,","breadcrumb":{"@id":"https:\/\/www.visit-ulcinj.com\/blog\/2015\/12\/09\/ambasadorja-e-shba-uyehara-viziton-ulqinin-foto\/#breadcrumb"},"inLanguage":"en-US","potentialAction":[{"@type":"ReadAction","target":["https:\/\/www.visit-ulcinj.com\/blog\/2015\/12\/09\/ambasadorja-e-shba-uyehara-viziton-ulqinin-foto\/"]}]},{"@type":"BreadcrumbList","@id":"https:\/\/www.visit-ulcinj.com\/blog\/2015\/12\/09\/ambasadorja-e-shba-uyehara-viziton-ulqinin-foto\/#breadcrumb","itemListElement":[{"@type":"ListItem","position":1,"name":"Ambasadorja e SHBA Uyehara viziton Ulqinin + Foto"}]},{"@type":"Person","@id":"https:\/\/www.visit-ulcinj.com\/blog\/#\/schema\/person\/dcab619c614d3038751c63bc2aadc06d","name":"ulqini","sameAs":["http:\/\/www.visit-ulcinj.com"],"url":"https:\/\/www.visit-ulcinj.com\/blog\/author\/admin\/"}]}},"jetpack_featured_media_url":"","jetpack_sharing_enabled":true,"jetpack_shortlink":"https:\/\/wp.me\/pe6lTn-olk","_links":{"self":[{"href":"https:\/\/www.visit-ulcinj.com\/blog\/wp-json\/wp\/v2\/posts\/93578"}],"collection":[{"href":"https:\/\/www.visit-ulcinj.com\/blog\/wp-json\/wp\/v2\/posts"}],"about":[{"href":"https:\/\/www.visit-ulcinj.com\/blog\/wp-json\/wp\/v2\/types\/post"}],"author":[{"embeddable":true,"href":"https:\/\/www.visit-ulcinj.com\/blog\/wp-json\/wp\/v2\/users\/1"}],"replies":[{"embeddable":true,"href":"https:\/\/www.visit-ulcinj.com\/blog\/wp-json\/wp\/v2\/comments?post=93578"}],"version-history":[{"count":2,"href":"https:\/\/www.visit-ulcinj.com\/blog\/wp-json\/wp\/v2\/posts\/93578\/revisions"}],"predecessor-version":[{"id":93580,"href":"https:\/\/www.visit-ulcinj.com\/blog\/wp-json\/wp\/v2\/posts\/93578\/revisions\/93580"}],"wp:attachment":[{"href":"https:\/\/www.visit-ulcinj.com\/blog\/wp-json\/wp\/v2\/media?parent=93578"}],"wp:term":[{"taxonomy":"category","embeddable":true,"href":"https:\/\/www.visit-ulcinj.com\/blog\/wp-json\/wp\/v2\/categories?post=93578"},{"taxonomy":"post_tag","embeddable":true,"href":"https:\/\/www.visit-ulcinj.com\/blog\/wp-json\/wp\/v2\/tags?post=93578"}],"curies":[{"name":"wp","href":"https:\/\/api.w.org\/{rel}","templated":true}]}}